{"id":12728,"date":"2021-10-07T16:01:12","date_gmt":"2021-10-07T15:01:12","guid":{"rendered":"https:\/\/www.franceabris.com\/BLOG\/?p=12728"},"modified":"2026-03-18T16:43:56","modified_gmt":"2026-03-18T15:43:56","slug":"abri-jardin-bois-la-couleur-dun-cabanon-de-stockage","status":"publish","type":"post","link":"https:\/\/www.franceabris.com\/BLOG\/abri-jardin-bois-la-couleur-dun-cabanon-de-stockage\/","title":{"rendered":"Abri jardin bois : la couleur d&rsquo;un cabanon de stockage !"},"content":{"rendered":"<p style=\"text-align: justify;\">Focus sur une belle r\u00e9alisation aujourd&rsquo;hui : <strong>un abri jardin bois au toit multidirectionnel.<\/strong> Mais ce n&rsquo;est pas tout&#8230; Puisqu&rsquo;il s&rsquo;agit d&rsquo;un cabanon de rangement tr\u00e8s esth\u00e9tique et sympathique, apportant une d\u00e9licieuse touche de couleur \u00e0 son ext\u00e9rieur.<\/p>\n<p style=\"text-align: justify;\"><strong>Voil\u00e0 une r\u00e9alisation r\u00e9ussie !<\/strong> Pourquoi ? Parce que l&#8217;emplacement est bien choisi, \u00e0 l&rsquo;abri du vent, un peu \u00e0 l&rsquo;\u00e9cart de la maison &#8211; mais pas trop -, et des regards. Parce que l&rsquo;installation a \u00e9t\u00e9 brillamment r\u00e9ussie, le montage parfait, respectant les consignes. Parce que la lasure offre un joli m\u00e9lange de teintes \u00e0 l&rsquo;ensemble.<\/p>\n<p style=\"text-align: justify;\">Et, surtout, parce que <strong>l&rsquo;abri r\u00e9sout les diff\u00e9rentes probl\u00e9matiques<\/strong> qui se posaient \u00e0 son propri\u00e9taire. Et oui ! C&rsquo;est bien l&rsquo;essentiel : pour que l&rsquo;installation d&rsquo;un cabanon soit consid\u00e9r\u00e9e comme r\u00e9ussie, il faut que ce dernier r\u00e9ponde aux besoins qui avaient \u00e9t\u00e9 initialement d\u00e9finis.<\/p>\n<p style=\"text-align: justify;\">Explications.<\/p>\n<h2 style=\"text-align: justify;\">D\u00e9couvrez cette belle installation d&rsquo;un abri jardin bois (ID3094), pr\u00e9vu pour faire du stockage de mat\u00e9riel chez ce client. La lasure est splendide, le montage parfaitement r\u00e9ussi&#8230; Bravo !<\/h2>\n<p style=\"padding-left: 160px; text-align: justify;\"><em>D\u00e9couvrez notre <\/em><span style=\"color: #ff9900;\"><a style=\"color: #ff9900;\" href=\"https:\/\/www.franceabris.com\/107-abri-jardin-bois\" target=\"_blank\" rel=\"noopener\">gamme abri jardin bois<\/a><\/span><em> et ses dizaines de kits destin\u00e9s au stockage de mat\u00e9riel. Des abris fonctionnels, mais pas que&#8230; Nombreux sont ceux qui brillent par leurs qualit\u00e9s esth\u00e9tiques sup\u00e9rieures ! D\u00e9monstration avec la r\u00e9f\u00e9rence ID3094.<\/em><\/p>\n<h3 style=\"text-align: justify;\">Le contexte : am\u00e9nager des rangements dans un abri jardin bois<\/h3>\n<p style=\"text-align: justify;\">Install\u00e9 depuis de longues ann\u00e9es dans une belle maison avec terrain, notre client stockait jusqu&rsquo;\u00e0 derni\u00e8rement son mat\u00e9riel dans son garage. <strong>Celui-ci, couvrant environ 25 m\u00b2, avait \u00e9t\u00e9 am\u00e9nag\u00e9 en trois espaces.<\/strong> Un premier \u00e0 destination de la voiture avec, non seulement la place pour garer son v\u00e9hicule, mais aussi de quoi entreposer des pneus neige, des cha\u00eenes, de l&rsquo;huile, du mat\u00e9riel vari\u00e9&#8230; Un deuxi\u00e8me \u00e0 destination du jardin, rassemblant l&rsquo;ensemble de l&rsquo;outillage n\u00e9cessaire \u00e0 son bon entretien. Un troisi\u00e8me \u00e0 destination des affaires familiales. Les vieux reliquats scolaires des enfants, des v\u00eatements de b\u00e9b\u00e9 que vous n&rsquo;auriez pas encore donn\u00e9s&#8230; Le temps passant, cette troisi\u00e8me cat\u00e9gorie occupe de plus en plus de place. Arrive donc invariablement une envie : faire du tri, ranger, organiser. Et, ce faisant, am\u00e9nager son ext\u00e9rieur pour optimiser un peu plus cet entretien ext\u00e9rieur quotidien.<\/p>\n<figure id=\"attachment_12731\" aria-describedby=\"caption-attachment-12731\" style=\"width: 396px\" class=\"wp-caption aligncenter\"><img decoding=\"async\" loading=\"lazy\" class=\"wp-image-12731 size-full\" style=\"border: 1px solid #000000;\" src=\"https:\/\/www.franceabris.com\/BLOG\/wp-content\/uploads\/2021\/10\/3094-abri-jardin-bois.jpg\" alt=\"abri jardin bois en madriers\" width=\"396\" height=\"290\" srcset=\"https:\/\/www.franceabris.com\/BLOG\/wp-content\/uploads\/2021\/10\/3094-abri-jardin-bois.jpg 396w, https:\/\/www.franceabris.com\/BLOG\/wp-content\/uploads\/2021\/10\/3094-abri-jardin-bois-328x240.jpg 328w, https:\/\/www.franceabris.com\/BLOG\/wp-content\/uploads\/2021\/10\/3094-abri-jardin-bois-134x98.jpg 134w\" sizes=\"(max-width: 396px) 100vw, 396px\" \/><figcaption id=\"caption-attachment-12731\" class=\"wp-caption-text\">Cet abri jardin bois est disponible sous la r\u00e9f\u00e9rence ID3094 sur notre site. Madriers de 28 mm, porte double vitr\u00e9e et toit multidirectionnel&#8230; Le tout mont\u00e9 sur une belle dalle b\u00e9ton : voil\u00e0 une installation de qualit\u00e9.<\/figcaption><\/figure>\n<h3 style=\"text-align: justify;\">Le kit : un cabanon en bois avec toit multidirectionnel<\/h3>\n<p style=\"text-align: justify;\"><strong>Le kit d&rsquo;abri choisi par notre client respectait plusieurs crit\u00e8res.<\/strong> Un crit\u00e8re de surface, puisqu&rsquo;il ne cherchait pas une armoire de rangement ou un cabanon minimaliste, mais ne souhaitait pas non plus s&rsquo;engager dans l&rsquo;installation d&rsquo;un chalet trop vaste. Un autre de mat\u00e9riaux : il voulait du bois afin de pouvoir respecter une harmonie de couleurs dans son ext\u00e9rieur. Mais aussi pour des raisons esth\u00e9tiques, propres \u00e0 chacun ! Et un dernier se rapportant aux ouvertures : une porte double munie d&rsquo;ouvertures et\/ou des fen\u00eatres ind\u00e9pendantes. Le mod\u00e8le s\u00e9lectionn\u00e9 respecte \u00e9videmment ces exigences. Proposant 7,86 m\u00b2 de surface utile, il s&rsquo;appuie sur des madriers de 28 mm d&rsquo;\u00e9paisseur et se trouve \u00e9quip\u00e9 d&rsquo;une porte double avec fen\u00eatres en plexi.<\/p>\n<h4 style=\"text-align: center;\">Le toit multidirectionnel<\/h4>\n<p style=\"text-align: justify;\">Mais ce n&rsquo;est pas tout, puisque notre client a proc\u00e9d\u00e9 \u00e0 quelques ajouts \u00e0 son installation. Un kit de soubassement, d&rsquo;abord, qui permet \u00e0 son abri d&rsquo;\u00eatre l\u00e9g\u00e8rement sur\u00e9lev\u00e9 par rapport au sol. Un bon moyen d&rsquo;\u00e9viter que l&rsquo;eau ne remonte par capillarit\u00e9 ! Et un kit anti-temp\u00eate compl\u00e9mentaire, renfor\u00e7ant la r\u00e9sistance au vent de l&rsquo;ensemble. Sans compter une derni\u00e8re particularit\u00e9, <strong>propre \u00e0 l&rsquo;abri jardin bois choisi : son toit multidirectionnel.<\/strong> En effet, le cabanon est couvert d&rsquo;un toit en l\u00e9g\u00e8re pente &#8211; 8\u00b0. Or, ce toit peut \u00eatre install\u00e9 dans n&rsquo;importe lequel des sens souhait\u00e9s. Pente de toit vers l&rsquo;arri\u00e8re, vers l&rsquo;avant, sur les c\u00f4t\u00e9s&#8230; C&rsquo;est au choix !<\/p>\n<p style=\"text-align: justify;\">Avec ce kit, il a d\u00e9sormais de quoi entreposer l&rsquo;ensemble de ses outils de jardinage, l&rsquo;int\u00e9gralit\u00e9 de son outillage ext\u00e9rieur. Sa tondeuse, son taille-haie, mais aussi les coupe-bordures et autres instruments pour tailler ses massifs et ses arbustes&#8230; Voil\u00e0 un abri d\u00e9sormais bien organis\u00e9, qui lib\u00e8re de la place dans le garage !<\/p>\n<figure id=\"attachment_12730\" aria-describedby=\"caption-attachment-12730\" style=\"width: 396px\" class=\"wp-caption aligncenter\"><img decoding=\"async\" loading=\"lazy\" class=\"wp-image-12730 size-full\" style=\"border: 1px solid #000000;\" src=\"https:\/\/www.franceabris.com\/BLOG\/wp-content\/uploads\/2021\/10\/3094-abri-jardin-bois-dimensions.jpg\" alt=\"cabanon de stockage color\u00e9\" width=\"396\" height=\"290\" srcset=\"https:\/\/www.franceabris.com\/BLOG\/wp-content\/uploads\/2021\/10\/3094-abri-jardin-bois-dimensions.jpg 396w, https:\/\/www.franceabris.com\/BLOG\/wp-content\/uploads\/2021\/10\/3094-abri-jardin-bois-dimensions-328x240.jpg 328w, https:\/\/www.franceabris.com\/BLOG\/wp-content\/uploads\/2021\/10\/3094-abri-jardin-bois-dimensions-134x98.jpg 134w\" sizes=\"(max-width: 396px) 100vw, 396px\" \/><figcaption id=\"caption-attachment-12730\" class=\"wp-caption-text\">Ses dimensions permettent \u00e0 cet abri d&rsquo;\u00eatre accessible au plus grand nombre. 10 m\u00b2 au total, 7-8 m\u00b2 de surface utile et une hauteur utile plus importante d&rsquo;un c\u00f4t\u00e9 que de l&rsquo;autre pour obtenir un peu plus de rangements&#8230;<\/figcaption><\/figure>\n<h3 style=\"text-align: justify;\">Les atouts : de la couleur aux madriers !<\/h3>\n<p style=\"text-align: justify;\">Ils sont nombreux. D&rsquo;abord, et c&rsquo;est le sujet principal, <strong>l&rsquo;abri jardin bois offre non pas une surface de rangement, mais un volume<\/strong>. Un volume \u00e0 exploiter dans toute sa verticalit\u00e9 et son horizontalit\u00e9. Armoires, coffres, \u00e9tag\u00e8res&#8230; Notre client a pu personnaliser l&rsquo;int\u00e9rieur de son abri \u00e0 l&rsquo;envie, profitant de la grande mall\u00e9abilit\u00e9 du bois et des madriers. Point important, le bois lui a permis de colorer son cabanon de rouge, en plus de lui adjoindre une jolie teinte suite aux couches de traitements fongicides et insecticides.<\/p>\n<p style=\"text-align: justify;\">Il a bien r\u00e9fl\u00e9chi \u00e0 l&#8217;emplacement choisi pour son abri &#8211; un point essentiel pour r\u00e9ussir son implantation et tirer le maximum de sa construction. Un peu \u00e0 l&rsquo;\u00e9cart de la maison, mais pas trop afin de rester accessible. Pour un toit discret, mais tr\u00e8s esth\u00e9tique gr\u00e2ce au jeu de couleurs&#8230; Bref, voil\u00e0 un client satisfait et une bien sympathique implantation !<\/p>\n","protected":false},"excerpt":{"rendered":"<p>Focus sur une belle r\u00e9alisation aujourd&rsquo;hui : un abri jardin bois au toit multidirectionnel. Mais ce n&rsquo;est pas tout&#8230; Puisqu&rsquo;il s&rsquo;agit d&rsquo;un cabanon de rangement tr\u00e8s esth\u00e9tique et sympathique, apportant une d\u00e9licieuse touche de couleur \u00e0 son ext\u00e9rieur. Voil\u00e0 une r\u00e9alisation r\u00e9ussie ! Pourquoi ? Parce que l&#8217;emplacement est bien choisi, \u00e0 l&rsquo;abri du vent, &hellip; <a href=\"https:\/\/www.franceabris.com\/BLOG\/abri-jardin-bois-la-couleur-dun-cabanon-de-stockage\/\" class=\"more-link\">Continuer la lecture de <span class=\"screen-reader-text\">Abri jardin bois : la couleur d&rsquo;un cabanon de stockage !<\/span><\/a><\/p>\n","protected":false},"author":2,"featured_media":12729,"comment_status":"closed","ping_status":"closed","sticky":false,"template":"","format":"standard","meta":[],"categories":[3],"tags":[],"_links":{"self":[{"href":"https:\/\/www.franceabris.com\/BLOG\/wp-json\/wp\/v2\/posts\/12728"}],"collection":[{"href":"https:\/\/www.franceabris.com\/BLOG\/wp-json\/wp\/v2\/posts"}],"about":[{"href":"https:\/\/www.franceabris.com\/BLOG\/wp-json\/wp\/v2\/types\/post"}],"author":[{"embeddable":true,"href":"https:\/\/www.franceabris.com\/BLOG\/wp-json\/wp\/v2\/users\/2"}],"replies":[{"embeddable":true,"href":"https:\/\/www.franceabris.com\/BLOG\/wp-json\/wp\/v2\/comments?post=12728"}],"version-history":[{"count":0,"href":"https:\/\/www.franceabris.com\/BLOG\/wp-json\/wp\/v2\/posts\/12728\/revisions"}],"wp:featuredmedia":[{"embeddable":true,"href":"https:\/\/www.franceabris.com\/BLOG\/wp-json\/wp\/v2\/media\/12729"}],"wp:attachment":[{"href":"https:\/\/www.franceabris.com\/BLOG\/wp-json\/wp\/v2\/media?parent=12728"}],"wp:term":[{"taxonomy":"category","embeddable":true,"href":"https:\/\/www.franceabris.com\/BLOG\/wp-json\/wp\/v2\/categories?post=12728"},{"taxonomy":"post_tag","embeddable":true,"href":"https:\/\/www.franceabris.com\/BLOG\/wp-json\/wp\/v2\/tags?post=12728"}],"curies":[{"name":"wp","href":"https:\/\/api.w.org\/{rel}","templated":true}]}}