{"id":12803,"date":"2021-12-03T06:06:25","date_gmt":"2021-12-03T05:06:25","guid":{"rendered":"https:\/\/www.franceabris.com\/BLOG\/?p=12803"},"modified":"2021-11-17T18:32:36","modified_gmt":"2021-11-17T17:32:36","slug":"abri-poubelles-pro-une-solution-professionnelle","status":"publish","type":"post","link":"https:\/\/www.franceabris.com\/BLOG\/abri-poubelles-pro-une-solution-professionnelle\/","title":{"rendered":"Abri poubelles pro : une solution professionnelle"},"content":{"rendered":"<p style=\"text-align: justify;\">Professionnels, et si vous r\u00e9fl\u00e9chissiez \u00e0 la fa\u00e7on que vous avez de prot\u00e9ger et cacher vos espaces de poubelles ? Une entreprise, quelle qu&rsquo;elle soit, g\u00e9n\u00e8re son lot de d\u00e9chets. Des d\u00e9tritus que l&rsquo;on ne sait voir qu&rsquo;avec d\u00e9plaisir et qui trouvent invariablement le chemin des gros bacs traditionnels. Ces derniers, non seulement disgracieux, peuvent attirer les rats en zone urbaine ou accueillir un sac perc\u00e9&#8230; avec les pertes qui en d\u00e9coulent. <strong>Un probl\u00e8me que r\u00e9sout en partie l&rsquo;abri poubelles pro.<\/strong><\/p>\n<p style=\"text-align: justify;\">L&rsquo;objectif de ce dernier ? Centraliser, au m\u00eame endroit, dans un m\u00eame espace, les\u00a0 bacs poubelles de l&rsquo;entreprise. Centraliser, mais aussi masquer, organiser et offrir un peu d&rsquo;ergonomie dans la gestion des d\u00e9chets au quotidien.<\/p>\n<h2 style=\"text-align: justify;\">L&rsquo;abri poubelles pro apporte une solution efficace aux entreprises. Ces parfaits compl\u00e9ments \u00e0 la gestion des d\u00e9chets jouent aussi un r\u00f4le sanitaire et esth\u00e9tique.<\/h2>\n<p style=\"padding-left: 160px; text-align: justify;\"><span style=\"color: #ff9900;\"><a style=\"color: #ff9900;\" href=\"https:\/\/www.franceabris.com\/351-abri-poubelles\" target=\"_blank\" rel=\"noopener\">Notre gamme abri poubelles rassemble des kits pour les particuliers, mais aussi pour les pros.<\/a><\/span> <em>Ces caches-poubelles se d\u00e9clinent dans des formats allant du discret au massif ! Avec des abris pr\u00e9vus pour un bac de 140L&#8230; et d&rsquo;autres pour quatre bacs de 240L !<\/em><\/p>\n<h3>Ce qu&rsquo;apporte un abri poubelles pro<\/h3>\n<p style=\"text-align: justify;\">Une entreprise produit une importante quantit\u00e9 de d\u00e9chets. Ce constat ind\u00e9niable se trouve r\u00e9guli\u00e8rement renforc\u00e9 par des \u00e9tudes fr\u00e9quentes sur le sujet. <span style=\"color: #ff9900;\"><a style=\"color: #ff9900;\" href=\"https:\/\/www.easyrecyclage.com\/blog\/les-dechets-de-bureau-en-cinq-chiffres\/\" target=\"_blank\" rel=\"noopener\">Une infographie r\u00e9alis\u00e9e par un acteur du recyclage pro et publi\u00e9e en 2018<\/a><\/span> expliquait qu&rsquo;en moyenne, en France, <strong>un collaborateur ou un salari\u00e9 produit environ 130 kg de d\u00e9chets<\/strong>. Pis, ce sont 2,4 millions de tonnes de d\u00e9chets devant \u00eatre trait\u00e9es qui sont issues, dans le m\u00eame laps de temps, de l&#8217;emploi de bureau. C&rsquo;est d&rsquo;ailleurs pour cette raison que les entreprise de l&rsquo;Hexagone sont d\u00e9sormais contraintes de mettre en place le tri s\u00e9lectif d\u00e8s lors qu&rsquo;elles emploient 20 collaborateurs.<\/p>\n<h4 style=\"text-align: center;\"><em>130 kg de d\u00e9chets par collaborateur d&rsquo;une entreprise chaque ann\u00e9e<\/em><\/h4>\n<p style=\"text-align: justify;\"><strong>Des d\u00e9chets qui prennent des formes tr\u00e8s vari\u00e9es.<\/strong> Entre les innombrables tonnes de papiers d&rsquo;imprimante, roul\u00e9s en boule et envoy\u00e9s dans les corbeilles, les restes alimentaires jet\u00e9s en vrac et d&rsquo;autres d\u00e9tritus plus sp\u00e9cifiques&#8230; Tout ce petit monde se retrouve dans d&rsquo;\u00e9normes sacs rel\u00e9gu\u00e9s dans de massifs conteneurs. Et ces conteneurs ? O\u00f9 sont-ils laiss\u00e9s ? Dans un local d\u00e9di\u00e9, lorsque les locaux de la soci\u00e9t\u00e9 en sont \u00e9quip\u00e9s. Sur un parking pour celles qui n&rsquo;ont pas cette chance. Une chose est s\u00fbre : il vous faut une zone d\u00e9di\u00e9e \u00e0 ces bacs \u00e0 d\u00e9tritus. Et, donc, un abri poubelles pro.<\/p>\n<figure id=\"attachment_12805\" aria-describedby=\"caption-attachment-12805\" style=\"width: 458px\" class=\"wp-caption aligncenter\"><a href=\"https:\/\/www.franceabris.com\/351-abri-poubelles\"><img decoding=\"async\" loading=\"lazy\" class=\"wp-image-12805 size-full\" style=\"border: 1px solid #000000;\" src=\"https:\/\/www.franceabris.com\/BLOG\/wp-content\/uploads\/2021\/11\/5147-abri-poubelles-2.jpg\" alt=\"abri poubelles pro bois et acier\" width=\"458\" height=\"333\" srcset=\"https:\/\/www.franceabris.com\/BLOG\/wp-content\/uploads\/2021\/11\/5147-abri-poubelles-2.jpg 458w, https:\/\/www.franceabris.com\/BLOG\/wp-content\/uploads\/2021\/11\/5147-abri-poubelles-2-330x240.jpg 330w, https:\/\/www.franceabris.com\/BLOG\/wp-content\/uploads\/2021\/11\/5147-abri-poubelles-2-135x98.jpg 135w\" sizes=\"(max-width: 458px) 100vw, 458px\" \/><\/a><figcaption id=\"caption-attachment-12805\" class=\"wp-caption-text\">R\u00e9f\u00e9rence ID5147 sur FRANCE ABRIS ! Cet abri poubelles propose quatre emplacements pour des bacs de 240L chacun. Une bonne base de d\u00e9part !<\/figcaption><\/figure>\n<h3 style=\"text-align: justify;\">Une solution pour cacher, s\u00e9curiser et prot\u00e9ger les conteneurs<\/h3>\n<p style=\"text-align: justify;\">Sans abris poubelles pros, un souci se pose rapidement : les sacs perc\u00e9s r\u00e9pandent une partie de leur contenu sur le parking. Et les conteneurs, eux, se trouvent parfois port\u00e9s et d\u00e9plac\u00e9s par le vent&#8230; ou quelques mains moins respectueuses. Un constat en amenant un autre, <strong>ces situations g\u00e9n\u00e8rent des probl\u00e9matiques dont on se passerait bien<\/strong>. Des d\u00e9chets qui jonchent le sol, des rats qui s&rsquo;offrent un petit festin \u00e0 toute heure du jour et de la nuit&#8230; Il faut agir !<\/p>\n<h4 style=\"text-align: center;\"><em>Parce que la gestion des d\u00e9chets n&rsquo;est pas \u00e0 prendre \u00e0 la l\u00e9g\u00e8re&#8230;<\/em><\/h4>\n<p style=\"text-align: justify;\">Agir, c&rsquo;est donc, ici, monter des abris poubelles adapt\u00e9s aux formats des bacs utilis\u00e9s. Et en nombre suffisant ! Ainsi, FRANCE ABRIS propose <strong>des abris poubelles pros mariant l&rsquo;acier galvanis\u00e9 au bois<\/strong>, pr\u00e9vus pour \u00e9pouser la forme des conteneurs. Parce que l&rsquo;on ne doit jamais n\u00e9gliger l&rsquo;ergonomie, ces kits proposent g\u00e9n\u00e9ralement des ouvertures frontales et verticales. Et profitent de toutes les vertus de leurs mat\u00e9riaux : autonomie pour l&rsquo;acier, esth\u00e9tique pour le bois, r\u00e9sistance pour les deux.<\/p>\n<figure id=\"attachment_12804\" aria-describedby=\"caption-attachment-12804\" style=\"width: 458px\" class=\"wp-caption aligncenter\"><a href=\"https:\/\/www.franceabris.com\/351-abri-poubelles\"><img decoding=\"async\" loading=\"lazy\" class=\"wp-image-12804 size-full\" style=\"border: 1px solid #000000;\" src=\"https:\/\/www.franceabris.com\/BLOG\/wp-content\/uploads\/2021\/11\/5147-abri-poubelles-3.jpg\" alt=\"abri cache poubelles pour les entreprises\" width=\"458\" height=\"334\" srcset=\"https:\/\/www.franceabris.com\/BLOG\/wp-content\/uploads\/2021\/11\/5147-abri-poubelles-3.jpg 458w, https:\/\/www.franceabris.com\/BLOG\/wp-content\/uploads\/2021\/11\/5147-abri-poubelles-3-329x240.jpg 329w, https:\/\/www.franceabris.com\/BLOG\/wp-content\/uploads\/2021\/11\/5147-abri-poubelles-3-134x98.jpg 134w\" sizes=\"(max-width: 458px) 100vw, 458px\" \/><\/a><figcaption id=\"caption-attachment-12804\" class=\"wp-caption-text\">La structure du cache poubelles ? En acier galvanis\u00e9. Mais la porte, elle, exploite les belles qualit\u00e9s du bois !<\/figcaption><\/figure>\n<ul>\n<li style=\"text-align: justify;\">On aime les <strong>designs sympathiques<\/strong> de ces kits, car ils apportent une touche naturelle \u00e0 un sujet peu s\u00e9duisant.<\/li>\n<li style=\"text-align: justify;\">On aime \u00e9galement leurs <strong>qualit\u00e9s pratiques<\/strong>, parce que, pour aider le salari\u00e9, ils proposent un petit crochet pour tenir le couvercle de la poubelle. Et s&rsquo;\u00e9viter un contact inopportun !<\/li>\n<\/ul>\n<p style=\"text-align: justify;\">Enfin, on appr\u00e9cie surtout l&rsquo;id\u00e9e que la gestion des d\u00e9chets se fasse de fa\u00e7on fluide. Non seulement parce que c&rsquo;est essentiel. Mais aussi parce que les entreprises et leurs salari\u00e9s ont quantit\u00e9 d&rsquo;autres soucis \u00e0 g\u00e9rer au quotidien !<\/p>\n","protected":false},"excerpt":{"rendered":"<p>Professionnels, et si vous r\u00e9fl\u00e9chissiez \u00e0 la fa\u00e7on que vous avez de prot\u00e9ger et cacher vos espaces de poubelles ? Une entreprise, quelle qu&rsquo;elle soit, g\u00e9n\u00e8re son lot de d\u00e9chets. Des d\u00e9tritus que l&rsquo;on ne sait voir qu&rsquo;avec d\u00e9plaisir et qui trouvent invariablement le chemin des gros bacs traditionnels. Ces derniers, non seulement disgracieux, peuvent &hellip; <a href=\"https:\/\/www.franceabris.com\/BLOG\/abri-poubelles-pro-une-solution-professionnelle\/\" class=\"more-link\">Continuer la lecture de <span class=\"screen-reader-text\">Abri poubelles pro : une solution professionnelle<\/span><\/a><\/p>\n","protected":false},"author":2,"featured_media":12806,"comment_status":"closed","ping_status":"closed","sticky":false,"template":"","format":"standard","meta":[],"categories":[1],"tags":[],"_links":{"self":[{"href":"https:\/\/www.franceabris.com\/BLOG\/wp-json\/wp\/v2\/posts\/12803"}],"collection":[{"href":"https:\/\/www.franceabris.com\/BLOG\/wp-json\/wp\/v2\/posts"}],"about":[{"href":"https:\/\/www.franceabris.com\/BLOG\/wp-json\/wp\/v2\/types\/post"}],"author":[{"embeddable":true,"href":"https:\/\/www.franceabris.com\/BLOG\/wp-json\/wp\/v2\/users\/2"}],"replies":[{"embeddable":true,"href":"https:\/\/www.franceabris.com\/BLOG\/wp-json\/wp\/v2\/comments?post=12803"}],"version-history":[{"count":0,"href":"https:\/\/www.franceabris.com\/BLOG\/wp-json\/wp\/v2\/posts\/12803\/revisions"}],"wp:featuredmedia":[{"embeddable":true,"href":"https:\/\/www.franceabris.com\/BLOG\/wp-json\/wp\/v2\/media\/12806"}],"wp:attachment":[{"href":"https:\/\/www.franceabris.com\/BLOG\/wp-json\/wp\/v2\/media?parent=12803"}],"wp:term":[{"taxonomy":"category","embeddable":true,"href":"https:\/\/www.franceabris.com\/BLOG\/wp-json\/wp\/v2\/categories?post=12803"},{"taxonomy":"post_tag","embeddable":true,"href":"https:\/\/www.franceabris.com\/BLOG\/wp-json\/wp\/v2\/tags?post=12803"}],"curies":[{"name":"wp","href":"https:\/\/api.w.org\/{rel}","templated":true}]}}