{"id":12807,"date":"2021-11-30T06:06:14","date_gmt":"2021-11-30T05:06:14","guid":{"rendered":"https:\/\/www.franceabris.com\/BLOG\/?p=12807"},"modified":"2021-11-19T18:41:23","modified_gmt":"2021-11-19T17:41:23","slug":"%e2%9d%a4%ef%b8%8f-ce-que-vous-aimerez-dans-ce-chalet-jardin-bois","status":"publish","type":"post","link":"https:\/\/www.franceabris.com\/BLOG\/%e2%9d%a4%ef%b8%8f-ce-que-vous-aimerez-dans-ce-chalet-jardin-bois\/","title":{"rendered":"\u2764\ufe0f Ce que vous aimerez dans ce chalet jardin bois"},"content":{"rendered":"<p style=\"text-align: justify;\"><strong>Vous avez envie de d\u00e9couvrir un chalet jardin bois coup de coeur ?<\/strong> C&rsquo;est par ici ! Et oui, aujourd&rsquo;hui, nous partons \u00e0 la d\u00e9couverte des raisons qui peuvent vous inciter \u00e0 appr\u00e9cier l&rsquo;un de nos mod\u00e8les de chalet bois, le kit disponible sous la r\u00e9f\u00e9rence ID3301. Car vous vous en doutez bien : ces raisons sont nombreuses. Et vari\u00e9es ! Les mat\u00e9riaux, les finitions, les fonctionnalit\u00e9s, les personnalisations, les caract\u00e9ristiques&#8230; et l&rsquo;usage, bien entendu.<\/p>\n<p style=\"text-align: justify;\"><strong>Le chalet qui joue le r\u00f4le d&rsquo;abri de jardin<\/strong> permettant d&rsquo;ordonner beaucoup, beaucoup de mat\u00e9riel et une bonne partie de ces affaires que l&rsquo;on conserve dans le temps sans qu&rsquo;on en ait encore vraiment l&rsquo;utilit\u00e9. Le chalet qui am\u00e9nage un atelier dans votre ext\u00e9rieur, pour cr\u00e9er, peindre, sculpter, s&rsquo;adonner \u00e0 une quelconque activit\u00e9. Enfin, ce chalet qui transforme un peu sa vie quotidienne en ouvrant de nouvelles perspectives.<\/p>\n<p style=\"text-align: justify;\">A vous de nous dire ce que vous en pensez !<\/p>\n<h2 style=\"text-align: justify;\">Coup de coeur : un chalet jardin bois que certains utilisent comme abri de rangement. Mais que d&rsquo;autres exploitent comme atelier de cr\u00e9ation. Avec, toujours, la m\u00eame exigence quant aux mat\u00e9riaux utilis\u00e9s !<\/h2>\n<p style=\"padding-left: 160px; text-align: justify;\"><span style=\"color: #ff9900;\"><a style=\"color: #ff9900;\" href=\"https:\/\/www.franceabris.com\/74-chalet-bois-kit-maison-de-jardin-bureau\" target=\"_blank\" rel=\"noopener\">Le chalet jardin bois dont il est ici question est disponible sous la r\u00e9f\u00e9rence ID3301 dans la rubrique chalet de jardin.<\/a><\/span> <em>Nos trois raisons coup de coeur se retrouvent, \u00e9videmment, dans les diff\u00e9rents et nombreux kits de la gamme. N&rsquo;h\u00e9sitez pas \u00e0 leur jeter un coup d&rsquo;oeil !<\/em><\/p>\n<h3 style=\"text-align: justify;\">1\ufe0f\u20e3 Dans ce chalet jardin bois, on aime les madriers de 40 mm<\/h3>\n<p style=\"text-align: justify;\">Si l&rsquo;on commence par ce point pr\u00e9cis, ce n&rsquo;est pas anodin : <strong>des madriers de 40 mm qui constituent notre chalet jardin bois d\u00e9coule tout une panoplie de belles qualit\u00e9s<\/strong> qu&rsquo;on ne peut qu&rsquo;appr\u00e9cier. D\u00e9j\u00e0, il va sans dire que cette \u00e9paisseur rassure quant \u00e0 la solidit\u00e9 et \u00e0 la stabilit\u00e9 de l&rsquo;ensemble. Certes, les deux seront avant tout garanties par la qualit\u00e9 de la dalle b\u00e9ton, un bon ancrage au sol et l&rsquo;ajout d&rsquo;un kit anti-temp\u00eate. Mais ces madriers demeurent une solution de montage in\u00e9vitable lorsqu&rsquo;on veut un \u00e9difice qui dure sans aucun doute. Munis d&rsquo;un syst\u00e8me \u00ab\u00a0windblock\u00a0\u00bb, ils s&#8217;embo\u00eetent les uns dans les autres ce qui en facilite le montage et assure un fonctionnement d&rsquo;ensemble efficace.<\/p>\n<figure id=\"attachment_12811\" aria-describedby=\"caption-attachment-12811\" style=\"width: 397px\" class=\"wp-caption aligncenter\"><a href=\"https:\/\/www.franceabris.com\/74-chalet-bois-kit-maison-de-jardin-bureau\"><img decoding=\"async\" loading=\"lazy\" class=\"wp-image-12811 size-full\" style=\"border: 1px solid #000000;\" src=\"https:\/\/www.franceabris.com\/BLOG\/wp-content\/uploads\/2021\/11\/3301-chalet-jardin-bois.jpg\" alt=\"chalet jardin bois\" width=\"397\" height=\"291\" srcset=\"https:\/\/www.franceabris.com\/BLOG\/wp-content\/uploads\/2021\/11\/3301-chalet-jardin-bois.jpg 397w, https:\/\/www.franceabris.com\/BLOG\/wp-content\/uploads\/2021\/11\/3301-chalet-jardin-bois-327x240.jpg 327w, https:\/\/www.franceabris.com\/BLOG\/wp-content\/uploads\/2021\/11\/3301-chalet-jardin-bois-134x98.jpg 134w\" sizes=\"(max-width: 397px) 100vw, 397px\" \/><\/a><figcaption id=\"caption-attachment-12811\" class=\"wp-caption-text\">La r\u00e9f\u00e9rence de notre coup de coeur du jour ? ID3301 ! Et quel coup de coeur\u2026 puisque ce splendide chalet jardin bois, offrant 11 m\u00b2 de surface utile, propose d\u2019ind\u00e9niables et nombreuses qualit\u00e9s. Voyez comme il est facile de se projeter et de l\u2019imaginez chez soi !<\/figcaption><\/figure>\n<h4 style=\"text-align: center;\"><em>Des madriers bois d&rsquo;une belle \u00e9paisseur<\/em><\/h4>\n<p style=\"text-align: justify;\">D&rsquo;autant que, <strong>40 mm, c&rsquo;est d\u00e9j\u00e0 \u00e9pais<\/strong>. On est loin des 19 mm tr\u00e8s basiques que l&rsquo;on retrouve sur certains mod\u00e8les. Et ces 40 mm d&rsquo;\u00e9paisseur permettent donc une utilisation que l&rsquo;on dit s\u00e9dentaire du chalet bois. C&rsquo;est-\u00e0-dire qu&rsquo;il est possible de passer du temps assis, immobile, \u00e0 l&rsquo;int\u00e9rieur, sans exag\u00e9r\u00e9ment souffrir de la temp\u00e9rature ext\u00e9rieure ou des variations de cette derni\u00e8re. Ce n&rsquo;est pas une science exacte ; tout d\u00e9pend de votre utilisation. Par -10\u00b0C dehors, bouquiner dans votre abri devrait devenir une entreprise ardue&#8230; A moins que vous ne lui greffiez quelque isolation suppl\u00e9mentaire. Mais, dans des conditions plus traditionnelles&#8230; pas de soucis !<\/p>\n<h3 style=\"text-align: justify;\">2\ufe0f\u20e3 Des ouvertures s\u00e9curis\u00e9es, offrant une belle luminosit\u00e9<\/h3>\n<p style=\"text-align: justify;\"><strong>La lumi\u00e8re fait souvent partie des crit\u00e8res importants<\/strong>, dont on ne se doute pas forc\u00e9ment lorsqu&rsquo;on fait l&rsquo;acquisition d&rsquo;un abri en bois. Oui, on a besoin de lumi\u00e8re naturelle ! Parce que les rayons du soleil forment le tout meilleur substitut \u00e0 l&rsquo;\u00e9lectricit\u00e9, que l&rsquo;on n&rsquo;a pas toujours envie de tirer jusqu&rsquo;\u00e0 son cabanon. Parce que, en hiver, qui dit lumi\u00e8re dit souvent chauffage naturel. Autant dire que cet abri d&rsquo;ext\u00e9rieur para\u00eet bien loti sur ce plan-l\u00e0. L&rsquo;on peut mentionner la belle porte \u00e0 deux battants vitr\u00e9s, en verre tremp\u00e9. Mais \u00e9galement les deux fen\u00eatres compl\u00e9mentaires, elles aussi en verre tremp\u00e9 et, encore mieux, oscillo-battantes pour les jours plus chauds. Elles reposent sur un ch\u00e2ssis cintr\u00e9 et la porte, de son c\u00f4t\u00e9, profite d&rsquo;un seuil en aluminium assorti d&rsquo;une serrure \u00e0 clef. Car, oui, c&rsquo;est bien d&rsquo;avoir des ouvertures ; encore faut-il qu&rsquo;elles soient d&rsquo;efficaces et de solides \u00ab\u00a0fermetures\u00a0\u00bb lorsqu&rsquo;on n&rsquo;y est pas !<\/p>\n<figure id=\"attachment_12810\" aria-describedby=\"caption-attachment-12810\" style=\"width: 396px\" class=\"wp-caption aligncenter\"><a href=\"https:\/\/www.franceabris.com\/74-chalet-bois-kit-maison-de-jardin-bureau\"><img decoding=\"async\" loading=\"lazy\" class=\"wp-image-12810 size-full\" style=\"border: 1px solid #000000;\" src=\"https:\/\/www.franceabris.com\/BLOG\/wp-content\/uploads\/2021\/11\/3301-fenetre-chalet-bois.jpg\" alt=\"abri jardin en madriers de bois\" width=\"396\" height=\"290\" srcset=\"https:\/\/www.franceabris.com\/BLOG\/wp-content\/uploads\/2021\/11\/3301-fenetre-chalet-bois.jpg 396w, https:\/\/www.franceabris.com\/BLOG\/wp-content\/uploads\/2021\/11\/3301-fenetre-chalet-bois-328x240.jpg 328w, https:\/\/www.franceabris.com\/BLOG\/wp-content\/uploads\/2021\/11\/3301-fenetre-chalet-bois-134x98.jpg 134w\" sizes=\"(max-width: 396px) 100vw, 396px\" \/><\/a><figcaption id=\"caption-attachment-12810\" class=\"wp-caption-text\">Les fen\u00eatres de cet abri de jardin bois assurent une luminosit\u00e9 naturelle parfaite. Il suffit alors de travailler l\u2019emplacement et la bonne exposition du chalet\u2026 pour que ce dernier se trouve baign\u00e9 d\u2019une lumi\u00e8re aussi pratique qu\u2019agr\u00e9able. Un chauffage naturel en hiver !<\/figcaption><\/figure>\n<h3 style=\"text-align: justify;\">3\ufe0f\u20e3 L&rsquo;esth\u00e9tique d&rsquo;une petite maison de jardin aux dimensions adapt\u00e9es !<\/h3>\n<p style=\"text-align: justify;\">Une raison qui vous para\u00eetra peut-\u00eatre vague. Mais que l&rsquo;on ne peut nier ! A savoir : que<strong> cet abri affiche une esth\u00e9tique tr\u00e8s sympathique<\/strong>, tr\u00e8s agr\u00e9able, qui participe \u00e0 la valorisation du jardin. L&rsquo;esth\u00e9tique d&rsquo;une maisonnette de bois. Maisonnette, car ni trop petite, ni trop grande, puisque, de ce cube de 4,14 m par 4,06 m, d\u00e9coule 11 m\u00b2 de surface utile. La taille d&rsquo;une pi\u00e8ce raisonnable, qu&rsquo;il suffit de meubler et d&rsquo;am\u00e9nager \u00e0 sa convenance. Tout devient alors possible ! Lorsqu&rsquo;on y greffe un \u00e9tabli, des armoires m\u00e9talliques, des rayonnages d&rsquo;outils, de petites \u00e9tag\u00e8res&#8230; On transforme son abri en parfait compl\u00e9ment du jardinier et bricoleur malin. Lorsque ce sont plut\u00f4t des fauteuils et du mat\u00e9riel plus sp\u00e9cifique, on en fait un atelier de travail, de peinture, de sculpture, d&rsquo;artisan. Que ce soit une passion ou un m\u00e9tier !<\/p>\n","protected":false},"excerpt":{"rendered":"<p>Vous avez envie de d\u00e9couvrir un chalet jardin bois coup de coeur ? C&rsquo;est par ici ! Et oui, aujourd&rsquo;hui, nous partons \u00e0 la d\u00e9couverte des raisons qui peuvent vous inciter \u00e0 appr\u00e9cier l&rsquo;un de nos mod\u00e8les de chalet bois, le kit disponible sous la r\u00e9f\u00e9rence ID3301. Car vous vous en doutez bien : ces &hellip; <a href=\"https:\/\/www.franceabris.com\/BLOG\/%e2%9d%a4%ef%b8%8f-ce-que-vous-aimerez-dans-ce-chalet-jardin-bois\/\" class=\"more-link\">Continuer la lecture de <span class=\"screen-reader-text\">\u2764\ufe0f Ce que vous aimerez dans ce chalet jardin bois<\/span><\/a><\/p>\n","protected":false},"author":2,"featured_media":12808,"comment_status":"closed","ping_status":"closed","sticky":false,"template":"","format":"standard","meta":[],"categories":[3],"tags":[],"_links":{"self":[{"href":"https:\/\/www.franceabris.com\/BLOG\/wp-json\/wp\/v2\/posts\/12807"}],"collection":[{"href":"https:\/\/www.franceabris.com\/BLOG\/wp-json\/wp\/v2\/posts"}],"about":[{"href":"https:\/\/www.franceabris.com\/BLOG\/wp-json\/wp\/v2\/types\/post"}],"author":[{"embeddable":true,"href":"https:\/\/www.franceabris.com\/BLOG\/wp-json\/wp\/v2\/users\/2"}],"replies":[{"embeddable":true,"href":"https:\/\/www.franceabris.com\/BLOG\/wp-json\/wp\/v2\/comments?post=12807"}],"version-history":[{"count":0,"href":"https:\/\/www.franceabris.com\/BLOG\/wp-json\/wp\/v2\/posts\/12807\/revisions"}],"wp:featuredmedia":[{"embeddable":true,"href":"https:\/\/www.franceabris.com\/BLOG\/wp-json\/wp\/v2\/media\/12808"}],"wp:attachment":[{"href":"https:\/\/www.franceabris.com\/BLOG\/wp-json\/wp\/v2\/media?parent=12807"}],"wp:term":[{"taxonomy":"category","embeddable":true,"href":"https:\/\/www.franceabris.com\/BLOG\/wp-json\/wp\/v2\/categories?post=12807"},{"taxonomy":"post_tag","embeddable":true,"href":"https:\/\/www.franceabris.com\/BLOG\/wp-json\/wp\/v2\/tags?post=12807"}],"curies":[{"name":"wp","href":"https:\/\/api.w.org\/{rel}","templated":true}]}}