{"id":12825,"date":"2021-12-20T06:06:25","date_gmt":"2021-12-20T05:06:25","guid":{"rendered":"https:\/\/www.franceabris.com\/BLOG\/?p=12825"},"modified":"2021-11-30T15:10:49","modified_gmt":"2021-11-30T14:10:49","slug":"le-carport-quelle-tendance-pour-2022","status":"publish","type":"post","link":"https:\/\/www.franceabris.com\/BLOG\/le-carport-quelle-tendance-pour-2022\/","title":{"rendered":"Le carport : quelle tendance pour 2022 ? (1\/3)"},"content":{"rendered":"<p style=\"text-align: justify;\">Alors que l&rsquo;ann\u00e9e 2022 se profile, FRANCE ABRIS vous propose un petit focus sur ce que seront les tendances pour les mois \u00e0 venir&#8230; <strong>avec un premier hit annonc\u00e9 : le carport<\/strong>. Facile \u00e0 pr\u00e9dire, pour autant, car l&rsquo;abri voiture demeure chaque ann\u00e9e l&rsquo;un des am\u00e9nagements ext\u00e9rieurs les plus appr\u00e9ci\u00e9s. Les raisons sont diverses &#8211; mais on en d\u00e9couvre un panorama exhaustif en parcourant les dizaines de mod\u00e8les sur FRANCE ABRIS.<\/p>\n<p style=\"text-align: justify;\"><strong>Il y a des questions de prix, \u00e9videmment,<\/strong> puisque ces carports se d\u00e9clinent dans des gammes vari\u00e9es allant du prix pas cher, r\u00e9solument discount, au standing le plus \u00e9lev\u00e9. Certaines autres raisons sont soci\u00e9tales, avec un abri qui va vers une forme de minimalisme, moins encombrant et plus \u00e9conomique que le traditionnel garage. Enfin, il s&rsquo;agit parfois de dur\u00e9e de vie, de r\u00e9sistance, d&rsquo;autonomie&#8230; Ce qui rassemble un peu de tous les atouts pr\u00e9c\u00e9demment cit\u00e9s.<\/p>\n<p style=\"text-align: justify;\">Explications.<\/p>\n<h2 style=\"text-align: justify;\">Le carport restera l&rsquo;un des hits de l&rsquo;ann\u00e9e 2022, soyez-en assur\u00e9s. L&rsquo;abri voiture n&rsquo;est pas qu&rsquo;un toit pour les autos ; il est une structure pour la mobilit\u00e9 du foyer. Une structure pratique, ergonomique et minimaliste.<\/h2>\n<p style=\"padding-left: 160px; text-align: justify;\"><em>Dans<\/em> <span style=\"color: #ff9900;\"><a style=\"color: #ff9900;\" href=\"https:\/\/www.franceabris.com\/22-abri-voiture\" target=\"_blank\" rel=\"noopener\">notre gamme carport<\/a><\/span><em>, sont r\u00e9f\u00e9renc\u00e9s une grande quantit\u00e9 et vari\u00e9t\u00e9 d&rsquo;abris voitures, v\u00e9los, motos&#8230; Avec, en rayon, des mat\u00e9riaux tr\u00e8s diff\u00e9rents : du bois, de l&rsquo;acier, de l&rsquo;alu, de la toile&#8230; De quoi faire son march\u00e9 sans probl\u00e8me parmi nos dizaines de kits !<\/em><\/p>\n<h3 style=\"text-align: justify;\">1\/ Le carport, un choix \u00e9conomique \u00e0 prix pas cher<\/h3>\n<p style=\"text-align: justify;\"><strong>Non, tous les carports ne sont pas des abris autos \u00e0 prix pas cher.<\/strong> Ce serait certes mentir que de l&rsquo;affirmer. Pour autant, notre gamme d\u00e9di\u00e9e rassemble des dizaines de mod\u00e8les diff\u00e9rents. Et, si vous la parcourez succinctement, vous constaterez que les prix d\u00e9marrent bas, tr\u00e8s bas. Tout en atteignant des sph\u00e8res \u00e9lev\u00e9es pour qui viserait du tr\u00e8s haut-de-gamme, bien entendu. Autant vous dire qu&rsquo;\u00e0 l&rsquo;\u00e8re de l&rsquo;\u00e9conomie, \u00e0 l&rsquo;\u00e8re du COVID qui touche le pouvoir d&rsquo;achat de chacun, \u00e0 l&rsquo;\u00e8re des crises r\u00e9p\u00e9t\u00e9es&#8230; Pouvoir am\u00e9nager son ext\u00e9rieur en m\u00e9nageant ses finances n&rsquo;est pas un luxe. Mais c&rsquo;est une merveilleuse possibilit\u00e9 qui respecte les moyens de chacun. Parce que, il faut en convenir, prot\u00e9ger sa voiture au quotidien, c&rsquo;est aussi \u00e9conomiser en entretien. Et s&rsquo;\u00e9viter toujours plus de nettoyages. Se faciliter la vie, en somme !<\/p>\n<figure id=\"attachment_12779\" aria-describedby=\"caption-attachment-12779\" style=\"width: 397px\" class=\"wp-caption aligncenter\"><a href=\"https:\/\/www.franceabris.com\/22-abri-voiture\"><img decoding=\"async\" loading=\"lazy\" class=\"wp-image-12779 size-full\" style=\"border: 1px solid #000000;\" src=\"https:\/\/www.franceabris.com\/BLOG\/wp-content\/uploads\/2021\/11\/carport-bois-1.png\" alt=\"carport bois deux voitures\" width=\"397\" height=\"291\" srcset=\"https:\/\/www.franceabris.com\/BLOG\/wp-content\/uploads\/2021\/11\/carport-bois-1.png 397w, https:\/\/www.franceabris.com\/BLOG\/wp-content\/uploads\/2021\/11\/carport-bois-1-327x240.png 327w, https:\/\/www.franceabris.com\/BLOG\/wp-content\/uploads\/2021\/11\/carport-bois-1-134x98.png 134w\" sizes=\"(max-width: 397px) 100vw, 397px\" \/><\/a><figcaption id=\"caption-attachment-12779\" class=\"wp-caption-text\">Ce carport double, en bois, est disponible sous la r\u00e9f\u00e9rence ID286 sur notre site. Un abri voiture de grande qualit\u00e9 qui associe le pratique, l&rsquo;ergonomie et l&rsquo;esth\u00e9tique !<\/figcaption><\/figure>\n<h3 style=\"text-align: justify;\">2\/ L&rsquo;abri de toutes les mobilit\u00e9s<\/h3>\n<p style=\"text-align: justify;\">L&rsquo;on parle, certes, de carport et d&rsquo;abri voiture, mais c&rsquo;est un abus de langage. <strong>Car nos kits sont avant toute chose des structures de toit protectrices.<\/strong> Ce que vous garez, ce que vous prot\u00e9gez ne regarde que vous et vous seul. Et c&rsquo;est fondamental ! Car la soci\u00e9t\u00e9 actuelle oriente chacun d&rsquo;entre nous vers la pluralit\u00e9 des modes de locomotion. La mobilit\u00e9, enjeu essentiel au quotidien, s&rsquo;incarne dans l&rsquo;auto, mais aussi dans le v\u00e9lo, les deux roues, les trottinettes \u00e9lectriques, les v\u00e9los cargos, les hoverboards&#8230; Autant de moyens pour se d\u00e9placer qui m\u00e9ritent une juste protection. Une protection facile \u00e0 mettre en place : c&rsquo;est le principe du carport qui repose sur un ensemble de pieds soutenant une charpente et sa couverture.<\/p>\n<h3 style=\"text-align: justify;\">3\/ Un toit loin du gigantisme du garage<\/h3>\n<p style=\"text-align: justify;\">L\u00e0 o\u00f9 le garage impose son format cons\u00e9quent, important, imposant, le carport, lui, brille par une forme de minimalisme. L\u00e0 encore, il s&rsquo;agit d&rsquo;une tendance pr\u00e9gnante, notamment en zones urbaines. Dans ces derni\u00e8res, l&rsquo;on manque souvent de place&#8230; Et investir dans un garage revient g\u00e9n\u00e9ralement \u00e0 sacrifier ce dont on a d\u00e9j\u00e0 assez peu. <strong>L&rsquo;abri voiture, lui, m\u00e9nage cette probl\u00e9matique en lui apportant une solution moins tranch\u00e9e.<\/strong> Le toit existe, son implantation aussi, mais l&rsquo;ensemble pr\u00e9serve l&rsquo;espace. Un espace qui pourra se trouver exploit\u00e9 de toutes les fa\u00e7ons possibles, tandis que le garage, lui, sert avant tout&#8230; de garage. Dans cette id\u00e9e, d&rsquo;ailleurs, l&rsquo;on ne peut que saluer la polyvalence du carport. S&rsquo;il servira peut-\u00eatre, en effet, \u00e0 prot\u00e9ger votre v\u00e9hicule des intemp\u00e9ries \u00e0 l&rsquo;instant T, peut-\u00eatre deviendra-t-il une pergola d&rsquo;agr\u00e9ment \u00e0 l&rsquo;instant Z ? Nos mod\u00e8les, souvent tr\u00e8s esth\u00e9tiques, le permettent sans aucun probl\u00e8me.<\/p>\n<figure id=\"attachment_12189\" aria-describedby=\"caption-attachment-12189\" style=\"width: 607px\" class=\"wp-caption aligncenter\"><a href=\"https:\/\/www.franceabris.com\/22-abri-voiture\"><img decoding=\"async\" loading=\"lazy\" class=\"wp-image-12189 size-large\" style=\"border: 1px solid #000000;\" src=\"https:\/\/www.franceabris.com\/BLOG\/wp-content\/uploads\/2021\/01\/IMG_8437-607x399.jpg\" alt=\"abri voiture m\u00e9tallique\" width=\"607\" height=\"399\" srcset=\"https:\/\/www.franceabris.com\/BLOG\/wp-content\/uploads\/2021\/01\/IMG_8437-607x399.jpg 607w, https:\/\/www.franceabris.com\/BLOG\/wp-content\/uploads\/2021\/01\/IMG_8437-365x240.jpg 365w, https:\/\/www.franceabris.com\/BLOG\/wp-content\/uploads\/2021\/01\/IMG_8437-149x98.jpg 149w, https:\/\/www.franceabris.com\/BLOG\/wp-content\/uploads\/2021\/01\/IMG_8437-768x505.jpg 768w, https:\/\/www.franceabris.com\/BLOG\/wp-content\/uploads\/2021\/01\/IMG_8437.jpg 1280w\" sizes=\"(max-width: 607px) 100vw, 607px\" \/><\/a><figcaption id=\"caption-attachment-12189\" class=\"wp-caption-text\">Il existe des abris voitures \u00e0 tous les prix, dans tous les mat\u00e9riaux&#8230; dont certains sont m\u00eame mont\u00e9s chez vous par des professionnels. Difficile, d\u00e8s lors, de ne pas trouver de quoi se satisfaire parmi nos dizaines de mod\u00e8les !<\/figcaption><\/figure>\n<h3 style=\"text-align: justify;\">4\/ Des \u00e9conomies sur le long terme<\/h3>\n<p style=\"text-align: justify;\">Il y a le moment ou la p\u00e9riode o\u00f9 vous installez votre structure. Et il y a la suite&#8230; Or, un garage r\u00e9clamera toujours plus d&rsquo;entretien et d&rsquo;attention qu&rsquo;un simple couvert \u00e0 voiture. M\u00eame<strong> les carports bois s&rsquo;entretiennent tr\u00e8s facilement<\/strong> : la simplicit\u00e9 des kits rend ais\u00e9e le passage de la traditionnelle solution protectrice. Pour les mod\u00e8les m\u00e9talliques, c&rsquo;est une autonomie de tr\u00e8s long terme qui se distingue. Avec des garanties qui courent d&rsquo;ailleurs souvent sur dix ans et plus ! Quoi de mieux qu&rsquo;installer un toit dans son jardin&#8230; quand on sait qu&rsquo;on pourra en profiter longtemps ?!<\/p>\n","protected":false},"excerpt":{"rendered":"<p>Alors que l&rsquo;ann\u00e9e 2022 se profile, FRANCE ABRIS vous propose un petit focus sur ce que seront les tendances pour les mois \u00e0 venir&#8230; avec un premier hit annonc\u00e9 : le carport. Facile \u00e0 pr\u00e9dire, pour autant, car l&rsquo;abri voiture demeure chaque ann\u00e9e l&rsquo;un des am\u00e9nagements ext\u00e9rieurs les plus appr\u00e9ci\u00e9s. Les raisons sont diverses &#8211; &hellip; <a href=\"https:\/\/www.franceabris.com\/BLOG\/le-carport-quelle-tendance-pour-2022\/\" class=\"more-link\">Continuer la lecture de <span class=\"screen-reader-text\">Le carport : quelle tendance pour 2022 ? (1\/3)<\/span><\/a><\/p>\n","protected":false},"author":2,"featured_media":11969,"comment_status":"closed","ping_status":"closed","sticky":false,"template":"","format":"standard","meta":[],"categories":[3],"tags":[],"_links":{"self":[{"href":"https:\/\/www.franceabris.com\/BLOG\/wp-json\/wp\/v2\/posts\/12825"}],"collection":[{"href":"https:\/\/www.franceabris.com\/BLOG\/wp-json\/wp\/v2\/posts"}],"about":[{"href":"https:\/\/www.franceabris.com\/BLOG\/wp-json\/wp\/v2\/types\/post"}],"author":[{"embeddable":true,"href":"https:\/\/www.franceabris.com\/BLOG\/wp-json\/wp\/v2\/users\/2"}],"replies":[{"embeddable":true,"href":"https:\/\/www.franceabris.com\/BLOG\/wp-json\/wp\/v2\/comments?post=12825"}],"version-history":[{"count":0,"href":"https:\/\/www.franceabris.com\/BLOG\/wp-json\/wp\/v2\/posts\/12825\/revisions"}],"wp:featuredmedia":[{"embeddable":true,"href":"https:\/\/www.franceabris.com\/BLOG\/wp-json\/wp\/v2\/media\/11969"}],"wp:attachment":[{"href":"https:\/\/www.franceabris.com\/BLOG\/wp-json\/wp\/v2\/media?parent=12825"}],"wp:term":[{"taxonomy":"category","embeddable":true,"href":"https:\/\/www.franceabris.com\/BLOG\/wp-json\/wp\/v2\/categories?post=12825"},{"taxonomy":"post_tag","embeddable":true,"href":"https:\/\/www.franceabris.com\/BLOG\/wp-json\/wp\/v2\/tags?post=12825"}],"curies":[{"name":"wp","href":"https:\/\/api.w.org\/{rel}","templated":true}]}}