{"id":12889,"date":"2022-01-12T11:05:25","date_gmt":"2022-01-12T10:05:25","guid":{"rendered":"https:\/\/www.franceabris.com\/BLOG\/?p=12889"},"modified":"2022-01-12T11:18:41","modified_gmt":"2022-01-12T10:18:41","slug":"taxe-damenagement-2022-forte-hausse-pour-votre-abri-de-jardin","status":"publish","type":"post","link":"https:\/\/www.franceabris.com\/BLOG\/taxe-damenagement-2022-forte-hausse-pour-votre-abri-de-jardin\/","title":{"rendered":"Taxe d&rsquo;am\u00e9nagement 2022 : forte hausse pour votre abri de jardin"},"content":{"rendered":"<p style=\"text-align: justify;\">Elle est de retour : <strong>la taxe d&rsquo;am\u00e9nagement ou taxe abri de jardin<\/strong> ! Et oui, c&rsquo;est notre marronnier de d\u00e9but d&rsquo;ann\u00e9e&#8230; Car, tous les 1er janvier, la valeur forfaitaire de cette taxe, que nombre de ceux qui installent un nouvel abri de jardin chez eux sont amen\u00e9s \u00e0 payer, est r\u00e9\u00e9valu\u00e9e. Une r\u00e9\u00e9valuation qui tient compte de l&rsquo;\u00e9volution des co\u00fbts de la construction.<\/p>\n<p style=\"text-align: justify;\">Nous \u00e9tions habitu\u00e9s \u00e0 ce qu&rsquo;elle subisse des hausses assez significatives ces derni\u00e8res ann\u00e9es. La tendance se confirme plus que jamais pour 2022&#8230; En effet, apr\u00e8s avoir augment\u00e9 de 1,1% entre 2021 et 2020, <strong>elle bondit de pr\u00e8s de 7% en 2022<\/strong>. De quoi alourdir la facture lorsque vous installerez un chalet bois ou un cabanon de stockage ? Pas forc\u00e9ment, heureusement.<\/p>\n<p style=\"text-align: justify;\">Car les municipalit\u00e9s sont tout de m\u00eame nombreuses \u00e0 ne pas appliquer leur taux. Tout d\u00e9pend des d\u00e9cisions prises en conseil municipal&#8230; Alors, ne vous reste qu&rsquo;une seule solution : vous renseigner aupr\u00e8s de l&rsquo;\u00e9dile de votre commune !<\/p>\n<h2 style=\"text-align: justify;\">En 2022, les valeurs forfaitaires de la taxe d&rsquo;am\u00e9nagement subissent une hausse de pr\u00e8s de 7%. Une cons\u00e9quence des \u00e9volutions de l&rsquo;Indice du Co\u00fbt de la Construction. La taxe d&rsquo;am\u00e9nagement ou taxe abri de jardin risque d&rsquo;\u00eatre un peu plus \u00e9lev\u00e9e cette ann\u00e9e&#8230;<\/h2>\n<p style=\"padding-left: 160px; text-align: justify;\">La taxe d&rsquo;am\u00e9nagement est une ode \u00e0 l&rsquo;une de nos gammes de cabanons de rangement : <span style=\"color: #ff9900;\"><a style=\"color: #ff9900;\" href=\"https:\/\/www.franceabris.com\/272-abris-de-jardin-de-moins-de-5-m\" target=\"_blank\" rel=\"noopener\">les abris de moins de 5 m\u00b2<\/a><\/span> ! Et oui, nos kits de petite taille, offrant moins de 5 m\u00b2 de surface de plancher ou d&#8217;emprise au sol sont g\u00e9n\u00e9ralement exon\u00e9r\u00e9s du r\u00e8glement de cette taxe&#8230; Cela vous donne des id\u00e9es ?<\/p>\n<h3 style=\"text-align: justify;\">Taxe abri de jardin : une hausse cons\u00e9quente<\/h3>\n<p style=\"text-align: justify;\"><strong>La hausse de la taxe abri de jardin est une r\u00e9alit\u00e9.<\/strong> Ceux qui auraient install\u00e9 plusieurs cabanons de rangement ces derni\u00e8res ann\u00e9es s&rsquo;en seront forc\u00e9ment rendus compte&#8230; La raison ? Dans son calcul, cette taxe inclut une valeur forfaitaire, d&rsquo;un montant pour la province et d&rsquo;un autre pour l&rsquo;Ile-de-France. Cette valeur forfaitaire suit la m\u00eame \u00e9volution que l&rsquo;ICC, l&rsquo;Indice des Co\u00fbts de la Construction. Si cet indice augmente, la valeur augmente en cons\u00e9quence au 1er janvier de chaque ann\u00e9e. Nous le disions l&rsquo;ann\u00e9e derni\u00e8re, l&rsquo;\u00e9cart entre 2021 et 2020 \u00e9tait donc de 1,1%. Mais, preuve de son augmentation r\u00e9guli\u00e8re, <span style=\"color: #ff9900;\"><a style=\"color: #ff9900;\" href=\"https:\/\/www.franceabris.com\/BLOG\/taxe-abri-de-jardin-11-en-2021\/\" target=\"_blank\" rel=\"noopener\">il se montait \u00e0 environ 8% entre 2017 et 2020<\/a><\/span>.<\/p>\n<figure id=\"attachment_12856\" aria-describedby=\"caption-attachment-12856\" style=\"width: 458px\" class=\"wp-caption aligncenter\"><a href=\"https:\/\/www.franceabris.com\/74-chalet-bois-kit-maison-de-jardin-bureau\"><img decoding=\"async\" loading=\"lazy\" class=\"wp-image-12856 size-full\" style=\"border: 1px solid #000000;\" src=\"https:\/\/www.franceabris.com\/BLOG\/wp-content\/uploads\/2021\/12\/5499-chalet-bois-isolation.jpg\" alt=\"Chalet de jardin et taxe d'am\u00e9nagement\" width=\"458\" height=\"335\" srcset=\"https:\/\/www.franceabris.com\/BLOG\/wp-content\/uploads\/2021\/12\/5499-chalet-bois-isolation.jpg 458w, https:\/\/www.franceabris.com\/BLOG\/wp-content\/uploads\/2021\/12\/5499-chalet-bois-isolation-328x240.jpg 328w, https:\/\/www.franceabris.com\/BLOG\/wp-content\/uploads\/2021\/12\/5499-chalet-bois-isolation-134x98.jpg 134w\" sizes=\"(max-width: 458px) 100vw, 458px\" \/><\/a><figcaption id=\"caption-attachment-12856\" class=\"wp-caption-text\">Les plus vastes structures sont concern\u00e9es par la taxe d&rsquo;am\u00e9nagement. Plus leur surface de plancher est importante, plus l&rsquo;imp\u00f4t \u00e0 r\u00e9gler risque d&rsquo;\u00eatre \u00e9lev\u00e9. Ce chalet de jardin est disponible sous la r\u00e9f\u00e9rence ID5499 sur notre site.<\/figcaption><\/figure>\n<h4>L&rsquo;ICC a augment\u00e9 de 6,85% entre 2020 et 2021<\/h4>\n<p style=\"text-align: justify;\">Qu&rsquo;en est-il pour 2022 ? Malheureusement, on pouvait s&rsquo;en douter, la hausse ne s&rsquo;est pas seulement confirm\u00e9e, elle s&rsquo;est m\u00eame accrue. La raison : la crise sanitaire a cr\u00e9\u00e9 une augmentation du prix des mat\u00e9riaux et de l&rsquo;ensemble des co\u00fbts de la construction. Entre le troisi\u00e8me trimestre 2020 et le troisi\u00e8me trimestre 2021, l&rsquo;ICC a bondit de 6,85%&#8230; rien que \u00e7a ! La valeur forfaitaire de la taxe d&rsquo;am\u00e9nagement \u00e9tant index\u00e9 sur celui-ci, elle a donc subi une r\u00e9vision de 6,85% au 1er janvier dernier. Cons\u00e9quence ? Cette valeur se montait \u00e0 870\u20ac pour l&rsquo;Ile-de-France et 767\u20ac pour la province en 2021. En 2022, il faudra appliquer une valeur de <strong>929\u20ac par m\u00e8tre carr\u00e9 pour l&rsquo;Ile-de-France et de 820\u20ac par m\u00e8tre carr\u00e9 pour le reste du pays<\/strong>.<\/p>\n<h4>Un taux d&rsquo;imposition variable<\/h4>\n<p style=\"text-align: justify;\">Fort heureusement &#8211; et rassurez-vous : si cette hausse traduit in\u00e9vitablement une hausse moyenne des montants de taxe \u00e0 r\u00e9gler pour les futurs n\u00e9o-propri\u00e9taires d&rsquo;abris de jardin en 2022, elle peut s&rsquo;av\u00e9rer plus limit\u00e9e que pr\u00e9vue en fonction du taux d&rsquo;imposition pratiqu\u00e9 par votre commune. En effet, <strong>pour conna\u00eetre le montant de sa taxe d&rsquo;am\u00e9nagement, il faut appliquer la formule suivante :<\/strong><\/p>\n<ol>\n<li style=\"list-style-type: none;\">\n<ol>\n<li style=\"list-style-type: none;\">\n<ol>\n<li style=\"list-style-type: none;\">\n<ol>\n<li style=\"list-style-type: none;\">\n<ol>\n<li style=\"text-align: justify;\">Multiplier la valeur forfaitaire avec la surface de plancher ou l&#8217;emprise au sol de votre chalet de jardin, avant d&rsquo;en multiplier le produit avec le taux d&rsquo;imposition pratiqu\u00e9 par la commune.<\/li>\n<li style=\"text-align: justify;\">Puis&#8230; Car ce n&rsquo;est pas tout ! Multiplier, une nouvelle fois, la valeur forfaitaire avec la surface de plancher ou l&#8217;emprise au sol de votre cabane de jardin, avant d&rsquo;en multiplier le produit avec, cette fois-ci, le taux d&rsquo;imposition pratiqu\u00e9 par le d\u00e9partement.<\/li>\n<li style=\"text-align: justify;\">Et, enfin&#8230; Additionner les deux r\u00e9sultats !<\/li>\n<\/ol>\n<\/li>\n<\/ol>\n<\/li>\n<\/ol>\n<\/li>\n<\/ol>\n<\/li>\n<\/ol>\n<p style=\"text-align: justify;\"><strong>Avec, en Ile-de-France, un petit ajout :<\/strong> une troisi\u00e8me op\u00e9ration du m\u00eame ordre, en appliquant cette fois-ci un taux d&rsquo;imposition r\u00e9gional, fix\u00e9 \u00e0 1%.<\/p>\n<blockquote>\n<p style=\"text-align: justify;\">surface taxable x valeur forfaitaire x taux fix\u00e9 par la commune ou l&rsquo;intercommunalit\u00e9<br \/>\n+<br \/>\nsurface taxable x valeur forfaitaire x taux fix\u00e9 par le d\u00e9partement<br \/>\n+<br \/>\n(facultatif) surface taxable x valeur forfaitaire x taux fix\u00e9 par la r\u00e9gion, pour l\u2019\u00cele-de-France<\/p>\n<\/blockquote>\n<figure id=\"attachment_12433\" aria-describedby=\"caption-attachment-12433\" style=\"width: 583px\" class=\"wp-caption aligncenter\"><a href=\"https:\/\/www.franceabris.com\/10-abri-jardin\"><img decoding=\"async\" loading=\"lazy\" class=\"wp-image-12433 size-large\" style=\"border: 1px solid #000000;\" src=\"https:\/\/www.franceabris.com\/BLOG\/wp-content\/uploads\/2021\/05\/Cabanon_jardin_5M2-583x437.jpeg\" alt=\"abri de jardin de petite taille et taxe abri de jardin\" width=\"583\" height=\"437\" srcset=\"https:\/\/www.franceabris.com\/BLOG\/wp-content\/uploads\/2021\/05\/Cabanon_jardin_5M2-583x437.jpeg 583w, https:\/\/www.franceabris.com\/BLOG\/wp-content\/uploads\/2021\/05\/Cabanon_jardin_5M2-320x240.jpeg 320w, https:\/\/www.franceabris.com\/BLOG\/wp-content\/uploads\/2021\/05\/Cabanon_jardin_5M2-131x98.jpeg 131w, https:\/\/www.franceabris.com\/BLOG\/wp-content\/uploads\/2021\/05\/Cabanon_jardin_5M2-768x576.jpeg 768w, https:\/\/www.franceabris.com\/BLOG\/wp-content\/uploads\/2021\/05\/Cabanon_jardin_5M2.jpeg 1280w\" sizes=\"(max-width: 583px) 100vw, 583px\" \/><\/a><figcaption id=\"caption-attachment-12433\" class=\"wp-caption-text\">Un tel cabanon de rangement, qui couvre moins de 5 m\u00b2, n&rsquo;impliquera pas le r\u00e8glement de la taxe abri de jardin. Mieux, il ne r\u00e9clamera probablement aucune autorisation d&rsquo;urbanisme pour \u00eatre mont\u00e9 chez vous !<\/figcaption><\/figure>\n<h2 style=\"text-align: justify;\">Quelles bonnes nouvelles pour cet imp\u00f4t ? Du c\u00f4t\u00e9 des communes et des abris eux-m\u00eames, il existe des pistes pour s&rsquo;\u00e9viter la taxe&#8230;<\/h2>\n<p style=\"text-align: justify;\">Mais alors, quelles sont les solutions lorsqu&rsquo;on n&rsquo;a pas envie de payer une taxe d&rsquo;am\u00e9nagement trop importante ? La premi\u00e8re, d\u00e9j\u00e0, c&rsquo;est d&rsquo;<strong>\u00e9tudier les taux d&rsquo;imposition en vigueur dans votre commune et dans votre d\u00e9partement<\/strong>. Cela peut se faire gr\u00e2ce<span style=\"color: #ff9900;\"><a style=\"color: #ff9900;\" href=\"https:\/\/www.cohesion-territoires.gouv.fr\/calcul-de-la-taxe-damenagement\" target=\"_blank\" rel=\"noopener\"> \u00e0 un simulateur mis en place par le gouvernement<\/a><\/span>. Plus le taux est \u00e9lev\u00e9, plus vous serez tax\u00e9, cela va sans dire&#8230; La bonne nouvelle ? D&rsquo;une part, le taux d\u00e9partemental est plafonn\u00e9 \u00e0 2,5%. Impossible d&rsquo;avoir une mauvaise surprise \u00e0 ce sujet. D&rsquo;autre part, si le taux communal n&rsquo;est plafonn\u00e9, lui, qu&rsquo;\u00e0 5%, les communes ont la possibilit\u00e9 de le baisser ou de ne pas r\u00e9clamer leur part, suite \u00e0 d\u00e9cision prise en conseil municipal. C&rsquo;est le cas, par exemple, \u00e0 Meudon, si l&rsquo;on en croit le simulateur : dans cette commune, seul le taux d\u00e9partemental, 2,5%, et le taux r\u00e9gional sp\u00e9cifique \u00e0 l&rsquo;Ile-de-France, 1%, vous seront r\u00e9clam\u00e9s. Ouf !<\/p>\n<h3 style=\"text-align: justify;\">Un abri de jardin de petite taille pour \u00e9viter la taxe d&rsquo;am\u00e9nagement<\/h3>\n<p style=\"text-align: justify;\">Autre possibilit\u00e9 : r\u00e9fl\u00e9chir \u00e0 optimiser son projet d&rsquo;abri de jardin. Facile, lorsqu&rsquo;il s&rsquo;agit d&rsquo;un cabanon de rangement, d&rsquo;un atelier, plut\u00f4t que d&rsquo;un chalet complet ! En effet, les structures qui pr\u00e9sentent une surface de plancher ou une emprise au sol<strong> de moins de 5 m\u00b2 n&rsquo;impliquent pas le r\u00e8glement de la taxe<\/strong>. Ainsi, si vous optez pour un cabanon de 5 m\u00b2, vous n&rsquo;aurez rien \u00e0 payer, en plus de n&rsquo;avoir probablement aucune autorisation d&rsquo;urbanisme \u00e0 obtenir pour le monter. Autre point \u00e0 conna\u00eetre : la surface de plancher retenue pour le calcul de la taxe exclut toutes les portions o\u00f9 la hauteur sous plafond est inf\u00e9rieur \u00e0 1,8 m. Comme cela peut \u00eatre le cas pour un cabanon de stockage avec toit double pente, c&rsquo;est un \u00e9l\u00e9ment \u00e0 retenir ! Enfin, les kits doivent \u00eatre couverts et \/ ou clos, ce qui fait que les tonnelles ou pergolas ne sont pas concern\u00e9s.<\/p>\n<p style=\"text-align: justify;\">Cons\u00e9quence : si vous aviez en t\u00eate de b\u00e2tir un abri d\u00e9pendance de 10 m\u00b2 pour b\u00e9n\u00e9ficier d&rsquo;une belle surface de rangement, peut-\u00eatre vaut-il mieux changer votre fusil d&rsquo;\u00e9paule&#8230; et imaginer deux cabanons de 5 m\u00b2 diff\u00e9rents ? A vous de voir ! \ud83d\ude09<\/p>\n<p style=\"text-align: justify;\">\n","protected":false},"excerpt":{"rendered":"<p>Elle est de retour : la taxe d&rsquo;am\u00e9nagement ou taxe abri de jardin ! Et oui, c&rsquo;est notre marronnier de d\u00e9but d&rsquo;ann\u00e9e&#8230; Car, tous les 1er janvier, la valeur forfaitaire de cette taxe, que nombre de ceux qui installent un nouvel abri de jardin chez eux sont amen\u00e9s \u00e0 payer, est r\u00e9\u00e9valu\u00e9e. Une r\u00e9\u00e9valuation qui &hellip; <a href=\"https:\/\/www.franceabris.com\/BLOG\/taxe-damenagement-2022-forte-hausse-pour-votre-abri-de-jardin\/\" class=\"more-link\">Continuer la lecture de <span class=\"screen-reader-text\">Taxe d&rsquo;am\u00e9nagement 2022 : forte hausse pour votre abri de jardin<\/span><\/a><\/p>\n","protected":false},"author":2,"featured_media":12890,"comment_status":"closed","ping_status":"closed","sticky":false,"template":"","format":"standard","meta":[],"categories":[2],"tags":[],"_links":{"self":[{"href":"https:\/\/www.franceabris.com\/BLOG\/wp-json\/wp\/v2\/posts\/12889"}],"collection":[{"href":"https:\/\/www.franceabris.com\/BLOG\/wp-json\/wp\/v2\/posts"}],"about":[{"href":"https:\/\/www.franceabris.com\/BLOG\/wp-json\/wp\/v2\/types\/post"}],"author":[{"embeddable":true,"href":"https:\/\/www.franceabris.com\/BLOG\/wp-json\/wp\/v2\/users\/2"}],"replies":[{"embeddable":true,"href":"https:\/\/www.franceabris.com\/BLOG\/wp-json\/wp\/v2\/comments?post=12889"}],"version-history":[{"count":0,"href":"https:\/\/www.franceabris.com\/BLOG\/wp-json\/wp\/v2\/posts\/12889\/revisions"}],"wp:featuredmedia":[{"embeddable":true,"href":"https:\/\/www.franceabris.com\/BLOG\/wp-json\/wp\/v2\/media\/12890"}],"wp:attachment":[{"href":"https:\/\/www.franceabris.com\/BLOG\/wp-json\/wp\/v2\/media?parent=12889"}],"wp:term":[{"taxonomy":"category","embeddable":true,"href":"https:\/\/www.franceabris.com\/BLOG\/wp-json\/wp\/v2\/categories?post=12889"},{"taxonomy":"post_tag","embeddable":true,"href":"https:\/\/www.franceabris.com\/BLOG\/wp-json\/wp\/v2\/tags?post=12889"}],"curies":[{"name":"wp","href":"https:\/\/api.w.org\/{rel}","templated":true}]}}