{"id":12937,"date":"2022-02-04T06:06:50","date_gmt":"2022-02-04T05:06:50","guid":{"rendered":"https:\/\/www.franceabris.com\/BLOG\/?p=12937"},"modified":"2022-01-24T16:02:33","modified_gmt":"2022-01-24T15:02:33","slug":"cabanon-de-jardin-bois-un-abri-thermotraite-pour-se-simplifier-la-vie","status":"publish","type":"post","link":"https:\/\/www.franceabris.com\/BLOG\/cabanon-de-jardin-bois-un-abri-thermotraite-pour-se-simplifier-la-vie\/","title":{"rendered":"Cabanon de jardin bois : un abri thermo-trait\u00e9 pour se simplifier la vie"},"content":{"rendered":"<p style=\"text-align: justify;\"><strong>Un beau cabanon de jardin bois :<\/strong> c&rsquo;est probablement ce que l&rsquo;on pense tous en d\u00e9couvrant l&rsquo;abri de notre client. Celui-ci est une r\u00e9ussite : par son montage, par son implantation&#8230; mais aussi par son usage. Sa jolie teinte brun dor\u00e9, soigneusement entretenue, fait son petit effet : sous le soleil, la cabane de rangement se distingue et participe pleinement \u00e0 la valorisation de son environnement direct.<\/p>\n<p style=\"text-align: justify;\">Mais il s&rsquo;agit, en outre, <strong>d&rsquo;un kit fonctionnel tr\u00e8s utile<\/strong>, qui offre une surface tout \u00e0 fait satisfaisante pour une personne qui vit en ext\u00e9rieur. Le parfait compl\u00e9ment d&rsquo;une passion pour le jardin&#8230; et le parfait compl\u00e9ment d&rsquo;une famille, tout simplement, avec d&rsquo;important besoins en mati\u00e8re de rangement. FRANCE ABRIS vous emm\u00e8ne \u00e0 la d\u00e9couverte de ce projet et de ce mod\u00e8le d&rsquo;abri, qui r\u00e9pond \u00e0 la r\u00e9f\u00e9rence ID3867 sur notre site.<\/p>\n<h2 style=\"text-align: justify;\">D\u00e9couvrez ce superbe cabanon de jardin bois qui offre un environnement de rangement tr\u00e8s int\u00e9ressant, mais contribue aussi \u00e0 l&rsquo;esth\u00e9tique du jardin. Un kit qui permet d&rsquo;\u00eatre gagnant sur tous les plans !<\/h2>\n<p style=\"text-align: justify;\">FRANCE ABRIS propose des centaines d&rsquo;abris de jardin dans sa gamme d\u00e9di\u00e9e, mais aussi <span style=\"color: #ff9900;\"><a style=\"color: #ff9900;\" href=\"https:\/\/www.franceabris.com\/148-abri-jardin-bois-traite-autoclave\" target=\"_blank\" rel=\"noopener\">des cabanes pr\u00e9alablement trait\u00e9es autoclave ou par thermo-traitement<\/a><\/span>. Une cat\u00e9gorie qui met \u00e0 l&rsquo;honneur des mod\u00e8les qui rassurent. Qui rassurent par leur facilit\u00e9 d&rsquo;acc\u00e8s, \u00e9pargnant le traditionnel traitement pr\u00e9alable, mais qui rassurent \u00e9galement par leur long\u00e9vit\u00e9. Ces structures bois de tr\u00e8s belle facture sont effectivement con\u00e7ues pour tenir de longues ann\u00e9es. La garantie de notre cabanon de jardin bois ID3867 ? 10 ans ! Cela veut tout dire&#8230;<\/p>\n<h3 style=\"text-align: justify;\">Le contexte : une famille, une passion&#8230; le besoin d&rsquo;un cabanon de jardin bois !<\/h3>\n<p style=\"text-align: justify;\">Le contexte de notre r\u00e9alisation du jour, ce cabanon de jardin bois, se montre plut\u00f4t classique et traditionnel&#8230; Nicolas, 43 ans, habite dans la r\u00e9gion lyonnaise, en p\u00e9riph\u00e9rie urbaine, \u00e0 Chaponost. Il poss\u00e8de 1200 m\u00b2 de terrain et une belle maison moderne. Trois enfants, dont un a\u00een\u00e9 \u00e2g\u00e9 de 10 ans&#8230; Autant dire que le jardin, malgr\u00e9 sa belle superficie, ne manque jamais d&rsquo;\u00eatre encombr\u00e9 des jeux des uns et des autres, notamment l&rsquo;\u00e9t\u00e9. Nicolas, lui, est en outre passionn\u00e9 de jardinage, <strong>une activit\u00e9 qui r\u00e9clame du temps et de la place<\/strong>, tant l&rsquo;outillage peut se montrer abondant et encombrant. Si la famille a la chance d&rsquo;avoir un garage int\u00e9gr\u00e9, en sous-sol, il ne s&rsquo;agit que d&rsquo;un espace de 18 m\u00b2, permettant de garer un v\u00e9hicule et de faire un peu de rangement. Une bonne base, bien s\u00fbr, mais qui, avec le temps, ne peut plus se montrer suffisante !<\/p>\n<figure id=\"attachment_12940\" aria-describedby=\"caption-attachment-12940\" style=\"width: 397px\" class=\"wp-caption aligncenter\"><a href=\"https:\/\/www.franceabris.com\/148-abri-jardin-bois-traite-autoclave\"><img decoding=\"async\" loading=\"lazy\" class=\"wp-image-12940 size-full\" style=\"border: 1px solid #000000;\" src=\"https:\/\/www.franceabris.com\/BLOG\/wp-content\/uploads\/2022\/01\/3867-abri-jardin-bois.jpg\" alt=\"cabanon de jardin bois\" width=\"397\" height=\"291\" srcset=\"https:\/\/www.franceabris.com\/BLOG\/wp-content\/uploads\/2022\/01\/3867-abri-jardin-bois.jpg 397w, https:\/\/www.franceabris.com\/BLOG\/wp-content\/uploads\/2022\/01\/3867-abri-jardin-bois-327x240.jpg 327w, https:\/\/www.franceabris.com\/BLOG\/wp-content\/uploads\/2022\/01\/3867-abri-jardin-bois-134x98.jpg 134w\" sizes=\"(max-width: 397px) 100vw, 397px\" \/><\/a><figcaption id=\"caption-attachment-12940\" class=\"wp-caption-text\">Cet abri de jardin bois thermo-trait\u00e9 offre 11 m\u00b2 de surface \u00e0 exploiter. Disponible sous la r\u00e9f\u00e9rence ID3867, il propose un haut niveau de prestations et de fonctionnalit\u00e9s. Superbe, non ?!<\/figcaption><\/figure>\n<h3 style=\"text-align: justify;\">Le kit : un superbe abri de jardin de 11 m\u00b2<\/h3>\n<p style=\"text-align: justify;\">12 m\u00b2 de surface utile : l&rsquo;un des crit\u00e8res principaux de Nicolas portait sur la surface \u00e0 investir. Il voulait de la place, du volume, sans s&rsquo;orienter vers un mod\u00e8le sur-dimensionn\u00e9. <strong>Avec ce cabanon, il a d\u00e9nich\u00e9 le bon compromis :<\/strong> 12 m\u00b2, c&rsquo;est l&rsquo;\u00e9quivalent d&rsquo;une pi\u00e8ce suppl\u00e9mentaire enti\u00e8rement d\u00e9di\u00e9e \u00e0 son ext\u00e9rieur dans toute sa vari\u00e9t\u00e9, des jeux au jardin, en passant par la locomotion. Le toit double pente est garni d&rsquo;une couverture tr\u00e8s r\u00e9sistante, mariant l&rsquo;acier galvanis\u00e9 et le polyester. Une association increvable, qui garantit de longues ann\u00e9es d&rsquo;usage ! Et c&rsquo;est tant mieux, car la cabane de rangement a subi un thermo-traitement pr\u00e9alable, d&rsquo;o\u00f9 sa garantie sur 10 ans. Ce traitement \u00e0 haute-temp\u00e9rature vise \u00e0 modifier les propri\u00e9t\u00e9s du bois gr\u00e2ce \u00e0 des temp\u00e9ratures tr\u00e8s \u00e9lev\u00e9es. Il en devient imputrescible et s&rsquo;\u00e9pargne, d\u00e8s lors, les traditionnels fongicides et insecticides !<\/p>\n<p style=\"text-align: justify;\">Et puis, ce qui donne encore plus de cachet \u00e0 cet abri, ce sont ses quatre lucarnes. Des fen\u00eatres PVC maximisant la luminosit\u00e9 naturelle \u00e0 l&rsquo;int\u00e9rieur ! Notre client en a \u00e9videmment profit\u00e9 pour travailler l&rsquo;exposition de son kit, afin d&rsquo;en tirer le meilleur parti&#8230;<\/p>\n<figure id=\"attachment_12938\" aria-describedby=\"caption-attachment-12938\" style=\"width: 396px\" class=\"wp-caption aligncenter\"><a href=\"https:\/\/www.franceabris.com\/148-abri-jardin-bois-traite-autoclave\"><img decoding=\"async\" loading=\"lazy\" class=\"wp-image-12938 size-full\" style=\"border: 1px solid #000000;\" src=\"https:\/\/www.franceabris.com\/BLOG\/wp-content\/uploads\/2022\/01\/3867-abri-jardin-bois-2.jpg\" alt=\"abri de jardin en bois\" width=\"396\" height=\"259\" srcset=\"https:\/\/www.franceabris.com\/BLOG\/wp-content\/uploads\/2022\/01\/3867-abri-jardin-bois-2.jpg 396w, https:\/\/www.franceabris.com\/BLOG\/wp-content\/uploads\/2022\/01\/3867-abri-jardin-bois-2-367x240.jpg 367w, https:\/\/www.franceabris.com\/BLOG\/wp-content\/uploads\/2022\/01\/3867-abri-jardin-bois-2-150x98.jpg 150w\" sizes=\"(max-width: 396px) 100vw, 396px\" \/><\/a><figcaption id=\"caption-attachment-12938\" class=\"wp-caption-text\">La solidit\u00e9 de la structure permet de pallier tous les coups durs. Avec, en plus des panneaux bois de 28 mm, cette couverture acier galvanis\u00e9 et polyester qui garantit une belle dur\u00e9e de vie. Optimal !<\/figcaption><\/figure>\n<h3 style=\"text-align: justify;\">Les atouts : la dur\u00e9e de vie et le volume de stockage<\/h3>\n<p style=\"text-align: justify;\">Quels sont les atouts que retient Nicolas ? <strong>D&rsquo;abord, la dur\u00e9e de vie<\/strong> &#8211; m\u00eame s&rsquo;il ne pourra tirer de r\u00e9elles conclusions qu&rsquo;\u00e0 la fin&#8230; Gr\u00e2ce au thermo-traitement, la cabane rassure quant \u00e0 sa capacit\u00e9 \u00e0 tenir en ext\u00e9rieur sans \u00eatre r\u00e9guli\u00e8rement bichonn\u00e9e. Avec l&rsquo;ajout d&rsquo;un kit anti-temp\u00eates, il y a de quoi dormir sur ses deux oreilles m\u00eame lorsque la m\u00e9t\u00e9o joue des siennes ! Cette dur\u00e9e de vie, c&rsquo;est aussi elle qui garantit le bon amortissement de l&rsquo;investissement initial. Lorsque vous misez 3000 euros dans une structure amen\u00e9e \u00e0 tenir 20 ou 30 ans, vous ne pouvez pas \u00eatre d\u00e9\u00e7u de votre pari&#8230;<\/p>\n<p style=\"text-align: justify;\">Mais le stockage et le volume de rangement, l&rsquo;un des crit\u00e8res fondamentaux de notre client, lui apportent \u00e9galement pleine satisfaction. L&rsquo;\u00e9paisseur des panneaux, 28 mm lui a permis d&rsquo;am\u00e9nager l&rsquo;int\u00e9rieur avec des \u00e9tag\u00e8res, des armoires, des coffres de rangement. <strong>En plus d&rsquo;un \u00e9tabli pour bricoler !<\/strong> Il a organis\u00e9 le stockage de l&rsquo;int\u00e9gralit\u00e9 de son mat\u00e9riel de jardinage, du petit outillage aux grosses et traditionnelles machines (tron\u00e7onneuse, tondeuse, taille-haie&#8230;). Les v\u00e9los de la famille ont \u00e9galement trouv\u00e9 une juste place \u00e0 l&rsquo;int\u00e9rieur. Et lui peut jouer de la scie sauteuse en toute tranquillit\u00e9 !<\/p>\n<p style=\"text-align: justify;\">Une belle installation, simple, efficace et r\u00e9ussie !<\/p>\n","protected":false},"excerpt":{"rendered":"<p>Un beau cabanon de jardin bois : c&rsquo;est probablement ce que l&rsquo;on pense tous en d\u00e9couvrant l&rsquo;abri de notre client. Celui-ci est une r\u00e9ussite : par son montage, par son implantation&#8230; mais aussi par son usage. Sa jolie teinte brun dor\u00e9, soigneusement entretenue, fait son petit effet : sous le soleil, la cabane de rangement &hellip; <a href=\"https:\/\/www.franceabris.com\/BLOG\/cabanon-de-jardin-bois-un-abri-thermotraite-pour-se-simplifier-la-vie\/\" class=\"more-link\">Continuer la lecture de <span class=\"screen-reader-text\">Cabanon de jardin bois : un abri thermo-trait\u00e9 pour se simplifier la vie<\/span><\/a><\/p>\n","protected":false},"author":2,"featured_media":12939,"comment_status":"closed","ping_status":"closed","sticky":false,"template":"","format":"standard","meta":[],"categories":[3],"tags":[],"_links":{"self":[{"href":"https:\/\/www.franceabris.com\/BLOG\/wp-json\/wp\/v2\/posts\/12937"}],"collection":[{"href":"https:\/\/www.franceabris.com\/BLOG\/wp-json\/wp\/v2\/posts"}],"about":[{"href":"https:\/\/www.franceabris.com\/BLOG\/wp-json\/wp\/v2\/types\/post"}],"author":[{"embeddable":true,"href":"https:\/\/www.franceabris.com\/BLOG\/wp-json\/wp\/v2\/users\/2"}],"replies":[{"embeddable":true,"href":"https:\/\/www.franceabris.com\/BLOG\/wp-json\/wp\/v2\/comments?post=12937"}],"version-history":[{"count":0,"href":"https:\/\/www.franceabris.com\/BLOG\/wp-json\/wp\/v2\/posts\/12937\/revisions"}],"wp:featuredmedia":[{"embeddable":true,"href":"https:\/\/www.franceabris.com\/BLOG\/wp-json\/wp\/v2\/media\/12939"}],"wp:attachment":[{"href":"https:\/\/www.franceabris.com\/BLOG\/wp-json\/wp\/v2\/media?parent=12937"}],"wp:term":[{"taxonomy":"category","embeddable":true,"href":"https:\/\/www.franceabris.com\/BLOG\/wp-json\/wp\/v2\/categories?post=12937"},{"taxonomy":"post_tag","embeddable":true,"href":"https:\/\/www.franceabris.com\/BLOG\/wp-json\/wp\/v2\/tags?post=12937"}],"curies":[{"name":"wp","href":"https:\/\/api.w.org\/{rel}","templated":true}]}}