{"id":13136,"date":"2022-04-15T06:06:12","date_gmt":"2022-04-15T05:06:12","guid":{"rendered":"https:\/\/www.franceabris.com\/BLOG\/?p=13136"},"modified":"2025-11-05T18:07:59","modified_gmt":"2025-11-05T17:07:59","slug":"realisation-un-garage-bois-monte-en-madriers","status":"publish","type":"post","link":"https:\/\/www.franceabris.com\/BLOG\/realisation-un-garage-bois-monte-en-madriers\/","title":{"rendered":"R\u00e9alisation : un garage bois mont\u00e9 en madriers !"},"content":{"rendered":"<p style=\"text-align: justify;\"><strong>Un garage bois mont\u00e9&#8230;<\/strong> Au royaume de l&rsquo;abri en kit, voil\u00e0 la structure reine qui \u00e9vite de s&#8217;embarasser avec une installation mettant parfois en lumi\u00e8re les limites de nos comp\u00e9tences en bricolage ! L&rsquo;affirmation est, certes, un tantinet exag\u00e9r\u00e9e : monter un abri garage est \u00e0 la port\u00e9e de beaucoup de monde.<\/p>\n<p style=\"text-align: justify;\">Pour autant, cela n\u00e9cessite g\u00e9n\u00e9ralement <strong>d&rsquo;\u00eatre \u00e0 deux personnes<\/strong>, certaines pi\u00e8ces \u00e9tant encombrantes. Lorsqu&rsquo;on n&rsquo;a pas de main d&rsquo;\u0153uvre \u00e0 disposition, lorsqu&rsquo;on manque de temps, que l&rsquo;on craint de ne pas r\u00e9ussir le montage&#8230; ou que l&rsquo;on n&rsquo;a aucune envie de consacrer plus de temps qu&rsquo;il n&rsquo;en faut \u00e0 son garage, l&rsquo;abri\u00a0 livr\u00e9 mont\u00e9 constitue un formidable investissement.<\/p>\n<p style=\"text-align: justify;\">Un investissement qu&rsquo;a consenti l&rsquo;un de nos clients qui cherchait une solution pour prot\u00e9ger sa voiture. Apr\u00e8s quelques p\u00e9rip\u00e9ties, il a pu voir son kit <em>(disponible sous la r\u00e9f\u00e9rence ID1816 sur notre site)<\/em> mont\u00e9 sans avoir \u00e0 sortir, lui, sa caisse \u00e0 outils. <strong>Une \u00e9quipe de monteurs<\/strong> s&rsquo;est en effet charg\u00e9e de l&rsquo;installation de la structure&#8230; Et voil\u00e0 d\u00e9sormais son v\u00e9hicule bien abrit\u00e9 et s\u00e9curis\u00e9 !<\/p>\n<h2 style=\"text-align: justify;\">En optant pour un garage bois mont\u00e9 en madriers (r\u00e9f\u00e9rence ID1816), l&rsquo;un de nos clients a pu \u00e9quiper sa propri\u00e9t\u00e9 d&rsquo;un abri s\u00e9curis\u00e9 pour sa voiture&#8230; sans avoir \u00e0 lever le petit doigt. Un choix qui offre un maximum de confort !<\/h2>\n<p style=\"text-align: justify;\">Dans notre<span style=\"color: #ff9900;\"><a style=\"color: #ff9900;\" href=\"https:\/\/www.franceabris.com\/312-garage-monte\" target=\"_blank\" rel=\"noopener\"> cat\u00e9gorie garage mont\u00e9<\/a><\/span>, vous d\u00e9couvrirez diff\u00e9rents mod\u00e8les d&rsquo;abris clos pour la voiture. Des abris qui vous sont livr\u00e9s gratuitement, avant qu&rsquo;une \u00e9quipe de monteurs viennent s&rsquo;occuper de l&rsquo;installation. Rien \u00e0 faire &#8211; ou quasiment rien -, seulement \u00e0 vous mettre d&rsquo;accord sur un jour de montage avec les professionnels qualifi\u00e9s que nous vous enverrons !<\/p>\n<h3 style=\"text-align: justify;\">Le contexte : cr\u00e9ation d&rsquo;une solution de protection pour la voiture avec un garage bois mont\u00e9<\/h3>\n<p style=\"text-align: justify;\">Pour bien comprendre un projet, il faut toujours remonter \u00e0 sa Gen\u00e8se. Cette Gen\u00e8se, elle comporte souvent de nombreux points communs avec celle d&rsquo;autres projets port\u00e9s par des propri\u00e9taires divers, dans des environnements diff\u00e9rents. En l&rsquo;occurrence, lorsqu&rsquo;<strong>on installe un garage bois mont\u00e9 chez soi, c&rsquo;est pour une raison simple<\/strong> : am\u00e9nager un espace abrit\u00e9 et s\u00e9curis\u00e9 dans lequel garer un ou deux v\u00e9hicules. C&rsquo;est parfois pour cr\u00e9er ce qui n&rsquo;existait pas, le garage n&rsquo;\u00e9tant pas automatique dans les maisons modernes &#8211; encore moins \u00e0 l&rsquo;heure o\u00f9 l&rsquo;on cherche des solutions alternatives \u00e0 la voiture. C&rsquo;est souvent pour limiter la facture et \u00e9viter la lourdeur que repr\u00e9senterait une construction en dur sur le budget final. Et c&rsquo;est aussi un bon moyen de cumuler les avantages : dans un abri garage, on gare sa voiture, mais on peut aussi y glisser sa moto, ses v\u00e9los et y faire du stockage. Voil\u00e0 un abri pleinement polyvalent !<\/p>\n<figure id=\"attachment_13139\" aria-describedby=\"caption-attachment-13139\" style=\"width: 527px\" class=\"wp-caption aligncenter\"><a href=\"https:\/\/www.franceabris.com\/312-garage-monte\"><img decoding=\"async\" loading=\"lazy\" class=\"wp-image-13139 size-large\" style=\"border: 1px solid #000000;\" src=\"https:\/\/www.franceabris.com\/BLOG\/wp-content\/uploads\/2022\/03\/1816-garage-bois-monte-site-527x437.png\" alt=\"garage bois mont\u00e9 en madriers\" width=\"527\" height=\"437\" srcset=\"https:\/\/www.franceabris.com\/BLOG\/wp-content\/uploads\/2022\/03\/1816-garage-bois-monte-site-527x437.png 527w, https:\/\/www.franceabris.com\/BLOG\/wp-content\/uploads\/2022\/03\/1816-garage-bois-monte-site-289x240.png 289w, https:\/\/www.franceabris.com\/BLOG\/wp-content\/uploads\/2022\/03\/1816-garage-bois-monte-site-118x98.png 118w, https:\/\/www.franceabris.com\/BLOG\/wp-content\/uploads\/2022\/03\/1816-garage-bois-monte-site-768x637.png 768w, https:\/\/www.franceabris.com\/BLOG\/wp-content\/uploads\/2022\/03\/1816-garage-bois-monte-site.png 958w\" sizes=\"(max-width: 527px) 100vw, 527px\" \/><\/a><figcaption id=\"caption-attachment-13139\" class=\"wp-caption-text\">R\u00e9f\u00e9rence ID1816 sur notre site pour ce garage livr\u00e9 mont\u00e9. L&rsquo;installation de notre client est bien pens\u00e9e et bien r\u00e9alis\u00e9e. L&rsquo;all\u00e9e en gravillons se trouve bord\u00e9e de pelouse et le kit est install\u00e9 sur une solide dalle b\u00e9ton.<\/figcaption><\/figure>\n<h3 style=\"text-align: justify;\">Le kit : un abri garage en madriers de bois montage inclus<\/h3>\n<p style=\"text-align: justify;\">Pour satisfaire \u00e0 son besoin d&rsquo;une place de parking s\u00e9curis\u00e9e et abrit\u00e9e, notre client a opt\u00e9 pour un mod\u00e8le tr\u00e8s sympa. <strong>Un abri con\u00e7u dans de solides et \u00e9pais madriers de 42 mm<\/strong> qui permettront une utilisation s\u00e9dentaire. Pratique lorsqu&rsquo;on veut y glisser un \u00e9tabli pour bricoler ! Offrant 19 m\u00b2 de surface utile pour 24 m\u00b2 hors tout, il est \u00e9quip\u00e9 d&rsquo;une belle double porte de 2,4 m sur 2. Et d&rsquo;un petit acc\u00e8s pi\u00e9ton, dans le fond de la structure, qui offre un peu plus d&rsquo;ergonomie. Ses dimensions utiles de 3,21 m par 5,91 m maximisent la polyvalence de la construction. En plus d&rsquo;y garer son auto, on y a largement la place d&rsquo;y faire un peu de stockage&#8230;<\/p>\n<p style=\"text-align: justify;\">L&rsquo;ensemble est s\u00e9curis\u00e9 avec <strong>une serrure verrouillabl<\/strong>e. Bien entendu, des cambrioleurs d\u00e9cid\u00e9s sauront passer outre. N\u00e9anmoins, cette serrure, en plus de la dalle b\u00e9ton, permet d&rsquo;int\u00e9grer l&rsquo;abri \u00e0 une garantie d\u00e9pendances de jardin chez certains assureurs.\u00a0Sans compter qu&rsquo;elle rebutera toujours les opportunistes de la petite rapine !<\/p>\n<h3 style=\"text-align: justify;\">Les atouts : le montage&#8230; et la polyvalence !<\/h3>\n<p style=\"text-align: justify;\">L&rsquo;atout principal de ce garage que notre client a choisi, vous l&rsquo;avez compris&#8230;<strong> C&rsquo;est ce fameux montage inclus.<\/strong> Et oui, car l&rsquo;installation d&rsquo;une telle structure a tendance \u00e0 inqui\u00e9ter les clients. Bien qu&rsquo;elle soit \u00e0 la port\u00e9e de n&rsquo;importe quel bricoleur du dimanche, cette installation est ind\u00e9niablement plus confortable&#8230; lorsque ce sont des professionnels qui s&rsquo;en occupent ! Les kits livr\u00e9s mont\u00e9s ne r\u00e9clament qu&rsquo;une chose au client : la pr\u00e9paration de la dalle en b\u00e9ton. Il est n\u00e9cessaire de couler cette derni\u00e8re en amont pour que les installateurs puissent travailler efficacement. Autant dire que vous gagnez du temps et facilitez votre organisation !<\/p>\n<figure id=\"attachment_13138\" aria-describedby=\"caption-attachment-13138\" style=\"width: 396px\" class=\"wp-caption aligncenter\"><a href=\"https:\/\/www.franceabris.com\/312-garage-monte\"><img decoding=\"async\" loading=\"lazy\" class=\"wp-image-13138 size-full\" style=\"border: 1px solid #000000;\" src=\"https:\/\/www.franceabris.com\/BLOG\/wp-content\/uploads\/2022\/03\/garage-bois-monte.jpg\" alt=\"abri garage montage inclus\" width=\"396\" height=\"290\" srcset=\"https:\/\/www.franceabris.com\/BLOG\/wp-content\/uploads\/2022\/03\/garage-bois-monte.jpg 396w, https:\/\/www.franceabris.com\/BLOG\/wp-content\/uploads\/2022\/03\/garage-bois-monte-328x240.jpg 328w, https:\/\/www.franceabris.com\/BLOG\/wp-content\/uploads\/2022\/03\/garage-bois-monte-134x98.jpg 134w\" sizes=\"(max-width: 396px) 100vw, 396px\" \/><\/a><figcaption id=\"caption-attachment-13138\" class=\"wp-caption-text\">L&rsquo;abri garage montage inclus en question. Une structure qui pr\u00e9sente de nombreux avantages&#8230; Parmi eux, cette petite porte pi\u00e9tonne au fond ! Sans parler de ces \u00e9pais madriers de 42 mm&#8230; Grand confort !<\/figcaption><\/figure>\n<h4 style=\"text-align: justify;\">Des utilisations vari\u00e9es, du garage \u00e0 l&rsquo;atelier de bricolage<\/h4>\n<p style=\"text-align: justify;\">Mais ce n&rsquo;est pas le seul int\u00e9r\u00eat de cet abri pour la voiture. En effet, avec 20 m\u00b2 de surface utile et des madriers de 42 mm,<strong> il autorise un grand panel d&rsquo;usages<\/strong>. On peut envisager d&rsquo;y garer sa voiture, tout en y am\u00e9nageant de vastes \u00e9tag\u00e8res. Voire des rangements suspendus pour les v\u00e9los ! Un \u00e9tabli s&rsquo;y glisse \u00e9galement ais\u00e9ment&#8230; Et voil\u00e0 comment un garage pour la voiture en semaine devient un atelier de bricolage le week-end, lorsque la m\u00e9t\u00e9o le permet !<\/p>\n<p style=\"text-align: justify;\">Bon, et puis il faut bien l&rsquo;avouer&#8230; Ce garage est une tr\u00e8s belle construction ! Alors, quand on peut marier l&rsquo;esth\u00e9tique au pratique, on est gagnant sur tous les plans !<\/p>\n","protected":false},"excerpt":{"rendered":"<p>Un garage bois mont\u00e9&#8230; Au royaume de l&rsquo;abri en kit, voil\u00e0 la structure reine qui \u00e9vite de s&#8217;embarasser avec une installation mettant parfois en lumi\u00e8re les limites de nos comp\u00e9tences en bricolage ! L&rsquo;affirmation est, certes, un tantinet exag\u00e9r\u00e9e : monter un abri garage est \u00e0 la port\u00e9e de beaucoup de monde. Pour autant, cela &hellip; <a href=\"https:\/\/www.franceabris.com\/BLOG\/realisation-un-garage-bois-monte-en-madriers\/\" class=\"more-link\">Continuer la lecture de <span class=\"screen-reader-text\">R\u00e9alisation : un garage bois mont\u00e9 en madriers !<\/span><\/a><\/p>\n","protected":false},"author":2,"featured_media":13137,"comment_status":"closed","ping_status":"closed","sticky":false,"template":"","format":"standard","meta":[],"categories":[3,61],"tags":[],"_links":{"self":[{"href":"https:\/\/www.franceabris.com\/BLOG\/wp-json\/wp\/v2\/posts\/13136"}],"collection":[{"href":"https:\/\/www.franceabris.com\/BLOG\/wp-json\/wp\/v2\/posts"}],"about":[{"href":"https:\/\/www.franceabris.com\/BLOG\/wp-json\/wp\/v2\/types\/post"}],"author":[{"embeddable":true,"href":"https:\/\/www.franceabris.com\/BLOG\/wp-json\/wp\/v2\/users\/2"}],"replies":[{"embeddable":true,"href":"https:\/\/www.franceabris.com\/BLOG\/wp-json\/wp\/v2\/comments?post=13136"}],"version-history":[{"count":0,"href":"https:\/\/www.franceabris.com\/BLOG\/wp-json\/wp\/v2\/posts\/13136\/revisions"}],"wp:featuredmedia":[{"embeddable":true,"href":"https:\/\/www.franceabris.com\/BLOG\/wp-json\/wp\/v2\/media\/13137"}],"wp:attachment":[{"href":"https:\/\/www.franceabris.com\/BLOG\/wp-json\/wp\/v2\/media?parent=13136"}],"wp:term":[{"taxonomy":"category","embeddable":true,"href":"https:\/\/www.franceabris.com\/BLOG\/wp-json\/wp\/v2\/categories?post=13136"},{"taxonomy":"post_tag","embeddable":true,"href":"https:\/\/www.franceabris.com\/BLOG\/wp-json\/wp\/v2\/tags?post=13136"}],"curies":[{"name":"wp","href":"https:\/\/api.w.org\/{rel}","templated":true}]}}