{"id":13232,"date":"2022-05-06T06:06:51","date_gmt":"2022-05-06T05:06:51","guid":{"rendered":"https:\/\/www.franceabris.com\/BLOG\/?p=13232"},"modified":"2024-05-07T14:39:34","modified_gmt":"2024-05-07T13:39:34","slug":"une-pergola-bioclimatique-sous-les-tropiques","status":"publish","type":"post","link":"https:\/\/www.franceabris.com\/BLOG\/une-pergola-bioclimatique-sous-les-tropiques\/","title":{"rendered":"Une pergola bioclimatique sous les Tropiques !"},"content":{"rendered":"<p style=\"text-align: justify;\">Certaines installations m\u00e9ritent vraiment le d\u00e9tour&#8230; <strong>C&rsquo;est le cas de cette pergola bioclimatique sous les Tropiques<\/strong>, mont\u00e9e chez un particulier en Guadeloupe. Le cadre est superbe : la maison, la vue, la piscine&#8230; Et la pergola s&rsquo;int\u00e8gre parfaitement dans cette belle harmonie. Du soleil \u00e0 l&rsquo;eau limpide, tout donne envie de profiter d&rsquo;un moment de d\u00e9lassement au bord du bassin.<\/p>\n<p style=\"text-align: justify;\">Et c&rsquo;est, bien entendu, l&rsquo;int\u00e9r\u00eat de la pergola. Cette derni\u00e8re permet d&rsquo;am\u00e9nager <strong>une petite pi\u00e8ce ouverte en ext\u00e9rieur<\/strong> pour encore plus profiter du cadre, de l&rsquo;environnement. Une petite pi\u00e8ce&#8230; ou presque. Car il y a la couverture, qui offre une ombre appr\u00e9ci\u00e9e lorsque le soleil tape. Mais il y a aussi les stores lat\u00e9raux qui, eux, coupent le vent et les rayons UV un peu rasants. Et les regards indiscrets, \u00e9videmment !<\/p>\n<p style=\"text-align: justify;\">Partons \u00e0 la d\u00e9couverte de ce superbe abri&#8230;<\/p>\n<h2 style=\"text-align: justify;\">La pergola bioclimatique fait partie des abris d&rsquo;ext\u00e9rieur les plus appr\u00e9ci\u00e9s. Il faut dire qu&rsquo;elle permet de profiter pleinement des beaux jours&#8230; Focus sur une installation chez un client, en Guadeloupe, dans un cadre privil\u00e9gi\u00e9.<\/h2>\n<p style=\"text-align: justify; padding-left: 160px;\">La <span style=\"color: #ff9900;\"><a style=\"color: #ff9900;\" href=\"https:\/\/www.franceabris.com\/398-pergola-bioclimatique\" target=\"_blank\" rel=\"noopener\">pergola bioclimatique<\/a><\/span> s\u00e9lectionn\u00e9e par notre client est un mod\u00e8le disponible sous la r\u00e9f\u00e9rence ID4667 sur notre site. Une structure en aluminium avec des lames m\u00e9talliques orientables manuellement. Parfaite pour la terrasse, le bord de la piscine ou une implantation au milieu du jardin !<\/p>\n<h3 style=\"text-align: justify;\">Le contexte : cr\u00e9er une zone d&rsquo;ombre pr\u00e8s de la piscine<\/h3>\n<p style=\"text-align: justify;\">Qu&rsquo;il y ait une piscine ou non, <strong>l&rsquo;installation d&rsquo;une pergola bioclimatique r\u00e9pond souvent au m\u00eame besoin<\/strong> : cr\u00e9er une zone ombrag\u00e9e pr\u00e8s d&rsquo;un point d&rsquo;int\u00e9r\u00eat de la maison. Chez notre client, c&rsquo;est la piscine. Pour d&rsquo;autres, ce peut \u00eatre la terrasse ou la cuisine, voire un jardin paysag\u00e9. Dans tous les cas, la pergola am\u00e9liore grandement le confort d&rsquo;utilisation quotidien. En l&rsquo;occurrence, notre client manquait d&rsquo;ombre au bord du bassin, en-dehors de sa zone de stationnement et du vaste balcon \u00e0 l&rsquo;\u00e9tage. Avouons que, sous les Tropiques, cela peut poser probl\u00e8me&#8230; D&rsquo;autant que l&rsquo;on n&rsquo;est pas non plus \u00e0 l&rsquo;abri d&rsquo;une averse passag\u00e8re qui viendrait perturber un repas ou un ap\u00e9ro entre amis ! Avec la pergola bioclimatique, ce souci est un souci r\u00e9gl\u00e9.<\/p>\n<p style=\"text-align: justify;\">Notre client choisit : il veut de l&rsquo;ombre pour \u00e9viter de cuire au soleil, il d\u00e9ploie les lames de sa pergola. Il pr\u00e9f\u00e8re, au contraire, profiter des rayons UV : il les ouvre !<\/p>\n<figure id=\"attachment_13239\" aria-describedby=\"caption-attachment-13239\" style=\"width: 584px\" class=\"wp-caption aligncenter\"><a href=\"https:\/\/www.franceabris.com\/398-pergola-bioclimatique\"><img decoding=\"async\" loading=\"lazy\" class=\"wp-image-13239 size-large\" style=\"border: 1px solid #000000;\" src=\"https:\/\/www.franceabris.com\/BLOG\/wp-content\/uploads\/2022\/05\/image1-1-584x437.jpeg\" alt=\"pergola bioclimatique en aluminium\" width=\"584\" height=\"437\" srcset=\"https:\/\/www.franceabris.com\/BLOG\/wp-content\/uploads\/2022\/05\/image1-1-584x437.jpeg 584w, https:\/\/www.franceabris.com\/BLOG\/wp-content\/uploads\/2022\/05\/image1-1-321x240.jpeg 321w, https:\/\/www.franceabris.com\/BLOG\/wp-content\/uploads\/2022\/05\/image1-1-131x98.jpeg 131w, https:\/\/www.franceabris.com\/BLOG\/wp-content\/uploads\/2022\/05\/image1-1-768x575.jpeg 768w, https:\/\/www.franceabris.com\/BLOG\/wp-content\/uploads\/2022\/05\/image1-1.jpeg 1280w\" sizes=\"(max-width: 584px) 100vw, 584px\" \/><\/a><figcaption id=\"caption-attachment-13239\" class=\"wp-caption-text\">R\u00e9f\u00e9rence ID4667 sur FRANCE ABRIS. Notre client a opt\u00e9 pour cette superbe pergola bioclimatique aux lames en alu orientables manuellement. Une r\u00e9alisation plus que r\u00e9ussie !<\/figcaption><\/figure>\n<h3 style=\"text-align: justify;\">Le kit : une pergola bioclimatique manuelle<\/h3>\n<p style=\"text-align: justify;\">Le kit de notre client (r\u00e9f\u00e9rence ID4667) est donc <strong>une splendide pergola bioclimatique en aluminium thermolaqu\u00e9 blanc<\/strong>. Ses dimensions ? Trois m\u00e8tres sur quatre, avec une hauteur \u00e0 2,5 m &#8211; ou 2,36 m de hauteur de passage&#8230; soit 12 m\u00b2 de surface abrit\u00e9e. Impossible de s&rsquo;y sentir \u00e0 l&rsquo;\u00e9troit ! La couverture, le point qui nous int\u00e9resse tout particuli\u00e8rement, est un ensemble de 25 lames en alu orientables manuellement gr\u00e2ce \u00e0 une manivelle. Lorsque la couverture est enti\u00e8rement close, l&rsquo;abri se montre pleinement \u00e9tanche avec une \u00e9vacuation des eaux optimis\u00e9e gr\u00e2ce aux goutti\u00e8res int\u00e9gr\u00e9es dans la structure. Un syst\u00e8me qui offre une grande polyvalence \u00e0 la pergola : non seulement, elle permet de contrer les effets d&rsquo;un soleil trop agressif. Mais, en plus, elle prot\u00e8ge des al\u00e9as m\u00e9t\u00e9orologiques &#8211; une averse passag\u00e8re, quelques gouttes \u00e9gar\u00e9es&#8230;<\/p>\n<figure id=\"attachment_13238\" aria-describedby=\"caption-attachment-13238\" style=\"width: 584px\" class=\"wp-caption aligncenter\"><a href=\"https:\/\/www.franceabris.com\/398-pergola-bioclimatique\"><img decoding=\"async\" loading=\"lazy\" class=\"wp-image-13238 size-large\" style=\"border: 1px solid #000000;\" src=\"https:\/\/www.franceabris.com\/BLOG\/wp-content\/uploads\/2022\/05\/image2-584x437.jpeg\" alt=\"pergola bioclimatique m\u00e9tallique\" width=\"584\" height=\"437\" srcset=\"https:\/\/www.franceabris.com\/BLOG\/wp-content\/uploads\/2022\/05\/image2-584x437.jpeg 584w, https:\/\/www.franceabris.com\/BLOG\/wp-content\/uploads\/2022\/05\/image2-321x240.jpeg 321w, https:\/\/www.franceabris.com\/BLOG\/wp-content\/uploads\/2022\/05\/image2-131x98.jpeg 131w, https:\/\/www.franceabris.com\/BLOG\/wp-content\/uploads\/2022\/05\/image2-768x575.jpeg 768w, https:\/\/www.franceabris.com\/BLOG\/wp-content\/uploads\/2022\/05\/image2.jpeg 1280w\" sizes=\"(max-width: 584px) 100vw, 584px\" \/><\/a><figcaption id=\"caption-attachment-13238\" class=\"wp-caption-text\">Notre client a am\u00e9nag\u00e9 un salon de jardin complet sous sa pergola bioclimatique. Avec ce coloris blanc, il lui a \u00e9t\u00e9 assez facile de trouver un mobilier assorti pour cr\u00e9er une belle harmonie !<\/figcaption><\/figure>\n<h3 style=\"text-align: justify;\">Les atouts : bioclimatique&#8230; et esth\u00e9tique !<\/h3>\n<p style=\"text-align: justify;\">Le premier atout d&rsquo;un tel kit, <strong>c&rsquo;est \u00e9videmment ce fameux syst\u00e8me bioclimatique<\/strong>. Un syst\u00e8me \u00e0 l&rsquo;origine du succ\u00e8s que rencontrent ces abris ces derni\u00e8res ann\u00e9es ! Adaptable, ajustable, il permet de personnaliser la pergola en fonction de l&rsquo;envie du moment. C&rsquo;est un vrai plus, d&rsquo;autant que les solutions alternatives n&rsquo;offrent pas autant de polyvalence. Cette qualit\u00e9 fonctionnelle est, en outre, doubl\u00e9e d&rsquo;une r\u00e9sistance qu&rsquo;on ne peut qu&rsquo;appr\u00e9cier : la structure m\u00e9tallique est en aluminium, anti-rouille et \u00e0 longue dur\u00e9e de vie. Il faut, bien s\u00fbr, \u00e9viter les chocs. Mais l&rsquo;investissement initial se trouve forc\u00e9ment amorti dans le temps avec un tel kit !<\/p>\n<p style=\"text-align: justify;\">Mais les aspects pratiques sont une chose&#8230; l&rsquo;esth\u00e9tique en est une autre. En l&rsquo;occurrence, on ne peut que saluer le design \u00e9pur\u00e9 tr\u00e8s beau, tr\u00e8s propre de cette pergola. Certes, l&rsquo;installation de notre client la magnifie, mais elle a, d&rsquo;elle m\u00eame, bien des qualit\u00e9s esth\u00e9tiques.<\/p>\n<figure id=\"attachment_13235\" aria-describedby=\"caption-attachment-13235\" style=\"width: 583px\" class=\"wp-caption aligncenter\"><a href=\"https:\/\/www.franceabris.com\/398-pergola-bioclimatique\"><img decoding=\"async\" loading=\"lazy\" class=\"wp-image-13235 size-large\" style=\"border: 1px solid #000000;\" src=\"https:\/\/www.franceabris.com\/BLOG\/wp-content\/uploads\/2022\/05\/image5-583x437.jpeg\" alt=\"tonnelle pergola m\u00e9tallique\" width=\"583\" height=\"437\" srcset=\"https:\/\/www.franceabris.com\/BLOG\/wp-content\/uploads\/2022\/05\/image5-583x437.jpeg 583w, https:\/\/www.franceabris.com\/BLOG\/wp-content\/uploads\/2022\/05\/image5-320x240.jpeg 320w, https:\/\/www.franceabris.com\/BLOG\/wp-content\/uploads\/2022\/05\/image5-131x98.jpeg 131w, https:\/\/www.franceabris.com\/BLOG\/wp-content\/uploads\/2022\/05\/image5-768x576.jpeg 768w, https:\/\/www.franceabris.com\/BLOG\/wp-content\/uploads\/2022\/05\/image5.jpeg 1280w\" sizes=\"(max-width: 583px) 100vw, 583px\" \/><\/a><figcaption id=\"caption-attachment-13235\" class=\"wp-caption-text\">Parmi les atouts de cette pergola, ces stores lat\u00e9raux qui permettent d&rsquo;ajuster la protection. Protection contre le soleil, bien s\u00fbr, mais aussi les brises l\u00e9g\u00e8res et les regards indiscrets en cas de vis-\u00e0-vis !<\/figcaption><\/figure>\n<h4 style=\"text-align: justify;\">Pourquoi ne pas ajouter des stores lat\u00e9raux ou des lames brise-vue ?<\/h4>\n<p style=\"text-align: justify;\">Enfin, et ce n&rsquo;est pas anodin, il est possible de greffer des options \u00e0 cette structure. Notre client a ainsi opt\u00e9 <strong>pour un ensemble de stores lat\u00e9raux<\/strong> qui permettent de fermer l&rsquo;abri. Cela offre une protection de plus : contre le soleil, lorsque ses rayons sont plus rasants qu&rsquo;au mitan ; contre le vis-\u00e0-vis lorsqu&rsquo;on est confront\u00e9 \u00e0 cette probl\u00e9matique&#8230; Si l&rsquo;on n&rsquo;aime pas les stores ou si l&rsquo;on craint leur l\u00e9g\u00e8ret\u00e9, l&rsquo;on peut choisir des brise-vues en alu blanc qui offrent un look tr\u00e8s sympathique \u00e0 la tonnelle !<\/p>\n","protected":false},"excerpt":{"rendered":"<p>Certaines installations m\u00e9ritent vraiment le d\u00e9tour&#8230; C&rsquo;est le cas de cette pergola bioclimatique sous les Tropiques, mont\u00e9e chez un particulier en Guadeloupe. Le cadre est superbe : la maison, la vue, la piscine&#8230; Et la pergola s&rsquo;int\u00e8gre parfaitement dans cette belle harmonie. Du soleil \u00e0 l&rsquo;eau limpide, tout donne envie de profiter d&rsquo;un moment de &hellip; <a href=\"https:\/\/www.franceabris.com\/BLOG\/une-pergola-bioclimatique-sous-les-tropiques\/\" class=\"more-link\">Continuer la lecture de <span class=\"screen-reader-text\">Une pergola bioclimatique sous les Tropiques !<\/span><\/a><\/p>\n","protected":false},"author":5,"featured_media":13234,"comment_status":"closed","ping_status":"closed","sticky":false,"template":"","format":"standard","meta":[],"categories":[3],"tags":[],"_links":{"self":[{"href":"https:\/\/www.franceabris.com\/BLOG\/wp-json\/wp\/v2\/posts\/13232"}],"collection":[{"href":"https:\/\/www.franceabris.com\/BLOG\/wp-json\/wp\/v2\/posts"}],"about":[{"href":"https:\/\/www.franceabris.com\/BLOG\/wp-json\/wp\/v2\/types\/post"}],"author":[{"embeddable":true,"href":"https:\/\/www.franceabris.com\/BLOG\/wp-json\/wp\/v2\/users\/5"}],"replies":[{"embeddable":true,"href":"https:\/\/www.franceabris.com\/BLOG\/wp-json\/wp\/v2\/comments?post=13232"}],"version-history":[{"count":0,"href":"https:\/\/www.franceabris.com\/BLOG\/wp-json\/wp\/v2\/posts\/13232\/revisions"}],"wp:featuredmedia":[{"embeddable":true,"href":"https:\/\/www.franceabris.com\/BLOG\/wp-json\/wp\/v2\/media\/13234"}],"wp:attachment":[{"href":"https:\/\/www.franceabris.com\/BLOG\/wp-json\/wp\/v2\/media?parent=13232"}],"wp:term":[{"taxonomy":"category","embeddable":true,"href":"https:\/\/www.franceabris.com\/BLOG\/wp-json\/wp\/v2\/categories?post=13232"},{"taxonomy":"post_tag","embeddable":true,"href":"https:\/\/www.franceabris.com\/BLOG\/wp-json\/wp\/v2\/tags?post=13232"}],"curies":[{"name":"wp","href":"https:\/\/api.w.org\/{rel}","templated":true}]}}