{"id":13518,"date":"2022-09-20T09:24:00","date_gmt":"2022-09-20T08:24:00","guid":{"rendered":"https:\/\/www.franceabris.com\/BLOG\/?p=13518"},"modified":"2022-09-20T09:24:00","modified_gmt":"2022-09-20T08:24:00","slug":"du-changement-sous-votre-bucher-bois-la-reglementation-evolue","status":"publish","type":"post","link":"https:\/\/www.franceabris.com\/BLOG\/du-changement-sous-votre-bucher-bois-la-reglementation-evolue\/","title":{"rendered":"Du changement sous votre b\u00fbcher bois : la r\u00e9glementation \u00e9volue"},"content":{"rendered":"<p style=\"text-align: justify;\">C&rsquo;est LE moment o\u00f9 jamais : \u00e0 la fin de l&rsquo;\u00e9t\u00e9 et \u00e0 l&rsquo;approche de l&rsquo;automne, il est plus que temps de refaire <strong>son stock de bois de chauffage<\/strong>. Nombreux sont donc les particuliers \u00e0 contacter leur fournisseur pr\u00e9f\u00e9r\u00e9, \u00e0 n\u00e9gocier le prix du st\u00e8re et \u00e0 renflouer le tas de leur b\u00fbcher bois. D&rsquo;autant que la hausse des prix du gaz et de l&rsquo;\u00e9lectricit\u00e9 est une r\u00e9alit\u00e9 \u00e0 venir face \u00e0 laquelle nous sommes mis en garde depuis plusieurs semaine&#8230;<\/p>\n<p style=\"text-align: justify;\">Mais savez-vous que la r\u00e9glementation autour de <strong>la vente de bois de chauffage<\/strong> a \u00e9volu\u00e9 au 1er septembre ? Les professionnels doivent d\u00e9sormais vous donner un certain nombre d&rsquo;informations. L&rsquo;objectif de la mesure : limiter autant que possible et sur le long terme la pollution que peut induire le fait de br\u00fbler son bois dans une vieille chemin\u00e9e \u00e0 foyer ouvert. Pour vous, c&rsquo;est aussi un moyen de v\u00e9rifier le s\u00e9rieux de votre fournisseur, \u00e0 l&rsquo;heure o\u00f9 les arnaques au bois sont en recrudescence.<\/p>\n<p>Explications.<\/p>\n<h2 style=\"text-align: justify;\">La r\u00e9glementation autour de la vente de bois de chauffage a \u00e9volu\u00e9 au 1er septembre. Coup d&rsquo;\u0153il \u00e0 ce qui a chang\u00e9 et \u00e0 ce qu&rsquo;il faut savoir avant de refaire le stock de son b\u00fbcher bois.<\/h2>\n<p style=\"padding-left: 160px; text-align: justify;\">Si vous cherchez une solution de stockage pour vos st\u00e8res de bois, d\u00e9couvrez notre gamme <span style=\"color: #ff9900;\"><a style=\"color: #ff9900;\" href=\"https:\/\/www.franceabris.com\/203-abri-bois-de-chauffage-et-bucher\" target=\"_blank\" rel=\"noopener\">b\u00fbcher bois en kit<\/a><\/span>. De nombreux mod\u00e8les d&rsquo;abris bois de chauffage sont disponibles. Ils assurent une protection efficace de votre bois en toute saison. Et vous permettent de profiter au plus vite d&rsquo;un bois suffisamment sec.<\/p>\n<h3 style=\"text-align: justify;\">Pourquoi un changement de la r\u00e9glementation autour de la vente de bois de chauffage ?<\/h3>\n<p style=\"text-align: justify;\">Il y a du changement autour de<span style=\"color: #ff9900;\"><a style=\"color: #ff9900;\" href=\"https:\/\/www.legifrance.gouv.fr\/jorf\/id\/JORFTEXT000045441771\" target=\"_blank\" rel=\"noopener\"> la vente de bois de chauffage<\/a><\/span> et sous votre b\u00fbcher bois ! En effet, depuis le 1er septembre 2022, <strong>une nouvelle r\u00e9glementation est entr\u00e9e en vigueur<\/strong>. Son nom ? Attention, pr\u00e9parez-vous au barbare galimatias de la l\u00e9gislation : il s&rsquo;agit du <em>\u00ab\u00a0d\u00e9cret n\u00b02022-446 du 30 mars 2022 relatif aux informations g\u00e9n\u00e9rales donn\u00e9es par les distributeurs de combustibles solides destin\u00e9s au chauffage aupr\u00e8s des utilisateurs non professionnels, concernant les conditions appropri\u00e9es de stockage et d&rsquo;utilisation afin de limiter l&rsquo;impact de leur combustion sur la qualit\u00e9 de l&rsquo;air\u00a0\u00bb<\/em>.<\/p>\n<p style=\"text-align: justify;\">Derri\u00e8re cette d\u00e9nomination absconse se cache un objectif plut\u00f4t clair. L&rsquo;\u00c9tat souhaite faire en sorte que les distributeurs de bois de chauffage contribuent, \u00e0 leur mani\u00e8re,<strong> \u00e0 la sensibilisation autour de la pollution<\/strong> que peuvent impliquer les solutions de chauffage au bois. Une sensibilisation d&rsquo;autant plus importante dans le contexte \u00e9cologique actuel et face \u00e0 la flamb\u00e9e des prix de l&rsquo;\u00e9nergie&#8230;<\/p>\n<figure id=\"attachment_13481\" aria-describedby=\"caption-attachment-13481\" style=\"width: 397px\" class=\"wp-caption aligncenter\"><img decoding=\"async\" loading=\"lazy\" class=\"wp-image-13481 size-full\" style=\"border: 1px solid #000000;\" src=\"https:\/\/www.franceabris.com\/BLOG\/wp-content\/uploads\/2022\/08\/bucher-bois.png\" alt=\"b\u00fbcher bois pour les st\u00e8res\" width=\"397\" height=\"291\" srcset=\"https:\/\/www.franceabris.com\/BLOG\/wp-content\/uploads\/2022\/08\/bucher-bois.png 397w, https:\/\/www.franceabris.com\/BLOG\/wp-content\/uploads\/2022\/08\/bucher-bois-327x240.png 327w, https:\/\/www.franceabris.com\/BLOG\/wp-content\/uploads\/2022\/08\/bucher-bois-134x98.png 134w\" sizes=\"(max-width: 397px) 100vw, 397px\" \/><figcaption id=\"caption-attachment-13481\" class=\"wp-caption-text\">Le bois humide, non fendu, garni d&rsquo;\u00e9corce est un bois plus polluant que celui de b\u00fbches bien s\u00e8ches, \u00e0 nu et pr\u00e9alablement fendues. Le type de foyer est \u00e9galement important. Un po\u00eale r\u00e9cent pr\u00e9sentera un bien meilleur rendement qu&rsquo;une vieille chemin\u00e9e \u00e0 foyer ouvert.<\/figcaption><\/figure>\n<h4 style=\"text-align: center;\"><em>Une sensibilisation n\u00e9cessaire pour des questions de sant\u00e9 publique<\/em><\/h4>\n<p style=\"text-align: justify;\">Car ce serait aujourd&rsquo;hui pas moins de <strong>sept millions de Fran\u00e7ais qui se chaufferaient ainsi<\/strong>&#8230; De quoi comprendre pourquoi la vall\u00e9e de l&rsquo;Avre, en Haute-Savoie, serait la plus pollu\u00e9e de l&rsquo;Hexagone avec 70% des \u00e9missions de particules fines en hiver qui seraient attribu\u00e9es au bois de chauffage&#8230; <span style=\"color: #ff9900;\"><a style=\"color: #ff9900;\" href=\"https:\/\/www.quechoisir.org\/decryptage-chauffage-au-bois-gare-a-la-pollution-n70855\/\" target=\"_blank\" rel=\"noopener\">Une \u00e9tude de Sant\u00e9 Publique France de 2017<\/a><\/span> estimait que <em>\u00ab\u00a08 % de la mortalit\u00e9 annuelle dans la vall\u00e9e\u00a0\u00bb<\/em> leur \u00e9tait imputable. <em>\u00ab\u00a0Il n\u2019existe pas de seuil protecteur en-de\u00e7\u00e0 duquel aucun impact sanitaire ne serait observ\u00e9.<\/em> [&#8230;] L\u2019exposition quotidienne sur plusieurs ann\u00e9es favorise le d\u00e9veloppement de maladies chroniques : maladies cardio-vasculaires, respiratoires, neurologiques, cancers.\u00a0\u00bb<\/p>\n<p style=\"text-align: justify;\">Mais, en r\u00e9alit\u00e9, c&rsquo;est parfois moins le bois de chauffage qui para\u00eet responsable de cette situation que les modalit\u00e9s de chauffe elles-m\u00eames ou les solutions de stockage (b\u00fbcher bois ou autre). D&rsquo;o\u00f9 l&rsquo;importance de la sensibilisation et le changement de la r\u00e9glementation&#8230;<\/p>\n<h3 style=\"text-align: justify;\">Ce qui va changer sous votre abri b\u00fbcher bois<\/h3>\n<p style=\"text-align: justify;\">La r\u00e9glementation vient appuyer le <em>\u00ab\u00a0plan chauffage au bois\u00a0\u00bb<\/em> du gouvernement qui esp\u00e8re r\u00e9duire de moiti\u00e9 la pollution li\u00e9e au bois de chauffage dans les huit prochaines ann\u00e9es. Elle implique d\u00e9sormais que les fournisseurs doivent pr\u00e9ciser tr\u00e8s clairement sur leur facture <strong>les essences vendues, la longueur des b\u00fbches et leur taux d&rsquo;humidit\u00e9<\/strong>. En fonction de ce dernier, le bois sera qualifi\u00e9 de <em>\u00ab\u00a0pr\u00eat \u00e0 l&#8217;emploi\u00a0\u00bb<\/em> ou recevra la mention <em>\u00ab\u00a0\u00e0 s\u00e9cher avant l&#8217;emploi\u00a0\u00bb<\/em>. S&rsquo;il doit \u00eatre s\u00e9ch\u00e9, le distributeur aura \u00e0 pr\u00e9ciser le temps de s\u00e9chage \u00e0 respecter pour avoir un bois sec. Notez que toutes ces informations devront appara\u00eetre sur le site du fournisseur si ce dernier fait de la vente en ligne. Enfin, dans un an, en septembre 2023, la vente d&rsquo;un ou deux st\u00e8res de bois ne pourra concerner qu&rsquo;un bois dit <em>\u00ab\u00a0pr\u00eat \u00e0 l&#8217;emploi\u00a0\u00bb<\/em>.<\/p>\n<h4 style=\"text-align: center;\"><em>Bien se chauffer au bois : ce que l&rsquo;on vous recommande<\/em><\/h4>\n<p style=\"text-align: justify;\">Cela peut vous para\u00eet anodin. Pour autant, la chauffe avec un bois humide ou insuffisamment s\u00e9ch\u00e9 est responsable d&rsquo;une pollution importante. L&rsquo;on vous recommande ainsi :<\/p>\n<ul>\n<li style=\"text-align: justify;\">D&rsquo;utiliser un bois bien <strong>sec<\/strong> et non humide, et brut (pas de bois trait\u00e9), ce qui implique un espace de stockage performant, \u00e0 l&rsquo;image d&rsquo;un b\u00fbcher bois.<\/li>\n<li style=\"text-align: justify;\">De br\u00fbler des b\u00fbches avec <strong>le moins d&rsquo;\u00e9corce<\/strong> possible &#8211; b\u00fbches pr\u00e9alablement fendues si possible.<\/li>\n<li style=\"text-align: justify;\">Mais aussi de rentrer votre bois <strong>48h avant<\/strong> la chauffe, afin que ses couches sup\u00e9rieures aient le temps de s\u00e9cher.<\/li>\n<li style=\"text-align: justify;\">Entretenez r\u00e9guli\u00e8rement votre foyer avec le nettoyage des cendres toutes les semaines, mais aussi un <strong>ramonage<\/strong> annuel.<\/li>\n<li style=\"text-align: justify;\">Si vous le pouvez, <strong>r\u00e9novez votre foyer<\/strong>&#8230; Les chemin\u00e9es ouvertes s&rsquo;av\u00e8rent effectivement tr\u00e8s polluantes avec un faible rendement (environ 15% seulement du bois br\u00fbl\u00e9 vous chauffe). Les vieux po\u00eales, d&rsquo;avant 2002, ne sont pas toujours tr\u00e8s efficaces non plus. Tout l&rsquo;inverse des po\u00eales \u00e0 b\u00fbches en acier ou en fonte ou des po\u00eales \u00e0 granul\u00e9s qui, eux, pr\u00e9sentent des rendements sup\u00e9rieurs \u00e0 70%.<\/li>\n<\/ul>\n<figure id=\"attachment_13491\" aria-describedby=\"caption-attachment-13491\" style=\"width: 397px\" class=\"wp-caption aligncenter\"><a href=\"https:\/\/www.franceabris.com\/203-abri-bois-de-chauffage-et-bucher\"><img decoding=\"async\" loading=\"lazy\" class=\"wp-image-13491 size-full\" style=\"border: 1px solid #000000;\" src=\"https:\/\/www.franceabris.com\/BLOG\/wp-content\/uploads\/2022\/09\/5689-abri-bucher.png\" alt=\"b\u00fbcher bois pour plusieurs st\u00e8res\" width=\"397\" height=\"291\" srcset=\"https:\/\/www.franceabris.com\/BLOG\/wp-content\/uploads\/2022\/09\/5689-abri-bucher.png 397w, https:\/\/www.franceabris.com\/BLOG\/wp-content\/uploads\/2022\/09\/5689-abri-bucher-327x240.png 327w, https:\/\/www.franceabris.com\/BLOG\/wp-content\/uploads\/2022\/09\/5689-abri-bucher-134x98.png 134w\" sizes=\"(max-width: 397px) 100vw, 397px\" \/><\/a><figcaption id=\"caption-attachment-13491\" class=\"wp-caption-text\">R\u00e9f\u00e9rence ID5689 sur FRANCE ABRIS. Un bel exemple d&rsquo;un b\u00fbcher bois performant. On peut y entreposer plusieurs st\u00e8res. Les bardages lat\u00e9raux accroissent la protection contre les intemp\u00e9ries, tout comme la toiture efficace. Positionnez-le \u00e0 proximit\u00e9 de la fa\u00e7ade d&rsquo;une habitation, afin de profiter de l&rsquo;avanc\u00e9e du toit : cela assurera une ventilation correcte au bois, tout en lui faisant b\u00e9n\u00e9ficier d&rsquo;une protection optimale.<\/figcaption><\/figure>\n<p style=\"text-align: justify;\">Comme le pr\u00e9cise l&rsquo;ADEME sur son site Agir pour la transition, <em>\u00ab\u00a0si la combustion ne se passe pas bien (pas assez d\u2019oxyg\u00e8ne, trop d\u2019oxyg\u00e8ne, bois humide\u2026), elle \u00e9met plus de polluants et renvoie moins de chaleur\u00a0\u00bb<\/em>. Un bon point \u00e0 conna\u00eetre pour optimiser son chauffage !<\/p>\n<h3 style=\"text-align: justify;\">Comment l&rsquo;abri bois de chauffage y contribue ?<\/h3>\n<p style=\"text-align: justify;\">Vous l&rsquo;avez lu plus haut, un bois non polluant est un bois aussi sec que possible. C&rsquo;est aussi la raison pour laquelle on vous engage \u00e0 vous \u00e9quiper <strong>d&rsquo;un b\u00fbcher bois efficace<\/strong>. Ce dernier est un abri sp\u00e9cifiquement con\u00e7u pour prot\u00e9ger vos st\u00e8res et leur permettre de s\u00e9cher \u00e0 leur rythme. Il assure une bonne ventilation des b\u00fbches, \u00e9vitant les moisissures et les remont\u00e9es d&rsquo;humidit\u00e9 par capillarit\u00e9. Mieux, les kits les plus performants profitent d&rsquo;une couverture qui permet \u00e9galement de limiter l&rsquo;humidit\u00e9 superficielle. Cette humidit\u00e9 qui rend si difficile le d\u00e9marrage de votre feu lorsque vous venez tout juste de rentrer votre b\u00fbche&#8230; Avec un toit performant et un petit temps de s\u00e9chage \u00e0 l&rsquo;int\u00e9rieur, celle-ci br\u00fblera correctement, efficacement&#8230; et vous chauffera comme il le faut !<\/p>\n","protected":false},"excerpt":{"rendered":"<p>C&rsquo;est LE moment o\u00f9 jamais : \u00e0 la fin de l&rsquo;\u00e9t\u00e9 et \u00e0 l&rsquo;approche de l&rsquo;automne, il est plus que temps de refaire son stock de bois de chauffage. Nombreux sont donc les particuliers \u00e0 contacter leur fournisseur pr\u00e9f\u00e9r\u00e9, \u00e0 n\u00e9gocier le prix du st\u00e8re et \u00e0 renflouer le tas de leur b\u00fbcher bois. D&rsquo;autant &hellip; <a href=\"https:\/\/www.franceabris.com\/BLOG\/du-changement-sous-votre-bucher-bois-la-reglementation-evolue\/\" class=\"more-link\">Continuer la lecture de <span class=\"screen-reader-text\">Du changement sous votre b\u00fbcher bois : la r\u00e9glementation \u00e9volue<\/span><\/a><\/p>\n","protected":false},"author":2,"featured_media":12854,"comment_status":"closed","ping_status":"closed","sticky":false,"template":"","format":"standard","meta":[],"categories":[3],"tags":[],"_links":{"self":[{"href":"https:\/\/www.franceabris.com\/BLOG\/wp-json\/wp\/v2\/posts\/13518"}],"collection":[{"href":"https:\/\/www.franceabris.com\/BLOG\/wp-json\/wp\/v2\/posts"}],"about":[{"href":"https:\/\/www.franceabris.com\/BLOG\/wp-json\/wp\/v2\/types\/post"}],"author":[{"embeddable":true,"href":"https:\/\/www.franceabris.com\/BLOG\/wp-json\/wp\/v2\/users\/2"}],"replies":[{"embeddable":true,"href":"https:\/\/www.franceabris.com\/BLOG\/wp-json\/wp\/v2\/comments?post=13518"}],"version-history":[{"count":0,"href":"https:\/\/www.franceabris.com\/BLOG\/wp-json\/wp\/v2\/posts\/13518\/revisions"}],"wp:featuredmedia":[{"embeddable":true,"href":"https:\/\/www.franceabris.com\/BLOG\/wp-json\/wp\/v2\/media\/12854"}],"wp:attachment":[{"href":"https:\/\/www.franceabris.com\/BLOG\/wp-json\/wp\/v2\/media?parent=13518"}],"wp:term":[{"taxonomy":"category","embeddable":true,"href":"https:\/\/www.franceabris.com\/BLOG\/wp-json\/wp\/v2\/categories?post=13518"},{"taxonomy":"post_tag","embeddable":true,"href":"https:\/\/www.franceabris.com\/BLOG\/wp-json\/wp\/v2\/tags?post=13518"}],"curies":[{"name":"wp","href":"https:\/\/api.w.org\/{rel}","templated":true}]}}