{"id":13556,"date":"2022-10-11T10:28:58","date_gmt":"2022-10-11T09:28:58","guid":{"rendered":"https:\/\/www.franceabris.com\/BLOG\/?p=13556"},"modified":"2022-10-11T10:28:58","modified_gmt":"2022-10-11T09:28:58","slug":"vous-avez-un-van-faites-vous-installer-un-abri-van-fourgon","status":"publish","type":"post","link":"https:\/\/www.franceabris.com\/BLOG\/vous-avez-un-van-faites-vous-installer-un-abri-van-fourgon\/","title":{"rendered":"Vous avez un van ? Faites-vous installer un abri van \/ fourgon !"},"content":{"rendered":"<p style=\"text-align: justify;\">Le van s\u00e9duit toujours autant ! En 2022, ce v\u00e9hicule de loisirs qui constitue une belle alternative au camping-car a vu ses ventes bien moins baisser que celles de son homologue dans un march\u00e9 pourtant en forte r\u00e9cession. Plus pratique, plus l\u00e9ger, moins encombrant, plus polyvalent&#8230; Et moins cher \u00e0 l&rsquo;achat comme \u00e0 l&rsquo;entretien, dans un contexte de prix des carburants anxiog\u00e8ne : il marque sa diff\u00e9rence. Mais, acheter un van, c&rsquo;est aussi r\u00e9fl\u00e9chir \u00e0 la fa\u00e7on dont on va l&rsquo;accueillir chez soi. Cette fa\u00e7on, pour FRANCE ABRIS, cela passe par&#8230; <strong>un abri van \/ fourgon montage inclus<\/strong> !<\/p>\n<p style=\"text-align: justify;\">L&rsquo;abri van avec montage inclus demeure, en effet, la solution la plus simple pour s&rsquo;\u00e9quiper d&rsquo;un toit rapidement, proprement, efficacement. le carport en question propose des dimensions adapt\u00e9es \u00e0 la plupart des mod\u00e8les. Il peut se pr\u00e9valoir d&rsquo;excellentes qualit\u00e9s techniques. Et le montage par une \u00e9quipe de professionnels permet de s&rsquo;assurer d&rsquo;une bonne installation ! Toutes nos explications.<\/p>\n<h2 style=\"text-align: justify;\">Alors que le van am\u00e9nag\u00e9 et le fourgon s\u00e9duisent de nombreuses personnes, l&rsquo;abri van adapt\u00e9, avec montage inclus, s&rsquo;impose de plus en plus en parall\u00e8le du v\u00e9hicule de loisirs.<\/h2>\n<p style=\"text-align: justify; padding-left: 160px;\">C&rsquo;est du c\u00f4t\u00e9 de notre gamme carport \/ abri voiture que vous trouverez cet <span style=\"color: #ff9900;\"><a style=\"color: #ff9900;\" href=\"https:\/\/www.franceabris.com\/313-abri-voiture-monte-un-carport-installe-chez-vous-\" target=\"_blank\" rel=\"noopener\">abri van \/ fourgon<\/a><\/span> disponible sous la r\u00e9f\u00e9rence ID1810. Le montage inclus par une \u00e9quipe de professionnel, la structure m\u00e9tallique, les dimensions efficaces&#8230; Tout contribue \u00e0 en faire un bonne solution pour ces camionnettes bien particuli\u00e8res !<\/p>\n<h3 style=\"text-align: justify;\">Le van am\u00e9nag\u00e9 et le fourgon attirent plus que le camping-car ?<\/h3>\n<p style=\"text-align: justify;\"><strong>La tendance est au van ou au fourgon.<\/strong> Les chiffres semblent le confirmer&#8230; Comme le rappelle l&rsquo;Argus, si <span style=\"color: #ff9900;\"><a style=\"color: #ff9900;\" href=\"https:\/\/www.largus.fr\/actualite-automobile\/salon-du-vehicule-de-loisirs-2022-les-nouveaux-vans-et-fourgons-amenages-30001645.html\" target=\"_blank\" rel=\"noopener\">le march\u00e9 des v\u00e9hicules de loisirs subit une forte baisse g\u00e9n\u00e9rale<\/a><\/span>, les ventes de fourgons n&rsquo;ont pas autant chut\u00e9 que celles des camping-cars. 8,7% de ventes en moins du c\u00f4t\u00e9 des vans, en 2022 ; contre pr\u00e8s de 25% de ventes de camping-cars en moins ! Les raisons sont multiples&#8230; Le van est :<\/p>\n<ul>\n<li style=\"text-align: justify;\">Moins cher \u00e0 l&rsquo;achat.<\/li>\n<li style=\"text-align: justify;\">Il peut s&rsquo;am\u00e9nager sur la base d&rsquo;un vieux v\u00e9hicule que l&rsquo;on aurait achet\u00e9.<\/li>\n<li style=\"text-align: justify;\">Il est moins encombrant, prend beaucoup moins de place.<\/li>\n<li style=\"text-align: justify;\">Et consomme g\u00e9n\u00e9ralement moins de carburant, car moins lourd que le camping-car !<\/li>\n<li style=\"text-align: justify;\"><strong>On le trouve habituellement plus polyvalent<\/strong> qu&rsquo;un camping-car puisqu&rsquo;il s&rsquo;agit d&rsquo;une camionnette am\u00e9nag\u00e9e.<\/li>\n<li style=\"text-align: justify;\">Enfin, il rencontre un public plus large, puisqu&rsquo;il s\u00e9duit aussi les jeunes adultes et \u00e9tudiants en fin de formation qui, parfois, se mettent \u00e0 plusieurs pour l&rsquo;acheter.<\/li>\n<\/ul>\n<figure id=\"attachment_13538\" aria-describedby=\"caption-attachment-13538\" style=\"width: 396px\" class=\"wp-caption aligncenter\"><a href=\"https:\/\/www.franceabris.com\/313-abri-voiture-monte-un-carport-installe-chez-vous-\"><img decoding=\"async\" loading=\"lazy\" class=\"wp-image-13538 size-full\" style=\"border: 1px solid #000000;\" src=\"https:\/\/www.franceabris.com\/BLOG\/wp-content\/uploads\/2022\/10\/id1810.jpg\" alt=\"carport fourgon\" width=\"396\" height=\"290\" srcset=\"https:\/\/www.franceabris.com\/BLOG\/wp-content\/uploads\/2022\/10\/id1810.jpg 396w, https:\/\/www.franceabris.com\/BLOG\/wp-content\/uploads\/2022\/10\/id1810-328x240.jpg 328w, https:\/\/www.franceabris.com\/BLOG\/wp-content\/uploads\/2022\/10\/id1810-134x98.jpg 134w\" sizes=\"(max-width: 396px) 100vw, 396px\" \/><\/a><figcaption id=\"caption-attachment-13538\" class=\"wp-caption-text\">R\u00e9f\u00e9rence ID1810 sur FRANCE ABRIS. Jugez un peu le gabarit de ce carport \u00e0 destination des fans et fourgons am\u00e9nag\u00e9s ! Un format tout \u00e0 fait traditionnel qui permet \u00e0 cette protection de prendre place un peu partout sans aucun probl\u00e8me. Bien moins encombrant que l&rsquo;habituel carport grande hauteur de passe !<\/figcaption><\/figure>\n<h4 style=\"text-align: center;\"><em>Le van, utile en vacances, comme au quotidien !<\/em><\/h4>\n<p style=\"text-align: justify;\">Comme le d\u00e9taille L&rsquo;Automobile Magazine, <span style=\"color: #ff9900;\"><a style=\"color: #ff9900;\" href=\"https:\/\/www.automobile-magazine.fr\/camping-cars\/article\/35621-un-camping-car-ou-un-van-on-vous-aide-a-choisir-selon-votre-usage\" target=\"_blank\" rel=\"noopener\">le van<\/a><\/span>, <em>\u00ab\u00a0compact et chic\u00a0\u00bb<\/em>, <em>\u00ab\u00a0repr\u00e9sente le meilleur \u00ab\u00a0mix\u00a0\u00bb entre outil du d\u00e9placement au quotidien et v\u00e9hicule de loisirs\u00a0\u00bb<\/em>.<\/p>\n<blockquote>\n<p style=\"text-align: justify; font-size: 16px;\">\u00ab\u00a0En semaine, il vous permettra d\u2019aller d\u00e9poser les enfants \u00e0 l\u2019\u00e9cole, de vous rendre au travail et de circuler facilement, m\u00eame en ville : affichant 4 \u00e0 6 places carte grise, il est \u00e0 peine plus imposant qu\u2019un SUV haut de gamme.\u00a0\u00bb<\/p>\n<\/blockquote>\n<p style=\"text-align: justify;\">Par son gabarit, <strong>le van se montre souvent plus facile d&rsquo;acc\u00e8s<\/strong> que le camping-car. D&rsquo;autant qu&rsquo;il prend moins de place&#8230; et peut donc se conserver \u00e0 domicile. Un camping-car, lui, r\u00e9clame de grosses infrastructures. L&rsquo;hivernage se fait dans un box lou\u00e9 \u00e0 l&rsquo;ann\u00e9e et cela repr\u00e9sente des frais suppl\u00e9mentaires. Ou \u00e0 domicile, mais il est n\u00e9cessaire d&rsquo;investir dans un carport grande hauteur utile pour lequel on n&rsquo;a pas toujours d&#8217;emplacement adapt\u00e9.<\/p>\n<p style=\"text-align: justify;\">Pour un van am\u00e9nag\u00e9, un abri van suffit. C&rsquo;est simple&#8230; et un mod\u00e8le avec montage inclus existe !<\/p>\n<h3 style=\"text-align: justify;\">Les caract\u00e9ristiques d&rsquo;un abri van montage inclus<\/h3>\n<p style=\"text-align: justify;\">Preuve qu&rsquo;un abri van occupe moins de place qu&rsquo;un carport pour camping-car traditionnel, ce mod\u00e8le disponible sous la r\u00e9f\u00e9rence ID1810 sur FRANCE ABRIS couvre 15 m\u00b2 de surface. Large de 3,01 m pour une profondeur de 4,85m, il culmine \u00e0 2,5 m. Le tout pour moins de 3000\u20ac ! Autant dire qu&rsquo;il s&rsquo;agit d&rsquo;un kit abordable, qui correspond parfaitement \u00e0 la l\u00e9g\u00e8ret\u00e9 et \u00e0 la mobilit\u00e9 d&rsquo;un van, par rapport aux autres v\u00e9hicules de loisirs. <strong>Ce carport ne r\u00e9clame pas un terrain aussi vaste<\/strong> et un environnement aussi sp\u00e9cifique que ses homologues \u00e0 grande hauteur de passage. Autoport\u00e9, il peut \u00eatre positionn\u00e9 n&rsquo;importe o\u00f9 sur le terrain, si tant est qu&rsquo;il soit fix\u00e9 dans le b\u00e9ton.<\/p>\n<figure id=\"attachment_13541\" aria-describedby=\"caption-attachment-13541\" style=\"width: 583px\" class=\"wp-caption aligncenter\"><a href=\"https:\/\/www.franceabris.com\/313-abri-voiture-monte-un-carport-installe-chez-vous-\"><img decoding=\"async\" loading=\"lazy\" class=\"wp-image-13541 size-large\" style=\"border: 1px solid #000000;\" src=\"https:\/\/www.franceabris.com\/BLOG\/wp-content\/uploads\/2022\/10\/20220928_1719581-583x437.jpg\" alt=\"abri van ou fourgon montage inclus\" width=\"583\" height=\"437\" srcset=\"https:\/\/www.franceabris.com\/BLOG\/wp-content\/uploads\/2022\/10\/20220928_1719581-583x437.jpg 583w, https:\/\/www.franceabris.com\/BLOG\/wp-content\/uploads\/2022\/10\/20220928_1719581-320x240.jpg 320w, https:\/\/www.franceabris.com\/BLOG\/wp-content\/uploads\/2022\/10\/20220928_1719581-131x98.jpg 131w, https:\/\/www.franceabris.com\/BLOG\/wp-content\/uploads\/2022\/10\/20220928_1719581-768x576.jpg 768w, https:\/\/www.franceabris.com\/BLOG\/wp-content\/uploads\/2022\/10\/20220928_1719581.jpg 1400w\" sizes=\"(max-width: 583px) 100vw, 583px\" \/><\/a><figcaption id=\"caption-attachment-13541\" class=\"wp-caption-text\">Cet abri van se trouve, en outre, propos\u00e9 avec le montage inclus. Une \u00e9quipe de professionnels vient \u00e0 domicile pour proc\u00e9der \u00e0 l&rsquo;installation du fourgon, le fixant solidement dans le b\u00e9ton pr\u00e9alablement coul\u00e9. Cela rassure, mais simplifie aussi la vie de beaucoup d&rsquo;entre nous : plus besoin de s&rsquo;organiser pour trouver un compagnon de montage le jour J, plus besoin de mobiliser du temps pour l&rsquo;installation&#8230; Ouf !<\/figcaption><\/figure>\n<h4 style=\"text-align: center;\"><em>Un carport encore plus pratique gr\u00e2ce au montage inclus<\/em><\/h4>\n<p style=\"text-align: justify;\">Mais cet abri van n&rsquo;est pas uniquement une solution \u00e0 privil\u00e9gier du fait de son gabarit ou de ses caract\u00e9ristiques&#8230; Il s&rsquo;agit surtout <strong>d&rsquo;un carport dont le montage est inclus \u00e0 domicile<\/strong>. Une \u00e9quipe de monteurs professionnels vient donc chez vous pour proc\u00e9der \u00e0 l&rsquo;installation et \u00e0 la fixation de l&rsquo;abri. Un gain de temps \u00e9vident, mais aussi de tranquillit\u00e9 : l&rsquo;on n&rsquo;a plus besoin de se pr\u00e9occuper et de s&rsquo;organiser pour \u00e9riger son carport. L\u00e0 o\u00f9 il faudrait pr\u00e9voir un ou deux jours \u00e0 deux personnes, l&rsquo;on n&rsquo;a plus qu&rsquo;une date \u00e0 fixer et un rendez-vous \u00e0 prendre avec les installateurs.<\/p>\n<p style=\"text-align: justify;\">Les seules obligations de l&rsquo;acheteur ? Consentir aux d\u00e9marches administratives n\u00e9cessaires &#8211; si elles le sont, bien s\u00fbr. Et s&rsquo;arranger pour que le b\u00e9ton soit pr\u00e9alablement coul\u00e9 et d\u00fbment s\u00e9ch\u00e9. Si l&rsquo;\u00e9quipe de montage n&rsquo;a pas de quoi fixer l&rsquo;abri dans une dalle b\u00e9ton ou des plots pr\u00e9vus, elle ne pourra pas monter le kit. C&rsquo;est tout. Voil\u00e0 comment un propri\u00e9taire de van peut s&rsquo;arranger pour offrir une protection efficace et confortable \u00e0 ce dernier : en toute simplicit\u00e9 !<\/p>\n","protected":false},"excerpt":{"rendered":"<p>Le van s\u00e9duit toujours autant ! En 2022, ce v\u00e9hicule de loisirs qui constitue une belle alternative au camping-car a vu ses ventes bien moins baisser que celles de son homologue dans un march\u00e9 pourtant en forte r\u00e9cession. Plus pratique, plus l\u00e9ger, moins encombrant, plus polyvalent&#8230; Et moins cher \u00e0 l&rsquo;achat comme \u00e0 l&rsquo;entretien, dans &hellip; <a href=\"https:\/\/www.franceabris.com\/BLOG\/vous-avez-un-van-faites-vous-installer-un-abri-van-fourgon\/\" class=\"more-link\">Continuer la lecture de <span class=\"screen-reader-text\">Vous avez un van ? Faites-vous installer un abri van \/ fourgon !<\/span><\/a><\/p>\n","protected":false},"author":2,"featured_media":13540,"comment_status":"closed","ping_status":"closed","sticky":false,"template":"","format":"standard","meta":[],"categories":[3],"tags":[],"_links":{"self":[{"href":"https:\/\/www.franceabris.com\/BLOG\/wp-json\/wp\/v2\/posts\/13556"}],"collection":[{"href":"https:\/\/www.franceabris.com\/BLOG\/wp-json\/wp\/v2\/posts"}],"about":[{"href":"https:\/\/www.franceabris.com\/BLOG\/wp-json\/wp\/v2\/types\/post"}],"author":[{"embeddable":true,"href":"https:\/\/www.franceabris.com\/BLOG\/wp-json\/wp\/v2\/users\/2"}],"replies":[{"embeddable":true,"href":"https:\/\/www.franceabris.com\/BLOG\/wp-json\/wp\/v2\/comments?post=13556"}],"version-history":[{"count":0,"href":"https:\/\/www.franceabris.com\/BLOG\/wp-json\/wp\/v2\/posts\/13556\/revisions"}],"wp:featuredmedia":[{"embeddable":true,"href":"https:\/\/www.franceabris.com\/BLOG\/wp-json\/wp\/v2\/media\/13540"}],"wp:attachment":[{"href":"https:\/\/www.franceabris.com\/BLOG\/wp-json\/wp\/v2\/media?parent=13556"}],"wp:term":[{"taxonomy":"category","embeddable":true,"href":"https:\/\/www.franceabris.com\/BLOG\/wp-json\/wp\/v2\/categories?post=13556"},{"taxonomy":"post_tag","embeddable":true,"href":"https:\/\/www.franceabris.com\/BLOG\/wp-json\/wp\/v2\/tags?post=13556"}],"curies":[{"name":"wp","href":"https:\/\/api.w.org\/{rel}","templated":true}]}}