{"id":13557,"date":"2022-10-13T06:06:12","date_gmt":"2022-10-13T05:06:12","guid":{"rendered":"https:\/\/www.franceabris.com\/BLOG\/?p=13557"},"modified":"2024-05-07T14:40:57","modified_gmt":"2024-05-07T13:40:57","slug":"abri-de-jardin-et-entretien-que-faire-des-feuilles-mortes-a-lautomne","status":"publish","type":"post","link":"https:\/\/www.franceabris.com\/BLOG\/abri-de-jardin-et-entretien-que-faire-des-feuilles-mortes-a-lautomne\/","title":{"rendered":"Abri de jardin et entretien : que faire des feuilles mortes \u00e0 l&rsquo;automne ?"},"content":{"rendered":"<p style=\"text-align: justify;\"><span style=\"text-align: center;\"><em>Tombent, tombent les feuilles rousses,<\/em><br \/>\n<em>J&rsquo;entends la pluie sur la mousse. <\/em><br \/>\n<em>Tombent, tombent les feuilles molles, <\/em><br \/>\n<em>J&rsquo;entends le vent qui s&rsquo;envole. <\/em><br \/>\n<em>Tombent, tombent les feuilles d&rsquo;or, <\/em><br \/>\n<em>J&rsquo;entends l&rsquo;\u00e9t\u00e9 qui s&rsquo;endort. <\/em><br \/>\n<em>Tombent, tombent les feuilles mortes, <\/em><br \/>\n<em>J&rsquo;entends l&rsquo;hiver \u00e0 ma porte.<\/em><\/span><br \/>\n<span style=\"text-align: justify;\">Ces petits vers de Pernette Chaponni\u00e8re, femme de lettres genevoise, \u00e0 la r\u00e9sonnance enfantine rappellent une invariable v\u00e9rit\u00e9 dont il va falloir se pr\u00e9occuper ces deux-trois prochains mois : la chute des feuilles qui, d\u00e8s lors, envahissent et recouvrent le sol de son jardin. <strong>L&rsquo;automne est l&rsquo;une des saisons stars pour les abris, de l&rsquo;abri de jardin au b\u00fbcher.<\/strong> Que faire de ces feuilles mortes ? Mobiliser les b\u00e2ches qui s&rsquo;accumulent dans votre cabanon ? Ressortir votre souffleur et travailler quotidiennement ?<\/span><\/p>\n<p style=\"text-align: justify;\">Pas forc\u00e9ment ! Il existe diff\u00e9rentes fa\u00e7ons d&rsquo;exploiter cette saison si particuli\u00e8re. Et la mettre \u00e0 profit ! Explications.<\/p>\n<h2 style=\"text-align: justify;\">C&rsquo;est l&rsquo;automne et, avec l&rsquo;arriv\u00e9e de cette saison, s&rsquo;annonce l&rsquo;irr\u00e9pressible chute des feuilles de vos arbres \u00e0 feuillage caduc. Que faire de vos feuilles mortes ? Faut-il mettre \u00e0 contribution souffleur, b\u00e2ches et sacs \u00e0 v\u00e9g\u00e9taux de votre abri de jardin ?<\/h2>\n<p style=\"padding-left: 160px; text-align: justify;\">Pour tous vos travaux de jardin \u00e0 l&rsquo;automne, <span style=\"color: #ff9900;\"><a style=\"color: #ff9900;\" href=\"https:\/\/www.franceabris.com\/10-abri-jardin\" target=\"_blank\" rel=\"noopener\">notre gamme abri de jardin<\/a><\/span> propose des mod\u00e8les de cabanes de rangement tr\u00e8s pratiques. Ces cabanes s&rsquo;organisent et s&rsquo;am\u00e9nagent pour accueillir votre mat\u00e9riel, votre outillage, tout ce qui va vous permettre de bichonner votre ext\u00e9rieur !<\/p>\n<h3 style=\"text-align: justify;\">A l&rsquo;origine des feuilles mortes, la photosynth\u00e8se&#8230;<\/h3>\n<p style=\"text-align: justify;\">Plus de froid, moins de lumi\u00e8re. C&rsquo;est ce processus annuel qui est \u00e0 l&rsquo;origine de la chute des feuilles \u00e0 l&rsquo;arriv\u00e9e de l&rsquo;automne. Les arbres profitant de moins de lumi\u00e8re chaque jour, ils ne r\u00e9alisent plus aussi efficacement la photosynth\u00e8se. Pour rappel, cette derni\u00e8re permet aux v\u00e9g\u00e9taux de <strong>synth\u00e9tiser du dioxyde de carbone et de la mati\u00e8re organique<\/strong> gr\u00e2ce aux photons de la lumi\u00e8re du soleil, rejetant d\u00e8s lors du dioxyg\u00e8ne dans l&rsquo;atmosph\u00e8re. Ou, comme le rappelle le Larousse :<\/p>\n<blockquote>\n<p style=\"text-align: justify; font-size: 16px;\">Chez les v\u00e9g\u00e9taux et certaines bact\u00e9ries, [<span style=\"color: #ff9900;\"><a style=\"color: #ff9900;\" href=\"https:\/\/www.larousse.fr\/encyclopedie\/divers\/photosynth%C3%A8se\/79404\" target=\"_blank\" rel=\"noopener\">la photosynth\u00e8se<\/a><\/span> est un] processus de fabrication de mati\u00e8re organique \u00e0 partir du gaz carbonique de l\u2019atmosph\u00e8re et (cas principal) d\u2019eau, utilisant la lumi\u00e8re solaire comme source d\u2019\u00e9nergie et produisant un d\u00e9gagement d\u2019oxyg\u00e8ne.<\/p>\n<\/blockquote>\n<figure id=\"attachment_3464\" aria-describedby=\"caption-attachment-3464\" style=\"width: 331px\" class=\"wp-caption aligncenter\"><a href=\"https:\/\/www.franceabris.com\/BLOG\/wp-content\/uploads\/2013\/06\/taille-arbres-fruitiers.jpg\"><img decoding=\"async\" loading=\"lazy\" class=\"wp-image-3464 size-large\" style=\"border: 1px solid #000000;\" src=\"https:\/\/www.franceabris.com\/BLOG\/wp-content\/uploads\/2013\/06\/taille-arbres-fruitiers-331x437.jpg\" alt=\"arbre fruitier et feuilles mortes \u00e0 l'automne\" width=\"331\" height=\"437\" srcset=\"https:\/\/www.franceabris.com\/BLOG\/wp-content\/uploads\/2013\/06\/taille-arbres-fruitiers-331x437.jpg 331w, https:\/\/www.franceabris.com\/BLOG\/wp-content\/uploads\/2013\/06\/taille-arbres-fruitiers-74x98.jpg 74w, https:\/\/www.franceabris.com\/BLOG\/wp-content\/uploads\/2013\/06\/taille-arbres-fruitiers-181x240.jpg 181w, https:\/\/www.franceabris.com\/BLOG\/wp-content\/uploads\/2013\/06\/taille-arbres-fruitiers.jpg 341w\" sizes=\"(max-width: 331px) 100vw, 331px\" \/><\/a><figcaption id=\"caption-attachment-3464\" class=\"wp-caption-text\">A l&rsquo;automne, les arbres \u00e0 feuillage caduc perdent leurs feuilles mortes. C&rsquo;est la r\u00e9duction de la lumi\u00e8re et le froid qui en sont \u00e0 l&rsquo;origine. Cela implique de r\u00e9fl\u00e9chir \u00e0 la fa\u00e7on dont on peut recycler ces feuilles pour s&rsquo;\u00e9viter une charge de travail hebdomadaire trop importante !<\/figcaption><\/figure>\n<h4 style=\"text-align: center;\"><em>Moins de nourriture pour les arbres&#8230; et voil\u00e0 les feuilles qui tombent !<\/em><\/h4>\n<p style=\"text-align: justify;\">Cette mati\u00e8re organique <strong>servant de nourriture \u00e0 l&rsquo;arbre<\/strong>, \u00e0 l&rsquo;automne, ce dernier a de moins en moins de quoi se nourrir. La s\u00e8ve ne circulant plus jusqu&rsquo;aux feuilles, ces derni\u00e8res s\u00e8chent et finissent par tomber. Et c&rsquo;est ainsi que votre jardin se trouve progressivement envahi de feuilles mortes. Et que le propri\u00e9taire que vous \u00eates se dit alors : hardi ! il est temps de prendre le r\u00e2teau, un souffleur et des sacs \u00e0 v\u00e9g\u00e9taux et de faire un joli tas que l&rsquo;on emm\u00e8nera ensuite \u00e0 la d\u00e9ch\u00e8terie.<\/p>\n<h3 style=\"text-align: justify;\">Ramasser ses feuilles ou les laisser au sol ?<\/h3>\n<p style=\"text-align: justify;\">Mais le faut-il vraiment ? Est-il r\u00e9ellement n\u00e9cessaire <strong>d&rsquo;\u00f4ter r\u00e9guli\u00e8rement et soigneusement les feuilles<\/strong> de votre jardin ? Pas forc\u00e9ment. Car les feuilles mortes jouent le r\u00f4le de paillage. Elles isolent thermiquement la flore, mais aussi la faune, qu&rsquo;elles prot\u00e8gent du froid, des insectes aux petits organismes. Puis, en se d\u00e9composant progressivement, elles jouent le r\u00f4le de compost pour nourrir la terre en profondeur. Ce peut \u00eatre, d&rsquo;ailleurs, une id\u00e9e : r\u00e9cup\u00e9rer les feuilles et les \u00e9pandre au pied de vos arbustes. L&rsquo;objectif : les prot\u00e9ger du gel, tout en maintenant une bonne humidit\u00e9.<\/p>\n<h4 style=\"text-align: center;\"><em>Attention : il faut laisser la pelouse respirer<\/em><\/h4>\n<p style=\"text-align: justify;\"><em>\u00ab\u00a0Sur octobre novembre, on va mettre de la fumure ou du compost v\u00e9g\u00e9tal au pied des arbres fruitiers, mais aussi dans le potager pour enrichir et pr\u00e9parer le sol en pr\u00e9vision du printemps\u00a0\u00bb<\/em>, confirme un expert de chez Botanic <span style=\"color: #ff9900;\"><a style=\"color: #ff9900;\" href=\"https:\/\/www.maisonapart.com\/edito\/amenagement-exterieur\/jardin\/que-faire-dans-son-jardin-en-octobre---13135.php\" target=\"_blank\" rel=\"noopener\">dans une interview pour Maison A Part<\/a><\/span>. Attention, tout de m\u00eame : il ne faut pas que ces feuilles <strong>privent votre pelouse de l&rsquo;oxyg\u00e8ne dont elle a besoin<\/strong>. Mais, comme vous pouvez le constater, vous n&rsquo;avez pas forc\u00e9ment \u00e0 multiplier les aller-retours \u00e0 la d\u00e9ch\u00e8terie chaque semaine automnale !<\/p>\n<p style=\"text-align: justify;\">Enfin, si vous trouvez que vous en avez tout de m\u00eame trop, pensez qu&rsquo;il est toujours possible <strong>de vous servir de votre tondeuse<\/strong> pour les broyer finement et les rel\u00e9guer dans votre compost&#8230; ou vous faire une r\u00e9serve de paillis !<\/p>\n<h3 style=\"text-align: justify;\">Installer un abri de jardin pour faciliter ce travail<\/h3>\n<p style=\"text-align: justify;\">Ce n&rsquo;est pas un abri de jardin qui va vous d\u00e9barrasser de vos feuilles mortes ou vous aider \u00e0 g\u00e9rer leur chute soudaine et envahissante. Non. Pour autant, <strong>un cabanon bien choisi vous facilitera<\/strong> ce travail hebdomadaire \u00e0 l&rsquo;automne. Vous y entreposerez vos outils, bien s\u00fbr : le r\u00e2teau qui vous permettra de rassembler vos feuilles en tas. Mais aussi les nombreux sacs \u00e0 v\u00e9g\u00e9taux et sacs \u00e0 gravats, souples ou pop-ups, ainsi que les b\u00e2ches dont vous risquez d&rsquo;avoir besoin. Plut\u00f4t que de laisser ces nombreux amas moisir sur la pelouse, le temps que vous vous d\u00e9cidiez enfin d&rsquo;aller \u00e0 la d\u00e9ch\u00e8terie, vous pourrez les rapatrier en partie dans le cabanon si vous avez la place.<\/p>\n<figure id=\"attachment_13300\" aria-describedby=\"caption-attachment-13300\" style=\"width: 583px\" class=\"wp-caption aligncenter\"><a href=\"https:\/\/www.franceabris.com\/10-abri-jardin\"><img decoding=\"async\" loading=\"lazy\" class=\"wp-image-13300 size-large\" style=\"border: 1px solid #000000;\" src=\"https:\/\/www.franceabris.com\/BLOG\/wp-content\/uploads\/2022\/05\/20220416_191327-583x437.jpeg\" alt=\"un abri de jardin bois \u00e0 l'automne\" width=\"583\" height=\"437\" srcset=\"https:\/\/www.franceabris.com\/BLOG\/wp-content\/uploads\/2022\/05\/20220416_191327-583x437.jpeg 583w, https:\/\/www.franceabris.com\/BLOG\/wp-content\/uploads\/2022\/05\/20220416_191327-320x240.jpeg 320w, https:\/\/www.franceabris.com\/BLOG\/wp-content\/uploads\/2022\/05\/20220416_191327-131x98.jpeg 131w, https:\/\/www.franceabris.com\/BLOG\/wp-content\/uploads\/2022\/05\/20220416_191327-768x576.jpeg 768w, https:\/\/www.franceabris.com\/BLOG\/wp-content\/uploads\/2022\/05\/20220416_191327.jpeg 1280w\" sizes=\"(max-width: 583px) 100vw, 583px\" \/><\/a><figcaption id=\"caption-attachment-13300\" class=\"wp-caption-text\">R\u00e9f\u00e9rence ID2618 sur FRANCE ABRIS. Dans un abri de jardin de ce genre, on peut entreposer son broyeur, sa tondeuse, son souffleur, ses bacs \u00e0 v\u00e9g\u00e9taux et de nombreuses b\u00e2ches. Tout en profitant d&rsquo;encore un peu de place pour du rangement ou le stockage temporaire des feuilles mortes ramass\u00e9es !<\/figcaption><\/figure>\n<h4 style=\"text-align: center;\"><em>Dans l&rsquo;abri de jardin, le broyeur, la tondeuse et le souffleur<\/em><\/h4>\n<p style=\"text-align: justify;\">Le souffleur, qui est un autre outil bien utile \u00e0 l&rsquo;automne, se stocke bien s\u00fbr dans cet abri de jardin. S&rsquo;il est \u00e0 batterie, prenez soin de cette derni\u00e8re et \u00e9vitez-lui l&rsquo;humidit\u00e9 ! La tondeuse, comme dit plus haut, trouve \u00e9galement une place pratique \u00e0 l&rsquo;int\u00e9rieur. Et ceux qui ont trop d&rsquo;arbres \u00e0 feuilles caduques sur leur terrain, qui n&rsquo;ont aucun moyen de recycler rapidement et efficacement leurs feuilles mortes&#8230; <strong>sont peut-\u00eatre \u00e9quip\u00e9s d&rsquo;un broyeur \u00e0 feuilles<\/strong>. Dans un abri de jardin d&rsquo;une dizaine de m\u00e8tres carr\u00e9s, il est largement possible d&rsquo;entreposer tout ce petit monde !<\/p>\n<p style=\"text-align: justify;\">Impossible de se passer d&rsquo;un tel cabanon de rangement, croyez-nous !<\/p>\n","protected":false},"excerpt":{"rendered":"<p>Tombent, tombent les feuilles rousses, J&rsquo;entends la pluie sur la mousse. Tombent, tombent les feuilles molles, J&rsquo;entends le vent qui s&rsquo;envole. Tombent, tombent les feuilles d&rsquo;or, J&rsquo;entends l&rsquo;\u00e9t\u00e9 qui s&rsquo;endort. Tombent, tombent les feuilles mortes, J&rsquo;entends l&rsquo;hiver \u00e0 ma porte. Ces petits vers de Pernette Chaponni\u00e8re, femme de lettres genevoise, \u00e0 la r\u00e9sonnance enfantine rappellent &hellip; <a href=\"https:\/\/www.franceabris.com\/BLOG\/abri-de-jardin-et-entretien-que-faire-des-feuilles-mortes-a-lautomne\/\" class=\"more-link\">Continuer la lecture de <span class=\"screen-reader-text\">Abri de jardin et entretien : que faire des feuilles mortes \u00e0 l&rsquo;automne ?<\/span><\/a><\/p>\n","protected":false},"author":4,"featured_media":7900,"comment_status":"closed","ping_status":"closed","sticky":false,"template":"","format":"standard","meta":[],"categories":[3],"tags":[],"_links":{"self":[{"href":"https:\/\/www.franceabris.com\/BLOG\/wp-json\/wp\/v2\/posts\/13557"}],"collection":[{"href":"https:\/\/www.franceabris.com\/BLOG\/wp-json\/wp\/v2\/posts"}],"about":[{"href":"https:\/\/www.franceabris.com\/BLOG\/wp-json\/wp\/v2\/types\/post"}],"author":[{"embeddable":true,"href":"https:\/\/www.franceabris.com\/BLOG\/wp-json\/wp\/v2\/users\/4"}],"replies":[{"embeddable":true,"href":"https:\/\/www.franceabris.com\/BLOG\/wp-json\/wp\/v2\/comments?post=13557"}],"version-history":[{"count":0,"href":"https:\/\/www.franceabris.com\/BLOG\/wp-json\/wp\/v2\/posts\/13557\/revisions"}],"wp:featuredmedia":[{"embeddable":true,"href":"https:\/\/www.franceabris.com\/BLOG\/wp-json\/wp\/v2\/media\/7900"}],"wp:attachment":[{"href":"https:\/\/www.franceabris.com\/BLOG\/wp-json\/wp\/v2\/media?parent=13557"}],"wp:term":[{"taxonomy":"category","embeddable":true,"href":"https:\/\/www.franceabris.com\/BLOG\/wp-json\/wp\/v2\/categories?post=13557"},{"taxonomy":"post_tag","embeddable":true,"href":"https:\/\/www.franceabris.com\/BLOG\/wp-json\/wp\/v2\/tags?post=13557"}],"curies":[{"name":"wp","href":"https:\/\/api.w.org\/{rel}","templated":true}]}}