{"id":13767,"date":"2022-12-30T11:12:25","date_gmt":"2022-12-30T10:12:25","guid":{"rendered":"https:\/\/www.franceabris.com\/BLOG\/?p=13767"},"modified":"2026-01-28T16:21:59","modified_gmt":"2026-01-28T15:21:59","slug":"abri-de-jardin-quelles-sont-les-tendances-pour-2023","status":"publish","type":"post","link":"https:\/\/www.franceabris.com\/BLOG\/abri-de-jardin-quelles-sont-les-tendances-pour-2023\/","title":{"rendered":"Abri de jardin : quelles sont les tendances pour 2023 ?"},"content":{"rendered":"<p style=\"text-align: justify;\"><strong>Quel abri de jardin pour 2023 ?<\/strong> Quel mod\u00e8le tirera son \u00e9pingle du jeu ? Quelles seront les priorit\u00e9s en mati\u00e8re de cabane de stockage ? Un certain nombre de tendances se d\u00e9gagent.<\/p>\n<p style=\"text-align: justify;\">Ainsi, l&rsquo;on peut imaginer que le cabanon de rangement qu&rsquo;il faudra privil\u00e9gier l&rsquo;ann\u00e9e prochaine sera :<\/p>\n<p style=\"text-align: justify;\">&#8211; un abri de jardin en bois composite ;<br \/>\n&#8211; d&rsquo;une surface mod\u00e9r\u00e9e, jusqu&rsquo;\u00e0 10 m\u00b2 environ ;<br \/>\n&#8211; et qui offre des options permettant de personnaliser son kit.<\/p>\n<p style=\"text-align: justify;\">Le contexte \u00e9conomique n&rsquo;est pas facile. Autant dire que les mod\u00e8les qui permettront de pr\u00e9server les finances devraient \u00eatre appr\u00e9ci\u00e9s. Par ailleurs, les n\u00e9o-propri\u00e9taires de maison post-COVID, qui ont opt\u00e9 pour la p\u00e9riph\u00e9rie urbaine apr\u00e8s la pand\u00e9mie de 2020, ont des besoins de stockage. Ces besoins r\u00e9clament une r\u00e9ponse adapt\u00e9e, ni trop co\u00fbteuse, ni trop chronophage. On recherche donc un espace de rangement d&rsquo;appoint <strong>flexible, adaptable et polyvalent<\/strong> !<\/p>\n<p style=\"text-align: justify;\">Nos explications.<\/p>\n<h2 style=\"text-align: justify;\">Quel sera l&rsquo;abri de jardin de l&rsquo;ann\u00e9e 2023 ? A quoi ressemblera-t-il ? Quelles sont les qualit\u00e9s \u00e0 privil\u00e9gier ? FRANCE ABRIS se penche sur la question !<\/h2>\n<p style=\"padding-left: 160px; text-align: justify;\">Vous trouverez forc\u00e9ment <span style=\"color: #ff9900;\"><a style=\"color: #ff9900;\" href=\"https:\/\/www.franceabris.com\/10-abri-jardin\" target=\"_blank\" rel=\"noopener\">un abri de jardin<\/a><\/span> correspondant \u00e0 vos attentes en furetant dans notre gamme correspondante. Avec des mod\u00e8les de petite taille, en composite, aux nombreuses personnalisations !<\/p>\n<h3 style=\"text-align: justify;\">1\/ L&rsquo;abri de jardin 2023 sera en bois composite !<\/h3>\n<p style=\"text-align: justify;\">Gagner du temps. Viser le durable. S&rsquo;offrir la long\u00e9vit\u00e9. Et s&rsquo;\u00e9viter l&rsquo;\u00e9vitable. Telles sont les tendances pour cette ann\u00e9e 2023. Des tendances qui m\u00e8nent toutes vers un mat\u00e9riau sp\u00e9cifique :<strong> le bois composite<\/strong>. Ce dernier d\u00e9veloppe un principe assez simple&#8230; Gommer les traditionnels d\u00e9fauts du bois, tout du moins ce que l&rsquo;on peut lui reprocher, avec les qualit\u00e9s d&rsquo;un autre mat\u00e9riau. En l&rsquo;occurrence, il s&rsquo;agit de marier de la fibre v\u00e9g\u00e9tale \u00e0 une r\u00e9sine, PVC, poly\u00e9thyl\u00e8ne ou polypropyl\u00e8ne, en un mat\u00e9riau que l&rsquo;on va extruder afin d&rsquo;usiner les pi\u00e8ces n\u00e9cessaires \u00e0 la construction d&rsquo;un abri de jardin.<\/p>\n<h4 style=\"text-align: center;\"><em>Une longue dur\u00e9e de vie en bon \u00e9tat<\/em><\/h4>\n<p style=\"text-align: justify;\"><strong>Il en d\u00e9coule un abri de jardin imputrescible et durable.<\/strong> Les garanties sur ce genre de kits en disent souvent assez long : elles peuvent courir sur 10 ou 15 ans. Les finitions sont de qualit\u00e9, le rendu imite l&rsquo;aspect du bois&#8230; Et les cr\u00e9ations affichent g\u00e9n\u00e9ralement une esth\u00e9tique tr\u00e8s r\u00e9ussie, entre classicisme et modernisme. Surtout, le bois composite apporte des r\u00e9ponses tr\u00e8s claires \u00e0 une pr\u00e9occupation actuelle : comment \u00e9viter de perdre du temps, ce temps dont on n&rsquo;a jamais assez lorsqu&rsquo;on est actif, avec une maison et des enfants \u00e0 g\u00e9rer ?<\/p>\n<figure id=\"attachment_13749\" aria-describedby=\"caption-attachment-13749\" style=\"width: 397px\" class=\"wp-caption aligncenter\"><a href=\"https:\/\/www.franceabris.com\/347-abri-jardin-bois-composite\"><img decoding=\"async\" loading=\"lazy\" class=\"wp-image-13749 size-full\" style=\"border: 1px solid #000000;\" src=\"https:\/\/www.franceabris.com\/BLOG\/wp-content\/uploads\/2022\/12\/3059-abri-composite.jpg\" alt=\"abri de jardin 2023 en bois composite\" width=\"397\" height=\"291\" srcset=\"https:\/\/www.franceabris.com\/BLOG\/wp-content\/uploads\/2022\/12\/3059-abri-composite.jpg 397w, https:\/\/www.franceabris.com\/BLOG\/wp-content\/uploads\/2022\/12\/3059-abri-composite-327x240.jpg 327w, https:\/\/www.franceabris.com\/BLOG\/wp-content\/uploads\/2022\/12\/3059-abri-composite-134x98.jpg 134w\" sizes=\"(max-width: 397px) 100vw, 397px\" \/><\/a><figcaption id=\"caption-attachment-13749\" class=\"wp-caption-text\">R\u00e9f\u00e9rence ID3059 sur FRANCE ABRIS. Ce tr\u00e8s bel abri de jardin s&rsquo;inscrit tout \u00e0 fait dans les tendances 2023. Il est en composite, bois et r\u00e9sine PVC. Il fait un peu plus de 7 m\u00b2. Et son prix, si l&rsquo;on tient compte de sa tr\u00e8s longue dur\u00e9e de vie, s&rsquo;av\u00e8re franchement int\u00e9ressant. Un bon moyen de trouver un \u00e9quipement durable et peu co\u00fbteux dans le temps !<\/figcaption><\/figure>\n<h4 style=\"text-align: center;\"><em>Pas de traitement avant montage, ni pendant l&rsquo;usage<\/em><\/h4>\n<p style=\"text-align: justify;\"><strong>Avec l&rsquo;abri de jardin composite, on n&rsquo;a pas \u00e0 traiter le bois avant le montage.<\/strong> On s&rsquo;\u00e9vite ainsi cette tr\u00e8s fastidieuse \u00e9tape qui, en plus, mobilise pas mal de place dans le garage : pi\u00e8ces sur des chevalets le temps qu&rsquo;elles s\u00e8chent, par terre, sur le mobilier&#8230; Par la suite, on n&rsquo;a pas non plus \u00e0 s&rsquo;inqui\u00e9ter d&rsquo;un \u00e9ventuel traitement apr\u00e8s montage. Pas besoin de lasure ou de saturateur. Pas besoin, d&rsquo;une fa\u00e7on g\u00e9n\u00e9rale, de surveiller la structure pour v\u00e9rifier son \u00e9tat avec le temps. Le composite est un mat\u00e9riau constant. Enfin, la dur\u00e9e de vie en bon \u00e9tat d&rsquo;un tel cabanon est importante. On s&rsquo;\u00e9pargne la n\u00e9cessit\u00e9 de changer le kit apr\u00e8s quelques ann\u00e9es&#8230; et l&rsquo;on peut profiter de lui un bon et long moment !<\/p>\n<h3 style=\"text-align: justify;\">2\/ La taille ? Surtout&#8230; pas trop grand !<\/h3>\n<p style=\"text-align: justify;\">L&rsquo;heure n&rsquo;est pas au gigantisme. La sobri\u00e9t\u00e9 est sur toutes les langues ; <strong>l&rsquo;abri de jardin n&rsquo;y \u00e9chappe pas !<\/strong> Il faut dire que l&rsquo;environnement \u00e9conomique actuel ne permet pas forc\u00e9ment de pr\u00eater \u00e0 l&rsquo;optimisme. R\u00e9sultat : on essaie de faire des \u00e9conomies l\u00e0 o\u00f9 on peut. L&rsquo;abri de jardin 2023 sera, ce faisant, un abri de 2 ou 3 m\u00b2 \u00e0 une dizaine de m\u00e8tres carr\u00e9s maximum. Avec une prime suppl\u00e9mentaire \u00e0 l&rsquo;abri de moins de 5 m\u00b2 : celui-ci ne r\u00e9clame aucune formalit\u00e9 administrative pour \u00eatre \u00e9rig\u00e9. Le gain d&rsquo;argent est notable : un petit mod\u00e8le co\u00fbte moins cher qu&rsquo;un grand. Le gain de temps \u00e9galement, puisque l&rsquo;on s&rsquo;\u00e9pargne la d\u00e9claration pr\u00e9alable ou le permis de construire !<\/p>\n<h4 style=\"text-align: center;\"><em>Un abri de jardin qui permet de faire des \u00e9conomies<\/em><\/h4>\n<p style=\"text-align: justify;\"><b>C&rsquo;est d&rsquo;ailleurs pour des raisons financi\u00e8res que l&rsquo;on ne visera pas trop grand, en 2023.<\/b> Nombreux sont les kits disponibles \u00e0 des prix tr\u00e8s accessibles en-dessous de 10 m\u00b2. Mais ce n&rsquo;est pas tout : un abri r\u00e9clamant une autorisation d&rsquo;urbanisme quelconque impose de r\u00e9gler la taxe d&rsquo;am\u00e9nagement. Or, cette derni\u00e8re d\u00e9pend, notamment, de la surface de plancher du-dit abri. Plus il est grand&#8230; plus l&rsquo;on paie cher ! Bref, mieux vaut rester modeste quant \u00e0 la taille de la cabane de stockage. Quitte \u00e0 en acheter une autre un peu plus tard pour compl\u00e9ter son installation !<\/p>\n<p style=\"text-align: justify;\">A ce titre, la dur\u00e9e de vie s&rsquo;av\u00e8re d&rsquo;autant plus importante. Le mod\u00e8le qui doit tenir 20 ans assurera un bien meilleur amortissement qu&rsquo;un autre qui n&rsquo;en durera qu&rsquo;une dizaine.<\/p>\n<figure id=\"attachment_13675\" aria-describedby=\"caption-attachment-13675\" style=\"width: 397px\" class=\"wp-caption aligncenter\"><a href=\"https:\/\/www.franceabris.com\/10-abri-jardin\"><img decoding=\"async\" loading=\"lazy\" class=\"wp-image-13675 size-full\" style=\"border: 1px solid #000000;\" src=\"https:\/\/www.franceabris.com\/BLOG\/wp-content\/uploads\/2022\/11\/3873-abri-de-jardin-Douglas.jpg\" alt=\"petit cabanon de stockage en bois de moins de 5 m\u00b2\" width=\"397\" height=\"290\" srcset=\"https:\/\/www.franceabris.com\/BLOG\/wp-content\/uploads\/2022\/11\/3873-abri-de-jardin-Douglas.jpg 397w, https:\/\/www.franceabris.com\/BLOG\/wp-content\/uploads\/2022\/11\/3873-abri-de-jardin-Douglas-329x240.jpg 329w, https:\/\/www.franceabris.com\/BLOG\/wp-content\/uploads\/2022\/11\/3873-abri-de-jardin-Douglas-134x98.jpg 134w\" sizes=\"(max-width: 397px) 100vw, 397px\" \/><\/a><figcaption id=\"caption-attachment-13675\" class=\"wp-caption-text\">Cet abri de jardin n&rsquo;est pas en composite, mais en bois. En revanche, il est con\u00e7u en madriers, ce qui lui offre une r\u00e9sistance et une durabilit\u00e9 sup\u00e9rieures. Son essence ? Le Douglas, sens\u00e9ment imputrescible. Surtout, il fait moins de 5 m\u00b2 et permet de s&rsquo;\u00e9quiper en faisant un maximum d&rsquo;\u00e9conomies ! A retrouver sous la r\u00e9f\u00e9rence ID3873 sur notre site.<\/figcaption><\/figure>\n<h3 style=\"text-align: justify;\">3\/ Les options pour personnaliser son achat<\/h3>\n<p style=\"text-align: justify;\">C&rsquo;est une tendance qui ne se d\u00e9ment pas depuis plusieurs ann\u00e9es : <strong>la recherche du sur-mesure et de la personnalisation.<\/strong> Comme le sur-mesure est cher, le kit a de beaux jours devant lui. D&rsquo;autant qu&rsquo;un grand nombre de mod\u00e8les d\u00e9veloppent des possibilit\u00e9s d&rsquo;options pour r\u00e9pondre \u00e0 cette demande. Oui, une cabane de rangement avec diverses options peut se distinguer, se singulariser et afficher une adaptation plus importante aux diff\u00e9rents contextes des particuliers. Ainsi, l&rsquo;abri de jardin 2023 permettra peut-\u00eatre :<\/p>\n<ul>\n<li style=\"text-align: justify;\">d&rsquo;ajouter un plancher \u00e0 son cabanon de rangement ;<\/li>\n<li style=\"text-align: justify;\">de lui greffer une fen\u00eatre ou un ch\u00e2ssis basculant suppl\u00e9mentaire ;<\/li>\n<li style=\"text-align: justify;\">de troquer une toiture en feutre bitum\u00e9 contre une toiture en Shingle ;<\/li>\n<li style=\"text-align: justify;\">d&rsquo;ajouter un kit anti-temp\u00eate pour maximiser la r\u00e9sistance au vent ;<\/li>\n<li style=\"text-align: justify;\">de choisir des coloris diff\u00e9rents ;<\/li>\n<li style=\"text-align: justify;\">d&rsquo;obtenir des d\u00e9clinaisons dans des dimensions suppl\u00e9mentaires ;<\/li>\n<li style=\"text-align: justify;\">voire de s\u00e9curiser diff\u00e9remment son abri composite, bois, m\u00e9tal ou PVC.<\/li>\n<\/ul>\n<p style=\"text-align: justify;\">Autant de possibilit\u00e9s offrant de la souplesse et de la singularit\u00e9, deux aspects essentiels aujourd&rsquo;hui !<\/p>\n","protected":false},"excerpt":{"rendered":"<p>Quel abri de jardin pour 2023 ? Quel mod\u00e8le tirera son \u00e9pingle du jeu ? Quelles seront les priorit\u00e9s en mati\u00e8re de cabane de stockage ? Un certain nombre de tendances se d\u00e9gagent. Ainsi, l&rsquo;on peut imaginer que le cabanon de rangement qu&rsquo;il faudra privil\u00e9gier l&rsquo;ann\u00e9e prochaine sera : &#8211; un abri de jardin en &hellip; <a href=\"https:\/\/www.franceabris.com\/BLOG\/abri-de-jardin-quelles-sont-les-tendances-pour-2023\/\" class=\"more-link\">Continuer la lecture de <span class=\"screen-reader-text\">Abri de jardin : quelles sont les tendances pour 2023 ?<\/span><\/a><\/p>\n","protected":false},"author":4,"featured_media":13768,"comment_status":"closed","ping_status":"closed","sticky":false,"template":"","format":"standard","meta":[],"categories":[2,3],"tags":[],"_links":{"self":[{"href":"https:\/\/www.franceabris.com\/BLOG\/wp-json\/wp\/v2\/posts\/13767"}],"collection":[{"href":"https:\/\/www.franceabris.com\/BLOG\/wp-json\/wp\/v2\/posts"}],"about":[{"href":"https:\/\/www.franceabris.com\/BLOG\/wp-json\/wp\/v2\/types\/post"}],"author":[{"embeddable":true,"href":"https:\/\/www.franceabris.com\/BLOG\/wp-json\/wp\/v2\/users\/4"}],"replies":[{"embeddable":true,"href":"https:\/\/www.franceabris.com\/BLOG\/wp-json\/wp\/v2\/comments?post=13767"}],"version-history":[{"count":0,"href":"https:\/\/www.franceabris.com\/BLOG\/wp-json\/wp\/v2\/posts\/13767\/revisions"}],"wp:featuredmedia":[{"embeddable":true,"href":"https:\/\/www.franceabris.com\/BLOG\/wp-json\/wp\/v2\/media\/13768"}],"wp:attachment":[{"href":"https:\/\/www.franceabris.com\/BLOG\/wp-json\/wp\/v2\/media?parent=13767"}],"wp:term":[{"taxonomy":"category","embeddable":true,"href":"https:\/\/www.franceabris.com\/BLOG\/wp-json\/wp\/v2\/categories?post=13767"},{"taxonomy":"post_tag","embeddable":true,"href":"https:\/\/www.franceabris.com\/BLOG\/wp-json\/wp\/v2\/tags?post=13767"}],"curies":[{"name":"wp","href":"https:\/\/api.w.org\/{rel}","templated":true}]}}