{"id":13912,"date":"2023-02-22T06:06:38","date_gmt":"2023-02-22T05:06:38","guid":{"rendered":"https:\/\/www.franceabris.com\/BLOG\/?p=13912"},"modified":"2023-02-21T18:18:43","modified_gmt":"2023-02-21T17:18:43","slug":"preau-decole-quelles-solutions-dabris-pour-les-collectivites","status":"publish","type":"post","link":"https:\/\/www.franceabris.com\/BLOG\/preau-decole-quelles-solutions-dabris-pour-les-collectivites\/","title":{"rendered":"Pr\u00e9au d\u2019\u00e9cole : quelles solutions d\u2019abris pour les collectivit\u00e9s ?"},"content":{"rendered":"<p style=\"text-align: justify;\"><strong>Quel pr\u00e9au d&rsquo;\u00e9cole choisir pour les \u00e9tablissements scolaires de sa commune ?<\/strong> FRANCE ABRIS travaille r\u00e9guli\u00e8rement avec des collectivit\u00e9s. L&rsquo;objectif : trouver les meilleurs \u00e9quipements possibles pour les diff\u00e9rentes installations. Parmi les questions \u00e9voqu\u00e9es, celle du pr\u00e9au d&rsquo;\u00e9cole s&rsquo;av\u00e8re r\u00e9currente, tant elle n\u00e9cessite de marier des aspects pratiques \u00e0 d&rsquo;autres aspects esth\u00e9tiques, le tout avec les exigences habituelles des collectivit\u00e9s (en mati\u00e8re de s\u00e9curit\u00e9 notamment).<\/p>\n<p style=\"text-align: justify;\"><strong>Plusieurs types d&rsquo;abris vous sont propos\u00e9s pour vos pr\u00e9aux d&rsquo;\u00e9cole.<\/strong> Les structures en m\u00e9tal et en toile s\u00e9duisent \u00e9norm\u00e9ment par leur flexibilit\u00e9 et leur autonomie. Mais certains communes optent pour des solutions plus naturelles avec de belles charpentes bois \u00e0 couvrir. Enfin, la charpente m\u00e9tallique modulable offre \u00e9galement un grand confort gr\u00e2ce \u00e0 ses nombreuses personnalisations.<\/p>\n<p style=\"text-align: justify;\">Focus sur ces trois propositions aux qualit\u00e9s diff\u00e9rentes !<\/p>\n<h2 style=\"text-align: justify;\">Pour l&rsquo;am\u00e9nagement de votre pr\u00e9au d&rsquo;\u00e9cole, optez pour l&rsquo;abri m\u00e9tal et toile, la charpente bois ou la charpente m\u00e9tallique. Des solutions pros pour les collectivit\u00e9s !<\/h2>\n<p style=\"text-align: justify; padding-left: 160px;\">D\u00e9couvrez comment un abri m\u00e9tal et toile<span style=\"color: #ff9900;\"><a style=\"color: #ff9900;\" href=\"https:\/\/www.franceabris.com\/BLOG\/abri-preau-dans-une-ecole-elementaire-un-kit-metal-et-toile-pour-les-collectivites\/\" target=\"_blank\" rel=\"noopener\"> a permis de cr\u00e9er un tr\u00e8s vaste pr\u00e9au d&rsquo;\u00e9cole<\/a><\/span> dans une \u00e9cole \u00e9l\u00e9mentaire mosellane. Une solution \u00e9conome, efficace et pratique !<\/p>\n<h3 style=\"text-align: justify;\">L&rsquo;abri m\u00e9tal et toile pour votre pr\u00e9au d&rsquo;\u00e9cole : un classique !<\/h3>\n<p style=\"text-align: justify;\">Lui est un v\u00e9ritable classique. La raison est simple : il est tr\u00e8s facile \u00e0 installer, assure un confort imm\u00e9diat et ne r\u00e9clame aucun entretien. De quel abri s&rsquo;agit-il ? De l&rsquo;abri toile que vous pouvez trouver notamment dans<span style=\"color: #ff9900;\"><a style=\"color: #ff9900;\" href=\"https:\/\/www.franceabris.com\/342-kiosque-pergola-et-pavillon-pour-collectivite-et-association?id_category=342&amp;n=57\" target=\"_blank\" rel=\"noopener\"> notre gamme kiosque, pergola, pavillon et pr\u00e9au pour collectivit\u00e9s et associations<\/a><\/span>. Il se d\u00e9cline dans des formats de 16,5 \u00e0 33 m\u00b2, mais peut \u00e9videmment<strong> \u00eatre dupliqu\u00e9 autant de fois que n\u00e9cessaire<\/strong>, jusqu&rsquo;\u00e0 atteindre la surface couverte attendue.<\/p>\n<h4 style=\"text-align: center;\"><em>Une solution s\u00e9curis\u00e9e et s\u00e9curisante<\/em><\/h4>\n<p style=\"text-align: justify;\">Il repose sur <strong>quatre poteaux en acier galvanis\u00e9<\/strong>, qui supportent une couverture tendue en b\u00e2che PVC enduite polyester de 650 g\/m\u00b2. Les quatre poteaux de 75 mm de diam\u00e8tre chacun pr\u00e9sentent l&rsquo;avantage d&rsquo;un encombrement tr\u00e8s limit\u00e9. Ils n&rsquo;occupent qu&rsquo;une place minimale, ce qui optimise la surface couverture, tout en \u00e9tant circulaire. Pour un pr\u00e9au d&rsquo;\u00e9cole, si l&rsquo;on peut \u00e9viter les ar\u00eates des poteaux, il ne faut pas s&rsquo;en priver !<\/p>\n<figure id=\"attachment_11085\" aria-describedby=\"caption-attachment-11085\" style=\"width: 397px\" class=\"wp-caption aligncenter\"><a href=\"https:\/\/www.franceabris.com\/342-kiosque-pergola-et-pavillon-pour-collectivite-et-association?id_category=342&amp;n=57\"><img decoding=\"async\" loading=\"lazy\" class=\"wp-image-11085 size-full\" style=\"border: 1px solid #000000;\" src=\"https:\/\/www.franceabris.com\/BLOG\/wp-content\/uploads\/2020\/01\/abri-pr\u00e9au-\u00e9cole-1.jpg\" alt=\"pr\u00e9au d'\u00e9cole\" width=\"397\" height=\"291\" srcset=\"https:\/\/www.franceabris.com\/BLOG\/wp-content\/uploads\/2020\/01\/abri-pr\u00e9au-\u00e9cole-1.jpg 397w, https:\/\/www.franceabris.com\/BLOG\/wp-content\/uploads\/2020\/01\/abri-pr\u00e9au-\u00e9cole-1-327x240.jpg 327w, https:\/\/www.franceabris.com\/BLOG\/wp-content\/uploads\/2020\/01\/abri-pr\u00e9au-\u00e9cole-1-134x98.jpg 134w\" sizes=\"(max-width: 397px) 100vw, 397px\" \/><\/a><figcaption id=\"caption-attachment-11085\" class=\"wp-caption-text\">Bel exemple de l&rsquo;am\u00e9nagement d&rsquo;un pr\u00e9au dans ce coll\u00e8ge. La collectivit\u00e9 en question a pass\u00e9 commande de trois mod\u00e8les d&rsquo;abri m\u00e9tal et toile, une r\u00e9f\u00e9rence disponible sous l&rsquo;ID1858 sur notre site. L&rsquo;ensemble cr\u00e9e un tr\u00e8s vaste espace abrit\u00e9.<\/figcaption><\/figure>\n<h4 style=\"text-align: center;\"><em>Le m\u00e9tal et la toile garantissent une belle dur\u00e9e de vie<\/em><\/h4>\n<p style=\"text-align: justify;\">Les mat\u00e9riaux sont <strong>l&rsquo;assurance d&rsquo;une longue dur\u00e9e de vie et d&rsquo;un entretien minimal<\/strong>. La galvanisation de l&rsquo;acier couvre ce dernier d&rsquo;une couche protectrice qui lui \u00e9vite de rouiller avec le temps. Et la b\u00e2che PVC tendue supporte toutes les agressions sans trembler ! Elle permet de s&rsquo;abriter non seulement de la pluie, mais aussi du soleil, bien entendu, tout en \u00e9vitant l&rsquo;accumulation des salet\u00e9s, feuilles et branches, gr\u00e2ce \u00e0 sa forme bomb\u00e9e. C&rsquo;est un mariage r\u00e9ussi, qui ne r\u00e9clame aucun entretien particulier de la part de la collectivit\u00e9. Tout au plus une r\u00e9vision de temps en temps pour s&rsquo;assurer de la bonne tenue de l&rsquo;ouvrage, la s\u00e9curit\u00e9 \u00e9tant l&rsquo;une des pr\u00e9occupations principales pour ce type d&rsquo;installation.<\/p>\n<h4 style=\"text-align: center;\"><em>Pourquoi un pr\u00e9au d&rsquo;\u00e9cole ?<\/em><\/h4>\n<p style=\"text-align: justify;\">Avec une telle structure, il est particuli\u00e8rement facile d&rsquo;am\u00e9nager un pr\u00e9au d&rsquo;\u00e9cole<strong> de 33 \u00e0 une centaine de m\u00e8tres carr\u00e9s<\/strong>. Parfait pour&#8230;<\/p>\n<ul>\n<li style=\"text-align: justify;\">se prot\u00e9ger dans les temps de r\u00e9cr\u00e9ation, qu&rsquo;il fasse beau ou mauvais temps ;<\/li>\n<li style=\"text-align: justify;\">pratiquer des activit\u00e9s en ext\u00e9rieur quelle que soit la m\u00e9t\u00e9o ;<\/li>\n<li style=\"text-align: justify;\">organiser des r\u00e9unions en ext\u00e9rieur (on a vu comme cela pouvait \u00eatre important durant le COVID) ;<\/li>\n<li style=\"text-align: justify;\">accueillir des manifestations&#8230;<\/li>\n<\/ul>\n<figure id=\"attachment_13358\" aria-describedby=\"caption-attachment-13358\" style=\"width: 397px\" class=\"wp-caption aligncenter\"><a href=\"https:\/\/www.franceabris.com\/342-kiosque-pergola-et-pavillon-pour-collectivite-et-association?id_category=342&amp;n=57\"><img decoding=\"async\" loading=\"lazy\" class=\"wp-image-13358 size-full\" style=\"border: 1px solid #000000;\" src=\"https:\/\/www.franceabris.com\/BLOG\/wp-content\/uploads\/2022\/06\/preau-toile-ecole.png\" alt=\"pr\u00e9au toile \u00e9cole\" width=\"397\" height=\"291\" srcset=\"https:\/\/www.franceabris.com\/BLOG\/wp-content\/uploads\/2022\/06\/preau-toile-ecole.png 397w, https:\/\/www.franceabris.com\/BLOG\/wp-content\/uploads\/2022\/06\/preau-toile-ecole-327x240.png 327w, https:\/\/www.franceabris.com\/BLOG\/wp-content\/uploads\/2022\/06\/preau-toile-ecole-134x98.png 134w\" sizes=\"(max-width: 397px) 100vw, 397px\" \/><\/a><figcaption id=\"caption-attachment-13358\" class=\"wp-caption-text\">Une autre installation dans une \u00e9cole. Le pr\u00e9au m\u00e9tal et toile permet, ici, d&rsquo;abriter l&rsquo;entr\u00e9e de l&rsquo;\u00e9tablissement. Un confort qu&rsquo;appr\u00e9cient autant les enseignants que les parents et leurs enfants !<\/figcaption><\/figure>\n<h3 style=\"text-align: justify;\">L&rsquo;ossature bois au format adaptable : une solution naturelle<\/h3>\n<p style=\"text-align: justify;\"><strong>L&rsquo;ossature bois adaptable.<\/strong> Ici, c&rsquo;est le bois que l&rsquo;on magnifie et dont on exploite toutes les particularit\u00e9s. L&rsquo;int\u00e9r\u00eat de l&rsquo;ossature ? Elle met \u00e0 contribution des mat\u00e9riaux naturels qui peuvent ne r\u00e9clamer aucun traitement. En effet, lorsque l&rsquo;ossature est con\u00e7ue en bois Douglas, elle est naturellement consid\u00e9r\u00e9e comme \u00e9tant apte \u00e0 une classe d&#8217;emploi III. Et n&rsquo;a pas besoin d&rsquo;\u00eatre enduite de quelques produits chimiques que ce soit ! Un bon argument pour jouer une carte naturelle de plus en plus importante de nos jours&#8230;<\/p>\n<figure id=\"attachment_9819\" aria-describedby=\"caption-attachment-9819\" style=\"width: 396px\" class=\"wp-caption aligncenter\"><a href=\"https:\/\/www.franceabris.com\/109-charpente-bois-en-kit-abris-bois-a-couvrir\"><img decoding=\"async\" loading=\"lazy\" class=\"wp-image-9819 size-full\" style=\"border: 1px solid #000000;\" src=\"https:\/\/www.franceabris.com\/BLOG\/wp-content\/uploads\/2019\/03\/2517-abri-voiture-douglas-asym\u00e9trique.jpg\" alt=\"ossature en Douglas avec asym\u00e9trie\" width=\"396\" height=\"290\" srcset=\"https:\/\/www.franceabris.com\/BLOG\/wp-content\/uploads\/2019\/03\/2517-abri-voiture-douglas-asym\u00e9trique.jpg 396w, https:\/\/www.franceabris.com\/BLOG\/wp-content\/uploads\/2019\/03\/2517-abri-voiture-douglas-asym\u00e9trique-134x98.jpg 134w, https:\/\/www.franceabris.com\/BLOG\/wp-content\/uploads\/2019\/03\/2517-abri-voiture-douglas-asym\u00e9trique-328x240.jpg 328w\" sizes=\"(max-width: 396px) 100vw, 396px\" \/><\/a><figcaption id=\"caption-attachment-9819\" class=\"wp-caption-text\">Disponible sous la r\u00e9f\u00e9rence ID2517 sur FRANCE ABRIS, cette ossature permet de cr\u00e9er un pr\u00e9au d&rsquo;une taille cons\u00e9quente. Si une surface plus importante devait s&rsquo;av\u00e9rer n\u00e9cessaire, il suffirait de lui ajouter des trav\u00e9es suppl\u00e9mentaires.<\/figcaption><\/figure>\n<h4 style=\"text-align: center;\"><em>De nombreuses fa\u00e7ons de personnaliser son pr\u00e9au<\/em><\/h4>\n<p style=\"text-align: justify;\">Mais ce n&rsquo;est \u00e9videmment pas le seul atout de l&rsquo;ossature de pr\u00e9au. Cette derni\u00e8re se d\u00e9cline, en effet, dans des formats assez diff\u00e9rents qui laissent <strong>une grande place \u00e0 la personnalisation et \u00e0 l&rsquo;adaptation<\/strong>&#8230;<\/p>\n<ul>\n<li style=\"text-align: justify;\">Il est possible de choisir un format de toiture pr\u00e9cis : toit plat, double pente, monopente, adossable&#8230;<\/li>\n<li style=\"text-align: justify;\">Les dimensions propos\u00e9es vont de pignons de 3,5 m de large \u00e0 des pignons de 8 m. Les surfaces abrit\u00e9es sont parfois tr\u00e8s vastes.<\/li>\n<li style=\"text-align: justify;\">Selon les projets, il est envisageable d&rsquo;ajouter des bardages lat\u00e9raux afin de se prot\u00e9ger contre le vent.<\/li>\n<li style=\"text-align: justify;\">La multiplication des mod\u00e8les permet, l\u00e0 encore, d&rsquo;abriter une surface encore plus importante.<\/li>\n<li style=\"text-align: justify;\">L&rsquo;ossature laisse le choix de la couverture. Le kit de base est livr\u00e9 sans. Ne lui reste qu&rsquo;\u00e0 accueillir la toiture pr\u00e9vue. Cela permet de garder la ma\u00eetrise de son budget et de ses mat\u00e9riaux.<\/li>\n<\/ul>\n<p style=\"text-align: justify;\">Avec une ossature bois, on cr\u00e9e un pr\u00e9au d&rsquo;\u00e9cole chaleureux et accueillant \u00e0 l&rsquo;esth\u00e9tique naturelle tr\u00e8s \u00e9l\u00e9gante. Le pr\u00e9au prot\u00e8ge mieux de la chaleur et peut offrir une hauteur sous plafond importante beaucoup plus confortable.<\/p>\n<h3 style=\"text-align: justify;\">La charpente m\u00e9tallique modulable<\/h3>\n<p style=\"text-align: justify;\">La charpente m\u00e9tallique modulable s\u00e9duit un peu moins les collectivit\u00e9s par ses mat\u00e9riaux, il faut le reconna\u00eetre. Pour autant, elle constitue un choix de grande qualit\u00e9 que ne regrettent pas ceux qui le font. En effet, ces abris en acier galvanis\u00e9 offrent, tout comme le fait l&rsquo;ossature bois, <strong>de nombreuses variantes et personnalisations<\/strong>. Sur la base d&rsquo;un mod\u00e8le aux dimensions d\u00e9finies, il est possible de cr\u00e9er une tr\u00e8s belle surface prot\u00e9g\u00e9e. Avec quelques ajouts bienvenus !<\/p>\n<figure id=\"attachment_4245\" aria-describedby=\"caption-attachment-4245\" style=\"width: 397px\" class=\"wp-caption aligncenter\"><a href=\"https:\/\/www.franceabris.com\/103-charpente-metal-simple-pente\"><img decoding=\"async\" loading=\"lazy\" class=\"wp-image-4245 size-full\" style=\"border: 1px solid #000000;\" src=\"https:\/\/www.franceabris.com\/BLOG\/wp-content\/uploads\/2014\/12\/Assemblage-massifs-charpente-metallique.jpg\" alt=\"charpente m\u00e9tallique modulable pour un pr\u00e9au d'\u00e9cole\" width=\"397\" height=\"291\" srcset=\"https:\/\/www.franceabris.com\/BLOG\/wp-content\/uploads\/2014\/12\/Assemblage-massifs-charpente-metallique.jpg 397w, https:\/\/www.franceabris.com\/BLOG\/wp-content\/uploads\/2014\/12\/Assemblage-massifs-charpente-metallique-133x98.jpg 133w, https:\/\/www.franceabris.com\/BLOG\/wp-content\/uploads\/2014\/12\/Assemblage-massifs-charpente-metallique-327x240.jpg 327w\" sizes=\"(max-width: 397px) 100vw, 397px\" \/><\/a><figcaption id=\"caption-attachment-4245\" class=\"wp-caption-text\">L&rsquo;installation de la charpente m\u00e9tallique modulable est assez simple. Elle s&rsquo;organise tr\u00e8s facilement et ne r\u00e9clame que peu de surveillance par la suite. Hormis ce qui peut relever de la s\u00e9curit\u00e9 des enfants, bien s\u00fbr !<\/figcaption><\/figure>\n<h4 style=\"text-align: center;\"><em>Adosser le pr\u00e9au \u00e0 la fa\u00e7ade des b\u00e2timents ?<\/em><\/h4>\n<p style=\"text-align: justify;\">La <strong>toiture<\/strong> peut \u00eatre double pente, pour un pr\u00e9au d&rsquo;\u00e9cole ind\u00e9pendant. Ou monopente, ce qui permet de fixer le pr\u00e9au au plus pr\u00e8s de l&rsquo;\u00e9tablissement scolaire. Id\u00e9al pour r\u00e9soudre le manque de place et les probl\u00e9matiques des environnements urbains !<\/p>\n<h4 style=\"text-align: center;\"><em>Bien choisir les dimensions<\/em><\/h4>\n<p style=\"text-align: justify;\">Pour un pr\u00e9au, on appr\u00e9cie la grande vari\u00e9t\u00e9 des <strong>dimensions<\/strong>, qui permet d&rsquo;ajuster son choix \u00e0 ses besoins. Ainsi que la possibilit\u00e9 d&rsquo;ajouter des protections lat\u00e9rales contre le vent. N&rsquo;h\u00e9sitez pas \u00e0 contacter notre \u00e9quipe de conseillers commerciaux pour discuter des ajustements possibles !<\/p>\n<h4 style=\"text-align: center;\"><em>L&rsquo;acier galvanis\u00e9 pr\u00e9sente bien des atouts<\/em><\/h4>\n<p style=\"text-align: justify;\">L&rsquo;<strong>acier galvanis\u00e9<\/strong> n&rsquo;est pas le choix le plus esth\u00e9tique ? Certaines \u00e9coles prennent le parti de d\u00e9corer le pr\u00e9au avec les enfants afin que ces derniers s&rsquo;approprient ce nouvel am\u00e9nagement. Une chose est s\u00fbre : une charpente m\u00e9tallique modulable supportera toutes les agressions ext\u00e9rieures possibles sans flancher, ni baisser en qualit\u00e9 !<\/p>\n","protected":false},"excerpt":{"rendered":"<p>Quel pr\u00e9au d&rsquo;\u00e9cole choisir pour les \u00e9tablissements scolaires de sa commune ? FRANCE ABRIS travaille r\u00e9guli\u00e8rement avec des collectivit\u00e9s. L&rsquo;objectif : trouver les meilleurs \u00e9quipements possibles pour les diff\u00e9rentes installations. Parmi les questions \u00e9voqu\u00e9es, celle du pr\u00e9au d&rsquo;\u00e9cole s&rsquo;av\u00e8re r\u00e9currente, tant elle n\u00e9cessite de marier des aspects pratiques \u00e0 d&rsquo;autres aspects esth\u00e9tiques, le tout avec &hellip; <a href=\"https:\/\/www.franceabris.com\/BLOG\/preau-decole-quelles-solutions-dabris-pour-les-collectivites\/\" class=\"more-link\">Continuer la lecture de <span class=\"screen-reader-text\">Pr\u00e9au d\u2019\u00e9cole : quelles solutions d\u2019abris pour les collectivit\u00e9s ?<\/span><\/a><\/p>\n","protected":false},"author":2,"featured_media":9467,"comment_status":"closed","ping_status":"closed","sticky":false,"template":"","format":"standard","meta":[],"categories":[1],"tags":[],"_links":{"self":[{"href":"https:\/\/www.franceabris.com\/BLOG\/wp-json\/wp\/v2\/posts\/13912"}],"collection":[{"href":"https:\/\/www.franceabris.com\/BLOG\/wp-json\/wp\/v2\/posts"}],"about":[{"href":"https:\/\/www.franceabris.com\/BLOG\/wp-json\/wp\/v2\/types\/post"}],"author":[{"embeddable":true,"href":"https:\/\/www.franceabris.com\/BLOG\/wp-json\/wp\/v2\/users\/2"}],"replies":[{"embeddable":true,"href":"https:\/\/www.franceabris.com\/BLOG\/wp-json\/wp\/v2\/comments?post=13912"}],"version-history":[{"count":0,"href":"https:\/\/www.franceabris.com\/BLOG\/wp-json\/wp\/v2\/posts\/13912\/revisions"}],"wp:featuredmedia":[{"embeddable":true,"href":"https:\/\/www.franceabris.com\/BLOG\/wp-json\/wp\/v2\/media\/9467"}],"wp:attachment":[{"href":"https:\/\/www.franceabris.com\/BLOG\/wp-json\/wp\/v2\/media?parent=13912"}],"wp:term":[{"taxonomy":"category","embeddable":true,"href":"https:\/\/www.franceabris.com\/BLOG\/wp-json\/wp\/v2\/categories?post=13912"},{"taxonomy":"post_tag","embeddable":true,"href":"https:\/\/www.franceabris.com\/BLOG\/wp-json\/wp\/v2\/tags?post=13912"}],"curies":[{"name":"wp","href":"https:\/\/api.w.org\/{rel}","templated":true}]}}