{"id":13914,"date":"2023-02-22T17:36:28","date_gmt":"2023-02-22T16:36:28","guid":{"rendered":"https:\/\/www.franceabris.com\/BLOG\/?p=13914"},"modified":"2023-02-22T17:36:28","modified_gmt":"2023-02-22T16:36:28","slug":"vehicules-depoque-un-salon-de-la-n7-en-mai-2023","status":"publish","type":"post","link":"https:\/\/www.franceabris.com\/BLOG\/vehicules-depoque-un-salon-de-la-n7-en-mai-2023\/","title":{"rendered":"V\u00e9hicules d&rsquo;\u00e9poque : un salon de la N7 en mai 2023"},"content":{"rendered":"<h2 style=\"text-align: justify;\">AutoValeN7, le salon de la Nationale 7, vous donne rendez-vous du 26 au 28 mai 2023 du c\u00f4t\u00e9 de Valence. Au programme : l&rsquo;univers vintage de la Nationale 7&#8230; et les v\u00e9hicules d&rsquo;\u00e9poque !<\/h2>\n<p style=\"text-align: justify;\">Ah, la Nationale 7&#8230; Elle est un peu notre route 66 \u00e0 la Fran\u00e7aise. Symbole de vacances, de libert\u00e9 et d&rsquo;un certain \u00e9tat d&rsquo;esprit, elle \u00e9voque l&rsquo;insouciance de belles ann\u00e9es&#8230; et une certaine vision de l&rsquo;automobile. C&rsquo;est probablement un peu pour \u00e7a que Jean-Marie et Thomas, d\u00e9crits comme des<em> \u00ab\u00a0amoureux de la voiture ancienne, du vintage et de la Nationale 7\u00a0\u00bb<\/em>, ont d\u00e9cid\u00e9 de consacrer un salon \u00e0 la plus c\u00e9l\u00e8bre de nos routes. C&rsquo;est<span style=\"color: #ff9900;\"><a style=\"color: #ff9900;\" href=\"https:\/\/www.autovalen7.com\/\" target=\"_blank\" rel=\"noopener\"> le salon AutoValeN7<\/a><\/span> qui f\u00eatera sa premi\u00e8re \u00e9dition <strong>du 26 au 28 mai prochains \u00e0 Valence<\/strong>, dans la Dr\u00f4me, au c\u0153ur de la Nationale 7.<\/p>\n<figure id=\"attachment_13916\" aria-describedby=\"caption-attachment-13916\" style=\"width: 607px\" class=\"wp-caption aligncenter\"><img decoding=\"async\" loading=\"lazy\" class=\"wp-image-13916 size-large\" style=\"border: 1px solid #000000;\" src=\"https:\/\/www.franceabris.com\/BLOG\/wp-content\/uploads\/2023\/02\/france-voiture-vintage-2-607x375.png\" alt=\"salon de l'auto et de la nationale 7 \u00e0 Valence\" width=\"607\" height=\"375\" srcset=\"https:\/\/www.franceabris.com\/BLOG\/wp-content\/uploads\/2023\/02\/france-voiture-vintage-2-607x375.png 607w, https:\/\/www.franceabris.com\/BLOG\/wp-content\/uploads\/2023\/02\/france-voiture-vintage-2-389x240.png 389w, https:\/\/www.franceabris.com\/BLOG\/wp-content\/uploads\/2023\/02\/france-voiture-vintage-2-159x98.png 159w, https:\/\/www.franceabris.com\/BLOG\/wp-content\/uploads\/2023\/02\/france-voiture-vintage-2.png 680w\" sizes=\"(max-width: 607px) 100vw, 607px\" \/><figcaption id=\"caption-attachment-13916\" class=\"wp-caption-text\">Le salon AutoValeN7 devrait rassembler plus de 300 exposants \u00e0 Valence. Des professionnels de l&rsquo;automobile d&rsquo;\u00e9poque, mais aussi des associations et clubs, ainsi que des artisans locaux. Avec un parking rassemblant de nombreuses voitures anciennes ! L&rsquo;\u00e9v\u00e9nement traite de la Nationale 7 et de son univers dans sa globalit\u00e9.<\/figcaption><\/figure>\n<h3 style=\"text-align: justify;\">Des v\u00e9hicules d&rsquo;\u00e9poque, de collection&#8230; mais pas que !<\/h3>\n<p style=\"text-align: justify;\">L&rsquo;\u00e9v\u00e9nement, qui a lieu au Palais des Congr\u00e8s &amp; des Expositions de Valence, proposera 10 000 m\u00b2 \u00e0 visiter avec deux halls ferm\u00e9s et un parking mobilis\u00e9. Au total, <strong>ce sont 300 exposants qui seront rassembl\u00e9s<\/strong> : des professionnels et des associations de tout genre, avec des clubs automobiles, des sp\u00e9cialistes de la miniature auto, des fabricants et revendeurs de pi\u00e8ces automobiles de collection, des artistes peintres autos, des sp\u00e9cialistes de l&rsquo;habillement et de la bagagerie vintage, des artisans locaux&#8230; Et, bien s\u00fbr, un Parking des Anciennes d\u00e9di\u00e9 aux v\u00e9hicules d&rsquo;\u00e9poque !<\/p>\n<p style=\"text-align: justify;\">L&rsquo;\u00e9v\u00e9nement ne traite donc pas uniquement du monde automobile, mais bien de l&rsquo;univers de la Nationale 7 dans toutes ses composantes&#8230; m\u00eame si les belles m\u00e9caniques et leurs sp\u00e9cialistes seront au rendez-vous !<\/p>\n<h3 style=\"text-align: justify;\">La voiture de collection r\u00e9clame un abri voiture ou un garage adapt\u00e9<\/h3>\n<p style=\"text-align: justify;\">Chez FRANCE ABRIS, on relaie forc\u00e9ment ce type d&rsquo;\u00e9v\u00e9nements qui permettent de faire vivre le monde du v\u00e9hicule d&rsquo;\u00e9poque. Cela fait d&rsquo;ailleurs plusieurs ann\u00e9es que <strong>nous sommes adh\u00e9rents \u00e0 la F\u00e9d\u00e9ration Fran\u00e7aise des V\u00e9hicules d&rsquo;Epoque<\/strong> qui est partenaire de ce salon AutoValeN7.<\/p>\n<p style=\"text-align: justify;\">Il faut dire que, parmi nos solutions de protection, certaines sont plus sp\u00e9cifiquement d\u00e9di\u00e9es aux voitures de collection, aux v\u00e9hicules d&rsquo;\u00e9poque, aux sportives&#8230; Elles offrent un confort suppl\u00e9mentaire avec, pour les <strong>garages<\/strong> par exemple, un vaste espace de stationnement de 15, 20, voire 25 m\u00b2, que compl\u00e8te un atelier ou un abri attenant, servant \u00e0 faire du stockage. Nos <strong>carports<\/strong> sont \u00e9galement efficaces. Les charpentes m\u00e9talliques, par exemple, prennent la forme d&rsquo;abris ouverts qu&rsquo;il est possible de compl\u00e9ter avec des bardages trois c\u00f4t\u00e9s, ce qui permet d&rsquo;obtenir un abri voiture semi-clos. Ferm\u00e9 sur les c\u00f4t\u00e9s, ouvert en pignon avant !<\/p>\n<figure id=\"attachment_13915\" aria-describedby=\"caption-attachment-13915\" style=\"width: 458px\" class=\"wp-caption aligncenter\"><a href=\"https:\/\/www.franceabris.com\/365-garage-en-bois-luxe\"><img decoding=\"async\" loading=\"lazy\" class=\"wp-image-13915 size-full\" style=\"border: 1px solid #000000;\" src=\"https:\/\/www.franceabris.com\/BLOG\/wp-content\/uploads\/2023\/02\/5447-garage-vehicule-d-epoque.jpg\" alt=\"un garage bois pour votre v\u00e9hicule d'\u00e9poque\" width=\"458\" height=\"335\" srcset=\"https:\/\/www.franceabris.com\/BLOG\/wp-content\/uploads\/2023\/02\/5447-garage-vehicule-d-epoque.jpg 458w, https:\/\/www.franceabris.com\/BLOG\/wp-content\/uploads\/2023\/02\/5447-garage-vehicule-d-epoque-328x240.jpg 328w, https:\/\/www.franceabris.com\/BLOG\/wp-content\/uploads\/2023\/02\/5447-garage-vehicule-d-epoque-134x98.jpg 134w\" sizes=\"(max-width: 458px) 100vw, 458px\" \/><\/a><figcaption id=\"caption-attachment-13915\" class=\"wp-caption-text\">R\u00e9f\u00e9rence ID5457 sur FRANCE ABRIS. Ce garage fait 36 m\u00b2. S&rsquo;il n&rsquo;est pas divis\u00e9 en deux pi\u00e8ces individuelles, il propose une surface suffisante pour garer son v\u00e9hicule d&rsquo;\u00e9poque d&rsquo;un c\u00f4t\u00e9 et faire du stockage de l&rsquo;autre. Une solution non seulement efficace et rassurante, mais aussi tr\u00e8s esth\u00e9tique !<\/figcaption><\/figure>\n<p style=\"text-align: justify;\">Prot\u00e9ger pour faire durer : c&rsquo;est notre leitmotiv en mati\u00e8re d&rsquo;abris pour les voitures. Si vous prenez soin de votre petit bijou en lui \u00e9vitant autant que possible les agressions ext\u00e9rieures, il tiendra d&rsquo;autant plus longtemps !<\/p>\n","protected":false},"excerpt":{"rendered":"<p>AutoValeN7, le salon de la Nationale 7, vous donne rendez-vous du 26 au 28 mai 2023 du c\u00f4t\u00e9 de Valence. Au programme : l&rsquo;univers vintage de la Nationale 7&#8230; et les v\u00e9hicules d&rsquo;\u00e9poque ! Ah, la Nationale 7&#8230; Elle est un peu notre route 66 \u00e0 la Fran\u00e7aise. Symbole de vacances, de libert\u00e9 et d&rsquo;un &hellip; <a href=\"https:\/\/www.franceabris.com\/BLOG\/vehicules-depoque-un-salon-de-la-n7-en-mai-2023\/\" class=\"more-link\">Continuer la lecture de <span class=\"screen-reader-text\">V\u00e9hicules d&rsquo;\u00e9poque : un salon de la N7 en mai 2023<\/span><\/a><\/p>\n","protected":false},"author":2,"featured_media":13917,"comment_status":"closed","ping_status":"closed","sticky":false,"template":"","format":"standard","meta":[],"categories":[2],"tags":[],"_links":{"self":[{"href":"https:\/\/www.franceabris.com\/BLOG\/wp-json\/wp\/v2\/posts\/13914"}],"collection":[{"href":"https:\/\/www.franceabris.com\/BLOG\/wp-json\/wp\/v2\/posts"}],"about":[{"href":"https:\/\/www.franceabris.com\/BLOG\/wp-json\/wp\/v2\/types\/post"}],"author":[{"embeddable":true,"href":"https:\/\/www.franceabris.com\/BLOG\/wp-json\/wp\/v2\/users\/2"}],"replies":[{"embeddable":true,"href":"https:\/\/www.franceabris.com\/BLOG\/wp-json\/wp\/v2\/comments?post=13914"}],"version-history":[{"count":0,"href":"https:\/\/www.franceabris.com\/BLOG\/wp-json\/wp\/v2\/posts\/13914\/revisions"}],"wp:featuredmedia":[{"embeddable":true,"href":"https:\/\/www.franceabris.com\/BLOG\/wp-json\/wp\/v2\/media\/13917"}],"wp:attachment":[{"href":"https:\/\/www.franceabris.com\/BLOG\/wp-json\/wp\/v2\/media?parent=13914"}],"wp:term":[{"taxonomy":"category","embeddable":true,"href":"https:\/\/www.franceabris.com\/BLOG\/wp-json\/wp\/v2\/categories?post=13914"},{"taxonomy":"post_tag","embeddable":true,"href":"https:\/\/www.franceabris.com\/BLOG\/wp-json\/wp\/v2\/tags?post=13914"}],"curies":[{"name":"wp","href":"https:\/\/api.w.org\/{rel}","templated":true}]}}