{"id":13949,"date":"2023-03-08T18:21:43","date_gmt":"2023-03-08T17:21:43","guid":{"rendered":"https:\/\/www.franceabris.com\/BLOG\/?p=13949"},"modified":"2026-01-28T16:22:29","modified_gmt":"2026-01-28T15:22:29","slug":"cabanon-composite-toujours-plus-de-succes","status":"publish","type":"post","link":"https:\/\/www.franceabris.com\/BLOG\/cabanon-composite-toujours-plus-de-succes\/","title":{"rendered":"Cabanon composite : toujours plus de succ\u00e8s !"},"content":{"rendered":"<p style=\"text-align: justify;\">Nous l&rsquo;avions \u00e9voqu\u00e9 comme une tendance de l&rsquo;ann\u00e9e 2023 : <strong>le cabanon composite s&rsquo;impose<\/strong> peu \u00e0 peu comme une \u00e9vidence pour les propri\u00e9taires de maisons avec jardin. Il faut dire qu&rsquo;il r\u00e9pond \u00e0 de nombreux besoins identifi\u00e9s&#8230; 1\/ Avoir un espace de stockage pour son outillage et son mat\u00e9riel n\u00e9cessaire \u00e0 l&rsquo;entretien du jardin. 2\/ Mais que cet espace soit, en outre, r\u00e9sistant et durable. 3\/ Et qu&rsquo;il ne r\u00e9clame pas d&rsquo;entretien particulier.<\/p>\n<p style=\"text-align: justify;\">Autant de crit\u00e8res que coche le cabanon composite. Petite d\u00e9monstration avec l&rsquo;un de nos mod\u00e8les, la r\u00e9f\u00e9rence ID6010, un abri de jardin moderne en composite.<\/p>\n<h2 style=\"text-align: justify;\">Comportement et durabilit\u00e9 : le cabanon composite s\u00e9duit !<\/h2>\n<p style=\"text-align: justify;\">A l&rsquo;heure des grands d\u00e9bats sur le report de l&rsquo;\u00e2ge de d\u00e9part \u00e0 la retraite, une notion plus importante que les autres \u00e9merge : l&rsquo;esp\u00e9rance de vie en bonne sant\u00e9. Quoi de plus important que de vivre longtemps dans la pleine mesure de ses moyens ? Et bien, consid\u00e9rez que ce qui est valable pour chacun d&rsquo;entre nous l&rsquo;est \u00e9galement&#8230; pour vos am\u00e9nagements ext\u00e9rieurs. <strong>Et c&rsquo;est tout ce qui s\u00e9duit avec le cabanon composite !<\/strong><\/p>\n<h3 style=\"text-align: justify;\">Quels sont les risques avec un abri de jardin bois ou m\u00e9tal bas de gamme ?<\/h3>\n<p style=\"text-align: justify;\">Car un abri de jardin peut durer 20 ans. Mais si, au bout de 10 ans, ses madriers se chevauchent, son voligeage pourrit et sa lucarne en plexiglas se d\u00e9chausse&#8230; Vous risquez de ne pas \u00eatre pleinement satisfait.<\/p>\n<p style=\"text-align: justify;\">C&rsquo;est le risque avec un abri de jardin bois qui ne serait pas bien entretenu ou d&rsquo;une qualit\u00e9 m\u00e9diocre. Et c&rsquo;est un risque que peut aussi rencontrer, \u00e0 sa mani\u00e8re, un abri m\u00e9tallique dont les panneaux ne seraient pas suffisamment qualitatifs : la rouille appara\u00eet, le kit se fragilise&#8230; <strong>C&rsquo;est surtout le risque, disons-le, avec les kits de qualit\u00e9 inf\u00e9rieure.<\/strong> Un abri en panneaux de bois un peu trop grand, qui aurait plut\u00f4t d\u00fb \u00eatre en madriers. Une cabane de rangement dans un acier 20\/100, insuffisamment \u00e9pais.<\/p>\n<figure id=\"attachment_13957\" aria-describedby=\"caption-attachment-13957\" style=\"width: 458px\" class=\"wp-caption aligncenter\"><a href=\"https:\/\/www.franceabris.com\/347-abri-jardin-bois-composite\"><img decoding=\"async\" loading=\"lazy\" class=\"wp-image-13957 size-full\" style=\"border: 1px solid #000000;\" src=\"https:\/\/www.franceabris.com\/BLOG\/wp-content\/uploads\/2023\/03\/6010-un-abri-composite-en-bois-et-pvc.jpg\" alt=\"cabane composite pour le jardin\" width=\"458\" height=\"332\" srcset=\"https:\/\/www.franceabris.com\/BLOG\/wp-content\/uploads\/2023\/03\/6010-un-abri-composite-en-bois-et-pvc.jpg 458w, https:\/\/www.franceabris.com\/BLOG\/wp-content\/uploads\/2023\/03\/6010-un-abri-composite-en-bois-et-pvc-331x240.jpg 331w, https:\/\/www.franceabris.com\/BLOG\/wp-content\/uploads\/2023\/03\/6010-un-abri-composite-en-bois-et-pvc-135x98.jpg 135w\" sizes=\"(max-width: 458px) 100vw, 458px\" \/><\/a><figcaption id=\"caption-attachment-13957\" class=\"wp-caption-text\">Dans cet abri de jardin bois composite, les pannes sont stables, tout comme les diff\u00e9rentes pi\u00e8ces. L\u00e0 o\u00f9 des madriers mal entretenus peuvent vriller, le composite affiche une excellente constance.<\/figcaption><\/figure>\n<p>&nbsp;<\/p>\n<p style=\"text-align: justify;\">Des risques que l&rsquo;on \u00e9vite lorsqu&rsquo;on fait le pari d&rsquo;un cabanon composite, comme ce mod\u00e8le qui nous int\u00e9resse aujourd&rsquo;hui, la r\u00e9f\u00e9rence ID6010. Pourquoi ? Lisez la suite !<\/p>\n<h2 style=\"text-align: justify;\">L&rsquo;abri de jardin moderne en composite marie des fibres v\u00e9g\u00e9tales \u00e0 de la r\u00e9sine PVC<\/h2>\n<p style=\"text-align: justify;\"><strong>Ce qui permet au cabanon composite d&rsquo;\u00eatre si performant, c&rsquo;est son mat\u00e9riau.<\/strong> Le bois composite. Ce dernier est, en effet, un mariage entre des fibres v\u00e9g\u00e9tales et de la r\u00e9sine PVC. Le r\u00e9sultat des deux permet de conserver leurs qualit\u00e9s, tout en gommant leurs d\u00e9fauts. Ainsi, un abri rangement en bois composite est imputrescible et ne craint ni l&rsquo;humidit\u00e9, ni l&rsquo;apparition d&rsquo;\u00e9ventuels champignons. Il ne bouge pas dans le temps, l\u00e0 o\u00f9 le bois est forc\u00e9ment marqu\u00e9 par des \u00e9volutions naturelles.<\/p>\n<h3 style=\"text-align: justify;\">Une esth\u00e9tique r\u00e9ussie pour ce cabanon composite<\/h3>\n<p style=\"text-align: justify;\">Mais ces belles qualit\u00e9s m\u00e9caniques, qui \u00e9voquent celles des ouvrages premium en PEHD, ne sont pas tout. <strong>L&rsquo;esth\u00e9tique de l&rsquo;abri<\/strong> est en outre formidablement r\u00e9ussie : elle rappelle le bois, sa finesse et son \u00e9l\u00e9gance, sa fa\u00e7on de s&rsquo;int\u00e9grer \u00e0 merveille dans tout type d&rsquo;environnements&#8230; Sans ses faiblesses.<\/p>\n<h2 style=\"text-align: justify;\">Les caract\u00e9ristiques de cette cabane de rangement (ID6010)<\/h2>\n<p style=\"text-align: justify;\">Mais penchons-nous plus pr\u00e9cis\u00e9ment <strong>sur les caract\u00e9ristiques de ce cabanon composite<\/strong> ID6010 :<\/p>\n<ul>\n<li style=\"text-align: justify;\">7,36 m\u00b2 de surface utile ;<\/li>\n<li>Et une emprise au sol carr\u00e9e de 3,17 m de c\u00f4t\u00e9 ;<\/li>\n<li style=\"text-align: justify;\">Une belle hauteur hors tout de 2,38 m ;<\/li>\n<li style=\"text-align: justify;\">Une ossature en aluminium ;<\/li>\n<li style=\"text-align: justify;\">Que compl\u00e8tent les lames menuis\u00e9es alv\u00e9olaires en bois composite ;<\/li>\n<li style=\"text-align: justify;\">La couverture est en acier, \u00e0 s\u00e9lectionner en option ;<\/li>\n<li style=\"text-align: justify;\">La double porte est quasiment enti\u00e8rement vitr\u00e9e.<\/li>\n<\/ul>\n<figure id=\"attachment_13954\" aria-describedby=\"caption-attachment-13954\" style=\"width: 397px\" class=\"wp-caption aligncenter\"><a href=\"https:\/\/www.franceabris.com\/347-abri-jardin-bois-composite\"><img decoding=\"async\" loading=\"lazy\" class=\"wp-image-13954 size-full\" style=\"border: 1px solid #000000;\" src=\"https:\/\/www.franceabris.com\/BLOG\/wp-content\/uploads\/2023\/03\/6010-abri-de-jardin-composite.jpg\" alt=\"un cabanon composite design de 7 m\u00b2\" width=\"397\" height=\"291\" srcset=\"https:\/\/www.franceabris.com\/BLOG\/wp-content\/uploads\/2023\/03\/6010-abri-de-jardin-composite.jpg 397w, https:\/\/www.franceabris.com\/BLOG\/wp-content\/uploads\/2023\/03\/6010-abri-de-jardin-composite-327x240.jpg 327w, https:\/\/www.franceabris.com\/BLOG\/wp-content\/uploads\/2023\/03\/6010-abri-de-jardin-composite-134x98.jpg 134w\" sizes=\"(max-width: 397px) 100vw, 397px\" \/><\/a><figcaption id=\"caption-attachment-13954\" class=\"wp-caption-text\">Le voil\u00e0, cet abri de jardin moderne en composite, \u00e0 d\u00e9couvrir sous la r\u00e9f\u00e9rence ID6010 sur notre site, FRANCE ABRIS ! 7 m\u00b2 \u00e0 am\u00e9nager pour le stockage de ses outils de jardin et de son mobilier d&rsquo;ext\u00e9rieur. Sans entretien !<\/figcaption><\/figure>\n<p style=\"text-align: justify;\">Autant d&rsquo;atouts qui font de cet abri de jardin moderne en composite un choix id\u00e9al pour le jardin !<\/p>\n<h3 style=\"text-align: justify;\">De nombreuses options pour personnaliser votre abri jardin<\/h3>\n<p style=\"text-align: justify;\">Et, le petit plus&#8230; <strong>Il vous permet de s\u00e9lectionner diff\u00e9rentes options.<\/strong> Si certaines, comme la toiture, semblent essentielles, d&rsquo;autres peuvent aussi vous s\u00e9duire. Une fen\u00eatre suppl\u00e9mentaire sur le c\u00f4t\u00e9, par exemple. Un kit anti-temp\u00eate sp\u00e9cifiquement con\u00e7u pour les abris de ce genre afin de le renforcer en cas de vents importants.<\/p>\n<p style=\"text-align: justify;\">Et m\u00eame un pack terrasse pour am\u00e9nager les abords ! Splendide !<\/p>\n","protected":false},"excerpt":{"rendered":"<p>Nous l&rsquo;avions \u00e9voqu\u00e9 comme une tendance de l&rsquo;ann\u00e9e 2023 : le cabanon composite s&rsquo;impose peu \u00e0 peu comme une \u00e9vidence pour les propri\u00e9taires de maisons avec jardin. Il faut dire qu&rsquo;il r\u00e9pond \u00e0 de nombreux besoins identifi\u00e9s&#8230; 1\/ Avoir un espace de stockage pour son outillage et son mat\u00e9riel n\u00e9cessaire \u00e0 l&rsquo;entretien du jardin. 2\/ &hellip; <a href=\"https:\/\/www.franceabris.com\/BLOG\/cabanon-composite-toujours-plus-de-succes\/\" class=\"more-link\">Continuer la lecture de <span class=\"screen-reader-text\">Cabanon composite : toujours plus de succ\u00e8s !<\/span><\/a><\/p>\n","protected":false},"author":5,"featured_media":13950,"comment_status":"closed","ping_status":"closed","sticky":false,"template":"","format":"standard","meta":[],"categories":[3],"tags":[],"_links":{"self":[{"href":"https:\/\/www.franceabris.com\/BLOG\/wp-json\/wp\/v2\/posts\/13949"}],"collection":[{"href":"https:\/\/www.franceabris.com\/BLOG\/wp-json\/wp\/v2\/posts"}],"about":[{"href":"https:\/\/www.franceabris.com\/BLOG\/wp-json\/wp\/v2\/types\/post"}],"author":[{"embeddable":true,"href":"https:\/\/www.franceabris.com\/BLOG\/wp-json\/wp\/v2\/users\/5"}],"replies":[{"embeddable":true,"href":"https:\/\/www.franceabris.com\/BLOG\/wp-json\/wp\/v2\/comments?post=13949"}],"version-history":[{"count":0,"href":"https:\/\/www.franceabris.com\/BLOG\/wp-json\/wp\/v2\/posts\/13949\/revisions"}],"wp:featuredmedia":[{"embeddable":true,"href":"https:\/\/www.franceabris.com\/BLOG\/wp-json\/wp\/v2\/media\/13950"}],"wp:attachment":[{"href":"https:\/\/www.franceabris.com\/BLOG\/wp-json\/wp\/v2\/media?parent=13949"}],"wp:term":[{"taxonomy":"category","embeddable":true,"href":"https:\/\/www.franceabris.com\/BLOG\/wp-json\/wp\/v2\/categories?post=13949"},{"taxonomy":"post_tag","embeddable":true,"href":"https:\/\/www.franceabris.com\/BLOG\/wp-json\/wp\/v2\/tags?post=13949"}],"curies":[{"name":"wp","href":"https:\/\/api.w.org\/{rel}","templated":true}]}}