{"id":14117,"date":"2023-05-03T15:00:32","date_gmt":"2023-05-03T14:00:32","guid":{"rendered":"https:\/\/www.franceabris.com\/BLOG\/?p=14117"},"modified":"2024-05-07T14:39:10","modified_gmt":"2024-05-07T13:39:10","slug":"pergola-pro-interview-fini-le-bureau-austere-il-faut-que-lenvironnement-de-lentreprise-inspire","status":"publish","type":"post","link":"https:\/\/www.franceabris.com\/BLOG\/pergola-pro-interview-fini-le-bureau-austere-il-faut-que-lenvironnement-de-lentreprise-inspire\/","title":{"rendered":"Pergola pro, interview : \u00ab\u00a0Fini le bureau aust\u00e8re ! Il faut que l&rsquo;environnement de l&rsquo;entreprise inspire\u00a0\u00bb"},"content":{"rendered":"<p style=\"text-align: justify; font-size: 20px; line-height: 1.4;\">Aujourd&rsquo;hui, nous partons \u00e0 la rencontre de Pascal Poussereau, directeur du p\u00f4le travaux chez Cleram, <span style=\"color: #ff9900;\"><a style=\"color: #ff9900;\" href=\"https:\/\/www.cleram.com\/\" target=\"_blank\" rel=\"noopener\">une agence d&rsquo;architecture sp\u00e9cialis\u00e9e dans l&rsquo;am\u00e9nagement du bureau<\/a><\/span>. Celui-ci revient sur un projet qu&rsquo;il a suivi : la cr\u00e9ation d&rsquo;espaces d&rsquo;agr\u00e9ment pour une entreprise situ\u00e9e pr\u00e8s de Nanterre, espaces pour lesquels FRANCE ABRIS a fourni des pergolas. 7 pergolas en aluminium blanc, d&rsquo;une part, disponibles sous la r\u00e9f\u00e9rence ID4993 ; et une ossature bois sur mesure (assemblage tenon mortaise).<\/p>\n<p style=\"text-align: justify;\">Pour d\u00e9couvrir la <span style=\"color: #ff9900;\"><a style=\"color: #ff9900;\" href=\"https:\/\/www.franceabris.com\/318-pergola-et-tonnelle-alu\" target=\"_blank\" rel=\"noopener\">tonnelle aluminium avec couverture toile<\/a><\/span>, rendez-vous dans notre gamme d\u00e9di\u00e9e, sur notre site. R\u00e9f\u00e9rence ID4993 ! L&rsquo;ossature bois sur mesure est disponible dans <span style=\"color: #ff9900;\"><a style=\"color: #ff9900;\" href=\"https:\/\/www.franceabris.com\/359-charpente-bois-en-kit-traditionnelle-tenon-mortaise-promo\" target=\"_blank\" rel=\"noopener\">notre gamme charpente bois tenon mortaise<\/a><\/span>. Contactez-nous au 09 72 16 47 82 pour obtenir votre mod\u00e8le sur mesure, aux dimensions adapt\u00e9es !<\/p>\n<h2 style=\"text-align: justify;\">L&rsquo;installation des pergolas alu et d&rsquo;une pergola bois sur mesure en entreprise permet de cr\u00e9er de superbes terrasses d&rsquo;agr\u00e9ment !<\/h2>\n<h3 style=\"text-align: justify;\">Chez Cleram, vous vous \u00eates sp\u00e9cialis\u00e9s dans \u201cla cr\u00e9ation d\u2019espaces de travail sains, productifs et \u00e0 l\u2019image de vos clients\u201d&#8230;<\/h3>\n<p style=\"text-align: justify;\">Tout \u00e0 fait. Nous sommes des architectes am\u00e9nageurs d\u2019int\u00e9rieur et d\u2019ext\u00e9rieur. On fait de la ma\u00eetrise d&rsquo;\u0153uvre, de l\u2019assistance en ma\u00eetrise d\u2019ouvrage, mais on peut \u00e9galement \u00eatre entreprise g\u00e9n\u00e9rale ou constructeur g\u00e9n\u00e9ral et porter des projets de bout en bout. L\u2019entreprise existe depuis 1996.<\/p>\n<h3 style=\"text-align: justify;\">Pour le projet qui nous int\u00e9resse aujourd\u2019hui, vous nous avez contact\u00e9s pour des pergolas, pergolas alu et pergola bois sur mesure. Quels \u00e9taient vos crit\u00e8res ?<\/h3>\n<p style=\"text-align: justify;\">L\u2019objectif de notre client, c\u2019\u00e9tait de faire un am\u00e9nagement de terrasses. Il y avait une succession de terrasses un peu en espalier. Il nous fallait des structures l\u00e9g\u00e8res, car les pergolas devaient \u00eatre pos\u00e9es sur des planchers en composite qui reposaient, eux, sur d\u2019anciens bassins. On ne pouvait pas se permettre d\u2019avoir des structures trop lourdes. Quant \u00e0 la pergola bois, comme elle \u00e9tait sur mesure, on a pu l\u2019asseoir sur les acrot\u00e8res, sur le c\u00f4t\u00e9. Tr\u00e8s pratique ! Dans l\u2019ensemble, il fallait que les pergolas contribuent \u00e0 donner un aspect assez l\u00e9ger. On est \u00e0 proximit\u00e9 d\u2019immeubles modernes, il ne fallait pas non plus que \u00e7a cache trop la vue du rez-de-chauss\u00e9e, les trois premiers bassins \u00e0 am\u00e9nager \u00e9tant sur les fa\u00e7ades. Les autres donnaient ensuite sur une partie arbor\u00e9e du terrain, on pouvait donc opter pour une structure un peu plus massive. Maintenant, l\u2019\u00e9tape d\u2019apr\u00e8s, c\u2019est d\u2019agr\u00e9menter les terrasses de Leds, de luminaires, avec des guirlandes dans un esprit un peu guinguette, comme le souhaite notre client. On est sur les bords de Seine, \u00e0 c\u00f4t\u00e9 de Nanterre, \u00e7a fait sens !<\/p>\n<figure id=\"attachment_14121\" aria-describedby=\"caption-attachment-14121\" style=\"width: 521px\" class=\"wp-caption aligncenter\"><a href=\"https:\/\/www.franceabris.com\/359-charpente-bois-en-kit-traditionnelle-tenon-mortaise-promo\"><img decoding=\"async\" loading=\"lazy\" class=\"wp-image-14121 size-large\" style=\"border: 1px solid #000000;\" src=\"https:\/\/www.franceabris.com\/BLOG\/wp-content\/uploads\/2023\/04\/Pergola-entreprise-terrasse-pro-1-521x437.png\" alt=\"pergola bois sur mesure pour une entreprise\" width=\"521\" height=\"437\" srcset=\"https:\/\/www.franceabris.com\/BLOG\/wp-content\/uploads\/2023\/04\/Pergola-entreprise-terrasse-pro-1-521x437.png 521w, https:\/\/www.franceabris.com\/BLOG\/wp-content\/uploads\/2023\/04\/Pergola-entreprise-terrasse-pro-1-286x240.png 286w, https:\/\/www.franceabris.com\/BLOG\/wp-content\/uploads\/2023\/04\/Pergola-entreprise-terrasse-pro-1-117x98.png 117w, https:\/\/www.franceabris.com\/BLOG\/wp-content\/uploads\/2023\/04\/Pergola-entreprise-terrasse-pro-1-768x644.png 768w, https:\/\/www.franceabris.com\/BLOG\/wp-content\/uploads\/2023\/04\/Pergola-entreprise-terrasse-pro-1.png 940w\" sizes=\"(max-width: 521px) 100vw, 521px\" \/><\/a><figcaption id=\"caption-attachment-14121\" class=\"wp-caption-text\">Cette grande ossature bois devait \u00eatre sur mesure, la surface \u00e0 couvrir \u00e9tant bien plus importante que la surface des pergolas alu. Cela tombe bien, notre gamme charpente tenon mortaise se personnalise en fonction des dimensions souhait\u00e9es. De quoi obtenir ce tr\u00e8s joli rendu avec des terrasses qui doivent permettre aux salari\u00e9s de se ressourcer !<\/figcaption><\/figure>\n<h3 style=\"text-align: justify;\">Comme avez-vous choisi les pergolas en question ?<\/h3>\n<p style=\"text-align: justify;\">On a eu quelques petits d\u00e9boires au d\u00e9but, parce qu\u2019on voulait un coloris de pergola alu que l\u2019usine n\u2019avait plus en stock. Au final, on a opt\u00e9 pour le coloris qui \u00e9tait disponible, le blanc. Et je dois dire que le r\u00e9sultat est plut\u00f4t bien ! Par ailleurs, on cherchait en plus une pergola beaucoup plus grande, qui n\u2019\u00e9tait pas dans le catalogue. La relation avec France Abris s&rsquo;est av\u00e9r\u00e9e, ici, \u00e9t\u00e9 tr\u00e8s bonne ! On nous a accompagn\u00e9s et aid\u00e9s \u00e0 trouver une solution efficace : une pergola bois sur mesure.<\/p>\n<h3 style=\"text-align: justify;\">On a le sentiment que les entreprises travaillent de plus en plus leurs am\u00e9nagements ext\u00e9rieurs et int\u00e9rieurs\u2026<\/h3>\n<p style=\"text-align: justify;\">C\u2019est \u00e9vident. J\u2019ai moi-m\u00eame travaill\u00e9 sur un projet \u00e0 la D\u00e9fense, qui consistait \u00e0 transformer les terrasses techniques de l\u2019une des tours en <em>rooftops<\/em>. Maintenant, ces terrasses sont paysag\u00e9es, c\u2019est arbor\u00e9, il y a des arbustes, des bambous, des bars\u2026 On fait aussi de plus en plus de jardins int\u00e9rieurs. La tendance met clairement l\u2019accent sur le visuel. Fini, le bureau aust\u00e8re (rires) ! Il faut que l\u2019environnement inspire, soit confortable, agr\u00e9able\u2026 Dans les bureaux, on fait d\u2019ailleurs de plus en plus d\u2019agencements qui n\u00e9cessitent de solliciter des menuisiers. Ceux-ci vont cr\u00e9er des meubles et des espaces sur mesure. C\u2019est la bo\u00eete dans la bo\u00eete ! Des espaces <em>cosy<\/em>, de repli ou d\u2019\u00e9changes plus chaleureux\u2026 La pergola en fait partie. Dans le cadre du projet, on a d\u2019ailleurs agr\u00e9ment\u00e9 les terrasses de tables, de chaises, mais aussi de hamacs et de fauteuils suspendus. Tout pour cr\u00e9er un environnement aussi agr\u00e9able que possible !<\/p>\n<figure id=\"attachment_14118\" aria-describedby=\"caption-attachment-14118\" style=\"width: 521px\" class=\"wp-caption aligncenter\"><a href=\"https:\/\/www.franceabris.com\/318-pergola-et-tonnelle-alu\"><img decoding=\"async\" loading=\"lazy\" class=\"wp-image-14118 size-large\" style=\"border: 1px solid #000000;\" src=\"https:\/\/www.franceabris.com\/BLOG\/wp-content\/uploads\/2023\/04\/Pergola-entreprise-terrasse-pro-4-521x437.png\" alt=\"pergolas alu qui am\u00e9nage la terrasse d'une entreprise\" width=\"521\" height=\"437\" srcset=\"https:\/\/www.franceabris.com\/BLOG\/wp-content\/uploads\/2023\/04\/Pergola-entreprise-terrasse-pro-4-521x437.png 521w, https:\/\/www.franceabris.com\/BLOG\/wp-content\/uploads\/2023\/04\/Pergola-entreprise-terrasse-pro-4-286x240.png 286w, https:\/\/www.franceabris.com\/BLOG\/wp-content\/uploads\/2023\/04\/Pergola-entreprise-terrasse-pro-4-117x98.png 117w, https:\/\/www.franceabris.com\/BLOG\/wp-content\/uploads\/2023\/04\/Pergola-entreprise-terrasse-pro-4-768x644.png 768w, https:\/\/www.franceabris.com\/BLOG\/wp-content\/uploads\/2023\/04\/Pergola-entreprise-terrasse-pro-4.png 940w\" sizes=\"(max-width: 521px) 100vw, 521px\" \/><\/a><figcaption id=\"caption-attachment-14118\" class=\"wp-caption-text\">R\u00e9f\u00e9rence ID4993 pour ces pergolas alu. Elles sont pos\u00e9es sur des terrasses en composite, qui am\u00e9nagent d&rsquo;anciens bassins. Avec des chaises pour se d\u00e9tendre, des fauteuils suspendus et des hamacs \u00e0 proximit\u00e9, l&rsquo;espace cr\u00e9\u00e9 est particuli\u00e8rement cosy.<\/figcaption><\/figure>\n<blockquote>\n<h2 id=\"carac\" style=\"text-align: justify;\">Les caract\u00e9ristiques de ces pergolas<\/h2>\n<p style=\"text-align: justify; font-style: normal; font-size: 16px;\">Les 7 pergolas alu, disponibles sous la r\u00e9f\u00e9rence ID4993, sont des tonnelles avec couverture toile. Chacune couvre 3,5 m par 5,05 m, soit environ 18 m\u00b2 de surface hors tout. L&rsquo;avantage de l&rsquo;aluminium pour une entreprise, c&rsquo;est qu&rsquo;il s&rsquo;agit d&rsquo;un mat\u00e9riau tr\u00e8s r\u00e9sistant, qui tol\u00e8re parfaitement les agressions ext\u00e9rieures. Il ne n\u00e9cessite pas d&rsquo;entretien et aboutit donc \u00e0 des pergolas plut\u00f4t autonomes. Pour un pro, c&rsquo;est un crit\u00e8re \u00e9videmment important ! La toile de couverture est une toile anti-UV de qualit\u00e9, qui se d\u00e9ploie ou se replie tr\u00e8s facilement, de mani\u00e8re \u00e0 offrir un peu d&rsquo;ombre l&rsquo;\u00e9t\u00e9.<\/p>\n<h3>Quid de la pergola bois sur mesure ?<\/h3>\n<p style=\"text-align: justify; font-style: normal; font-size: 16px;\">La pergola bois, elle, repose sur une base de charpente traditionnelle. Cette derni\u00e8re est une ossature en bois Douglas assembl\u00e9e \u00e0 tenons et mortaises, un assemblage traditionnel qui offre une grande solidit\u00e9, beaucoup de stabilit\u00e9, tout en respectant la vie et les \u00e9volutions naturelles du bois. Ces charpentes se personnalisent : elles sont fabriqu\u00e9es sur commande et il est possible d&rsquo;en modifier les dimensions. C&rsquo;est ce qui a s\u00e9duit notre client, qui avait, pour l&rsquo;une de ces terrasses, des demandes plus sp\u00e9cifiques. A noter que nos charpentes et ossatures bois n&rsquo;ont pas de couverture. Ici, elles permettent de cr\u00e9er une tonnelle. Mais il est \u00e9videmment possible de leur adjoindre la couverture de votre choix, du feutre bitum\u00e9, peu on\u00e9reux, au tuilage complet.<\/p>\n<\/blockquote>\n","protected":false},"excerpt":{"rendered":"<p>Aujourd&rsquo;hui, nous partons \u00e0 la rencontre de Pascal Poussereau, directeur du p\u00f4le travaux chez Cleram, une agence d&rsquo;architecture sp\u00e9cialis\u00e9e dans l&rsquo;am\u00e9nagement du bureau. Celui-ci revient sur un projet qu&rsquo;il a suivi : la cr\u00e9ation d&rsquo;espaces d&rsquo;agr\u00e9ment pour une entreprise situ\u00e9e pr\u00e8s de Nanterre, espaces pour lesquels FRANCE ABRIS a fourni des pergolas. 7 pergolas en &hellip; <a href=\"https:\/\/www.franceabris.com\/BLOG\/pergola-pro-interview-fini-le-bureau-austere-il-faut-que-lenvironnement-de-lentreprise-inspire\/\" class=\"more-link\">Continuer la lecture de <span class=\"screen-reader-text\">Pergola pro, interview : \u00ab\u00a0Fini le bureau aust\u00e8re ! Il faut que l&rsquo;environnement de l&rsquo;entreprise inspire\u00a0\u00bb<\/span><\/a><\/p>\n","protected":false},"author":5,"featured_media":14123,"comment_status":"closed","ping_status":"closed","sticky":false,"template":"","format":"standard","meta":[],"categories":[2,1,103],"tags":[],"_links":{"self":[{"href":"https:\/\/www.franceabris.com\/BLOG\/wp-json\/wp\/v2\/posts\/14117"}],"collection":[{"href":"https:\/\/www.franceabris.com\/BLOG\/wp-json\/wp\/v2\/posts"}],"about":[{"href":"https:\/\/www.franceabris.com\/BLOG\/wp-json\/wp\/v2\/types\/post"}],"author":[{"embeddable":true,"href":"https:\/\/www.franceabris.com\/BLOG\/wp-json\/wp\/v2\/users\/5"}],"replies":[{"embeddable":true,"href":"https:\/\/www.franceabris.com\/BLOG\/wp-json\/wp\/v2\/comments?post=14117"}],"version-history":[{"count":0,"href":"https:\/\/www.franceabris.com\/BLOG\/wp-json\/wp\/v2\/posts\/14117\/revisions"}],"wp:featuredmedia":[{"embeddable":true,"href":"https:\/\/www.franceabris.com\/BLOG\/wp-json\/wp\/v2\/media\/14123"}],"wp:attachment":[{"href":"https:\/\/www.franceabris.com\/BLOG\/wp-json\/wp\/v2\/media?parent=14117"}],"wp:term":[{"taxonomy":"category","embeddable":true,"href":"https:\/\/www.franceabris.com\/BLOG\/wp-json\/wp\/v2\/categories?post=14117"},{"taxonomy":"post_tag","embeddable":true,"href":"https:\/\/www.franceabris.com\/BLOG\/wp-json\/wp\/v2\/tags?post=14117"}],"curies":[{"name":"wp","href":"https:\/\/api.w.org\/{rel}","templated":true}]}}