{"id":14147,"date":"2023-05-10T17:34:24","date_gmt":"2023-05-10T16:34:24","guid":{"rendered":"https:\/\/www.franceabris.com\/BLOG\/?p=14147"},"modified":"2023-05-04T17:35:53","modified_gmt":"2023-05-04T16:35:53","slug":"charpente-metallique-pro-avec-toit-double-pente-comment-se-monte-t-elle","status":"publish","type":"post","link":"https:\/\/www.franceabris.com\/BLOG\/charpente-metallique-pro-avec-toit-double-pente-comment-se-monte-t-elle\/","title":{"rendered":"Charpente m\u00e9tallique pro avec toit double pente : comment se monte-t-elle ?"},"content":{"rendered":"<p style=\"text-align: justify;\"><strong>Comment monter une charpente m\u00e9tallique pro avec toit double pente ?<\/strong> FRANCE ABRIS s&rsquo;est pench\u00e9 sur la question et vous propose un petit guide en vid\u00e9o sur l&rsquo;installation des b\u00e2timents m\u00e9talliques modulables au pignon de 5, 6, 7 et 8 m de largeur. Ces hangars sont \u00e0 destination des professionnels et permettent l&rsquo;am\u00e9nagement de vastes espaces de stockage ou de stationnement.<\/p>\n<h2 style=\"text-align: justify;\">D\u00e9couvrez notre guide pour monter une charpente m\u00e9tallique pro avec toit double pente !<\/h2>\n<p style=\"text-align: justify;\"><span style=\"color: #ff9900;\"><a style=\"color: #ff9900;\" href=\"https:\/\/www.franceabris.com\/104-charpente-metal-double-pente\" target=\"_blank\" rel=\"noopener\">La charpente m\u00e9tallique pro<\/a><\/span> s&rsquo;adresse g\u00e9n\u00e9ralement \u00e0 des professionnels de secteurs diff\u00e9rents. Elle permet la cr\u00e9ation de b\u00e2timents agricoles, de hangars de stockage, de carports pros, d&rsquo;espaces de stockage ou de stationnement pour du mat\u00e9riel, de la logistique, des v\u00e9hicules techniques&#8230;<\/p>\n<h3 style=\"text-align: justify;\">Le montage varie en fonction des options choisies pour la charpente m\u00e9tallique<\/h3>\n<p style=\"text-align: justify;\"><strong>Le montage se fait en plusieurs \u00e9tapes.<\/strong> Il diff\u00e8re selon le format de la charpente : s&rsquo;il s&rsquo;agit d&rsquo;un abri ouvert, le process ne sera pas tout \u00e0 fait le m\u00eame que pour un hangar ferm\u00e9 avec bardages lat\u00e9raux. M\u00eame chose en fonction des ouvertures, du portail d&rsquo;acc\u00e8s \u00e0 la porte pi\u00e9tonne.<\/p>\n<p><iframe loading=\"lazy\" title=\"vimeo-player\" src=\"https:\/\/player.vimeo.com\/video\/806755913?h=225ab93f1e\" width=\"640\" height=\"360\" frameborder=\"0\" allowfullscreen=\"allowfullscreen\"><\/iframe><\/p>\n<h3 style=\"text-align: justify;\">Dans le d\u00e9tail, les \u00e9tapes \u00e0 suivre&#8230;<\/h3>\n<h4 style=\"text-align: justify;\">La pr\u00e9paration de la charpente<\/h4>\n<ul style=\"text-align: justify;\">\n<li style=\"text-align: justify;\">Disposez sur la dalle, \u00e0 l&rsquo;horizontal, les poteaux et leur ancrage.<\/li>\n<li style=\"text-align: justify;\">Assemblez la charpente dans un premier temps, ainsi que les nombreux points d&rsquo;accroche, les goussets et platines.<\/li>\n<li style=\"text-align: justify;\">Joignez les pannes entre les traverses de portiques.<\/li>\n<li style=\"text-align: justify;\">Fixez ensuite les diff\u00e9rentes traverses, ainsi que le ferme cadre.<\/li>\n<li style=\"text-align: justify;\">Montez les liens tubulaires qui vont des pannes sabli\u00e8res au fa\u00eetage.<\/li>\n<li style=\"text-align: justify;\">Installez les corni\u00e8res de tension de la charpente, ainsi que les tendeurs en pignon avant et arri\u00e8re.<\/li>\n<\/ul>\n<h4 style=\"text-align: justify;\">Fixation des poteaux du portique et \u00e9l\u00e9vation du hangar<\/h4>\n<ul style=\"text-align: justify;\">\n<li style=\"text-align: justify;\">Fixe ensuite les poteaux en les positionnant \u00e0 l&rsquo;horizontale.<\/li>\n<li style=\"text-align: justify;\">Levez alors la charpente et fixez-la au sol, dans les platines d&rsquo;ancrage pr\u00e9vues \u00e0 cet effet.<\/li>\n<li style=\"text-align: justify;\">La charpente est alors dress\u00e9e, mais le b\u00e2timent doit \u00eatre maintenu jusqu&rsquo;\u00e0 la pose des contreventements lat\u00e9raux et croix de stabilit\u00e9.<\/li>\n<li style=\"text-align: justify;\">Fixez les trav\u00e9es suppl\u00e9mentaires selon le m\u00eame proc\u00e9d\u00e9.<\/li>\n<\/ul>\n<h4 style=\"text-align: justify;\">La pose des bardages<\/h4>\n<ul style=\"text-align: justify;\">\n<li style=\"text-align: justify;\">Pr\u00e9parez la pose des bardages de fa\u00e7ade, s&rsquo;il y en a, ainsi que les lisses de bardage et les tendeurs de lisses de bardage.<\/li>\n<li style=\"text-align: justify;\">Installez les montants verticaux, les poutres de compression et les contreventements qui doivent initier la stabilit\u00e9 de la charpente.<\/li>\n<li style=\"text-align: justify;\">Pr\u00e9parez enfin les ouvertures, l&rsquo;encadrement du portail et les rails \/ guides.<\/li>\n<li style=\"text-align: justify;\">Finalisez l&rsquo;ancrage au sol.<\/li>\n<\/ul>\n<figure id=\"attachment_2947\" aria-describedby=\"caption-attachment-2947\" style=\"width: 600px\" class=\"wp-caption aligncenter\"><a href=\"https:\/\/www.franceabris.com\/104-charpente-metal-double-pente\"><img decoding=\"async\" loading=\"lazy\" class=\"wp-image-2947\" style=\"border: 1px solid #000000;\" src=\"https:\/\/www.franceabris.com\/BLOG\/wp-content\/uploads\/2014\/02\/Glossaire-Charpente-Metallique-420x437.jpg\" alt=\"charpentes m\u00e9talliques et montage\" width=\"600\" height=\"624\" srcset=\"https:\/\/www.franceabris.com\/BLOG\/wp-content\/uploads\/2014\/02\/Glossaire-Charpente-Metallique-420x437.jpg 420w, https:\/\/www.franceabris.com\/BLOG\/wp-content\/uploads\/2014\/02\/Glossaire-Charpente-Metallique-94x98.jpg 94w, https:\/\/www.franceabris.com\/BLOG\/wp-content\/uploads\/2014\/02\/Glossaire-Charpente-Metallique-231x240.jpg 231w\" sizes=\"(max-width: 600px) 100vw, 600px\" \/><\/a><figcaption id=\"caption-attachment-2947\" class=\"wp-caption-text\">Un peu de lexique pour comprendre comment se structure une charpente m\u00e9tallique double pente. L&rsquo;ouvrage ensuite \u00e9difi\u00e9 permet d&rsquo;am\u00e9nager de vastes hangars de stockage modulable. L&rsquo;int\u00e9r\u00eat de ces structures \u00e0 destination des pros ? Leurs nombreuses personnalisations possibles.<\/figcaption><\/figure>\n<h4 style=\"text-align: justify;\">La couverture et les finitions<\/h4>\n<ul style=\"text-align: justify;\">\n<li style=\"text-align: justify;\">Posez alors la couverture en t\u00f4le en la vissant aux emplacements pr\u00e9vus.<\/li>\n<li style=\"text-align: justify;\">Et fixez les bardages de la m\u00eame mani\u00e8re.<\/li>\n<li style=\"text-align: justify;\">C&rsquo;est le moment des finitions : les bandes de rives pour la finition de la couverture, les angles de bardage&#8230;<\/li>\n<\/ul>\n<p style=\"text-align: justify;\">Pour plus d&rsquo;information, contactez-nous au 09 72 16 47 82.<\/p>\n<h3 style=\"text-align: justify;\">Les d\u00e9clinaisons possibles de votre b\u00e2timent m\u00e9tallique<\/h3>\n<p style=\"text-align: justify;\"><strong>Les charpentes m\u00e9talliques laissent une grande latitude.<\/strong> Non seulement une grande vari\u00e9t\u00e9 de dimensions est envisageable avec diverses modulations tant en largeur de pignon qu&rsquo;en hauteur de passage (des formats pour les v\u00e9hicules de loisirs et utilitaires sont disponibles), mais les options concernent aussi :<\/p>\n<ul>\n<li style=\"text-align: justify;\">L&rsquo;ajout de bardages lat\u00e9raux, vous l&rsquo;avez compris. Ceux-ci permettent de clore les c\u00f4t\u00e9s ou une partie d&rsquo;entre eux afin de maximiser la protection.<\/li>\n<li style=\"text-align: justify;\">La fermeture des pignons, avec un pignon de fa\u00e7ade \u00e0 \u00e9quiper de vantaux coulissants.<\/li>\n<li style=\"text-align: justify;\">L&rsquo;ajout de portes pi\u00e9tonnes.<\/li>\n<li style=\"text-align: justify;\">La possibilit\u00e9 de portails long-pan qui modifient pleinement la perspective et l&rsquo;usage de ces b\u00e2timents m\u00e9talliques.<\/li>\n<\/ul>\n<p style=\"text-align: justify;\">Notez que nos charpentes m\u00e9talliques modulables sont \u00e9galement disponibles avec toit plat.<\/p>\n<h3 style=\"text-align: justify;\">Des exemples de garages et carports sur la base de charpente modulable \u00e0 toit plat<\/h3>\n<figure id=\"attachment_13888\" aria-describedby=\"caption-attachment-13888\" style=\"width: 582px\" class=\"wp-caption aligncenter\"><img decoding=\"async\" loading=\"lazy\" class=\"wp-image-13888 size-large\" style=\"border: 1px solid #000000;\" src=\"https:\/\/www.franceabris.com\/BLOG\/wp-content\/uploads\/2023\/02\/charpente-metallique-1-582x437.jpeg\" alt=\"charpente m\u00e9tallique toit plat\" width=\"582\" height=\"437\" srcset=\"https:\/\/www.franceabris.com\/BLOG\/wp-content\/uploads\/2023\/02\/charpente-metallique-1-582x437.jpeg 582w, https:\/\/www.franceabris.com\/BLOG\/wp-content\/uploads\/2023\/02\/charpente-metallique-1-320x240.jpeg 320w, https:\/\/www.franceabris.com\/BLOG\/wp-content\/uploads\/2023\/02\/charpente-metallique-1-131x98.jpeg 131w, https:\/\/www.franceabris.com\/BLOG\/wp-content\/uploads\/2023\/02\/charpente-metallique-1.jpeg 621w\" sizes=\"(max-width: 582px) 100vw, 582px\" \/><figcaption id=\"caption-attachment-13888\" class=\"wp-caption-text\">Un garage cr\u00e9\u00e9 sur la base d&rsquo;une charpente m\u00e9tallique toit plat avec double portail coulissant.<\/figcaption><\/figure>\n<figure id=\"attachment_4238\" aria-describedby=\"caption-attachment-4238\" style=\"width: 587px\" class=\"wp-caption aligncenter\"><img decoding=\"async\" loading=\"lazy\" class=\"wp-image-4238 size-large\" style=\"border: 1px solid #000000;\" src=\"https:\/\/www.franceabris.com\/BLOG\/wp-content\/uploads\/2014\/12\/Abri-moto-charpente-metallique-587x437.jpg\" alt=\"charpente \u00e0 toit plat pour cr\u00e9er un abri deux\" width=\"587\" height=\"437\" srcset=\"https:\/\/www.franceabris.com\/BLOG\/wp-content\/uploads\/2014\/12\/Abri-moto-charpente-metallique-587x437.jpg 587w, https:\/\/www.franceabris.com\/BLOG\/wp-content\/uploads\/2014\/12\/Abri-moto-charpente-metallique-131x98.jpg 131w, https:\/\/www.franceabris.com\/BLOG\/wp-content\/uploads\/2014\/12\/Abri-moto-charpente-metallique-322x240.jpg 322w, https:\/\/www.franceabris.com\/BLOG\/wp-content\/uploads\/2014\/12\/Abri-moto-charpente-metallique-624x464.jpg 624w, https:\/\/www.franceabris.com\/BLOG\/wp-content\/uploads\/2014\/12\/Abri-moto-charpente-metallique.jpg 628w\" sizes=\"(max-width: 587px) 100vw, 587px\" \/><figcaption id=\"caption-attachment-4238\" class=\"wp-caption-text\">Cr\u00e9ation d&rsquo;un abri deux roues avec des charpentes toit plat ou toit monopente. Tr\u00e8s pratique pour des abris d\u00e9di\u00e9s \u00e0 la mobilit\u00e9 !<\/figcaption><\/figure>\n<figure id=\"attachment_3791\" aria-describedby=\"caption-attachment-3791\" style=\"width: 582px\" class=\"wp-caption aligncenter\"><img decoding=\"async\" loading=\"lazy\" class=\"wp-image-3791 size-large\" style=\"border: 1px solid #000000;\" src=\"https:\/\/www.franceabris.com\/BLOG\/wp-content\/uploads\/2014\/10\/Charpente-metallique-voitures-toit-simple-pente-582x437.jpg\" alt=\"abri carport modulable en m\u00e9tal\" width=\"582\" height=\"437\" srcset=\"https:\/\/www.franceabris.com\/BLOG\/wp-content\/uploads\/2014\/10\/Charpente-metallique-voitures-toit-simple-pente-582x437.jpg 582w, https:\/\/www.franceabris.com\/BLOG\/wp-content\/uploads\/2014\/10\/Charpente-metallique-voitures-toit-simple-pente-130x98.jpg 130w, https:\/\/www.franceabris.com\/BLOG\/wp-content\/uploads\/2014\/10\/Charpente-metallique-voitures-toit-simple-pente-320x240.jpg 320w, https:\/\/www.franceabris.com\/BLOG\/wp-content\/uploads\/2014\/10\/Charpente-metallique-voitures-toit-simple-pente.jpg 600w\" sizes=\"(max-width: 582px) 100vw, 582px\" \/><figcaption id=\"caption-attachment-3791\" class=\"wp-caption-text\">Ajustement des bardages, ouverture ou fermeture des pignons, hauteurs utiles variables : les charpentes laissent beaucoup de possibilit\u00e9s pour s&rsquo;adapter aux situations de nos clients professionnels.<\/figcaption><\/figure>\n<p>&nbsp;<\/p>\n","protected":false},"excerpt":{"rendered":"<p>Comment monter une charpente m\u00e9tallique pro avec toit double pente ? FRANCE ABRIS s&rsquo;est pench\u00e9 sur la question et vous propose un petit guide en vid\u00e9o sur l&rsquo;installation des b\u00e2timents m\u00e9talliques modulables au pignon de 5, 6, 7 et 8 m de largeur. Ces hangars sont \u00e0 destination des professionnels et permettent l&rsquo;am\u00e9nagement de vastes &hellip; <a href=\"https:\/\/www.franceabris.com\/BLOG\/charpente-metallique-pro-avec-toit-double-pente-comment-se-monte-t-elle\/\" class=\"more-link\">Continuer la lecture de <span class=\"screen-reader-text\">Charpente m\u00e9tallique pro avec toit double pente : comment se monte-t-elle ?<\/span><\/a><\/p>\n","protected":false},"author":2,"featured_media":14146,"comment_status":"closed","ping_status":"closed","sticky":false,"template":"","format":"standard","meta":[],"categories":[1],"tags":[],"_links":{"self":[{"href":"https:\/\/www.franceabris.com\/BLOG\/wp-json\/wp\/v2\/posts\/14147"}],"collection":[{"href":"https:\/\/www.franceabris.com\/BLOG\/wp-json\/wp\/v2\/posts"}],"about":[{"href":"https:\/\/www.franceabris.com\/BLOG\/wp-json\/wp\/v2\/types\/post"}],"author":[{"embeddable":true,"href":"https:\/\/www.franceabris.com\/BLOG\/wp-json\/wp\/v2\/users\/2"}],"replies":[{"embeddable":true,"href":"https:\/\/www.franceabris.com\/BLOG\/wp-json\/wp\/v2\/comments?post=14147"}],"version-history":[{"count":0,"href":"https:\/\/www.franceabris.com\/BLOG\/wp-json\/wp\/v2\/posts\/14147\/revisions"}],"wp:featuredmedia":[{"embeddable":true,"href":"https:\/\/www.franceabris.com\/BLOG\/wp-json\/wp\/v2\/media\/14146"}],"wp:attachment":[{"href":"https:\/\/www.franceabris.com\/BLOG\/wp-json\/wp\/v2\/media?parent=14147"}],"wp:term":[{"taxonomy":"category","embeddable":true,"href":"https:\/\/www.franceabris.com\/BLOG\/wp-json\/wp\/v2\/categories?post=14147"},{"taxonomy":"post_tag","embeddable":true,"href":"https:\/\/www.franceabris.com\/BLOG\/wp-json\/wp\/v2\/tags?post=14147"}],"curies":[{"name":"wp","href":"https:\/\/api.w.org\/{rel}","templated":true}]}}