{"id":14154,"date":"2023-05-11T20:33:05","date_gmt":"2023-05-11T19:33:05","guid":{"rendered":"https:\/\/www.franceabris.com\/BLOG\/?p=14154"},"modified":"2023-05-09T21:44:25","modified_gmt":"2023-05-09T20:44:25","slug":"realisation-lexcellence-dun-abri-composite","status":"publish","type":"post","link":"https:\/\/www.franceabris.com\/BLOG\/realisation-lexcellence-dun-abri-composite\/","title":{"rendered":"R\u00e9alisation : l&rsquo;excellence d&rsquo;un abri composite !"},"content":{"rendered":"<p style=\"text-align: justify;\">Comme on le dit souvent, pour bien comprendre comment se pr\u00e9sente un abri de jardin, le mieux est encore de le voir en situation&#8230; Et cela tombe bien : l&rsquo;un de nos clients a mont\u00e9 chez lui <strong>un abri composite<\/strong> d&rsquo;une bien jolie mani\u00e8re ! Le r\u00e9sultat est particuli\u00e8rement r\u00e9ussi et met vraiment en valeur les qualit\u00e9s de ce mod\u00e8le. Un mod\u00e8le disponible sous la r\u00e9f\u00e9rence ID6011 qui permet d&rsquo;investir 18 m\u00b2 de surface.<\/p>\n<p style=\"text-align: justify;\"><strong>Les atouts de cette structure<\/strong> sont nombreux. En vrac, citons : la pr\u00e9sence de l&rsquo;auvent qui offre une polyvalence appr\u00e9ciable \u00e0 ce tr\u00e8s sympathique kit ; les lames composite qui le composent, un mat\u00e9riau plus que jamais dans l&rsquo;air du temps&#8230; et appr\u00e9ci\u00e9 ! Le coloris \u00e9galement, ainsi que la double porte vitr\u00e9e verrouillable et s\u00e9curis\u00e9e&#8230; Sans parler du format lui-m\u00eame, des dimensions, qui permettent d&rsquo;\u00eatre tr\u00e8s \u00e0 l&rsquo;aise au quotidien.<\/p>\n<p style=\"text-align: justify;\">Visite improvis\u00e9e.<\/p>\n<h2 style=\"text-align: justify;\">D\u00e9couverte d&rsquo;une r\u00e9alisation de grande qualit\u00e9, un abri composite disponible sous la r\u00e9f\u00e9rence ID6011 !<\/h2>\n<p style=\"text-align: justify;\">C&rsquo;est du c\u00f4t\u00e9 de <span style=\"color: #ff9900;\"><a style=\"color: #ff9900;\" href=\"https:\/\/www.franceabris.com\/392-pool-house-en-composite\" target=\"_blank\" rel=\"noopener\">la gamme abri composite<\/a><\/span> qu&rsquo;il faut regarder pour d\u00e9nicher ce superbe mod\u00e8le, disponible sous la r\u00e9f\u00e9rence ID6011. Preuve de sa polyvalence, il est souvent cat\u00e9goris\u00e9 comme un pool house ! Mais il a \u00e9videmment toutes les qualit\u00e9s pour servir de bien des mani\u00e8res.<\/p>\n<h3 style=\"text-align: justify;\">Vu de loin : une installation r\u00e9ussie pour cet abri composite !<\/h3>\n<p style=\"text-align: justify;\">Vu de loin, l&rsquo;on est frapp\u00e9 par <strong>le tr\u00e8s joli cadre de cet abri composite<\/strong>. De la verdure, une petite pelouse et des arbres \u00e0 l&rsquo;arri\u00e8re : l&rsquo;implantation est top. Ne croyez pas la chose anodine ! En effet, le cadre de votre cabane de rangement ou de votre chalet a une incidence sur la fa\u00e7on dont vous allez l&rsquo;utiliser, sur vos perspectives&#8230; et le confort d&rsquo;usage au quotidien. L&rsquo;on peut \u00e9videmment avoir une approche exclusivement pratique et pragmatique de sa cabane de stockage ; mais, dans ce cas, opter pour un tel abri composite avec auvent n&rsquo;est pas forc\u00e9ment la meilleure id\u00e9e (autant choisir un kit enti\u00e8rement tourn\u00e9 vers le fonctionnel, \u00e0 un prix pas cher).<\/p>\n<figure id=\"attachment_14157\" aria-describedby=\"caption-attachment-14157\" style=\"width: 583px\" class=\"wp-caption aligncenter\"><a href=\"https:\/\/www.franceabris.com\/392-pool-house-en-composite\"><img decoding=\"async\" loading=\"lazy\" class=\"wp-image-14157 size-large\" style=\"border: 1px solid #000000;\" src=\"https:\/\/www.franceabris.com\/BLOG\/wp-content\/uploads\/2023\/05\/6011-abri-jardin-composite-paysage-583x437.jpeg\" alt=\"abri composite\" width=\"583\" height=\"437\" srcset=\"https:\/\/www.franceabris.com\/BLOG\/wp-content\/uploads\/2023\/05\/6011-abri-jardin-composite-paysage-583x437.jpeg 583w, https:\/\/www.franceabris.com\/BLOG\/wp-content\/uploads\/2023\/05\/6011-abri-jardin-composite-paysage-320x240.jpeg 320w, https:\/\/www.franceabris.com\/BLOG\/wp-content\/uploads\/2023\/05\/6011-abri-jardin-composite-paysage-131x98.jpeg 131w, https:\/\/www.franceabris.com\/BLOG\/wp-content\/uploads\/2023\/05\/6011-abri-jardin-composite-paysage-768x576.jpeg 768w, https:\/\/www.franceabris.com\/BLOG\/wp-content\/uploads\/2023\/05\/6011-abri-jardin-composite-paysage.jpeg 1280w\" sizes=\"(max-width: 583px) 100vw, 583px\" \/><\/a><figcaption id=\"caption-attachment-14157\" class=\"wp-caption-text\">R\u00e9f\u00e9rence ID6011 pour cet abri composite. 18,45 m\u00b2 de surface hors tout avec une partie close, cabanon de jardin, et une autre ouverte, sous un auvent de terrasse. Les possibilit\u00e9s d&rsquo;am\u00e9nagement sont nombreuses, d&rsquo;autant que les finitions de ce kit en font un ouvrage d&rsquo;excellente facture.<\/figcaption><\/figure>\n<h4 style=\"text-align: justify;\">Un joli coloris teck pour cet abri jardin<\/h4>\n<p style=\"text-align: justify;\">L&rsquo;on est \u00e9galement frapp\u00e9 par <strong>le joli coloris teck<\/strong> de ce kit. Ce n&rsquo;est pas commun. Surtout, mari\u00e9 au composite, cela contribue \u00e0 donner un effet bois, naturel, particuli\u00e8rement r\u00e9ussi. Le pack terrasse permet \u00e9galement de \u00ab\u00a0finir\u00a0\u00bb la partie auvent et de rendre la dalle b\u00e9ton plus accueillante. C&rsquo;est, en somme, sans aucun doute, une cr\u00e9ation de qualit\u00e9 !<\/p>\n<h3 style=\"text-align: justify;\">Vu de pr\u00e8s : mat\u00e9riaux et fonctionnalit\u00e9s&#8230; c&rsquo;est un abri de jardin de haut-niveau !<\/h3>\n<p style=\"text-align: justify;\">Mais c&rsquo;est \u00e9videmment en s&rsquo;approchant que l&rsquo;on peut se rendre compte de toutes ses nombreuses qualit\u00e9s. En vrac&#8230;<\/p>\n<ul>\n<li style=\"text-align: justify;\">Le mat\u00e9riau, ce composite si int\u00e9ressant et appr\u00e9ci\u00e9 de nos jours.<\/li>\n<li style=\"text-align: justify;\">Le petit toit l\u00e9g\u00e8rement monopente.<\/li>\n<li style=\"text-align: justify;\">Les dimensions, tr\u00e8s adapt\u00e9es \u00e0 de nombreux usages.<\/li>\n<\/ul>\n<h4 style=\"text-align: justify;\">Tout le monde aime le bois composite !<\/h4>\n<p style=\"text-align: justify;\">Les lames composite sont des lames menuis\u00e9es alv\u00e9olaires qui s&#8217;embo\u00eetent les unes dans les autres. La toiture, quant \u00e0 elle, est en bac acier. L&rsquo;utilisation de ces mat\u00e9riaux assure une dur\u00e9e de vie imbattable \u00e0 la structure qui profite, d&rsquo;ailleurs, d&rsquo;une garantie de sept ans. Ce qu&rsquo;on appelle composite est, en effet,<strong> la combinaison de fibres v\u00e9g\u00e9tales et de r\u00e9sine PVC ou de polypropyl\u00e8ne<\/strong>. Le r\u00e9sultat est optimal : le composite r\u00e9siste aux intemp\u00e9ries et est imputrescible, l\u00e0 o\u00f9 le bois souffre de l&rsquo;humidit\u00e9. Il associe, en somme, les qualit\u00e9s de bois et de mati\u00e8res thermoplastiques. C&rsquo;est un mat\u00e9riau pl\u00e9biscit\u00e9 en ce moment. La raison ? Il ne r\u00e9clame pas d&rsquo;entretien et ne bouge quasiment pas dans le temps. Constance et autonomie : le r\u00eave de tout propri\u00e9taire de maison qui ne veut pas s&#8217;emb\u00eater avec un entretien trop chronophage.<\/p>\n<h4 style=\"text-align: justify;\">La touche originale avec le toit l\u00e9g\u00e8rement monopente<\/h4>\n<p style=\"text-align: justify;\">Evidemment, en faisant un peu le tour, \u00e0 courte distance, de cet abri composite, l&rsquo;on remarque aussi d&rsquo;autres caract\u00e9ristiques. <strong>Le toit monopente, par exemple :<\/strong> une pente tr\u00e8s l\u00e9g\u00e8re, \u00e0 10\u00b0, qui offre une silhouette tr\u00e8s esth\u00e9tique \u00e0 l&rsquo;abri, tout en facilitant l&rsquo;\u00e9vacuation des eaux en cas d&rsquo;averse. Un toit qui se rapproche du toit plat, sans souffrir, l\u00e0 encore, des d\u00e9fauts de ce dernier !<\/p>\n<figure id=\"attachment_11843\" aria-describedby=\"caption-attachment-11843\" style=\"width: 607px\" class=\"wp-caption aligncenter\"><a href=\"https:\/\/www.franceabris.com\/392-pool-house-en-composite\"><img decoding=\"async\" loading=\"lazy\" class=\"wp-image-11843 size-large\" style=\"border: 1px solid #000000;\" src=\"https:\/\/www.franceabris.com\/BLOG\/wp-content\/uploads\/2020\/10\/abri-poolhouse-piscine-607x382.jpg\" alt=\"l'abri jardin composite fait un excellent pool house\" width=\"607\" height=\"382\" srcset=\"https:\/\/www.franceabris.com\/BLOG\/wp-content\/uploads\/2020\/10\/abri-poolhouse-piscine-607x382.jpg 607w, https:\/\/www.franceabris.com\/BLOG\/wp-content\/uploads\/2020\/10\/abri-poolhouse-piscine-381x240.jpg 381w, https:\/\/www.franceabris.com\/BLOG\/wp-content\/uploads\/2020\/10\/abri-poolhouse-piscine-156x98.jpg 156w, https:\/\/www.franceabris.com\/BLOG\/wp-content\/uploads\/2020\/10\/abri-poolhouse-piscine-768x483.jpg 768w, https:\/\/www.franceabris.com\/BLOG\/wp-content\/uploads\/2020\/10\/abri-poolhouse-piscine-422x267.jpg 422w, https:\/\/www.franceabris.com\/BLOG\/wp-content\/uploads\/2020\/10\/abri-poolhouse-piscine.jpg 782w\" sizes=\"(max-width: 607px) 100vw, 607px\" \/><\/a><figcaption id=\"caption-attachment-11843\" class=\"wp-caption-text\">Ce genre d&rsquo;abri jardin fait d&rsquo;excellents pool houses. La raison ? Pour une piscine, on a souvent besoin d&rsquo;une partie close et d&rsquo;une autre abrit\u00e9e. Dans le cabanon, on am\u00e9nage des rangements pour les accessoires du bassin et on pr\u00e9voit son installation technique. Sous l&rsquo;auvent, on imagine pouvoir cr\u00e9er un espace de terrasse agr\u00e9able. Ici, un mod\u00e8le de la m\u00eame gamme dans une version plus petite !<\/figcaption><\/figure>\n<h4 style=\"text-align: justify;\">Au total, 18,45 m\u00b2 de surface hors tout<\/h4>\n<p style=\"text-align: justify;\">Quant aux dimensions, que l&rsquo;on peut plus ais\u00e9ment juger d&rsquo;un peu plus pr\u00e8s, on les appr\u00e9cie rapidement. 6,05 m de largeur pour 3,05 m de profondeur et un fa\u00eetage \u00e0 2,52 m. Les parois font 28 mm d&rsquo;\u00e9paisseur et les portes, ouvertes, laissent 1,45 m de largeur de passage. <strong>18,45 m\u00b2 de surface hors tout<\/strong>, en comptant l&rsquo;auvent et le cabanon ! Cela laisse bien des possibilit\u00e9s d&rsquo;am\u00e9nagement.<\/p>\n<h3 style=\"text-align: justify;\">Et dedans ?<\/h3>\n<p style=\"text-align: justify;\">Une petite pi\u00e8ce confortable, de 2,8 m pour 2,9 m, soit 8 m\u00b2 environ. Suffisant pour y greffer des rangements intelligents ! Une armoire qui ferme, bien s\u00fbr, afin de s\u00e9curiser les produits d&rsquo;entretien toxiques, ainsi que le contenu qui craint l&rsquo;exposition. Un coffre \u00e9galement, pour les jeux des enfants, par exemple, ou le rangement en vrac. Des \u00e9tag\u00e8res, des rangements suspendus&#8230; 8 m\u00b2 au sol, c&rsquo;est une petite surface ; mais un cabanon de stockage de ce genre<strong> est avant tout un volume<\/strong>. Il faut donc l&rsquo;envisager dans la verticalit\u00e9 pour en tirer la quintessence et toutes les possibilit\u00e9s. L&rsquo;on appr\u00e9ciera aussi la lumi\u00e8re, puisque la porte \u00e0 deux battants b\u00e9n\u00e9ficie d&rsquo;un double vitrage qui garantit une luminosit\u00e9 naturelle agr\u00e9able \u00e0 l&rsquo;int\u00e9rieur.<\/p>\n<h4 style=\"text-align: justify;\">Besoin d&rsquo;une terrasse avec l&rsquo;abri composite ?<\/h4>\n<p style=\"text-align: justify;\">Quant \u00e0 l&rsquo;auvent, dessous, l&rsquo;on y est bien&#8230; c&rsquo;est certain ! <strong>Avec le pack terrasse<\/strong> en option, l&rsquo;on peut couvrir sa dalle de lames composite qui permettent d&rsquo;aller un peu plus loin dans les am\u00e9nagements. Et de cr\u00e9er une v\u00e9ritable terrasse exploitable ! \u00c9videmment, si l&rsquo;on souhaite y faire avant tout du stockage, la terrasse n&rsquo;est qu&rsquo;une option. Il faudra plut\u00f4t imaginer des espaces fonctionnels afin de profiter de ce toit protecteur !<\/p>\n","protected":false},"excerpt":{"rendered":"<p>Comme on le dit souvent, pour bien comprendre comment se pr\u00e9sente un abri de jardin, le mieux est encore de le voir en situation&#8230; Et cela tombe bien : l&rsquo;un de nos clients a mont\u00e9 chez lui un abri composite d&rsquo;une bien jolie mani\u00e8re ! Le r\u00e9sultat est particuli\u00e8rement r\u00e9ussi et met vraiment en valeur &hellip; <a href=\"https:\/\/www.franceabris.com\/BLOG\/realisation-lexcellence-dun-abri-composite\/\" class=\"more-link\">Continuer la lecture de <span class=\"screen-reader-text\">R\u00e9alisation : l&rsquo;excellence d&rsquo;un abri composite !<\/span><\/a><\/p>\n","protected":false},"author":2,"featured_media":14158,"comment_status":"closed","ping_status":"closed","sticky":false,"template":"","format":"standard","meta":[],"categories":[3,61],"tags":[],"_links":{"self":[{"href":"https:\/\/www.franceabris.com\/BLOG\/wp-json\/wp\/v2\/posts\/14154"}],"collection":[{"href":"https:\/\/www.franceabris.com\/BLOG\/wp-json\/wp\/v2\/posts"}],"about":[{"href":"https:\/\/www.franceabris.com\/BLOG\/wp-json\/wp\/v2\/types\/post"}],"author":[{"embeddable":true,"href":"https:\/\/www.franceabris.com\/BLOG\/wp-json\/wp\/v2\/users\/2"}],"replies":[{"embeddable":true,"href":"https:\/\/www.franceabris.com\/BLOG\/wp-json\/wp\/v2\/comments?post=14154"}],"version-history":[{"count":0,"href":"https:\/\/www.franceabris.com\/BLOG\/wp-json\/wp\/v2\/posts\/14154\/revisions"}],"wp:featuredmedia":[{"embeddable":true,"href":"https:\/\/www.franceabris.com\/BLOG\/wp-json\/wp\/v2\/media\/14158"}],"wp:attachment":[{"href":"https:\/\/www.franceabris.com\/BLOG\/wp-json\/wp\/v2\/media?parent=14154"}],"wp:term":[{"taxonomy":"category","embeddable":true,"href":"https:\/\/www.franceabris.com\/BLOG\/wp-json\/wp\/v2\/categories?post=14154"},{"taxonomy":"post_tag","embeddable":true,"href":"https:\/\/www.franceabris.com\/BLOG\/wp-json\/wp\/v2\/tags?post=14154"}],"curies":[{"name":"wp","href":"https:\/\/api.w.org\/{rel}","templated":true}]}}