{"id":14358,"date":"2023-09-22T10:13:26","date_gmt":"2023-09-22T09:13:26","guid":{"rendered":"https:\/\/www.franceabris.com\/BLOG\/?p=14358"},"modified":"2023-09-21T10:17:21","modified_gmt":"2023-09-21T09:17:21","slug":"shedworking-la-tendance-du-micro-bureau-de-jardin-au-chalet-pro","status":"publish","type":"post","link":"https:\/\/www.franceabris.com\/BLOG\/shedworking-la-tendance-du-micro-bureau-de-jardin-au-chalet-pro\/","title":{"rendered":"Shedworking : la tendance du micro bureau de jardin au chalet pro"},"content":{"rendered":"<p style=\"text-align: justify;\"><strong>Le shedworking fait parler.<\/strong> Ce ph\u00e9nom\u00e8ne ne s&rsquo;est pas encore impos\u00e9 en France, mais il se d\u00e9veloppe chaque jour un peu plus pour diverses raisons. Prolongement logique de la tendance toujours plus affirm\u00e9e (et revendiqu\u00e9e !) du t\u00e9l\u00e9travail, il consiste \u00e0 ramener son activit\u00e9 professionnelle chez soi, dans un micro bureau de jardin am\u00e9nag\u00e9 ou dans un chalet pro.<\/p>\n<p style=\"text-align: justify;\"><strong>Les t\u00e9l\u00e9travailleurs ont pu \u00e9prouver leurs m\u00e9thodes<\/strong> durant le COVID. Le constat est sans appel : quand on est en maison, travailler dans un bureau d\u00e9di\u00e9, \u00e0 part enti\u00e8re, \u00e0 une activit\u00e9 professionnelle rel\u00e8ve parfois d&rsquo;une gageure. La pi\u00e8ce n&rsquo;est pas forc\u00e9ment adapt\u00e9e ni au travail en question, ni \u00e0 toutes les activit\u00e9s ; elle n&rsquo;est pas toujours assez grande ; elle peut \u00eatre bruyante&#8230;<\/p>\n<p style=\"text-align: justify;\">Et l&rsquo;on se prend parfois \u00e0 r\u00eaver d&rsquo;une cabane au fond du jardin o\u00f9 l&rsquo;on pourrait t\u00e9l\u00e9travailler en paix&#8230; C&rsquo;est le shedworking !<\/p>\n<h2 style=\"text-align: justify;\">Avec le shedworking, le t\u00e9l\u00e9travail se passe d\u00e9sormais dans un micro bureau de jardin ou dans un chalet pro install\u00e9 au fond du jardin !<\/h2>\n<p style=\"text-align: justify;\">FRANCE ABRIS propose depuis de nombreuses ann\u00e9es des solutions, <span style=\"color: #ff9900;\"><a style=\"color: #ff9900;\" href=\"https:\/\/www.franceabris.com\/74-chalet-bois-kit-maison-de-jardin-bureau\" target=\"_blank\" rel=\"noopener\">d&rsquo;abris et de chalets permettant de faire du shed working<\/a><\/span>. Ces solutions sont des bureaux de jardin en kit, en bois, qui permettent de cr\u00e9er tr\u00e8s simplement un environnement de travail unique \u00e0 domicile. Pour s&rsquo;\u00e9quiper et faire du home office en toute tranquillit\u00e9 !<\/p>\n<h3 style=\"text-align: justify;\">Le shedworking, une tendance qui s&rsquo;impose chez les Anglo-Saxons<\/h3>\n<p style=\"text-align: justify;\">2,5 millions.<span style=\"color: #ff9900;\"><a style=\"color: #ff9900;\" href=\"https:\/\/www.theguardian.com\/money\/2009\/apr\/25\/working-from-home-garden-office-shed1\" target=\"_blank\" rel=\"noopener\"> Selon Emma Jones<\/a><\/span>, une entrepreneuse sp\u00e9cialis\u00e9e dans le t\u00e9l\u00e9travail interrog\u00e9e par le Guardian, il y aurait 2,5 millions d&rsquo;activit\u00e9s professionnelles g\u00e9r\u00e9es, men\u00e9es et d\u00e9velopp\u00e9es \u00e0 domicile outre-Manche. Et c&rsquo;est sans compter les salari\u00e9s qui, de plus en plus, n\u00e9gocient des jours de t\u00e9l\u00e9travail avec leur direction. La suite logique d&rsquo;une telle tendance ? <strong>C&rsquo;est le shedworking, \u00e9videmment.<\/strong> Le travail dans un micro bureau de jardin ou un chalet pro \u00e0 domicile. <em>\u00ab\u00a0Nous avons constat\u00e9 une augmentation significative du nombre de propri\u00e9taires d&rsquo;entreprises s&rsquo;installant dans leur jardin pour g\u00e9rer leur activit\u00e9\u00a0\u00bb<\/em>, continue Emma Jones.<\/p>\n<h4>La chambre d&rsquo;amis, la pi\u00e8ce n\u00b01 pour le t\u00e9l\u00e9travail<\/h4>\n<p style=\"text-align: justify;\">Alors, \u00e9videmment, la solution qui reste toujours la plus pris\u00e9e pour organiser son home office, c&rsquo;est <strong>le bureau DANS la maison<\/strong>. La chambre d&rsquo;amis, en somme. <em>\u00ab\u00a0Nos enqu\u00eates sugg\u00e8rent que la chambre d&rsquo;amis reste, en effet, l&rsquo;espace de t\u00e9l\u00e9travail le plus populaire. Mais elle est d\u00e9sormais suivie de tr\u00e8s, tr\u00e8s pr\u00e8s par le bureau de jardin.\u00a0\u00bb<\/em> Logique : tous les t\u00e9l\u00e9travailleurs ne sont pas en maison avec jardin. Tous n&rsquo;ont pas non plus un ext\u00e9rieur suffisamment spacieux. Et tous n&rsquo;ont pas le budget n\u00e9cessaire \u00e0 ces am\u00e9nagements !<\/p>\n<figure id=\"attachment_14362\" aria-describedby=\"caption-attachment-14362\" style=\"width: 450px\" class=\"wp-caption aligncenter\"><img decoding=\"async\" loading=\"lazy\" class=\"wp-image-14362\" style=\"border: 1px solid #000000;\" src=\"https:\/\/www.franceabris.com\/BLOG\/wp-content\/uploads\/2023\/09\/teletravail-chambre-d-amis.png\" alt=\"Le t\u00e9l\u00e9travail dans la chambre d\u2019amis, une bonne id\u00e9e ?\" width=\"450\" height=\"289\" srcset=\"https:\/\/www.franceabris.com\/BLOG\/wp-content\/uploads\/2023\/09\/teletravail-chambre-d-amis.png 700w, https:\/\/www.franceabris.com\/BLOG\/wp-content\/uploads\/2023\/09\/teletravail-chambre-d-amis-373x240.png 373w, https:\/\/www.franceabris.com\/BLOG\/wp-content\/uploads\/2023\/09\/teletravail-chambre-d-amis-607x390.png 607w, https:\/\/www.franceabris.com\/BLOG\/wp-content\/uploads\/2023\/09\/teletravail-chambre-d-amis-152x98.png 152w\" sizes=\"(max-width: 450px) 100vw, 450px\" \/><figcaption id=\"caption-attachment-14362\" class=\"wp-caption-text\">Faire son bureau dans la chambre d\u2019amis, c\u2019est la solution la plus facile \u00e0 mettre en oeuvre. Mais est-ce la plus pratique ? Rien n\u2019est moins s\u00fbr !<\/figcaption><\/figure>\n<h4 style=\"text-align: justify;\">Le bureau de jardin, c&rsquo;est une pi\u00e8ce r\u00e9ellement d\u00e9di\u00e9e au travail<\/h4>\n<p style=\"text-align: justify;\">Mais cette chambre d&rsquo;amis pr\u00e9sente de nombreux inconv\u00e9nients :<\/p>\n<ul>\n<li style=\"text-align: justify;\">Elle est g\u00e9n\u00e9ralement <strong>am\u00e9nag\u00e9e en chambre d&rsquo;amis<\/strong>, pas seulement en bureau, justement, avec un mobilier volumineux &#8211; par exemple, un canap\u00e9 convertible, en plus du bureau pour travailler ;<\/li>\n<li style=\"text-align: justify;\">Sa surface peut \u00eatre suffisante&#8230; ou pas ! Car l&rsquo;on peut avoir besoin d&rsquo;un bureau avec une remise attenante pour faire du stockage plut\u00f4t qu&rsquo;une pi\u00e8ce seule et simple ;<\/li>\n<li style=\"text-align: justify;\">Elle est aussi dans la maison, \u00e0 proximit\u00e9 d&rsquo;autres chambres et pi\u00e8ces, potentiellement tr\u00e8s expos\u00e9e au bruit du foyer (et des enfants notamment !) ;<\/li>\n<li style=\"text-align: justify;\"><strong>La chambre d&rsquo;amis ne permet pas d&rsquo;avoir pleinement la paix<\/strong> quand on le souhaite vraiment. Elle est accessible par les autres membres du foyer ;<\/li>\n<li style=\"text-align: justify;\">Et elle grignote de la place en int\u00e9rieur, place dont vous pouvez avoir besoin par ailleurs pour d&rsquo;autres projets d&rsquo;am\u00e9nagements.<\/li>\n<li style=\"text-align: justify;\">Enfin, toutes les activit\u00e9s professionnelles ne peuvent \u00eatre pratiqu\u00e9es dans une telle pi\u00e8ce. <strong>Qui accueille un client dans une chambre d&rsquo;amis ?<\/strong><\/li>\n<\/ul>\n<p style=\"text-align: justify;\">Rien \u00e0 voir, donc, avec le shedworking dans un micro bureau de jardin ou dans un chalet pro&#8230; Ces derniers sont pens\u00e9s pour le travail, quelle que soit l&rsquo;activit\u00e9 pratiqu\u00e9e. Ils proposent une grande vari\u00e9t\u00e9 de formats dans toutes les dimensions pour s&rsquo;adapter \u00e0 tous les business !<\/p>\n<h3 style=\"text-align: justify;\">Le micro bureau de jardin, une tendance qui vient de loin<\/h3>\n<p style=\"text-align: justify;\">Si la tendance para\u00eet nouvelle, mue par la transformation progressive de la mani\u00e8re de travailler, <strong>le mythe du travailleur au fond du jardin<\/strong>, dans un bureau, une cabane, un chalet existe depuis bien longtemps. Ce fond du jardin, c&rsquo;est la tranquillit\u00e9, dans l&rsquo;imaginaire collectif. L&rsquo;article du Guardian \u00e9voque d&rsquo;ailleurs les nombreux artistes et \u00e9crivains qui, de tout temps, ont trouv\u00e9 refuge \u00e0 quelques encablures de leur domicile&#8230; L&rsquo;\u00e9crivain jeunesse Roald Dahl, le philosophe Henry Thoreau, Henry Moore, sculpteur, voire le po\u00e8te Williams Cowper qui, lui, aurait m\u00eame eu une chambre \u00e0 bouder en ext\u00e9rieur, espace privil\u00e9gi\u00e9 o\u00f9 broyer du noir loin de toute soci\u00e9t\u00e9.<\/p>\n<h4 style=\"text-align: justify;\">Le retour \u00e0 \u00ab\u00a0une tradition du travail \u00e0 la maison\u00a0\u00bb<\/h4>\n<p style=\"text-align: justify;\">Un auteur, journaliste pour The Independent, Alex Johnson, a d&rsquo;ailleurs \u00e9tudi\u00e9 en profondeur<strong> le ph\u00e9nom\u00e8ne du shedworking<\/strong>, publiant un ouvrage, <span style=\"font-weight: 400;\"><span style=\"text-decoration: underline;\">Shedworking : The Alternative Workplace Revolution<\/span>. C&rsquo;\u00e9tait en 2013, le travail d&rsquo;un visionnaire \u00e0 sa mani\u00e8re.<\/span><span style=\"font-weight: 400;\"><em> \u00ab\u00a0La r\u00e9volution industrielle a transform\u00e9 l\u2019organisation du travail\u00a0\u00bb<\/em>, \u00e9crit-il. <em>\u00ab\u00a0Aujourd\u2019hui, la majorit\u00e9 d\u2019entre nous est contrainte de se d\u00e9placer tous les jours pour se rendre dans des \u00ab\u00a0bureaux-usines\u00a0\u00bb avant de rentrer chez soi. Le shedworking est, selon moi, un retour \u00e0 une tradition du travail \u00e0 la maison et des industries familiales qui existaient auparavant.\u00a0\u00bb<\/em><\/span><\/p>\n<figure id=\"attachment_14361\" aria-describedby=\"caption-attachment-14361\" style=\"width: 450px\" class=\"wp-caption aligncenter\"><img decoding=\"async\" loading=\"lazy\" class=\"wp-image-14361\" style=\"border: 1px solid #000000;\" src=\"https:\/\/www.franceabris.com\/BLOG\/wp-content\/uploads\/2023\/09\/atelier-artiste-shredworking.png\" alt=\"Les artistes font du shedworking depuis bien longtemps\" width=\"450\" height=\"289\" srcset=\"https:\/\/www.franceabris.com\/BLOG\/wp-content\/uploads\/2023\/09\/atelier-artiste-shredworking.png 700w, https:\/\/www.franceabris.com\/BLOG\/wp-content\/uploads\/2023\/09\/atelier-artiste-shredworking-373x240.png 373w, https:\/\/www.franceabris.com\/BLOG\/wp-content\/uploads\/2023\/09\/atelier-artiste-shredworking-607x390.png 607w, https:\/\/www.franceabris.com\/BLOG\/wp-content\/uploads\/2023\/09\/atelier-artiste-shredworking-152x98.png 152w\" sizes=\"(max-width: 450px) 100vw, 450px\" \/><figcaption id=\"caption-attachment-14361\" class=\"wp-caption-text\">Le mythe de l\u2019artiste ou de l\u2019\u00e9crivain qui travaille dans son chalet au fond du jardin existe depuis bien longtemps. Le shedworking n\u2019en est, finalement, qu\u2019une manifestation moderne !<\/figcaption><\/figure>\n<p style=\"text-align: justify;\">Un critique britannique, Gregory Johnson, r\u00e9sume ainsi ce travail et ce mouvement de fond en analysant l&rsquo;ouvrage : <em>\u00ab\u00a0Ce livre examine la raison pour laquelle avoir son bureau dans un abri de jardin est une mani\u00e8re plus \u00e9cologique de travailler, am\u00e9liore l&rsquo;\u00e9quilibre vie-travail et acc\u00e9l\u00e8re la productivit\u00e9.\u00a0\u00bb<\/em><\/p>\n<h3 style=\"text-align: justify;\">Les atouts du shedworking en chalet pro ?<\/h3>\n<p style=\"text-align: justify;\">Cela nous am\u00e8ne \u00e0 nous pencher sur les atouts du shedworking, qu&rsquo;\u00e9voquent Emma Jones et Gregory Johnson.<\/p>\n<ul>\n<li style=\"text-align: justify;\">Le meilleur \u00e9quilibre <strong>entre la vie personnelle et le travail<\/strong>.<\/li>\n<li style=\"text-align: justify;\">La productivit\u00e9, des \u00e9tudes mettant en avant une meilleure concentration et une plus grande satisfaction du t\u00e9l\u00e9travailleur.<\/li>\n<li style=\"text-align: justify;\">L&rsquo;organisation professionnelle, bien meilleure que dans une chambre d&rsquo;amis.<\/li>\n<li style=\"text-align: justify;\">Et l&rsquo;impact \u00e9cologique !<\/li>\n<\/ul>\n<h4 style=\"text-align: justify;\">Un impact \u00e9cologique \u00e9norme selon les sp\u00e9cialistes<\/h4>\n<p style=\"text-align: justify;\">Car ce dernier point est forc\u00e9ment l&rsquo;un de ceux avanc\u00e9s par les partisans du bureau de jardin !<em> \u00ab\u00a0C&rsquo;est bien plus vert de d\u00e9placer des mots, des nombres et des id\u00e9es plut\u00f4t que de d\u00e9placer des personnes\u00a0\u00bb<\/em>, d\u00e9taille Lloyd Alter, expert architectural, dans ce m\u00eame article du Guardian. <em>\u00ab\u00a0Aux Etats-Unis, presque tout le monde conduit pour aller au travail.\u00a0\u00bb<\/em> R\u00e9sultat : le shedworking aurait un impact \u00e9cologique \u00e9norme si les Am\u00e9ricains s&rsquo;y mettaient, avec une r\u00e9duction monumentale de la consommation de carburants. Les d\u00e9placements entre le domicile et le lieu de travail repr\u00e9senteraient<strong> 98% de l&#8217;empreinte carbone de chaque employ\u00e9<\/strong>. Et les t\u00e9l\u00e9travailleurs utiliseraient moiti\u00e9 moins d&rsquo;\u00e9lectricit\u00e9 que les salari\u00e9s traditionnels se rendant au travail.<\/p>\n<h4 style=\"text-align: justify;\">R\u00e9duire les d\u00e9penses li\u00e9es \u00e0 l&rsquo;installation d&rsquo;une activit\u00e9 lib\u00e9rale<\/h4>\n<p style=\"text-align: justify;\">Mais ce n&rsquo;est pas tout&#8230; Sur le plan financier, <strong>le shedworking a un bel impact pour tous les entrepreneurs<\/strong> qui d\u00e9cident de lancer une activit\u00e9. On le sait, aujourd&rsquo;hui, la question du bureau ou du local n&rsquo;est pas \u00e0 prendre \u00e0 la l\u00e9g\u00e8re pour ces professionnels. Louer des bureaux, c&rsquo;est d\u00e9penser beaucoup&#8230; Acheter ? Dans le contexte actuel, mieux vaut avoir les reins solides. Reste le coworking pour les professions lib\u00e9rales ou ceux qui n&rsquo;ont pas besoin de passer leurs journ\u00e9es devant un ordinateur. Certes. Mais le micro bureau de jardin ou le chalet pro permettent, eux, d&rsquo;investir une somme r\u00e9duite (par rapport \u00e0 ce que repr\u00e9senterait un achat immobilier ou la d\u00e9pense d&rsquo;un loyer sur plusieurs ann\u00e9es). Mieux, ils valorisent la maison et le terrain familiaux !<\/p>\n<figure id=\"attachment_14360\" aria-describedby=\"caption-attachment-14360\" style=\"width: 450px\" class=\"wp-caption aligncenter\"><img decoding=\"async\" loading=\"lazy\" class=\"wp-image-14360\" style=\"border: 1px solid #000000;\" src=\"https:\/\/www.franceabris.com\/BLOG\/wp-content\/uploads\/2023\/09\/coworking.png\" alt=\"Le coworking est une solution pour les entrepreneurs qui ne veulent pas perdre d\u2019argent\" width=\"450\" height=\"289\" srcset=\"https:\/\/www.franceabris.com\/BLOG\/wp-content\/uploads\/2023\/09\/coworking.png 700w, https:\/\/www.franceabris.com\/BLOG\/wp-content\/uploads\/2023\/09\/coworking-373x240.png 373w, https:\/\/www.franceabris.com\/BLOG\/wp-content\/uploads\/2023\/09\/coworking-607x390.png 607w, https:\/\/www.franceabris.com\/BLOG\/wp-content\/uploads\/2023\/09\/coworking-152x98.png 152w\" sizes=\"(max-width: 450px) 100vw, 450px\" \/><figcaption id=\"caption-attachment-14360\" class=\"wp-caption-text\">Quelles solutions s\u2019offrent aux entrepreneurs qui n\u2019ont pas le budget pour investir dans des locaux ou un bureau ? Le shedworking avec un chalet de jardin en bois \u00e0 domicile peut solutionner ce probl\u00e8me, tout comme les espaces de coworking ou l\u2019itin\u00e9rance (un bureau dans un van am\u00e9nag\u00e9, \u00e7a vous tente ?).<\/figcaption><\/figure>\n<p style=\"text-align: justify;\">Du c\u00f4t\u00e9 des salari\u00e9s, attention tout de m\u00eame&#8230; <span style=\"color: #ff9900;\"><a style=\"color: #ff9900;\" href=\"https:\/\/www.bfmtv.com\/economie\/emploi\/au-dela-de-2-jours-de-teletravail-la-productivite-des-salaries-aurait-tendance-a-baisser_AV-202307180451.html#:~:text=%22Pendant%20la%20pand%C3%A9mie%20de%20Covid,)%22%2C%20concluent%20les%20chercheurs.\" target=\"_blank\" rel=\"noopener\">Les \u00e9tudes montrent le double impact du t\u00e9l\u00e9travail.<\/a><\/span> Un \u00e0 deux jours de home office par semaine auraient tendance \u00e0 am\u00e9liorer la productivit\u00e9. Mais plus, sur le long terme, ferait sensiblement baisser cette derni\u00e8re !<\/p>\n<h2 style=\"text-align: justify;\">FRANCE ABRIS : pionnier du shedworking en France avec ses bureaux de jardin et chalets pros<\/h2>\n<p style=\"text-align: justify;\">A FRANCE ABRIS, cela fait des ann\u00e9es que l&rsquo;on accompagne les t\u00e9l\u00e9travailleurs dans leurs projets de bureau de jardin, de cabane&#8230; de shedworking. Avec une s\u00e9lection <span style=\"color: #ff9900;\"><a style=\"color: #ff9900;\" href=\"https:\/\/www.franceabris.com\/74-chalet-bois-kit-maison-de-jardin-bureau\" target=\"_blank\" rel=\"noopener\">de micro bureaux et de chalets pros<\/a><\/span> qui se divisent en trois cat\u00e9gories :<\/p>\n<ul>\n<li style=\"text-align: justify;\"><strong>Les micro bureaux de jardin<\/strong>, qui sont des cabanons bois en madriers de petite taille, petite surface, petites dimensions.<\/li>\n<li style=\"text-align: justify;\"><strong>Les chalets pros<\/strong>, qui peuvent prendre la forme de chalets bois pour le t\u00e9l\u00e9travail, un peu plus grand, proposant entre 8 et 12 m\u00b2.<\/li>\n<li style=\"text-align: justify;\"><strong>Et les bureaux de jardin<\/strong> les plus vastes, de plus de 20 m\u00b2, qui proposent deux ou trois pi\u00e8ces \u00e0 am\u00e9nager avec des fonctionnalit\u00e9s qui les rapprochent du petit appartement.<\/li>\n<\/ul>\n<h3 style=\"text-align: justify;\">La cabane au fond du jardin, l&rsquo;abri du shedworking<\/h3>\n<p style=\"text-align: justify;\">Ce n&rsquo;est pas la solution que nous priorisons pour un shedworking durable et efficace. N\u00e9anmoins, lorsqu&rsquo;on doit faire un peu de t\u00e9l\u00e9travail et se mettre au calme de temps en temps dans la journ\u00e9e, la cabane de jardin peut faire l&rsquo;affaire. Pas n&rsquo;importe laquelle, bien entendu ! Les cabanons peuvent vite devenir des espaces invivables&#8230; Non, <strong>si vous voulez un micro bureau de jardin<\/strong>, choisissez un mod\u00e8le :<\/p>\n<ul>\n<li style=\"text-align: justify;\">en bois, c&rsquo;est \u00e9vident, pour le comportement thermique ;<\/li>\n<li style=\"text-align: justify;\">en madriers de 19 mm, le minimum, pour la durabilit\u00e9 de la structure ;<\/li>\n<li style=\"text-align: justify;\">avec une ouverture, qui permet d&rsquo;avoir un peu de lumi\u00e8re naturelle \u00e0 l&rsquo;int\u00e9rieur.<\/li>\n<\/ul>\n<h4 style=\"text-align: justify;\">Le cabanon&#8230; pourquoi pas ?<\/h4>\n<p style=\"text-align: justify;\">L&rsquo;int\u00e9r\u00eat de ces cabanons de home office, c&rsquo;est qu&rsquo;ils se cr\u00e9ent tr\u00e8s vite et tr\u00e8s facilement. Le prix demeurera entre 500 et 1500\u20ac dans la plupart des cas. Si vous optez pour un mod\u00e8le de moins de 5 m\u00b2 de surface de plancher, <strong>vous n&rsquo;aurez pas de d\u00e9marches administratives<\/strong>, ni de taxe suppl\u00e9mentaire \u00e0 payer. Ils restent discrets et ne prennent quasiment pas de place en ext\u00e9rieur. Et si, un jour, vous n&rsquo;en avez plus l&rsquo;utilit\u00e9&#8230; rappelez-vous qu&rsquo;ils ont tout pour \u00eatre des cabanes de jardin traditionnelles !<\/p>\n<figure id=\"attachment_13065\" aria-describedby=\"caption-attachment-13065\" style=\"width: 397px\" class=\"wp-caption aligncenter\"><a href=\"https:\/\/www.franceabris.com\/107-abri-jardin-bois\"><img decoding=\"async\" loading=\"lazy\" class=\"wp-image-13065 size-full\" style=\"border: 1px solid #000000;\" src=\"https:\/\/www.franceabris.com\/BLOG\/wp-content\/uploads\/2022\/02\/5638-abri-jardin-bois-2.jpg\" alt=\"cabane de jardin bois pour le shedworking\" width=\"397\" height=\"291\" srcset=\"https:\/\/www.franceabris.com\/BLOG\/wp-content\/uploads\/2022\/02\/5638-abri-jardin-bois-2.jpg 397w, https:\/\/www.franceabris.com\/BLOG\/wp-content\/uploads\/2022\/02\/5638-abri-jardin-bois-2-327x240.jpg 327w, https:\/\/www.franceabris.com\/BLOG\/wp-content\/uploads\/2022\/02\/5638-abri-jardin-bois-2-134x98.jpg 134w\" sizes=\"(max-width: 397px) 100vw, 397px\" \/><\/a><figcaption id=\"caption-attachment-13065\" class=\"wp-caption-text\">R\u00e9f\u00e9rence ID5638. 4 m\u00b2 de surface utile, c&rsquo;est l&rsquo;\u00e9quivalent des box que peuvent proposer certaines entreprises pour passer des appels au calme. L&rsquo;avantage de ce cabanon de jardin ? Il n&rsquo;est pas en panneaux, mais en madriers de 19 mm, ce qui lui assure une confection de qualit\u00e9. Avec, en plus, une porte vitr\u00e9e ! Pas l&rsquo;id\u00e9al pour t\u00e9l\u00e9travailler toute la journ\u00e9e, bien s\u00fbr, mais mieux que rien pour avoir, de temps en temps, un peu de tranquillit\u00e9.<\/figcaption><\/figure>\n<h3 style=\"text-align: justify;\">Le chalet pro, l&rsquo;\u00e9quivalent de l&rsquo;atelier pour une activit\u00e9 professionnelle<\/h3>\n<p style=\"text-align: justify;\"><strong>Plus adapt\u00e9 au t\u00e9l\u00e9travail sur la dur\u00e9e<\/strong>, le chalet pro doit permettre de cr\u00e9er un bureau en ext\u00e9rieur. Ce chalet pr\u00e9sente g\u00e9n\u00e9ralement des caract\u00e9ristiques assez classiques. Sa surface autorise l&rsquo;am\u00e9nagement d&rsquo;un bureau confortable \u00e0 l&rsquo;int\u00e9rieur : c&rsquo;est la raison pour laquelle on recommande une dizaine de m\u00e8tres carr\u00e9s. L&rsquo;\u00e9quivalent de ce que pourrait faire votre chambre d&rsquo;amis dans la maison ! Comme il est essentiel, pour une activit\u00e9 s\u00e9dentaire, de ne pas trop souffrir des variations de temp\u00e9rature, le bois est LE mat\u00e9riau indispensable, tout comme les madriers dans une \u00e9paisseur maximale. Peut-\u00eatre faudra-t-il amender l&rsquo;isolation de la structure ? A vous de voir.<\/p>\n<h4 style=\"text-align: justify;\">La lumi\u00e8re, un aspect important du chalet pro<\/h4>\n<p style=\"text-align: justify;\">Pour le reste, faites attention aux ouvertures et \u00e0 la s\u00e9curit\u00e9, l&rsquo;un entra\u00eenant l&rsquo;autre. Tenez compte du climat et de l&rsquo;exposition, bien s\u00fbr. Mais, si vous le pouvez, faites aussi en sorte de profiter d&rsquo;une belle lumi\u00e8re naturelle \u00e0 l&rsquo;int\u00e9rieur du bureau. C&rsquo;est important pour le confort du shedworking ! Tout en restant vigilant \u00e0 la mani\u00e8re dont vous allez pouvoir<strong> s\u00e9curiser et fermer votre chalet pro<\/strong>.<\/p>\n<figure id=\"attachment_14029\" aria-describedby=\"caption-attachment-14029\" style=\"width: 582px\" class=\"wp-caption aligncenter\"><a href=\"https:\/\/www.franceabris.com\/299-abri-jardin-bois-gamme-premium\"><img decoding=\"async\" loading=\"lazy\" class=\"wp-image-14029 size-large\" style=\"border: 1px solid #000000;\" src=\"https:\/\/www.franceabris.com\/BLOG\/wp-content\/uploads\/2023\/04\/bureau-de-jardin-pro-2-582x437.jpg\" alt=\"bureau de jardin premium pour le t\u00e9l\u00e9travail\" width=\"582\" height=\"437\" srcset=\"https:\/\/www.franceabris.com\/BLOG\/wp-content\/uploads\/2023\/04\/bureau-de-jardin-pro-2-582x437.jpg 582w, https:\/\/www.franceabris.com\/BLOG\/wp-content\/uploads\/2023\/04\/bureau-de-jardin-pro-2-320x240.jpg 320w, https:\/\/www.franceabris.com\/BLOG\/wp-content\/uploads\/2023\/04\/bureau-de-jardin-pro-2-131x98.jpg 131w, https:\/\/www.franceabris.com\/BLOG\/wp-content\/uploads\/2023\/04\/bureau-de-jardin-pro-2-768x576.jpg 768w, https:\/\/www.franceabris.com\/BLOG\/wp-content\/uploads\/2023\/04\/bureau-de-jardin-pro-2.jpg 1195w\" sizes=\"(max-width: 582px) 100vw, 582px\" \/><\/a><figcaption id=\"caption-attachment-14029\" class=\"wp-caption-text\">R\u00e9f\u00e9rence ID3739. Un peu moins de 11 m\u00b2 de surface dans ce chalet pro bien pratique. Une pi\u00e8ce, mais beaucoup de luminosit\u00e9, gr\u00e2ce \u00e0 la double porte vitr\u00e9e verrouillable et s\u00e9curisable, que compl\u00e8te le ch\u00e2ssis fixe. L&rsquo;abri est d\u00e9j\u00e0 trait\u00e9 autoclave et la couverture est en EPDM, un mat\u00e9riau tr\u00e8s qualitatif qui se pose sur toit plat.<\/figcaption><\/figure>\n<h3 style=\"text-align: justify;\">Le bureau de jardin grand format<\/h3>\n<p style=\"text-align: justify;\">C&rsquo;est le choix ultime. Celui qui vise \u00e0 s&rsquo;installer, vraiment, dans son jardin comme dans un bureau \u00e0 part enti\u00e8re. <strong>Le bureau de jardin grand format fait g\u00e9n\u00e9ralement plus de 20 m\u00b2.<\/strong> Cela signifie qu&rsquo;il propose : ou une pi\u00e8ce unique tr\u00e8s vaste et lumineuse, autorisant toutes les envies sur le plan du mobilier. Ou deux pi\u00e8ces distinctes (voire plus), une principale assez grande, une autre secondaire plus petite. Espace de stockage, salle d&rsquo;attente, kitchenette, pi\u00e8ce de repos&#8230; Il existe bien des mani\u00e8res d&rsquo;exploiter cette r\u00e9partition.<\/p>\n<h4 style=\"text-align: justify;\">Quand le t\u00e9l\u00e9travail dans le jardin valorise son bien immobilier&#8230;<\/h4>\n<p style=\"text-align: justify;\">En somme, on parle ici d&rsquo;un v\u00e9ritable petit appartement. Et, si le micro bureau de jardin peut ult\u00e9rieurement \u00eatre transform\u00e9 en cabane de rangement pour le jardin, ce petit appartement, lui, pourra toujours devenir un salon d&rsquo;\u00e9t\u00e9, un pool house, un logement \u00e0 louer&#8230; C&rsquo;est bien l&rsquo;avantage du shredworking : il permet d&rsquo;am\u00e9nager SON jardin. <strong>Donc de valoriser&#8230; SON bien immobilier !<\/strong><\/p>\n<figure id=\"attachment_13266\" aria-describedby=\"caption-attachment-13266\" style=\"width: 458px\" class=\"wp-caption aligncenter\"><a href=\"https:\/\/www.franceabris.com\/bureau-de-jardin-design\/\"><img decoding=\"async\" loading=\"lazy\" class=\"wp-image-13266 size-full\" style=\"border: 1px solid #000000;\" src=\"https:\/\/www.franceabris.com\/BLOG\/wp-content\/uploads\/2022\/05\/5574-bureau-de-jardin-2-pieces-1.jpg\" alt=\"shredworking dans ce chalet pro de jardin\" width=\"458\" height=\"334\" srcset=\"https:\/\/www.franceabris.com\/BLOG\/wp-content\/uploads\/2022\/05\/5574-bureau-de-jardin-2-pieces-1.jpg 458w, https:\/\/www.franceabris.com\/BLOG\/wp-content\/uploads\/2022\/05\/5574-bureau-de-jardin-2-pieces-1-329x240.jpg 329w, https:\/\/www.franceabris.com\/BLOG\/wp-content\/uploads\/2022\/05\/5574-bureau-de-jardin-2-pieces-1-134x98.jpg 134w\" sizes=\"(max-width: 458px) 100vw, 458px\" \/><\/a><figcaption id=\"caption-attachment-13266\" class=\"wp-caption-text\">R\u00e9f\u00e9rence ID5574. 25 m\u00b2 au sol pour ce chalet professionnel parfait pour une activit\u00e9 lib\u00e9rale au fond du jardin. D&rsquo;un c\u00f4t\u00e9, le bureau de 15 m\u00b2, o\u00f9 installer ses meubles, des assises et des rangements. Et de l&rsquo;autre, une pi\u00e8ce distincte de 10 m\u00b2 environ \u00e0 exploiter de bien des mani\u00e8res : salle d&rsquo;attente, espace de stockage, kitchenette&#8230; Sans parler de l&rsquo;incroyable luminosit\u00e9 qu&rsquo;offrent les immenses baies vitr\u00e9es !<\/figcaption><\/figure>\n<p>&nbsp;<\/p>\n","protected":false},"excerpt":{"rendered":"<p>Le shedworking fait parler. Ce ph\u00e9nom\u00e8ne ne s&rsquo;est pas encore impos\u00e9 en France, mais il se d\u00e9veloppe chaque jour un peu plus pour diverses raisons. Prolongement logique de la tendance toujours plus affirm\u00e9e (et revendiqu\u00e9e !) du t\u00e9l\u00e9travail, il consiste \u00e0 ramener son activit\u00e9 professionnelle chez soi, dans un micro bureau de jardin am\u00e9nag\u00e9 ou &hellip; <a href=\"https:\/\/www.franceabris.com\/BLOG\/shedworking-la-tendance-du-micro-bureau-de-jardin-au-chalet-pro\/\" class=\"more-link\">Continuer la lecture de <span class=\"screen-reader-text\">Shedworking : la tendance du micro bureau de jardin au chalet pro<\/span><\/a><\/p>\n","protected":false},"author":2,"featured_media":14363,"comment_status":"closed","ping_status":"closed","sticky":false,"template":"","format":"standard","meta":[],"categories":[2,3],"tags":[],"_links":{"self":[{"href":"https:\/\/www.franceabris.com\/BLOG\/wp-json\/wp\/v2\/posts\/14358"}],"collection":[{"href":"https:\/\/www.franceabris.com\/BLOG\/wp-json\/wp\/v2\/posts"}],"about":[{"href":"https:\/\/www.franceabris.com\/BLOG\/wp-json\/wp\/v2\/types\/post"}],"author":[{"embeddable":true,"href":"https:\/\/www.franceabris.com\/BLOG\/wp-json\/wp\/v2\/users\/2"}],"replies":[{"embeddable":true,"href":"https:\/\/www.franceabris.com\/BLOG\/wp-json\/wp\/v2\/comments?post=14358"}],"version-history":[{"count":0,"href":"https:\/\/www.franceabris.com\/BLOG\/wp-json\/wp\/v2\/posts\/14358\/revisions"}],"wp:featuredmedia":[{"embeddable":true,"href":"https:\/\/www.franceabris.com\/BLOG\/wp-json\/wp\/v2\/media\/14363"}],"wp:attachment":[{"href":"https:\/\/www.franceabris.com\/BLOG\/wp-json\/wp\/v2\/media?parent=14358"}],"wp:term":[{"taxonomy":"category","embeddable":true,"href":"https:\/\/www.franceabris.com\/BLOG\/wp-json\/wp\/v2\/categories?post=14358"},{"taxonomy":"post_tag","embeddable":true,"href":"https:\/\/www.franceabris.com\/BLOG\/wp-json\/wp\/v2\/tags?post=14358"}],"curies":[{"name":"wp","href":"https:\/\/api.w.org\/{rel}","templated":true}]}}