{"id":14364,"date":"2023-09-25T15:07:49","date_gmt":"2023-09-25T14:07:49","guid":{"rendered":"https:\/\/www.franceabris.com\/BLOG\/?p=14364"},"modified":"2023-09-21T15:16:41","modified_gmt":"2023-09-21T14:16:41","slug":"abri-pour-les-velos-cest-pour-maintenant-cest-pour-chez-vous","status":"publish","type":"post","link":"https:\/\/www.franceabris.com\/BLOG\/abri-pour-les-velos-cest-pour-maintenant-cest-pour-chez-vous\/","title":{"rendered":"Abri pour les v\u00e9los : c&rsquo;est pour maintenant, c&rsquo;est pour chez vous !"},"content":{"rendered":"<p style=\"text-align: justify;\">Le v\u00e9lo, toujours plus&#8230; et de partout ! Face au co\u00fbt de la vie qui augmente chaque jour un peu plus, face aux nombreuses probl\u00e9matiques du quotidien, le v\u00e9lo constitue une alternative toujours plus int\u00e9ressante. D&rsquo;autant que les am\u00e9nagements de voies cyclables continuent, en zone urbaine, mais d\u00e9sormais aussi en zone rurale. C&rsquo;est pourquoi, cette ann\u00e9e, nous avons de nombreux clients <strong>qui ont fait le choix d&rsquo;un abri pour les v\u00e9los<\/strong>.<\/p>\n<h2 style=\"text-align: justify;\">Pourquoi nos clients cherchent, de plus en plus, un abri pour les v\u00e9los \u00e0 installer chez eux ? Nous avons men\u00e9 notre petite enqu\u00eate&#8230;<\/h2>\n<p style=\"text-align: justify;\">Car c&rsquo;est une question que l&rsquo;on se pose forc\u00e9ment lorsqu&rsquo;on d\u00e9cide d&rsquo;opter pour ce mode de locomotion quotidien : que choisir comme solution d&rsquo;abri pour les v\u00e9los ? Comment trouver <strong>de quoi les prot\u00e9ger et faciliter leur utilisation<\/strong> au quotidien ?<\/p>\n<p style=\"text-align: justify;\">On le sait, le v\u00e9lo s&rsquo;impose de plus en plus. Pour des raisons \u00e9cologiques, certes, qui poussent les collectivit\u00e9s \u00e0 investir, mais aussi les entreprises, tout comme les particuliers. Des dispositifs sont mis en place (Alv\u00e9ole Plus pour les soci\u00e9t\u00e9s priv\u00e9es, pr\u00eats \u00e0 taux 0 pour certaines banques&#8230;)&#8230; Pour des raisons financi\u00e8res \u00e9galement : <strong>les prix des carburants donnent envie de p\u00e9daler<\/strong> !<\/p>\n<figure id=\"attachment_13759\" aria-describedby=\"caption-attachment-13759\" style=\"width: 397px\" class=\"wp-caption aligncenter\"><img decoding=\"async\" loading=\"lazy\" class=\"wp-image-13759 size-full\" style=\"border: 1px solid #000000;\" src=\"https:\/\/www.franceabris.com\/BLOG\/wp-content\/uploads\/2022\/12\/4364-abri-velo-ferme-et-securise-1.png\" alt=\"un abri v\u00e9lo ferm\u00e9 et s\u00e9curis\u00e9 dans un h\u00f4pital\" width=\"397\" height=\"291\" srcset=\"https:\/\/www.franceabris.com\/BLOG\/wp-content\/uploads\/2022\/12\/4364-abri-velo-ferme-et-securise-1.png 397w, https:\/\/www.franceabris.com\/BLOG\/wp-content\/uploads\/2022\/12\/4364-abri-velo-ferme-et-securise-1-327x240.png 327w, https:\/\/www.franceabris.com\/BLOG\/wp-content\/uploads\/2022\/12\/4364-abri-velo-ferme-et-securise-1-134x98.png 134w\" sizes=\"(max-width: 397px) 100vw, 397px\" \/><figcaption id=\"caption-attachment-13759\" class=\"wp-caption-text\">Ce type d&rsquo;abris v\u00e9los se voit de plus en plus dans les entreprises et les collectivit\u00e9s. Les gares s&rsquo;\u00e9quipent, les soci\u00e9t\u00e9s, les espaces publics&#8230; Les pouvoirs publics ont bien compris que, pour favoriser la pratique du v\u00e9lo, il faut faciliter son parcage au quotidien.<\/figcaption><\/figure>\n<h3 style=\"text-align: justify;\">Toujours plus de v\u00e9los&#8230; pourquoi ?<\/h3>\n<p style=\"text-align: justify;\"><em>\u00ab\u00a0Honn\u00eatement, c&rsquo;est vraiment une des raisons qui nous a pouss\u00e9s \u00e0 se d\u00e9placer de plus en plus \u00e0 v\u00e9lo\u00a0\u00bb<\/em>, confirme Christian, l&rsquo;un de nos clients. <em>\u00ab\u00a0Les prix de l&rsquo;essence sont d\u00e9lirants. On n&rsquo;a pas envie non plus de s&rsquo;\u00e9quiper d&rsquo;une voiture \u00e9lectrique tout de suite, on pr\u00e9f\u00e8re attendre un peu de voir comment \u00e7a \u00e9volue &#8211; d&rsquo;autant qu&rsquo;il faut encore un sacr\u00e9 budget. Du coup, au quotidien, le v\u00e9lo nous a permis de faire pas mal d&rsquo;\u00e9conomies.\u00a0\u00bb<\/em> <strong>Une \u00e9conomie sur les d\u00e9placements courts et pendulaires, mais aussi sur des d\u00e9placements un peu plus longs<\/strong> : en faisant le choix du v\u00e9lotaffe, Christian s&rsquo;\u00e9vite de passer trop souvent \u00e0 la pompe. <em>\u00ab\u00a0M\u00eame si ma femme, elle, continue d&rsquo;utiliser la voiture chaque jour ! Moi, j&rsquo;ai des pistes cyclables qui facilitent les trajets.\u00a0\u00bb<\/em><\/p>\n<p style=\"text-align: justify;\">L&rsquo;aspect \u00e9cologique ? <em>\u00ab\u00a0C&rsquo;est aussi un argument, bien s\u00fbr. On est quand m\u00eame \u00e0 l&rsquo;\u00e9coute et on ne peut pas faire les aveugles. M\u00eame si tout notre quotidien ne tourne pas autour comme d&rsquo;autres, on essaie de faire notre petite part.\u00a0\u00bb<\/em><\/p>\n<h4 style=\"text-align: justify;\">Faut-il un abri pour les v\u00e9los chez soi ?<\/h4>\n<p style=\"text-align: justify;\"><strong>Et l&rsquo;abri pour les v\u00e9los, dans tout \u00e7a ?<\/strong> <em>\u00ab\u00a0La question est venue ult\u00e9rieurement\u00a0\u00bb<\/em>, continue Christian. <em>\u00ab\u00a0Pour \u00eatre honn\u00eate, on n&rsquo;y avait pas vraiment pens\u00e9 au d\u00e9part. On a un garage, mais il n&rsquo;est pas tr\u00e8s grand. On a un abri de jardin \u00e9galement&#8230; pas tr\u00e8s grand non plus (rires) !\u00a0\u00bb<\/em> Ce qui l&rsquo;a d\u00e9cid\u00e9 ? Le fait d&rsquo;utiliser tous les jours sa bicyclette. Car l&rsquo;int\u00e9r\u00eat du v\u00e9lo, c&rsquo;est aussi d&rsquo;aller vite dans les transitions. Sauter sur le v\u00e9lo et partir ! <em>\u00ab\u00a0L&rsquo;id\u00e9e, c&rsquo;\u00e9tait de trouver une protection qui nous permette de prendre le v\u00e9lo tr\u00e8s simplement.\u00a0\u00bb<\/em><\/p>\n<p style=\"text-align: justify;\"><strong>Et la s\u00e9curit\u00e9 ?<\/strong> <em>\u00ab\u00a0Peu importe de notre c\u00f4t\u00e9, on est dans un coin assez tranquille. Et puis, on n&rsquo;a pas achet\u00e9 des v\u00e9los haut de gamme ! On a pris des deuxi\u00e8mes mains ou des mod\u00e8les pas trop chers.\u00a0\u00bb<\/em> Certes, lorsqu&rsquo;on a un VAE un peu on\u00e9reux ou un v\u00e9lo \u00e0 1000\u20ac, on est oblig\u00e9 de laisser son deux roues bien au chaud dans le garage ou, au pire, dans un abri de jardin clos et verrouillable.<\/p>\n<figure id=\"attachment_14367\" aria-describedby=\"caption-attachment-14367\" style=\"width: 397px\" class=\"wp-caption aligncenter\"><a href=\"https:\/\/www.franceabris.com\/395-abri-velo-pour-particulier\"><img decoding=\"async\" loading=\"lazy\" class=\"wp-image-14367 size-full\" style=\"border: 1px solid #000000;\" src=\"https:\/\/www.franceabris.com\/BLOG\/wp-content\/uploads\/2023\/09\/6147-abri-velo-particulier.jpg\" alt=\"abri pour les v\u00e9los au domicile d'un particulier\" width=\"397\" height=\"291\" srcset=\"https:\/\/www.franceabris.com\/BLOG\/wp-content\/uploads\/2023\/09\/6147-abri-velo-particulier.jpg 397w, https:\/\/www.franceabris.com\/BLOG\/wp-content\/uploads\/2023\/09\/6147-abri-velo-particulier-327x240.jpg 327w, https:\/\/www.franceabris.com\/BLOG\/wp-content\/uploads\/2023\/09\/6147-abri-velo-particulier-134x98.jpg 134w\" sizes=\"(max-width: 397px) 100vw, 397px\" \/><\/a><figcaption id=\"caption-attachment-14367\" class=\"wp-caption-text\">R\u00e9f\u00e9rence ID6147 pour cet abri v\u00e9los particuliers sur FRANCE ABRIS, celui qu&rsquo;a choisi Christian. Les v\u00e9los sont abrit\u00e9s des agressions ext\u00e9rieurs, mais restent tr\u00e8s accessibles au quotidien. Notez le petit cabanon attenant : pour un pr\u00e9cieux VAE ? Plut\u00f4t pour les outils du jardin !<\/figcaption><\/figure>\n<p style=\"text-align: justify;\"><strong>Comment a-t-il proc\u00e9d\u00e9 ?<\/strong> <em>\u00ab\u00a0J&rsquo;ai tap\u00e9 \u00ab\u00a0abri pour les v\u00e9los\u00a0\u00bb dans Google pour trouver des id\u00e9es. C&rsquo;est ensuite que j&rsquo;ai d\u00e9couvert FRANCE ABRIS et les diff\u00e9rents abris que vous proposez pour les particuliers. J&rsquo;ai rapidement trouv\u00e9 mon bonheur !\u00a0\u00bb<\/em><\/p>\n<h3 style=\"text-align: justify;\">Quel abri pour les v\u00e9los choisir ?<\/h3>\n<p style=\"text-align: justify;\">Son bonheur, c&rsquo;est un abri v\u00e9lo disponible sous la r\u00e9f\u00e9rence ID6147 sur notre site. <strong>Un kit de 3 m\u00b2 seulement, divis\u00e9 en deux parties.<\/strong> Une partie ouverte de 3 m\u00b2, une outre ferm\u00e9e d&rsquo;1 m\u00b2. <em>\u00ab\u00a0J&rsquo;ai \u00e9t\u00e9 vite s\u00e9duit par ce mod\u00e8le\u00a0\u00bb<\/em>, continue Christian. <em>\u00ab\u00a0La partie ext\u00e9rieure ressemble tout \u00e0 fait \u00e0 ce que je cherchais pour laisser les v\u00e9los. C&rsquo;est simple, mais tr\u00e8s pratique, assez spacieux pour des v\u00e9los&#8230; Et l&rsquo;ensemble est \u00e9galement plut\u00f4t esth\u00e9tique ! A terme, je pense compl\u00e9ter l&rsquo;installation avec des r\u00e2teliers ou des supports pour organiser le rangement. D&rsquo;autant que, pour le moment, c&rsquo;est moi qui me sers le plus du v\u00e9lo.\u00a0\u00bb<\/em><\/p>\n<h4 style=\"text-align: justify;\">Un abri v\u00e9lo avec un cabanon de jardin : le kit deux-en-un<\/h4>\n<p style=\"text-align: justify;\">Le petit plus ? <strong>Ce cabanon de jardin attenant.<\/strong> 1 m\u00b2 clos, qui peut se s\u00e9curiser si n\u00e9cessaire. Pour y laisser un VAE ? <em>\u00ab\u00a0(Rires) J&rsquo;aurais pu, oui, avec un support vertical par exemple. C&rsquo;est une id\u00e9e, mais, de mon c\u00f4t\u00e9, je m&rsquo;en sers plut\u00f4t comme abri de jardin compl\u00e9mentaire. J&rsquo;y laisse tout le mat\u00e9riel n\u00e9cessaire \u00e0 l&rsquo;entretien des v\u00e9los, des pneus, des rustines, les pompes, des gourdes, les casques&#8230; C&rsquo;est pratique. Bon, \u00e7a me sert aussi beaucoup pour les outils de jardin, j&rsquo;avoue (rires) !\u00a0\u00bb<\/em><\/p>\n<h4 style=\"text-align: justify;\">Les bicyclettes l&rsquo;\u00e9t\u00e9, les st\u00e8res de bois l&rsquo;hiver ?<\/h4>\n<p style=\"text-align: justify;\">Le plus pratique, dans tout \u00e7a ? <strong>La possible utilisation saisonni\u00e8re de l&rsquo;abri<\/strong>&#8230; ou la r\u00e9orientation de son usage. Si l&rsquo;on souhaite s&rsquo;en servir pour les v\u00e9los, \u00e7a ne pose pas de probl\u00e8mes. Si l&rsquo;on veut y entreposer du bois, \u00e7a n&rsquo;en pose pas \u00e9galement ! Ainsi, on y laisse les bicyclettes du foyer pendant l&rsquo;\u00e9t\u00e9. Et on y stocker les quelques st\u00e8res de bois qui seront n\u00e9cessaires pour passer l&rsquo;hiver. L&rsquo;espace est spacieux, bien ventil\u00e9 et avec un plancher : id\u00e9al pour les b\u00fbches !<\/p>\n<figure id=\"attachment_14365\" aria-describedby=\"caption-attachment-14365\" style=\"width: 458px\" class=\"wp-caption aligncenter\"><a href=\"https:\/\/www.franceabris.com\/395-abri-velo-pour-particulier\"><img decoding=\"async\" loading=\"lazy\" class=\"wp-image-14365 size-full\" style=\"border: 1px solid #000000;\" src=\"https:\/\/www.franceabris.com\/BLOG\/wp-content\/uploads\/2023\/09\/6147-abri-velo-particulier-2.jpg\" alt=\"un abri deux en un pour les v\u00e9los ou les st\u00e8res de bois\" width=\"458\" height=\"331\" srcset=\"https:\/\/www.franceabris.com\/BLOG\/wp-content\/uploads\/2023\/09\/6147-abri-velo-particulier-2.jpg 458w, https:\/\/www.franceabris.com\/BLOG\/wp-content\/uploads\/2023\/09\/6147-abri-velo-particulier-2-332x240.jpg 332w, https:\/\/www.franceabris.com\/BLOG\/wp-content\/uploads\/2023\/09\/6147-abri-velo-particulier-2-136x98.jpg 136w\" sizes=\"(max-width: 458px) 100vw, 458px\" \/><\/a><figcaption id=\"caption-attachment-14365\" class=\"wp-caption-text\">Il est beau, cet abri ! Les v\u00e9los peuvent y rester ais\u00e9ment, l&#8217;emplacement est vraiment spacieux. Les protections lat\u00e9rales font le travail. Et le cabanon de jardin permet de compl\u00e9ter les installations de stockage et de rangement de la maison ! Le plus : le plancher inclus !<\/figcaption><\/figure>\n<p style=\"text-align: justify;\">Vous l&rsquo;avez compris, avec un tel abri, on ne manque pas d&rsquo;id\u00e9es. Et on est certain de rentabiliser son investissement !<\/p>\n","protected":false},"excerpt":{"rendered":"<p>Le v\u00e9lo, toujours plus&#8230; et de partout ! Face au co\u00fbt de la vie qui augmente chaque jour un peu plus, face aux nombreuses probl\u00e9matiques du quotidien, le v\u00e9lo constitue une alternative toujours plus int\u00e9ressante. D&rsquo;autant que les am\u00e9nagements de voies cyclables continuent, en zone urbaine, mais d\u00e9sormais aussi en zone rurale. C&rsquo;est pourquoi, cette &hellip; <a href=\"https:\/\/www.franceabris.com\/BLOG\/abri-pour-les-velos-cest-pour-maintenant-cest-pour-chez-vous\/\" class=\"more-link\">Continuer la lecture de <span class=\"screen-reader-text\">Abri pour les v\u00e9los : c&rsquo;est pour maintenant, c&rsquo;est pour chez vous !<\/span><\/a><\/p>\n","protected":false},"author":2,"featured_media":14367,"comment_status":"closed","ping_status":"closed","sticky":false,"template":"","format":"standard","meta":[],"categories":[3],"tags":[],"_links":{"self":[{"href":"https:\/\/www.franceabris.com\/BLOG\/wp-json\/wp\/v2\/posts\/14364"}],"collection":[{"href":"https:\/\/www.franceabris.com\/BLOG\/wp-json\/wp\/v2\/posts"}],"about":[{"href":"https:\/\/www.franceabris.com\/BLOG\/wp-json\/wp\/v2\/types\/post"}],"author":[{"embeddable":true,"href":"https:\/\/www.franceabris.com\/BLOG\/wp-json\/wp\/v2\/users\/2"}],"replies":[{"embeddable":true,"href":"https:\/\/www.franceabris.com\/BLOG\/wp-json\/wp\/v2\/comments?post=14364"}],"version-history":[{"count":0,"href":"https:\/\/www.franceabris.com\/BLOG\/wp-json\/wp\/v2\/posts\/14364\/revisions"}],"wp:featuredmedia":[{"embeddable":true,"href":"https:\/\/www.franceabris.com\/BLOG\/wp-json\/wp\/v2\/media\/14367"}],"wp:attachment":[{"href":"https:\/\/www.franceabris.com\/BLOG\/wp-json\/wp\/v2\/media?parent=14364"}],"wp:term":[{"taxonomy":"category","embeddable":true,"href":"https:\/\/www.franceabris.com\/BLOG\/wp-json\/wp\/v2\/categories?post=14364"},{"taxonomy":"post_tag","embeddable":true,"href":"https:\/\/www.franceabris.com\/BLOG\/wp-json\/wp\/v2\/tags?post=14364"}],"curies":[{"name":"wp","href":"https:\/\/api.w.org\/{rel}","templated":true}]}}