{"id":14375,"date":"2023-09-30T11:21:51","date_gmt":"2023-09-30T10:21:51","guid":{"rendered":"https:\/\/www.franceabris.com\/BLOG\/?p=14375"},"modified":"2023-09-27T18:18:20","modified_gmt":"2023-09-27T17:18:20","slug":"quelle-est-la-fonction-dun-abri-voyageurs","status":"publish","type":"post","link":"https:\/\/www.franceabris.com\/BLOG\/quelle-est-la-fonction-dun-abri-voyageurs\/","title":{"rendered":"Quelle est la fonction de l&rsquo;abri voyageurs ?"},"content":{"rendered":"<p style=\"text-align: justify;\"><strong>En entreprise ou en collectivit\u00e9s<\/strong>, l&rsquo;abri voyageurs est une solution d&rsquo;abri bus pratique et flexible. La structure, tr\u00e8s simple, vise \u00e0 faciliter les d\u00e9placements, qu&rsquo;ils se fassent au sein d&rsquo;une intercommunalit\u00e9, du site d&rsquo;une entreprise ou des diff\u00e9rents sites de cette derni\u00e8re.<\/p>\n<p style=\"text-align: justify;\"><strong>L&rsquo;objectif ?<\/strong> Proposer un espace abrit\u00e9, couvert et prot\u00e9g\u00e9 qui permette d&rsquo;attendre son bus, sa navette, son taxi sans avoir \u00e0 rester debout en plein soleil ou sous les flots d&rsquo;une averse passag\u00e8re.<\/p>\n<p style=\"text-align: justify;\">Les caract\u00e9ristiques de ces abris doivent \u00eatre simples et efficaces : de la r\u00e9sistance, <strong>un maximum d&rsquo;autonomie<\/strong>, avec une assise pr\u00e9vue et une bonne ventilation. Des caract\u00e9ristiques qui font de ces kits des abris de la mobilit\u00e9. On peut aussi, en effet, y disposer des racks et des supports \u00e0 v\u00e9lo.<\/p>\n<p style=\"text-align: justify;\">Petite pr\u00e9sentation.<\/p>\n<h2 style=\"text-align: justify;\">L&rsquo;abri voyageurs est un abri essentiel en pour les grosses entreprises et pour les collectivit\u00e9s. Il est, en somme, un abri de la mobilit\u00e9 !<\/h2>\n<p style=\"text-align: justify;\">D\u00e9couvrez <span style=\"color: #ff9900;\"><a style=\"color: #ff9900;\" href=\"https:\/\/www.franceabris.com\/434-abri-voyageurs-abri-bus-pro-et-collectivites\" target=\"_blank\" rel=\"noopener\">notre gamme abri voyageurs<\/a><\/span> qui rassemble quelques structures pr\u00e9sentant toutes les caract\u00e9ristiques de l&rsquo;abri bus ou du auvent d&rsquo;attente. Ces structures constituent \u00e9galement d&rsquo;excellents abris fumeurs et abris v\u00e9los. Mobilit\u00e9, attente en ext\u00e9rieur&#8230; Les qualit\u00e9s n\u00e9cessaires sont similaires !<\/p>\n<h3 style=\"text-align: justify;\">Pourquoi installer un abri voyageurs ?<\/h3>\n<ul>\n<li style=\"text-align: justify;\"><strong>Dans le cas d&rsquo;une entreprise<\/strong><\/li>\n<\/ul>\n<p style=\"text-align: justify;\">Nos clients pros qui font l&rsquo;acquisition de plusieurs abris voyageurs sont souvent <strong>de grosses entreprises multisites<\/strong> qui ont mis en place un syst\u00e8me de navettes internes. Clients et collaborateurs peuvent attendre \u00e0 l&rsquo;abri du soleil et de la pluie, avant d&#8217;embarquer dans la navette en question. Ces abris voyageurs se trouvent ainsi implant\u00e9s dans des endroits strat\u00e9giques des sites en question. Par ailleurs, ils sont \u00e9galement l&rsquo;occasion de travailler des espaces de la mobilit\u00e9. La mobilit\u00e9, ce sont ces navettes internes, mais aussi des v\u00e9los et un abri pour les deux roues, voire un auvent d&rsquo;attente pour les taxis et les VTC.<\/p>\n<ul>\n<li style=\"text-align: justify;\"><strong>Dans le cas d&rsquo;une collectivit\u00e9<\/strong><\/li>\n<\/ul>\n<p style=\"text-align: justify;\">Pour les collectivit\u00e9s, <strong>l&rsquo;abri voyageurs prend la forme d&rsquo;abris bus<\/strong>, tout simplement. Le r\u00e9seau de d\u00e9placement collectif est essentiel pour la vie d&rsquo;une commune ou pour acc\u00e9der \u00e0 certains services de la collectivit\u00e9 en question. Mais la mobilit\u00e9, pour une collectivit\u00e9, va beaucoup plus loin : aires de covoiturage, abris de train, abris de tramway ou de m\u00e9tro&#8230; Ce n&rsquo;est \u00e9videmment pas qu&rsquo;une affaire de confort pour les usagers, c&rsquo;est aussi une question de sant\u00e9 : ne pas rester debout en plein soleil durant l&rsquo;\u00e9t\u00e9 (ou sous la pluie en hiver), permettre \u00e0 tous de pouvoir s&rsquo;asseoir (notamment les personnes \u00e2g\u00e9es, les personnes en situation de handicap, les femmes enceintes, les enfants&#8230;)&#8230;<\/p>\n<figure id=\"attachment_14376\" aria-describedby=\"caption-attachment-14376\" style=\"width: 397px\" class=\"wp-caption aligncenter\"><a href=\"https:\/\/www.franceabris.com\/434-abri-voyageurs-abri-bus-pro-et-collectivites\"><img decoding=\"async\" loading=\"lazy\" class=\"wp-image-14376 size-full\" style=\"border: 1px solid #000000;\" src=\"https:\/\/www.franceabris.com\/BLOG\/wp-content\/uploads\/2023\/09\/5036-abri-voyageurs-abri-cycles.jpg\" alt=\"abri voyageurs en aluminium et polycarbonate\" width=\"397\" height=\"291\" srcset=\"https:\/\/www.franceabris.com\/BLOG\/wp-content\/uploads\/2023\/09\/5036-abri-voyageurs-abri-cycles.jpg 397w, https:\/\/www.franceabris.com\/BLOG\/wp-content\/uploads\/2023\/09\/5036-abri-voyageurs-abri-cycles-327x240.jpg 327w, https:\/\/www.franceabris.com\/BLOG\/wp-content\/uploads\/2023\/09\/5036-abri-voyageurs-abri-cycles-134x98.jpg 134w\" sizes=\"(max-width: 397px) 100vw, 397px\" \/><\/a><figcaption id=\"caption-attachment-14376\" class=\"wp-caption-text\">R\u00e9f\u00e9rence ID5036 pour cet abri bus en aluminium et polycarbonate alv\u00e9olaire. En l&rsquo;\u00e9tat, il manque une assise, \u00e9videmment, essentielle qu&rsquo;il s&rsquo;agisse d&rsquo;un abri bus pour une entreprise ou pour une collectivit\u00e9. L&rsquo;int\u00e9r\u00eat de cette structure ? Elle offre une excellente protection de dos, comme sur les c\u00f4t\u00e9s, contre le vent et la pluie.<\/figcaption><\/figure>\n<h3 style=\"text-align: justify;\">Quelles qualit\u00e9s attendre d&rsquo;un abri bus ?<\/h3>\n<p style=\"text-align: justify;\">Une question importante : qu&rsquo;est-ce qui fait la qualit\u00e9 d&rsquo;un abri bus ? Comment l&rsquo;abri voyageurs peut-il donner sa pleine mesure ?<\/p>\n<p style=\"text-align: justify;\">En quelques mots :<\/p>\n<ul>\n<li style=\"text-align: justify;\">R\u00e9sistance.<\/li>\n<li style=\"text-align: justify;\">Autonomie.<\/li>\n<li style=\"text-align: justify;\">Ventilation.<\/li>\n<li style=\"text-align: justify;\">Lumi\u00e8re.<\/li>\n<li style=\"text-align: justify;\">Am\u00e9nagements.<\/li>\n<\/ul>\n<h4 style=\"text-align: justify;\">La r\u00e9sistance<\/h4>\n<p style=\"text-align: justify;\">Nos clients pros attendent effectivement une r\u00e9sistance optimale de leurs abris voyageurs. L&rsquo;objectif ? Qu&rsquo;ils tiennent le coup et <strong>supportent les agressions ext\u00e9rieures<\/strong> durant plusieurs ann\u00e9es, sans que leur aspect ne se d\u00e9grade. Une simple r\u00e9vision p\u00e9riodique doit suffire ! C&rsquo;est la raison pour laquelle ce sont souvent les structures en aluminium qui remportent les suffrages de nos clients. M\u00eame si, dans certaines r\u00e9gions, les structures en bois imputrescible rencontrent leur petit succ\u00e8s !<\/p>\n<h4 style=\"text-align: justify;\">L&rsquo;autonomie<\/h4>\n<p style=\"text-align: justify;\"><strong>L&rsquo;autonomie, pour un abri, qu&rsquo;est-ce que c&rsquo;est ?<\/strong> C&rsquo;est cette capacit\u00e9 \u00e0 durer, \u00e0 supporter le passage des ann\u00e9es, sans r\u00e9clamer d&rsquo;entretien particulier. C&rsquo;est aussi ce qui fait le succ\u00e8s des kits m\u00e9talliques, par rapport aux kits bois. Ces derniers, lorsqu&rsquo;ils sont livr\u00e9s bruts, r\u00e9clament non seulement un traitement de fond, mais en plus un traitement de surface pour pr\u00e9server la teinte naturelle de l&rsquo;essence choisie. Un entretien \u00e0 renouveler r\u00e9guli\u00e8rement qui s&rsquo;ajoute \u00e0 la r\u00e9vision de l&rsquo;abri bus afin de respecter les normes de s\u00e9curit\u00e9 \u00e9tablies. L&rsquo;abri voyageurs bois n&rsquo;est pas particuli\u00e8rement autonome ; son pendant m\u00e9tallique, lui, l&rsquo;est forc\u00e9ment beaucoup plus.<\/p>\n<figure id=\"attachment_14379\" aria-describedby=\"caption-attachment-14379\" style=\"width: 397px\" class=\"wp-caption aligncenter\"><a href=\"https:\/\/www.franceabris.com\/434-abri-voyageurs-abri-bus-pro-et-collectivites\"><img decoding=\"async\" loading=\"lazy\" class=\"wp-image-14379 size-full\" style=\"border: 1px solid #000000;\" src=\"https:\/\/www.franceabris.com\/BLOG\/wp-content\/uploads\/2023\/09\/5035-abri-voyageurs.png\" alt=\"abri bus et auvent d'attente\" width=\"397\" height=\"291\" srcset=\"https:\/\/www.franceabris.com\/BLOG\/wp-content\/uploads\/2023\/09\/5035-abri-voyageurs.png 397w, https:\/\/www.franceabris.com\/BLOG\/wp-content\/uploads\/2023\/09\/5035-abri-voyageurs-327x240.png 327w, https:\/\/www.franceabris.com\/BLOG\/wp-content\/uploads\/2023\/09\/5035-abri-voyageurs-134x98.png 134w\" sizes=\"(max-width: 397px) 100vw, 397px\" \/><\/a><figcaption id=\"caption-attachment-14379\" class=\"wp-caption-text\">R\u00e9f\u00e9rence ID5035. Un auvent d&rsquo;attente pour attendre le bus, le taxi, le VTC&#8230; En plus de sa structure en acier galvanis\u00e9, cet abri est nanti d&rsquo;une couverture en polycarbonate alv\u00e9olaire 10 mm d&rsquo;\u00e9paisseur. A noter : le coupe vent de toiture lat\u00e9ral et face arri\u00e8re.<\/figcaption><\/figure>\n<h4 style=\"text-align: justify;\">Ventilation et luminosit\u00e9<\/h4>\n<p style=\"text-align: justify;\">Sous un abri ouvert, on a forc\u00e9ment de la lumi\u00e8re, allez-vous dire&#8230; Certes, mais tous les abris ne sont pas \u00e9gaux sur ce plan-l\u00e0. Certains ont <strong>un toit en polycarbonate translucide qui freine les UV<\/strong> mais laisse passer un maximum de luminosit\u00e9. D&rsquo;autres sont \u00e9quip\u00e9s d&rsquo;une toiture m\u00e9tallique ou en bardeaux qui maximise plut\u00f4t l&rsquo;ombre. C&rsquo;est une question de choix ! Quant \u00e0 la ventilation, elle est bien entendu importante, l&rsquo;id\u00e9e \u00e9tant qu&rsquo;elle soit effective de tous les c\u00f4t\u00e9s.<\/p>\n<h4 style=\"text-align: justify;\">La question des am\u00e9nagements<\/h4>\n<p style=\"text-align: justify;\">Demeure, enfin, <strong>la question des am\u00e9nagements<\/strong>. Un abri voyageurs peut se suffire \u00e0 lui-m\u00eame, mais il r\u00e9clame un minimum de confort lorsqu&rsquo;on souhaite en faire un v\u00e9ritable auvent d&rsquo;attente. Il faut donc penser aux assises, qui vont permettre non seulement de s&rsquo;abriter de la pluie ou du soleil, mais \u00e9galement de se reposer quelques instants. D&rsquo;autant plus essentiel lorsque des personnes en situation de handicap, des personnes \u00e2g\u00e9es ou des femmes enceintes doivent attendre leur bus, leur navette ou le taxi qu&rsquo;elles ont appel\u00e9.<\/p>\n<h3 style=\"text-align: justify;\">Voyageurs ou mobilit\u00e9 : des abris pour structurer les d\u00e9placements des usagers<\/h3>\n<p style=\"text-align: justify;\"><strong>L&rsquo;abri voyageurs doit compl\u00e9ter une offre globale d\u00e9di\u00e9e \u00e0 la mobilit\u00e9.<\/strong> Lui permet d&rsquo;attendre une navette ou un bus. Mais l&rsquo;on peut imaginer un ensemble de structures pour :<\/p>\n<ul>\n<li style=\"text-align: justify;\">Attendre son taxi.<\/li>\n<li style=\"text-align: justify;\">\u00c9quiper une aire de covoiturage.<\/li>\n<li style=\"text-align: justify;\">Abriter des v\u00e9los, afin de faciliter les d\u00e9placements \u00e0 deux roues.<\/li>\n<li style=\"text-align: justify;\">S\u00e9curiser des V\u00e9los \u00e0 Assistance Electrique (avec un abri ferm\u00e9, accessible via digicode).<\/li>\n<li style=\"text-align: justify;\">Proposer de recharger un v\u00e9hicule \u00e9lectrique.<\/li>\n<\/ul>\n<figure id=\"attachment_14377\" aria-describedby=\"caption-attachment-14377\" style=\"width: 559px\" class=\"wp-caption aligncenter\"><a href=\"https:\/\/www.franceabris.com\/434-abri-voyageurs-abri-bus-pro-et-collectivites\"><img decoding=\"async\" loading=\"lazy\" class=\"wp-image-14377 size-large\" style=\"border: 1px solid #000000;\" src=\"https:\/\/www.franceabris.com\/BLOG\/wp-content\/uploads\/2023\/09\/abri-voyageurs-559x437.jpg\" alt=\"abri voyageurs pour les entreprises et les collectivit\u00e9s\" width=\"559\" height=\"437\" srcset=\"https:\/\/www.franceabris.com\/BLOG\/wp-content\/uploads\/2023\/09\/abri-voyageurs-559x437.jpg 559w, https:\/\/www.franceabris.com\/BLOG\/wp-content\/uploads\/2023\/09\/abri-voyageurs-307x240.jpg 307w, https:\/\/www.franceabris.com\/BLOG\/wp-content\/uploads\/2023\/09\/abri-voyageurs-125x98.jpg 125w, https:\/\/www.franceabris.com\/BLOG\/wp-content\/uploads\/2023\/09\/abri-voyageurs-768x600.jpg 768w, https:\/\/www.franceabris.com\/BLOG\/wp-content\/uploads\/2023\/09\/abri-voyageurs.jpg 800w\" sizes=\"(max-width: 559px) 100vw, 559px\" \/><\/a><figcaption id=\"caption-attachment-14377\" class=\"wp-caption-text\">R\u00e9f\u00e9rence ID5034. Ce qui est int\u00e9ressant dans ces auvents d&rsquo;attente, c&rsquo;est leur flexibilit\u00e9. Ici, un abri voyageurs a \u00e9t\u00e9 transform\u00e9 en abri v\u00e9los. Le seul changement ? Les assises qui ont c\u00e9d\u00e9 leur place \u00e0 des supports pour cycles.<\/figcaption><\/figure>\n<p style=\"text-align: justify;\">Le d\u00e9placement est une probl\u00e9matique de tous les jours dans le monde actuel. Autant dire que tous les acteurs doivent penser et r\u00e9fl\u00e9chir aux fa\u00e7ons de les faciliter en tenant compte des n\u00e9cessit\u00e9s (respect de l&rsquo;environnement, empreinte carbone&#8230;) !<\/p>\n","protected":false},"excerpt":{"rendered":"<p>En entreprise ou en collectivit\u00e9s, l&rsquo;abri voyageurs est une solution d&rsquo;abri bus pratique et flexible. La structure, tr\u00e8s simple, vise \u00e0 faciliter les d\u00e9placements, qu&rsquo;ils se fassent au sein d&rsquo;une intercommunalit\u00e9, du site d&rsquo;une entreprise ou des diff\u00e9rents sites de cette derni\u00e8re. L&rsquo;objectif ? Proposer un espace abrit\u00e9, couvert et prot\u00e9g\u00e9 qui permette d&rsquo;attendre son &hellip; <a href=\"https:\/\/www.franceabris.com\/BLOG\/quelle-est-la-fonction-dun-abri-voyageurs\/\" class=\"more-link\">Continuer la lecture de <span class=\"screen-reader-text\">Quelle est la fonction de l&rsquo;abri voyageurs ?<\/span><\/a><\/p>\n","protected":false},"author":2,"featured_media":14378,"comment_status":"closed","ping_status":"closed","sticky":false,"template":"","format":"standard","meta":[],"categories":[1],"tags":[],"_links":{"self":[{"href":"https:\/\/www.franceabris.com\/BLOG\/wp-json\/wp\/v2\/posts\/14375"}],"collection":[{"href":"https:\/\/www.franceabris.com\/BLOG\/wp-json\/wp\/v2\/posts"}],"about":[{"href":"https:\/\/www.franceabris.com\/BLOG\/wp-json\/wp\/v2\/types\/post"}],"author":[{"embeddable":true,"href":"https:\/\/www.franceabris.com\/BLOG\/wp-json\/wp\/v2\/users\/2"}],"replies":[{"embeddable":true,"href":"https:\/\/www.franceabris.com\/BLOG\/wp-json\/wp\/v2\/comments?post=14375"}],"version-history":[{"count":0,"href":"https:\/\/www.franceabris.com\/BLOG\/wp-json\/wp\/v2\/posts\/14375\/revisions"}],"wp:featuredmedia":[{"embeddable":true,"href":"https:\/\/www.franceabris.com\/BLOG\/wp-json\/wp\/v2\/media\/14378"}],"wp:attachment":[{"href":"https:\/\/www.franceabris.com\/BLOG\/wp-json\/wp\/v2\/media?parent=14375"}],"wp:term":[{"taxonomy":"category","embeddable":true,"href":"https:\/\/www.franceabris.com\/BLOG\/wp-json\/wp\/v2\/categories?post=14375"},{"taxonomy":"post_tag","embeddable":true,"href":"https:\/\/www.franceabris.com\/BLOG\/wp-json\/wp\/v2\/tags?post=14375"}],"curies":[{"name":"wp","href":"https:\/\/api.w.org\/{rel}","templated":true}]}}