{"id":14567,"date":"2024-03-28T07:00:32","date_gmt":"2024-03-28T06:00:32","guid":{"rendered":"https:\/\/www.franceabris.com\/BLOG\/?p=14567"},"modified":"2024-04-04T17:12:21","modified_gmt":"2024-04-04T16:12:21","slug":"comment-bien-amenager-sa-terrasse-pour-du-teletravail","status":"publish","type":"post","link":"https:\/\/www.franceabris.com\/BLOG\/comment-bien-amenager-sa-terrasse-pour-du-teletravail\/","title":{"rendered":"Comment bien am\u00e9nager sa terrasse pour du t\u00e9l\u00e9travail ?"},"content":{"rendered":"<p style=\"text-align: justify;\">C&rsquo;est tr\u00e8s tentant, n&rsquo;est-ce pas ? Au retour des beaux jours, l&rsquo;envie vous prend forc\u00e9ment <strong>de d\u00e9localiser un peu de votre t\u00e9l\u00e9travail<\/strong>&#8230; sur la terrasse. C&rsquo;est vrai, plut\u00f4t que de rester enferm\u00e9 dans le bureau, pourquoi ne pas plut\u00f4t travailler sur sa terrasse avec vue sur le jardin ?<\/p>\n<p style=\"text-align: justify;\">Rien ne l&rsquo;interdit. Bien au contraire ! Pour autant, cela r\u00e9clame quelques petits am\u00e9nagements. \u00c0 moins de ne le faire que tr\u00e8s occasionnellement, l&rsquo;erreur serait de prendre s\u00e9ance tenante son ordinateur sous le bras et de se poser dehors sans prendre <strong>quelques dispositions pr\u00e9alables<\/strong>&#8230;<\/p>\n<p style=\"text-align: justify;\">Si l&rsquo;on veut vraiment \u00eatre efficace, il faut s&rsquo;organiser.<\/p>\n<h2 style=\"text-align: justify;\">Le t\u00e9l\u00e9travail sur sa terrasse&#8230; le r\u00eave ! Un r\u00eave qui r\u00e9clame quelques petits am\u00e9nagements&#8230;<\/h2>\n<p style=\"text-align: justify;\">Le t\u00e9l\u00e9travail&#8230; une pratique qui r\u00e9volutionne le quotidien et l&rsquo;organisation hebdomadaire de beaucoup d&rsquo;entre nous. Une pratique qui r\u00e9clame un espace adapt\u00e9. Cet espace, c&rsquo;est un bureau, une pi\u00e8ce dans la maison am\u00e9nag\u00e9e pour pouvoir y travailler dans le calme. Mais, lorsque les beaux jours reviennent,<strong> la terrasse nous tend forc\u00e9ment les bras<\/strong>&#8230; Et l&rsquo;on a tr\u00e8s souvent envie de prendre son ordinateur et de s&rsquo;installer en ext\u00e9rieur. Pourquoi pas ! Un t\u00e9l\u00e9travail efficace, c&rsquo;est avant tout un environnement de travail qui nous inspire.<\/p>\n<figure id=\"attachment_14569\" aria-describedby=\"caption-attachment-14569\" style=\"width: 287px\" class=\"wp-caption aligncenter\"><img decoding=\"async\" loading=\"lazy\" class=\"wp-image-14569 size-full\" style=\"border: 1px solid #000000;\" src=\"https:\/\/www.franceabris.com\/BLOG\/wp-content\/uploads\/2024\/04\/teletravail-sur-la-terrasse-1.png\" alt=\"la posture est importante pour le travail sur la terrasse\" width=\"287\" height=\"291\" srcset=\"https:\/\/www.franceabris.com\/BLOG\/wp-content\/uploads\/2024\/04\/teletravail-sur-la-terrasse-1.png 287w, https:\/\/www.franceabris.com\/BLOG\/wp-content\/uploads\/2024\/04\/teletravail-sur-la-terrasse-1-237x240.png 237w, https:\/\/www.franceabris.com\/BLOG\/wp-content\/uploads\/2024\/04\/teletravail-sur-la-terrasse-1-97x98.png 97w\" sizes=\"(max-width: 287px) 100vw, 287px\" \/><figcaption id=\"caption-attachment-14569\" class=\"wp-caption-text\">Attention \u00e0 la posture ! Les tables \u00e0 manger d&rsquo;ext\u00e9rieur ne sont pas des bureaux. Les fauteuils de jardin ne sont pas de confortables chaises de bureau non plus&#8230;<\/figcaption><\/figure>\n<p style=\"text-align: justify;\"><strong>Mais cela ne suffit pas&#8230;<\/strong> Il faut pouvoir \u00eatre confortablement install\u00e9. Profiter d&rsquo;une bonne connexion internet. Rester joignable, tout en pr\u00e9servant la confidentialit\u00e9 de ses conversations. Ne pas \u00eatre trop distrait par l&rsquo;environnement ext\u00e9rieur. Se prot\u00e9ger des intemp\u00e9ries.<\/p>\n<p>Dans le cas inverse, une journ\u00e9e pass\u00e9e \u00e0 t\u00e9l\u00e9travailler dehors peut vite tourner au fiasco&#8230; Et se terminer en int\u00e9rieur, o\u00f9 l&rsquo;on n&rsquo;est finalement pas si mal !<\/p>\n<h3 style=\"text-align: justify;\">1\/ T\u00e9l\u00e9travailler sur la terrasse : il faut se prot\u00e9ger des al\u00e9as climatiques<\/h3>\n<p style=\"text-align: justify;\">C&rsquo;est le premier point, et il est \u00e9vident. Si l&rsquo;on a l&rsquo;intention de t\u00e9l\u00e9travailler en ext\u00e9rieur, <strong>il faut se prot\u00e9ger des al\u00e9as climatiques<\/strong>. Le soleil, en premier lieu ! On se sent rapidement mal lorsqu&rsquo;on doit scruter l&rsquo;\u00e9cran de son ordinateur en tentant de combattre la surexposition au soleil, le tout en transpirant \u00e0 grosses gouttes. Les solutions : la pergola bioclimatique, le parasol d\u00e9port\u00e9, le voile d&rsquo;ombrage&#8230; Peu importe, mais vous devez vous pr\u00e9server du soleil.<\/p>\n<h4 style=\"text-align: justify;\">En plein soleil, le t\u00e9l\u00e9travail tourne court&#8230;<\/h4>\n<p style=\"text-align: justify;\">Et des intemp\u00e9ries ! M\u00eame si vous sentirez probablement la pluie arriver, faites en sorte de ne pas exposer votre mat\u00e9riel \u00e0 une averse impr\u00e9vue. Si jamais vous laissez l&rsquo;ordinateur ouvert dehors pendant que vous \u00eates au t\u00e9l\u00e9phone dedans, ce peut \u00eatre un probl\u00e8me.<strong> Tout comme le vent<\/strong>, dont il vaut mieux se pr\u00e9munir en choisissant un emplacement autant \u00e0 l&rsquo;abri que possible.<\/p>\n<figure id=\"attachment_14032\" aria-describedby=\"caption-attachment-14032\" style=\"width: 550px\" class=\"wp-caption aligncenter\"><a href=\"https:\/\/www.franceabris.com\/398-pergola-bioclimatique\"><img decoding=\"async\" loading=\"lazy\" class=\"wp-image-14032 size-full\" style=\"border: 1px solid #000000;\" src=\"https:\/\/www.franceabris.com\/BLOG\/wp-content\/uploads\/2023\/04\/2345-pergola-bioclimatique-autoportee.png\" alt=\"une pergola bioclimatique pour t\u00e9l\u00e9travailler sur sa terrasse\" width=\"550\" height=\"402\" srcset=\"https:\/\/www.franceabris.com\/BLOG\/wp-content\/uploads\/2023\/04\/2345-pergola-bioclimatique-autoportee.png 550w, https:\/\/www.franceabris.com\/BLOG\/wp-content\/uploads\/2023\/04\/2345-pergola-bioclimatique-autoportee-328x240.png 328w, https:\/\/www.franceabris.com\/BLOG\/wp-content\/uploads\/2023\/04\/2345-pergola-bioclimatique-autoportee-134x98.png 134w\" sizes=\"(max-width: 550px) 100vw, 550px\" \/><\/a><figcaption id=\"caption-attachment-14032\" class=\"wp-caption-text\">Le mieux pour t\u00e9l\u00e9travailler sur sa terrasse ? Une pergola bioclimatique. Elle permet d&rsquo;adapter \u00e0 n&rsquo;importe quel moment l&rsquo;ensoleillement, la luminosit\u00e9, la protection contre la pluie, et, ce, d&rsquo;un petit coup de t\u00e9l\u00e9commande si elle est \u00e9lectrique.<\/figcaption><\/figure>\n<h3 style=\"text-align: justify;\">2\/ Attention : l&rsquo;assise et la table !<\/h3>\n<p style=\"text-align: justify;\">On n&rsquo;y fait pas forc\u00e9ment attention lorsqu&rsquo;on s&rsquo;installe dehors une fois de temps en temps seulement. Mais si l&rsquo;on prend l&rsquo;habitude de profiter de sa terrasse pour le t\u00e9l\u00e9travail, comme au bureau,<strong> l&rsquo;assise et la table conditionneront votre \u00e9tat physique<\/strong>. Sur une terrasse, on travaille souvent sur une table de jardin et une chaise ext\u00e9rieure.<\/p>\n<h4 style=\"text-align: justify;\">Pas de transat, mais un fauteuil avec accoudoirs et coussins<\/h4>\n<p style=\"text-align: justify;\">Bannissez le transat, cela va sans dire ! V\u00e9rifiez que la table soit \u00e0 bonne hauteur et, surtout, que votre assise soit suffisamment confortable. Si ce n&rsquo;est pas le cas, on ne va pas vous dire de d\u00e9localiser votre massive chaise de bureau, non. Mais jetez un coup d&rsquo;\u0153il aux salons de jardin et testez-en quelques-uns. Cela peut valoir le coup de prendre une petite table d&rsquo;ext\u00e9rieur d&rsquo;appoint et <strong>un fauteuil suffisamment confortable<\/strong>. Il vous faut un coussin sous les fesses et dans le dos, ainsi que des accoudoirs.<\/p>\n<p style=\"text-align: justify;\">Vous pouvez aussi en profiter pour varier votre assise en investissant dans un <strong>ballon de klein<\/strong> ! Vous savez, il s&rsquo;agit de ces gros ballons de gym que vous voyez souvent chez le kin\u00e9&#8230; Vous pouvez vous asseoir dessus pour travailler.<\/p>\n<h3 style=\"text-align: justify;\">3\/ L&#8217;emplacement : concentration maximale !<\/h3>\n<p style=\"text-align: justify;\">Dans un bureau, vous \u00eates face \u00e0 un mur, peut-\u00eatre une fen\u00eatre&#8230; L&rsquo;environnement, s&rsquo;il est correctement pens\u00e9, doit inciter \u00e0 la concentration. Sur une terrasse, en revanche&#8230; <strong>La terrasse est un lieu de d\u00e9tente, pas un lieu de travail !<\/strong> Ainsi, pour rester efficace dans son t\u00e9l\u00e9travail, si l&rsquo;on se met sur la terrasse, il faut choisir un emplacement qui inspire un maximum de concentration.<\/p>\n<figure id=\"attachment_14571\" aria-describedby=\"caption-attachment-14571\" style=\"width: 397px\" class=\"wp-caption aligncenter\"><img decoding=\"async\" loading=\"lazy\" class=\"wp-image-14571 size-full\" style=\"border: 1px solid #000000;\" src=\"https:\/\/www.franceabris.com\/BLOG\/wp-content\/uploads\/2024\/04\/teletravail-sur-la-terrasse-2.png\" alt=\"choisir son emplacement sur la terrasse\" width=\"397\" height=\"291\" srcset=\"https:\/\/www.franceabris.com\/BLOG\/wp-content\/uploads\/2024\/04\/teletravail-sur-la-terrasse-2.png 397w, https:\/\/www.franceabris.com\/BLOG\/wp-content\/uploads\/2024\/04\/teletravail-sur-la-terrasse-2-327x240.png 327w, https:\/\/www.franceabris.com\/BLOG\/wp-content\/uploads\/2024\/04\/teletravail-sur-la-terrasse-2-134x98.png 134w\" sizes=\"(max-width: 397px) 100vw, 397px\" \/><figcaption id=\"caption-attachment-14571\" class=\"wp-caption-text\">Lorsqu&rsquo;on travaille r\u00e9guli\u00e8rement en ext\u00e9rieur, il n&rsquo;est pas toujours facile de choisir un emplacement performant, o\u00f9 l&rsquo;on puisse se concentrer sans probl\u00e8me. En ext\u00e9rieur, les distractions sont nombreuses !<\/figcaption><\/figure>\n<p style=\"text-align: justify;\"><strong>Il faut du calme<\/strong>, peu de distractions ext\u00e9rieures, et le moins de choses qui attirent votre regard. Auquel cas, vous risquez de constater tr\u00e8s vite que vous \u00eates beaucoup moins efficace qu&rsquo;en int\u00e9rieur.<\/p>\n<h4 style=\"text-align: justify;\">Qu&rsquo;est-ce qu&rsquo;un emplacement au calme ?<\/h4>\n<p style=\"text-align: justify;\">Choisissez un emplacement <strong>qui ne donne pas sur la rue<\/strong>, bien s\u00fbr, pour \u00e9viter d&rsquo;\u00eatre d\u00e9concentr\u00e9 par les voitures et les passants. Et d&rsquo;avoir le regard sans arr\u00eat attir\u00e9 de l&rsquo;autre c\u00f4t\u00e9 du portail ! Un fond v\u00e9g\u00e9tal, c&rsquo;est bien, m\u00eame s&rsquo;il peut y avoir du mouvement. Evitez que les oiseaux ne vous hurlent dans les oreilles : ce qui est agr\u00e9able \u00e0 moyenne distance peut devenir p\u00e9nible \u00e0 courte distance. D&rsquo;autant plus si ces oiseaux sont des pies&#8230;<\/p>\n<h4 style=\"text-align: justify;\">Exploitez toute cette place qui vous est offerte !<\/h4>\n<p style=\"text-align: justify;\">Si le vent vous g\u00eane, attirant syst\u00e9matiquement votre regard sur les plantes, les arbres et les arbustes en mouvement, vous pouvez bien s\u00fbr vous tourner du c\u00f4t\u00e9 du mur de la maison. C&rsquo;est tout l&rsquo;int\u00e9r\u00eat d&rsquo;\u00eatre dehors : <strong>vous avez beaucoup de place<\/strong> pour changer et modifier votre environnement imm\u00e9diat ! Profitez-en.<\/p>\n<h3 style=\"text-align: justify;\">4\/ La connexion et les branchements&#8230; imp\u00e9ratifs !<\/h3>\n<p style=\"text-align: justify;\">On ne va pas vous faire un dessin&#8230; Il vous faut du <strong>wi-fi, un bon r\u00e9seau t\u00e9l\u00e9phonique<\/strong> et de quoi brancher votre ordinateur. Cela limitera peut-\u00eatre les emplacements disponibles, mais tant pis, impossible de transiger l\u00e0-dessus si vous voulez travailler sur la terrasse. Pr\u00e9voyez une multiprise pour avoir plus de libert\u00e9 !<\/p>\n<figure id=\"attachment_14274\" aria-describedby=\"caption-attachment-14274\" style=\"width: 397px\" class=\"wp-caption aligncenter\"><img decoding=\"async\" loading=\"lazy\" class=\"wp-image-14274 size-full\" style=\"border: 1px solid #000000;\" src=\"https:\/\/www.franceabris.com\/BLOG\/wp-content\/uploads\/2023\/07\/6092-abri-terrasse-alu-1.jpg\" alt=\"bosser de chez soi en ext\u00e9rieur : attention au wi-fi et aux branchements\" width=\"397\" height=\"289\" srcset=\"https:\/\/www.franceabris.com\/BLOG\/wp-content\/uploads\/2023\/07\/6092-abri-terrasse-alu-1.jpg 397w, https:\/\/www.franceabris.com\/BLOG\/wp-content\/uploads\/2023\/07\/6092-abri-terrasse-alu-1-330x240.jpg 330w, https:\/\/www.franceabris.com\/BLOG\/wp-content\/uploads\/2023\/07\/6092-abri-terrasse-alu-1-135x98.jpg 135w\" sizes=\"(max-width: 397px) 100vw, 397px\" \/><figcaption id=\"caption-attachment-14274\" class=\"wp-caption-text\">Pensez \u00e0 vous installer pr\u00e8s d&rsquo;une prise ext\u00e9rieure, et de vous \u00e9quiper d&rsquo;une rallonge pour une plus grande mobilit\u00e9. Faites attention \u00e9galement au signal wi-fi, m\u00eame s&rsquo;il existe des moyens d&rsquo;en agrandir le rayon (r\u00e9p\u00e9teur wi-fi).<\/figcaption><\/figure>\n<h3 style=\"text-align: justify;\">5\/ 2 accessoires pour \u00eatre \u00e0 l&rsquo;aise !<\/h3>\n<p style=\"text-align: justify;\">Ce sont de petits ajouts aux grands effets. Diff\u00e9rents accessoires vont vous permettre d&rsquo;am\u00e9liorer votre confort de t\u00e9l\u00e9travail en ext\u00e9rieur.<\/p>\n<ul>\n<li style=\"text-align: justify;\"><strong>Le r\u00e9p\u00e9teur de wi-fi.<\/strong><\/li>\n<\/ul>\n<p style=\"text-align: justify;\">Si vous \u00eates un peu loin de votre box, vous pouvez envisager de brancher un r\u00e9p\u00e9teur de wi-fi \u00e0 proximit\u00e9 de votre bureau ext\u00e9rieur improvis\u00e9. Vos coll\u00e8gues et collaborateurs risqueraient de ne pas appr\u00e9cier que vos \u00e9changes souffrent d&rsquo;une mauvaise connexion Internet&#8230; Avec un bon r\u00e9p\u00e9teur, cela n&rsquo;arrivera pas : en le branchant \u00e0 mi-chemin de votre box, il permet de r\u00e9p\u00e9ter le signal wi-fi plus loin que ce que ne le faisait celle-ci.<\/p>\n<ul>\n<li style=\"text-align: justify;\"><strong>Sur\u00e9l\u00e9vation de l&rsquo;\u00e9cran.<\/strong><\/li>\n<\/ul>\n<p style=\"text-align: justify;\">Le rehausseur d&rsquo;\u00e9cran permet d&rsquo;\u00e9viter d&rsquo;avoir les yeux tourn\u00e9s vers le bas et de faire n\u00e9gativement travailler vos cervicales. Il va souvent de pair avec un clavier externe qui vous permet, en revanche, de conserver les mains et les avant-bras \u00e0 la bonne hauteur. Si l&rsquo;\u00e9cran doit \u00eatre situ\u00e9 \u00e0 hauteur des yeux, le clavier et la souris doivent l&rsquo;\u00eatre, eux, \u00e0 hauteur des coudes.<\/p>\n","protected":false},"excerpt":{"rendered":"<p>C&rsquo;est tr\u00e8s tentant, n&rsquo;est-ce pas ? Au retour des beaux jours, l&rsquo;envie vous prend forc\u00e9ment de d\u00e9localiser un peu de votre t\u00e9l\u00e9travail&#8230; sur la terrasse. C&rsquo;est vrai, plut\u00f4t que de rester enferm\u00e9 dans le bureau, pourquoi ne pas plut\u00f4t travailler sur sa terrasse avec vue sur le jardin ? Rien ne l&rsquo;interdit. Bien au contraire &hellip; <a href=\"https:\/\/www.franceabris.com\/BLOG\/comment-bien-amenager-sa-terrasse-pour-du-teletravail\/\" class=\"more-link\">Continuer la lecture de <span class=\"screen-reader-text\">Comment bien am\u00e9nager sa terrasse pour du t\u00e9l\u00e9travail ?<\/span><\/a><\/p>\n","protected":false},"author":2,"featured_media":14570,"comment_status":"closed","ping_status":"closed","sticky":false,"template":"","format":"standard","meta":[],"categories":[2,3],"tags":[],"_links":{"self":[{"href":"https:\/\/www.franceabris.com\/BLOG\/wp-json\/wp\/v2\/posts\/14567"}],"collection":[{"href":"https:\/\/www.franceabris.com\/BLOG\/wp-json\/wp\/v2\/posts"}],"about":[{"href":"https:\/\/www.franceabris.com\/BLOG\/wp-json\/wp\/v2\/types\/post"}],"author":[{"embeddable":true,"href":"https:\/\/www.franceabris.com\/BLOG\/wp-json\/wp\/v2\/users\/2"}],"replies":[{"embeddable":true,"href":"https:\/\/www.franceabris.com\/BLOG\/wp-json\/wp\/v2\/comments?post=14567"}],"version-history":[{"count":0,"href":"https:\/\/www.franceabris.com\/BLOG\/wp-json\/wp\/v2\/posts\/14567\/revisions"}],"wp:featuredmedia":[{"embeddable":true,"href":"https:\/\/www.franceabris.com\/BLOG\/wp-json\/wp\/v2\/media\/14570"}],"wp:attachment":[{"href":"https:\/\/www.franceabris.com\/BLOG\/wp-json\/wp\/v2\/media?parent=14567"}],"wp:term":[{"taxonomy":"category","embeddable":true,"href":"https:\/\/www.franceabris.com\/BLOG\/wp-json\/wp\/v2\/categories?post=14567"},{"taxonomy":"post_tag","embeddable":true,"href":"https:\/\/www.franceabris.com\/BLOG\/wp-json\/wp\/v2\/tags?post=14567"}],"curies":[{"name":"wp","href":"https:\/\/api.w.org\/{rel}","templated":true}]}}