{"id":14705,"date":"2024-04-26T08:57:58","date_gmt":"2024-04-26T07:57:58","guid":{"rendered":"https:\/\/www.franceabris.com\/BLOG\/?p=14705"},"modified":"2024-05-16T12:55:49","modified_gmt":"2024-05-16T11:55:49","slug":"salon-du-camping-car-a-nimes-un-week-end-sous-le-signe-du-nomadisme-et-de-la-vanlife","status":"publish","type":"post","link":"https:\/\/www.franceabris.com\/BLOG\/salon-du-camping-car-a-nimes-un-week-end-sous-le-signe-du-nomadisme-et-de-la-vanlife\/","title":{"rendered":"Salon du camping car \u00e0 N\u00eemes : un week-end sous le signe du nomadisme et de la vanlife !"},"content":{"rendered":"<p style=\"text-align: justify;\">C&rsquo;est en ce moment ! Amateur<strong> de v\u00e9hicules de loisirs et d&rsquo;abri camping car<\/strong> pr\u00e8s de N\u00eemes, si vous ne savez pas quoi faire ce week-end&#8230; Rendez-vous du c\u00f4t\u00e9 <span style=\"color: #ff9900;\"><a style=\"color: #ff9900;\" href=\"https:\/\/www.autoplus.fr\/camping-car\/salon-du-camping-car-de-nimes-2024-toutes-les-infos-pratiques-1325216.html\" target=\"_blank\" rel=\"noopener\">du salon du camping-car, van &amp; fourgon am\u00e9nag\u00e9<\/a><\/span> au Parc des Expositions de la cit\u00e9 gardoise. L&rsquo;occasion de prendre des id\u00e9es, \u00e0 la fois pour trouver votre prochain petit bijou de nomadisme&#8230; et des bons plans en nombre pour bien l&rsquo;am\u00e9nager !<\/p>\n<h2 style=\"text-align: justify;\">C&rsquo;est \u00e0 N\u00eemes du 25 au 28 avril 2024 que se tient un salon du camping-car, van &amp; fourgon am\u00e9nag\u00e9.<\/h2>\n<p style=\"text-align: justify;\">Des camping-cars. Des vans. Des fourgons am\u00e9nag\u00e9s. Au total, ce sont plus de <strong>200 v\u00e9hicules de loisirs<\/strong> qui sont expos\u00e9s au salon du camping-car, van &amp; fourgon am\u00e9nag\u00e9 de N\u00eemes. L&rsquo;\u00e9v\u00e9nement se d\u00e9roule tout au long de cette fin de semaine, du jeudi 25 avril au dimanche 28 avril. O\u00f9 ? Au parc des expositions n\u00eemois. Un rendez-vous important pour les camping-caristes du Gard !<\/p>\n<h3 style=\"text-align: justify;\">Du 25 au 28 avril 2024 : le rendez-vous des amoureux du camping car \u00e0 N\u00eemes<\/h3>\n<p style=\"text-align: justify;\">Une telle manifestation permet de trouver son prochain v\u00e9hicule, qu&rsquo;il soit neuf ou d&rsquo;occasion, et m\u00eame pr\u00eat \u00e0 partir. Des exposants proposent aussi <strong>des fins de s\u00e9rie de l&rsquo;ann\u00e9e 2023<\/strong>&#8230; De bonnes affaires en perspective ?<\/p>\n<p style=\"text-align: justify;\">S&rsquo;il y en a pour tous les budgets, jusqu&rsquo;au fourgon am\u00e9nag\u00e9 d&rsquo;occasion, les organisateurs d\u00e9dient aussi un espace aux cat\u00e9gories poids lourds. Des camping-cars <strong>haut-de-gamme<\/strong> et v\u00e9hicules prestige offrant un confort maximal&#8230; pour r\u00eaver un peu !<\/p>\n<figure id=\"attachment_14707\" aria-describedby=\"caption-attachment-14707\" style=\"width: 750px\" class=\"wp-caption aligncenter\"><img decoding=\"async\" loading=\"lazy\" class=\"wp-image-14707 size-full\" style=\"border: 1px solid #000000;\" src=\"https:\/\/www.franceabris.com\/BLOG\/wp-content\/uploads\/2024\/04\/71-salon-camping-car-nimes-2024-infos-pratiques-750x410-1.webp\" alt=\"trouvez un camping car neuf, d'occasion ou pr\u00eat \u00e0 partir \u00e0 N\u00eemes, au parc des expos\" width=\"750\" height=\"410\" srcset=\"https:\/\/www.franceabris.com\/BLOG\/wp-content\/uploads\/2024\/04\/71-salon-camping-car-nimes-2024-infos-pratiques-750x410-1.webp 750w, https:\/\/www.franceabris.com\/BLOG\/wp-content\/uploads\/2024\/04\/71-salon-camping-car-nimes-2024-infos-pratiques-750x410-1-405x221.webp 405w, https:\/\/www.franceabris.com\/BLOG\/wp-content\/uploads\/2024\/04\/71-salon-camping-car-nimes-2024-infos-pratiques-750x410-1-607x332.webp 607w, https:\/\/www.franceabris.com\/BLOG\/wp-content\/uploads\/2024\/04\/71-salon-camping-car-nimes-2024-infos-pratiques-750x410-1-173x95.webp 173w\" sizes=\"(max-width: 750px) 100vw, 750px\" \/><figcaption id=\"caption-attachment-14707\" class=\"wp-caption-text\">Votre programme, ce week-end : 1\/ trouver votre camping car au salon \u00e9ponyme gardois, \u00e0 N\u00eemes ; 2\/ d\u00e9nicher votre carport pour camping car sur notre site, pour abriter, prot\u00e9ger et entretenir votre prochain v\u00e9hicule de loisirs !<\/figcaption><\/figure>\n<h3 style=\"text-align: justify;\">Des v\u00e9hicules de loisir neufs, d&rsquo;occasion et pr\u00eats \u00e0 partir<\/h3>\n<p style=\"text-align: justify;\">Par ailleurs, un autre espace vous permettra de profiter de <strong>conseils d&rsquo;entretien<\/strong> et de prestations ateliers. Si vous avez un petit p\u00e9pin sur votre camping car, votre van ou votre fourgon, c&rsquo;est le moment !<\/p>\n<p style=\"text-align: justify;\">Enfin, vous pourrez aussi profiter d&rsquo;un stand de carrosserie et d&rsquo;un stand d&rsquo;accessoirisation pour trouver de bonnes id\u00e9es en vue d&rsquo;am\u00e9nager toujours plus votre v\u00e9hicule.<\/p>\n<h3 style=\"text-align: justify;\">Et votre carport pour camping car ?<\/h3>\n<p style=\"text-align: justify;\">Et, une fois que vous aurez trouv\u00e9 votre camping car, vous n&rsquo;aurez plus qu&rsquo;\u00e0 nous passer un petit coup de fil&#8230; pour d\u00e9nicher <strong>votre prochain carport pour camping car<\/strong>, \u00e9videmment ! \ud83d\ude09 On vous dit tout de la mani\u00e8re de choisir et d&rsquo;installer <span style=\"color: #ff9900;\"><a style=\"color: #ff9900;\" href=\"https:\/\/www.franceabris.com\/BLOG\/tuto-comment-peut-on-monter-un-carport-pour-camping-car\/\" target=\"_blank\" rel=\"noopener\">le meilleur abri pour votre v\u00e9hicule de loisirs<\/a><\/span> sur notre site, avec des mod\u00e8les livr\u00e9s et mont\u00e9s \u00e0 domicile.<\/p>\n<p style=\"text-align: justify;\">Joli programme pour votre week-end, amis n\u00eemois !<\/p>\n","protected":false},"excerpt":{"rendered":"<p>C&rsquo;est en ce moment ! Amateur de v\u00e9hicules de loisirs et d&rsquo;abri camping car pr\u00e8s de N\u00eemes, si vous ne savez pas quoi faire ce week-end&#8230; Rendez-vous du c\u00f4t\u00e9 du salon du camping-car, van &amp; fourgon am\u00e9nag\u00e9 au Parc des Expositions de la cit\u00e9 gardoise. L&rsquo;occasion de prendre des id\u00e9es, \u00e0 la fois pour trouver &hellip; <a href=\"https:\/\/www.franceabris.com\/BLOG\/salon-du-camping-car-a-nimes-un-week-end-sous-le-signe-du-nomadisme-et-de-la-vanlife\/\" class=\"more-link\">Continuer la lecture de <span class=\"screen-reader-text\">Salon du camping car \u00e0 N\u00eemes : un week-end sous le signe du nomadisme et de la vanlife !<\/span><\/a><\/p>\n","protected":false},"author":5,"featured_media":14706,"comment_status":"closed","ping_status":"closed","sticky":false,"template":"","format":"standard","meta":[],"categories":[2],"tags":[],"_links":{"self":[{"href":"https:\/\/www.franceabris.com\/BLOG\/wp-json\/wp\/v2\/posts\/14705"}],"collection":[{"href":"https:\/\/www.franceabris.com\/BLOG\/wp-json\/wp\/v2\/posts"}],"about":[{"href":"https:\/\/www.franceabris.com\/BLOG\/wp-json\/wp\/v2\/types\/post"}],"author":[{"embeddable":true,"href":"https:\/\/www.franceabris.com\/BLOG\/wp-json\/wp\/v2\/users\/5"}],"replies":[{"embeddable":true,"href":"https:\/\/www.franceabris.com\/BLOG\/wp-json\/wp\/v2\/comments?post=14705"}],"version-history":[{"count":0,"href":"https:\/\/www.franceabris.com\/BLOG\/wp-json\/wp\/v2\/posts\/14705\/revisions"}],"wp:featuredmedia":[{"embeddable":true,"href":"https:\/\/www.franceabris.com\/BLOG\/wp-json\/wp\/v2\/media\/14706"}],"wp:attachment":[{"href":"https:\/\/www.franceabris.com\/BLOG\/wp-json\/wp\/v2\/media?parent=14705"}],"wp:term":[{"taxonomy":"category","embeddable":true,"href":"https:\/\/www.franceabris.com\/BLOG\/wp-json\/wp\/v2\/categories?post=14705"},{"taxonomy":"post_tag","embeddable":true,"href":"https:\/\/www.franceabris.com\/BLOG\/wp-json\/wp\/v2\/tags?post=14705"}],"curies":[{"name":"wp","href":"https:\/\/api.w.org\/{rel}","templated":true}]}}