{"id":14718,"date":"2024-05-03T14:14:38","date_gmt":"2024-05-03T13:14:38","guid":{"rendered":"https:\/\/www.franceabris.com\/BLOG\/?p=14718"},"modified":"2024-05-07T14:39:10","modified_gmt":"2024-05-07T13:39:10","slug":"les-6-choses-que-vous-ne-connaissez-pas-sur-votre-pergola-bioclimatique","status":"publish","type":"post","link":"https:\/\/www.franceabris.com\/BLOG\/les-6-choses-que-vous-ne-connaissez-pas-sur-votre-pergola-bioclimatique\/","title":{"rendered":"Les 6 choses que vous ne connaissez pas sur votre pergola bioclimatique !"},"content":{"rendered":"<p style=\"text-align: justify;\">La pergola bioclimatique, vous aussi, vous l&rsquo;adorez ? Cette couverture faite de lames orientables qui habillent un abri pour la terrasse s\u00e9duit toujours plus les propri\u00e9taires de maison avec jardin. Et on le comprend ! \u00c0 l&rsquo;\u00e8re du tout personnalisable et du tout adaptable, on appr\u00e9cie forc\u00e9ment&#8230; de ne pas avoir \u00e0 choisir ! Mais on parie que vous ne savez pas tout de ces am\u00e9nagements ext\u00e9rieurs tellement \u00e0 la mode&#8230; Alors voici <strong>6 choses \u00e0 conna\u00eetre sur les pergolas bioclimatiques<\/strong>&#8230; on se couchera un peu moins b\u00eates ce soir ! \ud83e\uddd0<\/p>\n<h2 style=\"text-align: justify;\">Le Top 6 des choses \u00e0 conna\u00eetre sur la pergola bioclimatique !<\/h2>\n<p style=\"text-align: justify;\">Vous l&rsquo;avez s\u00fbrement constat\u00e9 : <span style=\"color: #ff9900;\"><a style=\"color: #ff9900;\" href=\"https:\/\/www.franceabris.com\/398-pergola-bioclimatique\" target=\"_blank\" rel=\"noopener\">la pergola bioclimatique<\/a><\/span> investit tous les jardins, toutes les terrasses. Les tonnelles, les pergolas traditionnelles et les abris terrasse avaient d\u00e9j\u00e0 beaucoup de succ\u00e8s auparavant. Mais avec le d\u00e9veloppement des mat\u00e9riaux, de la technologie, des solutions personnalisables et adaptables \u00e0 chaque situation, le particulier a tr\u00e8s vite jet\u00e9 son d\u00e9volu sur les syst\u00e8mes bioclimatiques. En effet, ces derniers permettent d&rsquo;<strong>ajuster la protection qu&rsquo;offre la couverture<\/strong> afin de projeter de l&rsquo;ombre sur la terrasse&#8230; ou d&rsquo;en faire un solarium. La solution fixe n&rsquo;est plus obligatoire ; on peut aussi d\u00e9cider de garder toutes les options sous le coude, selon que l&rsquo;on souhaite bronzer en plein apr\u00e8s-midi ou d\u00e9jeuner entre amis.<\/p>\n<p style=\"text-align: justify;\">Alors, pour mieux conna\u00eetre cet am\u00e9nagement de terrasse si particulier&#8230;<\/p>\n<h3 style=\"text-align: justify;\">&#8230; voici les 6 choses \u00e0 savoir sur la pergola bioclimatique !<\/h3>\n<ol style=\"text-align: justify;\">\n<li style=\"text-align: justify;\">En France, elle r\u00e9pr\u00e9sentait<strong> 40% des ventes<\/strong> d&rsquo;am\u00e9nagements ext\u00e9rieurs en 2021.<\/li>\n<li style=\"text-align: justify;\">Il faut que ses lames soient aussi larges que possible et <strong>perpendiculaires<\/strong> \u00e0 la maison.<\/li>\n<li style=\"text-align: justify;\">Elle est r\u00e9cente : elle aurait \u00e9t\u00e9<strong> invent\u00e9e par un Fran\u00e7ais<\/strong> en 1991.<\/li>\n<li style=\"text-align: justify;\">Le <strong>prix moyen<\/strong> d&rsquo;une pergola bioclimatique dans un \u00e9v\u00e9nement comme la foire de Lyon ? 400\u20ac du m\u00b2.<\/li>\n<li style=\"text-align: justify;\">Aujourd&rsquo;hui, on fait des mod\u00e8les avec <strong>toits intelligents<\/strong> et r\u00e9tractables.<\/li>\n<li style=\"text-align: justify;\">Jusqu&rsquo;\u00e0 40 m\u00b2, une pergola bioclimatique adoss\u00e9e peut se contenter d&rsquo;une <strong>d\u00e9claration de travaux<\/strong>.<\/li>\n<\/ol>\n<figure id=\"attachment_14600\" aria-describedby=\"caption-attachment-14600\" style=\"width: 397px\" class=\"wp-caption aligncenter\"><a href=\"https:\/\/www.franceabris.com\/398-pergola-bioclimatique\"><img decoding=\"async\" loading=\"lazy\" class=\"wp-image-14600 size-full\" style=\"border: 1px solid #000000;\" src=\"https:\/\/www.franceabris.com\/BLOG\/wp-content\/uploads\/2024\/02\/6131-top-3-pergola-1.png\" alt=\"les Fran\u00e7ais adorent les pergolas bioclimatiques\" width=\"397\" height=\"291\" srcset=\"https:\/\/www.franceabris.com\/BLOG\/wp-content\/uploads\/2024\/02\/6131-top-3-pergola-1.png 397w, https:\/\/www.franceabris.com\/BLOG\/wp-content\/uploads\/2024\/02\/6131-top-3-pergola-1-327x240.png 327w, https:\/\/www.franceabris.com\/BLOG\/wp-content\/uploads\/2024\/02\/6131-top-3-pergola-1-134x98.png 134w\" sizes=\"(max-width: 397px) 100vw, 397px\" \/><\/a><figcaption id=\"caption-attachment-14600\" class=\"wp-caption-text\">R\u00e9f\u00e9rence ID6131. Non seulement la couverture de cette pergola est bioclimatique&#8230; mais ses ventelles lat\u00e9rales le sont aussi ! Elles s&rsquo;orientent, \u00e0 l&rsquo;instar du toit, \u00e0 l&rsquo;aide d&rsquo;une manivelle bien pratique.<\/figcaption><\/figure>\n<h3 style=\"text-align: justify;\">1. Les Fran\u00e7ais l&rsquo;adorent !<\/h3>\n<p style=\"text-align: justify;\">Et oui ! La pergola bioclimatique est notre am\u00e9nagement ext\u00e9rieur pr\u00e9f\u00e9r\u00e9. Elle occupe une place consid\u00e9rable sur le march\u00e9, puisqu&rsquo;elle repr\u00e9sentait 40% des ventes concernant les am\u00e9nagements ext\u00e9rieurs en 2021. Par ailleurs, 45% des propri\u00e9taires de maisons avec jardin souhaitaient acheter une pergola bioclimatique. Et vous, vous en cherchez une ?<\/p>\n<h3 style=\"text-align: justify;\">2. Les lames bioclimatiques doivent \u00eatre perpendiculaires \u00e0 la maison<\/h3>\n<p style=\"text-align: justify;\">Certains craignent qu&rsquo;elle assombrisse la maison. Pour \u00e9viter ce probl\u00e8me, il faut que les lames de la couverture soient perpendiculaires \u00e0 la fa\u00e7ade de la maison. Par ailleurs, plus elles sont larges, mieux c&rsquo;est : c&rsquo;est ce qu&rsquo;on appelle le clair de jour. Et, de la m\u00eame mani\u00e8re, plus elles sont larges, moins elles sont nombreuses. Rappelez-vous en : des lames perpendiculaires, larges et peu nombreuses !<\/p>\n<figure id=\"attachment_14606\" aria-describedby=\"caption-attachment-14606\" style=\"width: 1138px\" class=\"wp-caption alignnone\"><a href=\"https:\/\/www.franceabris.com\/398-pergola-bioclimatique\"><img decoding=\"async\" loading=\"lazy\" class=\"wp-image-14606 size-full\" style=\"border: 1px solid #000000;\" src=\"https:\/\/www.franceabris.com\/BLOG\/wp-content\/uploads\/2024\/02\/pergola-bioclimatique-adossee-1138-x-448-px.png\" alt=\"tonnelle adoss\u00e9e avec couverture bioclimatique\" width=\"1138\" height=\"448\" srcset=\"https:\/\/www.franceabris.com\/BLOG\/wp-content\/uploads\/2024\/02\/pergola-bioclimatique-adossee-1138-x-448-px.png 1138w, https:\/\/www.franceabris.com\/BLOG\/wp-content\/uploads\/2024\/02\/pergola-bioclimatique-adossee-1138-x-448-px-405x159.png 405w, https:\/\/www.franceabris.com\/BLOG\/wp-content\/uploads\/2024\/02\/pergola-bioclimatique-adossee-1138-x-448-px-607x239.png 607w, https:\/\/www.franceabris.com\/BLOG\/wp-content\/uploads\/2024\/02\/pergola-bioclimatique-adossee-1138-x-448-px-173x68.png 173w, https:\/\/www.franceabris.com\/BLOG\/wp-content\/uploads\/2024\/02\/pergola-bioclimatique-adossee-1138-x-448-px-768x302.png 768w\" sizes=\"(max-width: 1138px) 100vw, 1138px\" \/><\/a><figcaption id=\"caption-attachment-14606\" class=\"wp-caption-text\">Attention au clair de jour : les lames doivent \u00eatre perpendiculaires \u00e0 la fa\u00e7ade si l&rsquo;on veut pr\u00e9server la luminosit\u00e9 lorsque la pergola est adoss\u00e9e \u00e0 la maison. Privil\u00e9gier les lames larges, \u00e9galement, et moins nombreuses pour garder un maximum de lumi\u00e8re dans son habitation.<\/figcaption><\/figure>\n<h3 style=\"text-align: justify;\">3. C&rsquo;est un Fran\u00e7ais qui l&rsquo;a invent\u00e9e<\/h3>\n<p style=\"text-align: justify;\">Elle aurait \u00e9t\u00e9 invent\u00e9e par un Fran\u00e7ais, qui aurait d\u00e9pos\u00e9 un brevet industriel\u00a0 la concernant en 1991. Mais, apr\u00e8s des ann\u00e9es de d\u00e9sint\u00e9r\u00eat, ce n&rsquo;est qu&rsquo;en 1998 qu&rsquo;elle a commenc\u00e9 \u00e0 trouver son public et se r\u00e9pandre \u00e0 travers le monde. Une cr\u00e9ation plut\u00f4t r\u00e9cente !<\/p>\n<h3 style=\"text-align: justify;\">4. Son prix moyen : 400\u20ac du m\u00b2<\/h3>\n<p style=\"text-align: justify;\">Derni\u00e8rement, \u00e0 la c\u00e9l\u00e8bre foire de Lyon qui a eu lieu d\u00e9but avril 2024, <b>le prix moyen<\/b> d&rsquo;une pergola bioclimatique \u00e9tait de&#8230; 400\u20ac du m\u00b2. Les mod\u00e8les sur-mesure peuvent monter jusqu&rsquo;\u00e0 2000\u20ac du m\u00b2. Attention aux prix les plus discounts : ceux qui promettent 60\u20ac du m\u00b2 sacrifient forc\u00e9ment la qualit\u00e9 et la durabilit\u00e9 du mod\u00e8le.<\/p>\n<figure id=\"attachment_14032\" aria-describedby=\"caption-attachment-14032\" style=\"width: 550px\" class=\"wp-caption aligncenter\"><a href=\"https:\/\/www.franceabris.com\/398-pergola-bioclimatique\"><img decoding=\"async\" loading=\"lazy\" class=\"wp-image-14032 size-full\" style=\"border: 1px solid #000000;\" src=\"https:\/\/www.franceabris.com\/BLOG\/wp-content\/uploads\/2023\/04\/2345-pergola-bioclimatique-autoportee.png\" alt=\"le prix des pergolas bioclimatiques : 400\u20ac du m\u00b2\" width=\"550\" height=\"402\" srcset=\"https:\/\/www.franceabris.com\/BLOG\/wp-content\/uploads\/2023\/04\/2345-pergola-bioclimatique-autoportee.png 550w, https:\/\/www.franceabris.com\/BLOG\/wp-content\/uploads\/2023\/04\/2345-pergola-bioclimatique-autoportee-328x240.png 328w, https:\/\/www.franceabris.com\/BLOG\/wp-content\/uploads\/2023\/04\/2345-pergola-bioclimatique-autoportee-134x98.png 134w\" sizes=\"(max-width: 550px) 100vw, 550px\" \/><\/a><figcaption id=\"caption-attachment-14032\" class=\"wp-caption-text\">R\u00e9f\u00e9rence ID2345. Forc\u00e9ment, les pergolas bioclimatiques voient leur prix varier en fonction : de leurs dimensions, de leur syst\u00e8me bioclimatique (\u00e9lectrique motoris\u00e9e ou manuel), de leurs mat\u00e9riaux et de leurs options (stores, ventelles, \u00e9clairage&#8230;).<\/figcaption><\/figure>\n<h3 style=\"text-align: justify;\">5. On en fait avec des toits bioclimatiques compl\u00e8tement r\u00e9tractables<\/h3>\n<p style=\"text-align: justify;\">Aujourd&rsquo;hui, on innove beaucoup en mati\u00e8re de pergola bioclimatique. Certaines, tr\u00e8s on\u00e9reuses, proposent un toit r\u00e9tractable qui peut, tout bonnement et simplement, se rentrer dans un coffre pour laisser place \u00e0 un v\u00e9ritable solarium. Un moyen de r\u00e9gler compl\u00e8tement les probl\u00e8mes de luminosit\u00e9 ! D&rsquo;autres mod\u00e8les travaillent l&rsquo;ergonomie et des fonctionnalit\u00e9s intelligentes, allant jusqu&rsquo;\u00e0 une inclinaison automatique des lames en fonction de plages horaires ou de la position du soleil.<\/p>\n<h3 style=\"text-align: justify;\">6. Pour une pergola bioclimatique adoss\u00e9e, pas de permis de construire jusqu&rsquo;\u00e0 40 m\u00b2 !<\/h3>\n<p style=\"text-align: justify;\">Si l&rsquo;on peut difficilement se passer d&rsquo;une autorisation d&rsquo;urbanisme pour un abri de ce genre (il faudrait qu&rsquo;il fasse moins de 5 m\u00b2), on peut se contenter d&rsquo;une d\u00e9claration pr\u00e9alable dans la majeure partie des cas si la pergola est adoss\u00e9e \u00e0 la maison et fait moins de 40 m\u00b2. Attention : toujours v\u00e9rifier ce que dit votre PLU ou les documents d&rsquo;urbanisme de votre commune !<\/p>\n","protected":false},"excerpt":{"rendered":"<p>La pergola bioclimatique, vous aussi, vous l&rsquo;adorez ? Cette couverture faite de lames orientables qui habillent un abri pour la terrasse s\u00e9duit toujours plus les propri\u00e9taires de maison avec jardin. Et on le comprend ! \u00c0 l&rsquo;\u00e8re du tout personnalisable et du tout adaptable, on appr\u00e9cie forc\u00e9ment&#8230; de ne pas avoir \u00e0 choisir ! Mais &hellip; <a href=\"https:\/\/www.franceabris.com\/BLOG\/les-6-choses-que-vous-ne-connaissez-pas-sur-votre-pergola-bioclimatique\/\" class=\"more-link\">Continuer la lecture de <span class=\"screen-reader-text\">Les 6 choses que vous ne connaissez pas sur votre pergola bioclimatique !<\/span><\/a><\/p>\n","protected":false},"author":5,"featured_media":12676,"comment_status":"closed","ping_status":"closed","sticky":false,"template":"","format":"standard","meta":[],"categories":[2,3],"tags":[],"_links":{"self":[{"href":"https:\/\/www.franceabris.com\/BLOG\/wp-json\/wp\/v2\/posts\/14718"}],"collection":[{"href":"https:\/\/www.franceabris.com\/BLOG\/wp-json\/wp\/v2\/posts"}],"about":[{"href":"https:\/\/www.franceabris.com\/BLOG\/wp-json\/wp\/v2\/types\/post"}],"author":[{"embeddable":true,"href":"https:\/\/www.franceabris.com\/BLOG\/wp-json\/wp\/v2\/users\/5"}],"replies":[{"embeddable":true,"href":"https:\/\/www.franceabris.com\/BLOG\/wp-json\/wp\/v2\/comments?post=14718"}],"version-history":[{"count":0,"href":"https:\/\/www.franceabris.com\/BLOG\/wp-json\/wp\/v2\/posts\/14718\/revisions"}],"wp:featuredmedia":[{"embeddable":true,"href":"https:\/\/www.franceabris.com\/BLOG\/wp-json\/wp\/v2\/media\/12676"}],"wp:attachment":[{"href":"https:\/\/www.franceabris.com\/BLOG\/wp-json\/wp\/v2\/media?parent=14718"}],"wp:term":[{"taxonomy":"category","embeddable":true,"href":"https:\/\/www.franceabris.com\/BLOG\/wp-json\/wp\/v2\/categories?post=14718"},{"taxonomy":"post_tag","embeddable":true,"href":"https:\/\/www.franceabris.com\/BLOG\/wp-json\/wp\/v2\/tags?post=14718"}],"curies":[{"name":"wp","href":"https:\/\/api.w.org\/{rel}","templated":true}]}}