{"id":14945,"date":"2024-09-24T17:50:58","date_gmt":"2024-09-24T16:50:58","guid":{"rendered":"https:\/\/www.franceabris.com\/BLOG\/?p=14945"},"modified":"2024-09-17T18:02:28","modified_gmt":"2024-09-17T17:02:28","slug":"stockage-cour-decole-les-4-points-a-ne-pas-rater","status":"publish","type":"post","link":"https:\/\/www.franceabris.com\/BLOG\/stockage-cour-decole-les-4-points-a-ne-pas-rater\/","title":{"rendered":"Stockage cour d&rsquo;\u00e9cole : les 4 points \u00e0 ne pas rater !"},"content":{"rendered":"<p style=\"text-align: justify;\"><strong>Stockage cour d&rsquo;\u00e9cole :<\/strong> une probl\u00e9matique renouvel\u00e9e chaque ann\u00e9e ! Et oui, \u00e0 chaque rentr\u00e9e, les instits dressent rapidement la liste des changements positifs qui ont eu lieu durant l&rsquo;\u00e9t\u00e9&#8230; et de ceux qui se font attendre. Aux collectivit\u00e9s d&rsquo;agir ! Et \u00e0 ce petit jeu-l\u00e0, on sait que les aspects logistiques sont fondamentaux. Les parents ne s&rsquo;en doutent pas toujours, mais la petite ergonomie gagn\u00e9e au moment de la r\u00e9cr\u00e9ation, le gain de temps glan\u00e9 sur le rangement en fin de journ\u00e9e&#8230; c&rsquo;est autant de disponibilit\u00e9 c\u00e9r\u00e9brale pour les enfants !<\/p>\n<p style=\"text-align: justify;\">Mais comment choisir LE cabanon de rangement efficace pour une cour de r\u00e9cr\u00e9ation ? Quels sont <strong>les 4 points<\/strong> auxquels les collectivit\u00e9s doivent veiller pour que l&rsquo;abri donne sa pleine mesure ? On vous dit tout avec le bel exemple d&rsquo;une r\u00e9alisation professionnelle dans une \u00e9cole de la r\u00e9gion parisienne.<\/p>\n<h2 style=\"text-align: justify;\">Quelles sont les 4 clefs d&rsquo;un stockage cour d&rsquo;\u00e9cole r\u00e9ussi et comment guider les collectivit\u00e9s dans leur choix d&rsquo;un cabanon de rangement efficace ?<\/h2>\n<p style=\"text-align: justify;\">Vous l&rsquo;avez compris : ce qui fait g\u00e9n\u00e9ralement la diff\u00e9rence dans une cour d&rsquo;\u00e9cole, c&rsquo;est <strong>ce qui est efficace<\/strong>, ce qui facilite la vie des instits, tout en ne d\u00e9naturant pas l&rsquo;environnement des enfants. C&rsquo;est d&rsquo;ailleurs la raison pour laquelle on appr\u00e9cie souvent les abris de jardin en bois pour le stockage cour d&rsquo;\u00e9cole, des abris chaleureux qui se lasurent et se d\u00e9corent, l\u00e0 o\u00f9 les cabanons m\u00e9talliques, certes tr\u00e8s r\u00e9sistants, affichent une apparence beaucoup plus aust\u00e8re.<\/p>\n<p style=\"text-align: justify;\">D\u00e8s lors, quelles sont <strong>les 4 param\u00e8tres essentiels<\/strong> lorsque l&rsquo;on cherche un cabanon de rangement pour une \u00e9cole, un \u00e9tablissement scolaire, maternelle, \u00e9l\u00e9mentaire&#8230; ?<\/p>\n<p style=\"text-align: justify;\">On vous emm\u00e8ne<strong> \u00e0 la d\u00e9couverte d&rsquo;une installation pro<\/strong> r\u00e9alis\u00e9e dans une \u00e9cole de la r\u00e9gion parisienne qui illustre parfaitement ces 4 aspects essentiels. <span style=\"color: #ff9900;\"><a style=\"color: #ff9900;\" href=\"https:\/\/www.franceabris.com\/148-abri-jardin-bois-traite-autoclave\" target=\"_blank\" rel=\"noopener\">L&rsquo;abri de jardin choisi<\/a><\/span> est la r\u00e9f\u00e9rence ID3907 sur notre site. 3,35 m de largeur, 2,35 m de profondeur, 5,56 m\u00b2 au total, des madriers de 28 mm et un kit de soubassement inclus&#8230; Un tr\u00e8s beau kit en bois Douglas !<\/p>\n<h3 style=\"text-align: justify;\">1\/ Stockage cour d&rsquo;\u00e9cole : la solidit\u00e9 est essentielle<\/h3>\n<p style=\"text-align: justify;\">Cela para\u00eet \u00e9vident. Et, pourtant, ce n&rsquo;est pas la qualit\u00e9 la mieux partag\u00e9 de tous les abris de stockage ! C&rsquo;est la raison pour laquelle il faut \u00eatre vigilant et choisir un stockage cour d&rsquo;\u00e9cole en tenant compte des diff\u00e9rents crit\u00e8res que l&rsquo;on vous donne aujourd&rsquo;hui. En l&rsquo;occurrence, pour un cabanon de rangement dans une cour de r\u00e9cr\u00e9ation, <strong>la solidit\u00e9 est fondamentale<\/strong>.<\/p>\n<figure id=\"attachment_14954\" aria-describedby=\"caption-attachment-14954\" style=\"width: 550px\" class=\"wp-caption aligncenter\"><a href=\"3907-abri-jardin-cour-\u00e9cole-douglas-1\"><img decoding=\"async\" loading=\"lazy\" class=\"wp-image-14954\" style=\"border: 1px solid #000000;\" src=\"https:\/\/www.franceabris.com\/BLOG\/wp-content\/uploads\/2024\/09\/3907-abri-jardin-cour-ecole-douglas-1.jpg\" alt=\"stockage cour d'\u00e9cole en bois Douglas\" width=\"550\" height=\"550\" srcset=\"https:\/\/www.franceabris.com\/BLOG\/wp-content\/uploads\/2024\/09\/3907-abri-jardin-cour-ecole-douglas-1.jpg 864w, https:\/\/www.franceabris.com\/BLOG\/wp-content\/uploads\/2024\/09\/3907-abri-jardin-cour-ecole-douglas-1-240x240.jpg 240w, https:\/\/www.franceabris.com\/BLOG\/wp-content\/uploads\/2024\/09\/3907-abri-jardin-cour-ecole-douglas-1-437x437.jpg 437w, https:\/\/www.franceabris.com\/BLOG\/wp-content\/uploads\/2024\/09\/3907-abri-jardin-cour-ecole-douglas-1-98x98.jpg 98w, https:\/\/www.franceabris.com\/BLOG\/wp-content\/uploads\/2024\/09\/3907-abri-jardin-cour-ecole-douglas-1-768x768.jpg 768w\" sizes=\"(max-width: 550px) 100vw, 550px\" \/><\/a><figcaption id=\"caption-attachment-14954\" class=\"wp-caption-text\">Le bois Douglas se reconna\u00eet bien \u00e0 sa jolie couleur ros\u00e9e. Il fait partie des bois r\u00e9sistants capables de r\u00e9sister en ext\u00e9rieur. Il s&rsquo;agit d&rsquo;une essence qui garantit la solidit\u00e9 fondamentale pour un espace de stockage cour d&rsquo;\u00e9cole !<\/figcaption><\/figure>\n<h4 style=\"text-align: justify;\">L&rsquo;ergonomie quotidienne d\u00e9pend aussi de la solidit\u00e9 du cabanon de rangement<\/h4>\n<ul>\n<li style=\"text-align: justify;\">Il ne faut pas que l&rsquo;abri, en se d\u00e9gradant trop rapidement, soit \u00e0 l&rsquo;origine <strong>de situations probl\u00e9matiques vis-\u00e0-vis des enfants<\/strong> (et cela va de la simple \u00e9charde \u00e0 une planche pourrie ou un clou qui d\u00e9passe).<\/li>\n<li style=\"text-align: justify;\">Un stockage de cour d&rsquo;\u00e9cole abrite du mat\u00e9riel. Il ne faut pas que ce mat\u00e9riel soit ab\u00eem\u00e9 par les intemp\u00e9ries et une d\u00e9gradation prononc\u00e9e de l&rsquo;abri.<\/li>\n<li style=\"text-align: justify;\">Enfin, un cabanon de rangement qui se d\u00e9t\u00e9riore, c&rsquo;est un cabanon qui : se ferme mal, se s\u00e9curise mal, s&rsquo;organise mal&#8230; Bref, un cabanon moins ergonomique au quotidien.<\/li>\n<\/ul>\n<h4 style=\"text-align: justify;\">Le bois Douglas est une base int\u00e9ressante \u00e0 travailler<\/h4>\n<p style=\"text-align: justify;\">Voil\u00e0 pourquoi il est absolument n\u00e9cessaire de prioriser la solidit\u00e9. Et, la solidit\u00e9, lorsqu&rsquo;on \u00e9voque un abri de jardin en bois comme celui que l&rsquo;on a install\u00e9 dans cette \u00e9cole parisienne, <strong>c&rsquo;est notamment la conception en bois Douglas<\/strong> qui en est \u00e0 l&rsquo;origine. Le bois Douglas lui offre une imputrescibilit\u00e9 naturelle. Cela lui permet de supporter les agressions ext\u00e9rieures en son coeur. M\u00eame s&rsquo;il faudra envisager une protection filmog\u00e8ne (saturateur, lasure) si l&rsquo;on veut que le bois n&rsquo;absorbe pas trop l&rsquo;humidit\u00e9 et bouge moins dans le temps !<\/p>\n<h3 style=\"text-align: justify;\">2\/ La facilit\u00e9 d&rsquo;utilisation : porte double, fen\u00eatre&#8230;<\/h3>\n<p style=\"text-align: justify;\">Le point qui int\u00e9resse forc\u00e9ment les instits ! Et oui, un ajout logistique dans la cour comme cet espace de stockage cour d&rsquo;\u00e9cole <strong>DOIT \u00eatre simple \u00e0 utiliser<\/strong>. Il DOIT \u00eatre pratique. Il DOIT faciliter la vie du personnel enseignant et des ATSEM. Vous allez nous dire&#8230; Qu&rsquo;est-ce qui peut \u00eatre facilitant dans un cabanon de rangement ?<\/p>\n<h4 style=\"text-align: justify;\">La porte : deux battants, c&rsquo;est une n\u00e9cessit\u00e9<\/h4>\n<p style=\"text-align: justify;\">Et bien, c&rsquo;est simple : premier point, comme pour la r\u00e9f\u00e9rence ID3907, il s&rsquo;agit <strong>des portes \u00e0 deux battants<\/strong>. Qui dit porte double, dit grande largeur de passage. En l&rsquo;occurrence, pour ce mod\u00e8le, les deux battants s&rsquo;ouvrent sur 1,60 m (sachant qu&rsquo;ils offrent 1,86 m de hauteur de passage, ce qui est important pour une porte). L&rsquo;int\u00e9r\u00eat ? Pouvoir ouvrir en grand les portes de l&rsquo;abri. Et ramener rapidement afin de les ranger les trottinettes, les v\u00e9los, les tricycles, les jeux d&rsquo;ext\u00e9rieur et le mat\u00e9riel de sport. Pas besoin de se faufiler par une mince ouverture ; on peut se croiser \u00e0 deux. C&rsquo;est peut-\u00eatre b\u00eate&#8230; Mais les abris n&rsquo;ont souvent qu&rsquo;une porte simple, alors attention \u00e0 cette caract\u00e9ristique !<\/p>\n<figure id=\"attachment_14948\" aria-describedby=\"caption-attachment-14948\" style=\"width: 612px\" class=\"wp-caption aligncenter\"><a href=\"3907-abri-jardin-cour-\u00e9cole-douglas-1\"><img decoding=\"async\" loading=\"lazy\" class=\"wp-image-14948 size-full\" style=\"border: 1px solid #000000;\" src=\"https:\/\/www.franceabris.com\/BLOG\/wp-content\/uploads\/2024\/09\/3907-abri-jardin-cour-ecole-douglas-7.jpg\" alt=\"porte deux battants et ch\u00e2ssis lumineux pour ce cabanon de rangement collectivit\u00e9s \u00e9cole\" width=\"612\" height=\"612\" srcset=\"https:\/\/www.franceabris.com\/BLOG\/wp-content\/uploads\/2024\/09\/3907-abri-jardin-cour-ecole-douglas-7.jpg 612w, https:\/\/www.franceabris.com\/BLOG\/wp-content\/uploads\/2024\/09\/3907-abri-jardin-cour-ecole-douglas-7-240x240.jpg 240w, https:\/\/www.franceabris.com\/BLOG\/wp-content\/uploads\/2024\/09\/3907-abri-jardin-cour-ecole-douglas-7-437x437.jpg 437w, https:\/\/www.franceabris.com\/BLOG\/wp-content\/uploads\/2024\/09\/3907-abri-jardin-cour-ecole-douglas-7-98x98.jpg 98w\" sizes=\"(max-width: 612px) 100vw, 612px\" \/><\/a><figcaption id=\"caption-attachment-14948\" class=\"wp-caption-text\">Tr\u00e8s joli rendu du cabanon de rangement, ID3907, dans cette \u00e9cole de la r\u00e9gion parisienne. Et l&rsquo;on voit parfaitement, ici, les deux battants qui permettent \u00e0 la porte de s&rsquo;ouvrir en grand. Ainsi que les deux ch\u00e2ssis offrant une agr\u00e9able luminosit\u00e9 naturelle \u00e0 l&rsquo;int\u00e9rieur !<\/figcaption><\/figure>\n<h4 style=\"text-align: justify;\">Des ch\u00e2ssis pour plus de luminosit\u00e9<\/h4>\n<p style=\"text-align: justify;\"><strong>Autre point : les fen\u00eatres.<\/strong> Le mod\u00e8le du jour pr\u00e9sente deux ch\u00e2ssis fixe encastr\u00e9s dans chacun des battants de la porte. Les fen\u00eatres, c&rsquo;est ce qui permet d&rsquo;avoir une luminosit\u00e9 naturelle maximale \u00e0 l&rsquo;int\u00e9rieur. Dans un espace de stockage cour d&rsquo;\u00e9cole, on a rarement l&rsquo;\u00e9lectricit\u00e9. Autant dire que, si l&rsquo;on a le malheur de fouiller \u00e0 l&rsquo;int\u00e9rieur une fin de journ\u00e9e d&rsquo;hiver&#8230; il vaut mieux avoir son smartphone et un peu de batterie \u00e0 port\u00e9e de main ! Avec des ch\u00e2ssis, on profite autant que possible de la pr\u00e9sence du soleil. Par ailleurs, ils permettent, en plus, de v\u00e9rifier en un clin d&rsquo;\u0153il le contenu du cabanon pour un check-up rapide.<\/p>\n<h4 style=\"text-align: justify;\">Quelle fermeture pour la s\u00e9curit\u00e9 ?<\/h4>\n<p style=\"text-align: justify;\"><strong>Il faut \u00e9galement penser \u00e0 la s\u00e9curisation.<\/strong> Et au moyen le plus rapide de fermer le cabanon de stockage ! Serrure ? Cadenas ? Code ? L&rsquo;enseignant ne doit surtout pas passer trop longtemps \u00e0 fermer&#8230; ou \u00e0 chercher le moyen de le fermer ! Faire des aller-retours pour r\u00e9cup\u00e9rer les clefs de l&rsquo;abri dans un bureau, courir apr\u00e8s \u00e0 droite-\u00e0 gauche, tr\u00e8s peu pour lui, il le fait suffisamment dans la journ\u00e9e et pour de bien meilleures raisons !<\/p>\n<h3 style=\"text-align: justify;\">3\/ L&rsquo;\u00e9tanch\u00e9it\u00e9 : une toiture qui tient la route pour votre espace de stockage cour d&rsquo;\u00e9cole !<\/h3>\n<p style=\"text-align: justify;\">Si l&rsquo;on parle d&rsquo;\u00e9tanch\u00e9it\u00e9, c&rsquo;est parce qu&rsquo;elle est souvent la premi\u00e8re cause des probl\u00e8mes pour un cabanon de rangement, dans un cour de r\u00e9cr\u00e9ation ou dans le jardin d&rsquo;un particulier. Notamment du c\u00f4t\u00e9 de la toiture ! C&rsquo;est particuli\u00e8rement le cas des abris de jardin en bois et c&rsquo;est la raison pour laquelle <strong>on incite toujours les collectivit\u00e9s \u00e0 opter pour des toitures en bac acier<\/strong> plut\u00f4t qu&rsquo;en feutre bitum\u00e9, une solution peu co\u00fbteuse qui ne tient pas dans le temps. Notre stockage en bois Douglas en est d&rsquo;ailleurs \u00e9quip\u00e9 : un bac acier galvanis\u00e9 avec rev\u00eatement polyester. L&rsquo;\u00e9tanch\u00e9it\u00e9 par le toit est assur\u00e9e.<\/p>\n<h4 style=\"text-align: justify;\">Un toit en bac acier et un joint d&rsquo;\u00e9tanch\u00e9it\u00e9 au sol pour votre stockage cour d&rsquo;\u00e9cole<\/h4>\n<p style=\"text-align: justify;\">Il y a \u00e9galement <strong>le joint d&rsquo;\u00e9tanch\u00e9it\u00e9<\/strong> \u00e0 poser au sol avant le montage.<span style=\"color: #ff9900;\"><a style=\"color: #ff9900;\" href=\"https:\/\/www.franceabris.com\/BLOG\/rouleau-detancheite-loption-indispensable-pour-votre-abri-de-jardin\/\" target=\"_blank\" rel=\"noopener\"> Ce rouleau compribande en EPDM<\/a><\/span> est autoadh\u00e9sif et se colle directement sur la dalle en b\u00e9ton. Il \u00e9pouse le p\u00e9rim\u00e8tre de l&rsquo;abri ; c&rsquo;est ensuite le poids des madriers que l&rsquo;on vient monter dessus qui le comprime et permet d&rsquo;\u00e9tanch\u00e9ifier parfaitement le cabanon par le sol.<\/p>\n<figure id=\"attachment_14955\" aria-describedby=\"caption-attachment-14955\" style=\"width: 550px\" class=\"wp-caption aligncenter\"><a href=\"https:\/\/www.franceabris.com\/148-abri-jardin-bois-traite-autoclave\"><img decoding=\"async\" loading=\"lazy\" class=\"wp-image-14955\" style=\"border: 1px solid #000000;\" src=\"https:\/\/www.franceabris.com\/BLOG\/wp-content\/uploads\/2024\/09\/3907-abri-jardin-cour-ecole-douglas-8.jpg\" alt=\"\u00e9tanch\u00e9it\u00e9 au stockage : un point essentiel\" width=\"550\" height=\"400\" srcset=\"https:\/\/www.franceabris.com\/BLOG\/wp-content\/uploads\/2024\/09\/3907-abri-jardin-cour-ecole-douglas-8.jpg 592w, https:\/\/www.franceabris.com\/BLOG\/wp-content\/uploads\/2024\/09\/3907-abri-jardin-cour-ecole-douglas-8-330x240.jpg 330w, https:\/\/www.franceabris.com\/BLOG\/wp-content\/uploads\/2024\/09\/3907-abri-jardin-cour-ecole-douglas-8-135x98.jpg 135w\" sizes=\"(max-width: 550px) 100vw, 550px\" \/><\/a><figcaption id=\"caption-attachment-14955\" class=\"wp-caption-text\">Du bois Douglas pour la structure bois ; mais aussi un toit en bac acier galvanis\u00e9, ainsi qu&rsquo;un joint d&rsquo;\u00e9tanch\u00e9it\u00e9 : c&rsquo;est ce qui doit permettre \u00e0 l&rsquo;abri de tenir dans le temps et de garantir une bonne \u00e9tanch\u00e9it\u00e9 au contenu stock\u00e9.<\/figcaption><\/figure>\n<h3 style=\"text-align: justify;\">4\/ Le montage inclus : le cabanon de rangement install\u00e9 par des pros !<\/h3>\n<p style=\"text-align: justify;\"><strong>Le montage !<\/strong> \u00c9videmment, les collectivit\u00e9s ont des services capables d&rsquo;intervenir pour installer ces espaces de stockage dans les \u00e9tablissements scolaires. Ce sont eux qui les r\u00e9viseront dans le temps et veilleront \u00e0 leur bon entretien. Pour autant, les moyens humains sont pr\u00e9cieux&#8230; Alors, quand le montage peut \u00eatre assur\u00e9 par une \u00e9quipe de professionnels d\u00e9l\u00e9gu\u00e9s par nos soins, autant en profiter ! Ce n&rsquo;est pas le cas pour tous les abris, mais on vous propose justement le cabanon de rangement ID3907 avec le montage que l&rsquo;on assure au sein de l&rsquo;\u00e9cole. C&rsquo;est la garantie :<\/p>\n<ul>\n<li style=\"text-align: justify;\">que l&rsquo;abri soit bien mont\u00e9, c&rsquo;est certain !<\/li>\n<li style=\"text-align: justify;\">et utilisable le plus rapidement possible !<\/li>\n<\/ul>\n<figure id=\"attachment_14952\" aria-describedby=\"caption-attachment-14952\" style=\"width: 550px\" class=\"wp-caption aligncenter\"><a href=\"https:\/\/www.franceabris.com\/148-abri-jardin-bois-traite-autoclave\"><img decoding=\"async\" loading=\"lazy\" class=\"wp-image-14952\" style=\"border: 1px solid #000000;\" src=\"https:\/\/www.franceabris.com\/BLOG\/wp-content\/uploads\/2024\/09\/3907-abri-jardin-cour-ecole-douglas-3.jpg\" alt=\"montage inclus dans la cour d'\u00e9cole\" width=\"550\" height=\"550\" srcset=\"https:\/\/www.franceabris.com\/BLOG\/wp-content\/uploads\/2024\/09\/3907-abri-jardin-cour-ecole-douglas-3.jpg 612w, https:\/\/www.franceabris.com\/BLOG\/wp-content\/uploads\/2024\/09\/3907-abri-jardin-cour-ecole-douglas-3-240x240.jpg 240w, https:\/\/www.franceabris.com\/BLOG\/wp-content\/uploads\/2024\/09\/3907-abri-jardin-cour-ecole-douglas-3-437x437.jpg 437w, https:\/\/www.franceabris.com\/BLOG\/wp-content\/uploads\/2024\/09\/3907-abri-jardin-cour-ecole-douglas-3-98x98.jpg 98w\" sizes=\"(max-width: 550px) 100vw, 550px\" \/><\/a><figcaption id=\"caption-attachment-14952\" class=\"wp-caption-text\">Pour cet abri en bois Douglas, r\u00e9f\u00e9rence ID3907, id\u00e9al pour les \u00e9tablissements scolaires, le montage peut \u00eatre inclus. La prestation est assur\u00e9e par nos professionnels qui garantissent la bonne installation du cabanon de rangement dans la cour d&rsquo;\u00e9cole.<\/figcaption><\/figure>\n<h3 style=\"text-align: justify;\">Et l&rsquo;esth\u00e9tique ?<\/h3>\n<p style=\"text-align: justify;\">Voil\u00e0, vous savez tout ! Les 4 clefs pour un abri de stockage efficace dans une cour d&rsquo;\u00e9cole ! Et une cinqui\u00e8me que l&rsquo;on vous a souffl\u00e9e en ouverture mais sur laquelle on ne s&rsquo;est pas \u00e9tendu&#8230; <strong>L&rsquo;esth\u00e9tique !<\/strong> Pensez aux enfants ! Un abri bois, \u00e7a se peint, \u00e7a se d\u00e9core, \u00e7a s&rsquo;anime et \u00e7a vient enjoliver la cour !<\/p>\n","protected":false},"excerpt":{"rendered":"<p>Stockage cour d&rsquo;\u00e9cole : une probl\u00e9matique renouvel\u00e9e chaque ann\u00e9e ! Et oui, \u00e0 chaque rentr\u00e9e, les instits dressent rapidement la liste des changements positifs qui ont eu lieu durant l&rsquo;\u00e9t\u00e9&#8230; et de ceux qui se font attendre. Aux collectivit\u00e9s d&rsquo;agir ! Et \u00e0 ce petit jeu-l\u00e0, on sait que les aspects logistiques sont fondamentaux. Les &hellip; <a href=\"https:\/\/www.franceabris.com\/BLOG\/stockage-cour-decole-les-4-points-a-ne-pas-rater\/\" class=\"more-link\">Continuer la lecture de <span class=\"screen-reader-text\">Stockage cour d&rsquo;\u00e9cole : les 4 points \u00e0 ne pas rater !<\/span><\/a><\/p>\n","protected":false},"author":5,"featured_media":14946,"comment_status":"closed","ping_status":"closed","sticky":false,"template":"","format":"standard","meta":[],"categories":[1],"tags":[],"_links":{"self":[{"href":"https:\/\/www.franceabris.com\/BLOG\/wp-json\/wp\/v2\/posts\/14945"}],"collection":[{"href":"https:\/\/www.franceabris.com\/BLOG\/wp-json\/wp\/v2\/posts"}],"about":[{"href":"https:\/\/www.franceabris.com\/BLOG\/wp-json\/wp\/v2\/types\/post"}],"author":[{"embeddable":true,"href":"https:\/\/www.franceabris.com\/BLOG\/wp-json\/wp\/v2\/users\/5"}],"replies":[{"embeddable":true,"href":"https:\/\/www.franceabris.com\/BLOG\/wp-json\/wp\/v2\/comments?post=14945"}],"version-history":[{"count":0,"href":"https:\/\/www.franceabris.com\/BLOG\/wp-json\/wp\/v2\/posts\/14945\/revisions"}],"wp:featuredmedia":[{"embeddable":true,"href":"https:\/\/www.franceabris.com\/BLOG\/wp-json\/wp\/v2\/media\/14946"}],"wp:attachment":[{"href":"https:\/\/www.franceabris.com\/BLOG\/wp-json\/wp\/v2\/media?parent=14945"}],"wp:term":[{"taxonomy":"category","embeddable":true,"href":"https:\/\/www.franceabris.com\/BLOG\/wp-json\/wp\/v2\/categories?post=14945"},{"taxonomy":"post_tag","embeddable":true,"href":"https:\/\/www.franceabris.com\/BLOG\/wp-json\/wp\/v2\/tags?post=14945"}],"curies":[{"name":"wp","href":"https:\/\/api.w.org\/{rel}","templated":true}]}}