{"id":150,"date":"2013-02-15T10:33:12","date_gmt":"2013-02-15T09:33:12","guid":{"rendered":"http:\/\/www.franceabris.com\/BLOG\/?p=150"},"modified":"2017-01-04T16:53:57","modified_gmt":"2017-01-04T15:53:57","slug":"garage-jardin-piece-plus-maison","status":"publish","type":"post","link":"https:\/\/www.franceabris.com\/BLOG\/garage-jardin-piece-plus-maison\/","title":{"rendered":"Un garage au fond du jardin, une pi\u00e8ce de plus \u00e0 la maison !"},"content":{"rendered":"<p style=\"text-align: justify;\">Comment gagner de la place chez vous en am\u00e9nageant votre jardin ?<\/p>\n<p style=\"text-align: justify;\">Vous avez certainement besoin de place ? Naturellement c&rsquo;est l&rsquo;une des pr\u00e9occupations de notre quotidien, car c&rsquo;est bien connu, plus on a de place, plus on en a besoin !<br \/>\n<!--more-->Il est ainsi possible, \u00e0 moinde co\u00fbt, de <strong>transformer son garage actuel en pi\u00e8ce \u00e0 vivre<\/strong> : bureau, chambre d&rsquo;amis, salle de jeux pour les enfants, bref cela d\u00e9pend de vos besoins !<br \/>\nUn peu d&rsquo;isolation, quelques coups de peinture ou un joli parquet et le tour est jou\u00e9. Mais que faire de votre v\u00e9hicule et \/ ou des outils de bricolage et de jardin, qui sont souvent rel\u00e9gu\u00e9s au fond du garage, plus ou moins bien rang\u00e9s.<\/p>\n<p style=\"text-align: justify;\">En installant un abri de jardin pour le petit outillage du jardinier, vous pouvez \u00e9galement opter pour un <strong>garage ou un carport pour prot\u00e9ger votre v\u00e9hicule<\/strong>.<\/p>\n<p style=\"text-align: justify;\">Si vous cherchez une solution \u00e9conomique, esth\u00e9tique et sans entretien particulier, un garage en m\u00e9tal peint est sans doute la meilleure solution comme repr\u00e9sent\u00e9 sur cette belle r\u00e9alisation.<\/p>\n<p style=\"text-align: center;\"><img decoding=\"async\" loading=\"lazy\" class=\"size-full wp-image-61 aligncenter\" style=\"border: 2px solid black;\" src=\"http:\/\/www.franceabris.com\/BLOG\/wp-content\/uploads\/2013\/02\/2012_04_Actu_ABSCO_GRANDE_HAUTEUR_ZOOM.jpg\" alt=\"Garage de jardin m\u00e9tallique\" width=\"397\" height=\"291\" srcset=\"https:\/\/www.franceabris.com\/BLOG\/wp-content\/uploads\/2013\/02\/2012_04_Actu_ABSCO_GRANDE_HAUTEUR_ZOOM.jpg 397w, https:\/\/www.franceabris.com\/BLOG\/wp-content\/uploads\/2013\/02\/2012_04_Actu_ABSCO_GRANDE_HAUTEUR_ZOOM-218x160.jpg 218w\" sizes=\"(max-width: 397px) 100vw, 397px\" \/><\/p>\n<p style=\"text-align: justify;\">Dans ce cas, le garage \u00e9tait bien visible du jardin et il \u00e9tait donc pr\u00e9f\u00e9rable d&rsquo;opter pour <strong>un mod\u00e8le teint\u00e9 de colori vert sapin<\/strong> qui s&rsquo;int\u00e9gre parfaitement dans le paysage. Pour autant, si vous souhaitez installer un abri \u00e0 moindre co\u00fbt, vous avez la possibilit\u00e9 de choisir un garage brut.<\/p>\n<p style=\"text-align: justify;\">Faites voitre choix parmi toute la gamme en suivant ce lien : <strong><a class=\"_blank\" href=\"http:\/\/www.franceabris.com\/8-garage-voiture\">garage m\u00e9tal brut ou peint<\/a><\/strong><\/p>\n<p style=\"text-align: justify;\">Dans tous les cas de figure, cela reste une solution tr\u00e8s \u00e9conomique face \u00e0 de la construction traditionnelle en brut.<\/p>\n","protected":false},"excerpt":{"rendered":"<p>Comment gagner de la place chez vous en am\u00e9nageant votre jardin ? Vous avez certainement besoin de place ? Naturellement c&rsquo;est l&rsquo;une des pr\u00e9occupations de notre quotidien, car c&rsquo;est bien connu, plus on a de place, plus on en a besoin !<\/p>\n","protected":false},"author":2,"featured_media":62,"comment_status":"open","ping_status":"open","sticky":false,"template":"","format":"standard","meta":[],"categories":[61],"tags":[],"_links":{"self":[{"href":"https:\/\/www.franceabris.com\/BLOG\/wp-json\/wp\/v2\/posts\/150"}],"collection":[{"href":"https:\/\/www.franceabris.com\/BLOG\/wp-json\/wp\/v2\/posts"}],"about":[{"href":"https:\/\/www.franceabris.com\/BLOG\/wp-json\/wp\/v2\/types\/post"}],"author":[{"embeddable":true,"href":"https:\/\/www.franceabris.com\/BLOG\/wp-json\/wp\/v2\/users\/2"}],"replies":[{"embeddable":true,"href":"https:\/\/www.franceabris.com\/BLOG\/wp-json\/wp\/v2\/comments?post=150"}],"version-history":[{"count":0,"href":"https:\/\/www.franceabris.com\/BLOG\/wp-json\/wp\/v2\/posts\/150\/revisions"}],"wp:featuredmedia":[{"embeddable":true,"href":"https:\/\/www.franceabris.com\/BLOG\/wp-json\/wp\/v2\/media\/62"}],"wp:attachment":[{"href":"https:\/\/www.franceabris.com\/BLOG\/wp-json\/wp\/v2\/media?parent=150"}],"wp:term":[{"taxonomy":"category","embeddable":true,"href":"https:\/\/www.franceabris.com\/BLOG\/wp-json\/wp\/v2\/categories?post=150"},{"taxonomy":"post_tag","embeddable":true,"href":"https:\/\/www.franceabris.com\/BLOG\/wp-json\/wp\/v2\/tags?post=150"}],"curies":[{"name":"wp","href":"https:\/\/api.w.org\/{rel}","templated":true}]}}