{"id":15056,"date":"2024-10-31T11:25:20","date_gmt":"2024-10-31T10:25:20","guid":{"rendered":"https:\/\/www.franceabris.com\/BLOG\/?p=15056"},"modified":"2024-10-30T16:19:37","modified_gmt":"2024-10-30T15:19:37","slug":"comparatif-abri-de-jardin-metal-discount-ou-bois-tht-on-vous-aide-a-choisir","status":"publish","type":"post","link":"https:\/\/www.franceabris.com\/BLOG\/comparatif-abri-de-jardin-metal-discount-ou-bois-tht-on-vous-aide-a-choisir\/","title":{"rendered":"Comparatif abri de jardin : m\u00e9tal discount ou bois THT, on vous aide \u00e0 choisir !"},"content":{"rendered":"<p style=\"text-align: justify;\">L&rsquo;occasion fait le larron : ces derni\u00e8res semaines, nous avons re\u00e7u deux photos de r\u00e9alisations tout \u00e0 la fois tr\u00e8s similaires&#8230; et diff\u00e9rentes. Dans les deux cas, <strong>un abri de jardin de 7 \u00e0 8 m\u00b2<\/strong> comme on peut en trouver dans tous les jardins. La diff\u00e9rence ? L&rsquo;un est un abri de jardin m\u00e9tal discount. L&rsquo;autre est un abri bois THT.<\/p>\n<p style=\"text-align: justify;\">La diff\u00e9rence est visuelle, bien s\u00fbr. Mais pas seulement. Les caract\u00e9ristiques des deux mod\u00e8les font valoir des qualit\u00e9s tr\u00e8s diff\u00e9rentes (ce qui vaut pour les d\u00e9fauts \u00e9galement&#8230;). Tout deux ne remplissent pas les m\u00eames objectifs et ne s&rsquo;adressent pas aux m\u00eames personnes. Alors, <strong>pour vous aider \u00e0 y voir plus clair<\/strong>, comme c&rsquo;est LA bonne p\u00e9riode pour vous \u00e9quiper&#8230;<\/p>\n<p style=\"text-align: justify;\">&#8230; on vous aide \u00e0 choisir !<\/p>\n<h2 style=\"text-align: justify;\">Abri de jardin m\u00e9tal discount ou abri de jardin bois THT ? On vous aide \u00e0 choisir avec ce petit comparatif !<\/h2>\n<p style=\"text-align: justify;\">Les deux abris se ressemblent clairement. <strong>Entre 7 et 8 m\u00b2 de surface utile, un toit double pente, une porte double<\/strong>&#8230; Ils sont chacun, \u00e0 leur mani\u00e8re, les parfaits repr\u00e9sentants de ce que l&rsquo;on recherche souvent dans un cabanon de jardin : cette petite surface de rangement d&rsquo;appoint qui permet de compl\u00e9ter nos facilit\u00e9s existantes. Et pourtant, les diff\u00e9rences sautent aux yeux : au rayon des mat\u00e9riaux, d&rsquo;abord, l&rsquo;un \u00e9tant en m\u00e9tal, l&rsquo;autre en bois. Au rayon des caract\u00e9ristiques, ensuite, pour peu que l&rsquo;on se penche un peu plus pr\u00e9cis\u00e9ment sur le sujet&#8230;<\/p>\n<p style=\"text-align: justify;\">On le sait, il n&rsquo;est pas toujours facile de choisir son abri de jardin. Alors, pour cette fois, on vous a m\u00e2ch\u00e9 le travail en d\u00e9taillant les forces et les faiblesses de ces deux mod\u00e8les que nos clients ont install\u00e9 chez eux. L&rsquo;un, <strong>un abri de jardin m\u00e9tal discount<\/strong>. L&rsquo;autre, <strong>un abri de jardin bois THT<\/strong>. Pr\u00eats ? A vous de choisir !<\/p>\n<h3 style=\"text-align: justify;\">1\/ Abri de jardin m\u00e9tal discount : tout pour le prix ! (r\u00e9f\u00e9rence ID1724)<\/h3>\n<p style=\"text-align: justify;\"><strong>Les + :<\/strong><\/p>\n<ul>\n<li style=\"text-align: justify;\">Le prix bas<\/li>\n<li style=\"text-align: justify;\">Un montage rapide : 4 \u00e0 5 h<\/li>\n<li style=\"text-align: justify;\">Garantie 15 ans<\/li>\n<li style=\"text-align: justify;\">Pas d&rsquo;entretien n\u00e9cessaire<\/li>\n<li style=\"text-align: justify;\">Les portes coulissantes<\/li>\n<\/ul>\n<p style=\"text-align: justify;\"><strong>Les &#8211; :<\/strong><\/p>\n<ul>\n<li style=\"text-align: justify;\">L&rsquo;esth\u00e9tique (par rapport \u00e0 un bel abri bois !)<\/li>\n<li style=\"text-align: justify;\">L&rsquo;isolation : l&rsquo;acier n&rsquo;est pas un bon isolant<\/li>\n<li style=\"text-align: justify;\">Le manque de flexibilit\u00e9 dans les am\u00e9nagements int\u00e9rieurs : on ne perce pas des panneaux m\u00e9talliques comme on perce des madriers bois<\/li>\n<\/ul>\n<figure id=\"attachment_15050\" aria-describedby=\"caption-attachment-15050\" style=\"width: 480px\" class=\"wp-caption aligncenter\"><a href=\"https:\/\/www.franceabris.com\/6-abri-jardin-metal\"><img decoding=\"async\" loading=\"lazy\" class=\"wp-image-15050 size-full\" style=\"border: 1px solid #000000;\" src=\"https:\/\/www.franceabris.com\/BLOG\/wp-content\/uploads\/2024\/10\/1724-abri-de-jardin-480-x-352-px-2.png\" alt=\"abri de jardin m\u00e9tal discount\" width=\"480\" height=\"352\" srcset=\"https:\/\/www.franceabris.com\/BLOG\/wp-content\/uploads\/2024\/10\/1724-abri-de-jardin-480-x-352-px-2.png 480w, https:\/\/www.franceabris.com\/BLOG\/wp-content\/uploads\/2024\/10\/1724-abri-de-jardin-480-x-352-px-2-327x240.png 327w, https:\/\/www.franceabris.com\/BLOG\/wp-content\/uploads\/2024\/10\/1724-abri-de-jardin-480-x-352-px-2-134x98.png 134w\" sizes=\"(max-width: 480px) 100vw, 480px\" \/><\/a><figcaption id=\"caption-attachment-15050\" class=\"wp-caption-text\">R\u00e9f\u00e9rence ID1724. Cet abri de jardin m\u00e9tal discount offre un joli confort d&rsquo;utilisation. 7 m\u00b2 \u00e0 exploiter et, surtout, l&rsquo;assurance d&rsquo;un investissement ma\u00eetris\u00e9 : le prix est bas, pas cher, la dur\u00e9e de vie optimale et la garantie court sur 15 ans. De quoi dormir sur ses deux oreilles !<\/figcaption><\/figure>\n<p style=\"text-align: justify;\"><strong>Lui, sa force, c&rsquo;est son prix.<\/strong>\u00a0 Cet <span style=\"color: #ff9900;\"><a style=\"color: #ff9900;\" href=\"https:\/\/www.franceabris.com\/6-abri-jardin-metal\" target=\"_blank\" rel=\"noopener\">abri de jardin m\u00e9tal discount<\/a><\/span> est&#8230; discount. Et oui. Disponible sous la r\u00e9f\u00e9rence ID1724 sur notre site, nous le proposons actuellement au prix de 512\u20ac* r\u00e9glables en trois fois sans frais, avec la livraison offerte. IM-BAT-TABLE ! Gageons que c&rsquo;est un des arguments qui a su convaincre notre client : lorsqu&rsquo;on a un budget limit\u00e9, pouvoir s&rsquo;\u00e9quiper d&rsquo;un v\u00e9ritable abri de jardin d&rsquo;une surface cons\u00e9quente \u00e0 ce prix-l\u00e0&#8230; c&rsquo;est cadeau !<\/p>\n<h4 style=\"text-align: justify;\">Un abri discount&#8230; et ce n&rsquo;est pas un vain mot !<\/h4>\n<p style=\"text-align: justify;\">C&rsquo;est bien simple, \u00e9tant donn\u00e9 qu&rsquo;il propose une surface utile de 7,22 m\u00b2,<strong> cela descend son prix \u00e0 70\u20ac du m\u00e8tre carr\u00e9<\/strong>. C&rsquo;est \u00e9videmment un gros atout, puisque des abris plus sophistiqu\u00e9s, eux, chiffrent vite \u00e0 150 ou 200\u20ac du m\u00e8tre carr\u00e9. Pour de bonnes raisons, \u00e9videmment ! Ce qui permet de faire baisser la facture sur ce mod\u00e8le, ce sont certains gains \u00e0 la marge : r\u00e9duction de la visserie (qui facilite du m\u00eame coup le montage) ; simplification de la porte ; acier d&rsquo;une \u00e9paisseur correcte, mais pas sup\u00e9rieure (meilleure que l&rsquo;acier 25\/100 de certains mod\u00e8les, pas aussi bonne que l&rsquo;acier 40\/100 d&rsquo;autres cabanons)&#8230;<\/p>\n<h4 style=\"text-align: justify;\">De belles caract\u00e9ristiques tr\u00e8s pratiques au quotidien !<\/h4>\n<p style=\"text-align: justify;\">Pour \u00eatre plus pr\u00e9cis, cet abri m\u00e9tal discount propose 3,22 m de large pour 2,42 m de profondeur. Les panneaux m\u00e9talliques sont con\u00e7us en acier galvanis\u00e9 \u00e0 chaud trois couches, ce qui lui octroie une r\u00e9sistance confirm\u00e9e face \u00e0 la corrosion.<strong> Il profite d&rsquo;ailleurs d&rsquo;une garantie de 15 ans<\/strong>, ce qui illustre bien cette solidit\u00e9 ! L&rsquo;\u00e9paisseur de l&rsquo;acier : 33\/100. Classique. Ce qui l&rsquo;est moins, classique, c&rsquo;est sa porte double \u00e0 vantaux coulissants pr\u00e9-assembl\u00e9s en usine ! Un syst\u00e8me int\u00e9ressant : cela fait gagner du temps au montage. Et gagner de la place \u00e0 l&rsquo;usage ! L\u00e0 o\u00f9 deux battants imposent un empattement p\u00e9nible lorsqu&rsquo;on manque d&rsquo;espace, les vantaux coulissants, eux, optimisent parfaitement la place disponible.<\/p>\n<figure id=\"attachment_15051\" aria-describedby=\"caption-attachment-15051\" style=\"width: 480px\" class=\"wp-caption aligncenter\"><a href=\"https:\/\/www.franceabris.com\/6-abri-jardin-metal\"><img decoding=\"async\" loading=\"lazy\" class=\"wp-image-15051 size-full\" style=\"border: 1px solid #000000;\" src=\"https:\/\/www.franceabris.com\/BLOG\/wp-content\/uploads\/2024\/10\/1724-abri-de-jardin-480-x-352-px-1.png\" alt=\"abri m\u00e9tallique pas cher\" width=\"480\" height=\"352\" srcset=\"https:\/\/www.franceabris.com\/BLOG\/wp-content\/uploads\/2024\/10\/1724-abri-de-jardin-480-x-352-px-1.png 480w, https:\/\/www.franceabris.com\/BLOG\/wp-content\/uploads\/2024\/10\/1724-abri-de-jardin-480-x-352-px-1-327x240.png 327w, https:\/\/www.franceabris.com\/BLOG\/wp-content\/uploads\/2024\/10\/1724-abri-de-jardin-480-x-352-px-1-134x98.png 134w\" sizes=\"(max-width: 480px) 100vw, 480px\" \/><\/a><figcaption id=\"caption-attachment-15051\" class=\"wp-caption-text\">La porte coulissante permet de gagner de la place, ce qui le rend id\u00e9al lorsqu&rsquo;on en manque. L&rsquo;int\u00e9rieur s&rsquo;am\u00e9nage facilement : attention \u00e0 bien exploiter tout le volume. Dans un cabanon de rangement, il faut raisonner en hauteur, et ne pas se limiter aux rangement horizontaux.<\/figcaption><\/figure>\n<h4 style=\"text-align: justify;\">Le montage en 4 \u00e0 5 heures<\/h4>\n<p style=\"text-align: justify;\">Enfin,<strong> le montage de cet abri m\u00e9tallique se fait en quatre ou cinq heures<\/strong> \u00e0 deux personnes. Non seulement on d\u00e9pense peu d&rsquo;argent, mais on perd \u00e9galement peu de temps&#8230; Ouf ! On en perd peu en entretien aussi : l&rsquo;acier galvanis\u00e9 ne r\u00e9clame aucun soin particulier. C&rsquo;est ce qu&rsquo;on appr\u00e9cie avec les cabanons m\u00e9talliques. Ils ne r\u00e9clament rien de particulier, tout en ne craignant qu&rsquo;assez peu les agressions ext\u00e9rieures (attention au vent tout de m\u00eame) !<\/p>\n<p style=\"text-align: justify;\">Un cabanon z\u00e9ro souci&#8230; Tranquillit\u00e9 maximale !<\/p>\n<h3 style=\"text-align: justify;\">2\/ Abri bois THT : la qualit\u00e9 jusque dans les d\u00e9tails ! (r\u00e9f\u00e9rence ID6152)<\/h3>\n<p style=\"text-align: justify;\"><strong>Les + :<\/strong><\/p>\n<ul>\n<li style=\"text-align: justify;\">L&rsquo;esth\u00e9tique<\/li>\n<li style=\"text-align: justify;\">La r\u00e9sistance : le bois THT est particuli\u00e8rement r\u00e9sistant<\/li>\n<li style=\"text-align: justify;\">La tol\u00e9rance aux agressions ext\u00e9rieures<\/li>\n<li style=\"text-align: justify;\">La toiture en Onduline\u00ae<\/li>\n<li>Le montage peut \u00eatre inclus en option<\/li>\n<li style=\"text-align: justify;\">Le kit de soubassement : facilite la pose, la cr\u00e9ation d&rsquo;un plancher et\/ou r\u00e9duit l&rsquo;utilisation du b\u00e9ton !<\/li>\n<li style=\"text-align: justify;\">Vous pouvez lasurer le bois<\/li>\n<\/ul>\n<p style=\"text-align: justify;\"><strong>Les &#8211; :<\/strong><\/p>\n<ul>\n<li style=\"text-align: justify;\">L&rsquo;entretien : si vous voulez pr\u00e9server la teinte brun dor\u00e9 du bois, il va falloir prot\u00e9ger le bois tout de m\u00eame<\/li>\n<li style=\"text-align: justify;\">Le prix : 2132\u20ac*&#8230; plus cher que l&rsquo;abri m\u00e9tallique ci-dessus, bien s\u00fbr !<\/li>\n<\/ul>\n<p style=\"text-align: justify;\">Autre abri, autre style. Et si, de loin, les deux mod\u00e8les se ressemblent&#8230; De pr\u00e8s, ils n&rsquo;ont \u00e9videmment rien \u00e0 voir. Celui-ci, que notre cliente a install\u00e9 chez elle, est <span style=\"color: #ff9900;\"><a style=\"color: #ff9900;\" href=\"https:\/\/www.franceabris.com\/148-abri-jardin-bois-traite-autoclave\" target=\"_blank\" rel=\"noopener\">un abri de jardin bois THT<\/a><\/span> disponible sous la r\u00e9f\u00e9rence ID6152. La diff\u00e9rence majeure ? Les mat\u00e9riaux, bien s\u00fbr. <strong>Celui-ci est donc con\u00e7u en \u00e9pic\u00e9a massif thermotrait\u00e9.<\/strong> Son coloris est brun dor\u00e9 et ses madriers font 19 mm d&rsquo;\u00e9paisseur. Le bois THT est un bois sp\u00e9cifique en ce qu&rsquo;il a \u00e9t\u00e9 trait\u00e9 \u00e0 haute temp\u00e9rature en amont. En exposant le bois \u00e0 des temp\u00e9ratures comprises entre 160 et 250\u00b0C dans un milieu exempt d&rsquo;oxyg\u00e8ne, bien entendu, on modifie durablement ses propri\u00e9t\u00e9s m\u00e9caniques. On en tire, en somme, un bois mort, qui n&rsquo;a plus d&rsquo;humidit\u00e9 r\u00e9siduelle. Et qui, du m\u00eame coup, n&rsquo;a plus besoin de traitement de fond : il ne craint plus ni l&rsquo;humidit\u00e9, ni les insectes xylophages.<\/p>\n<h4 style=\"text-align: justify;\">Des madriers bois thermotrait\u00e9 et une couverture performante<\/h4>\n<p style=\"text-align: justify;\">L&rsquo;abri lui-m\u00eame propose une emprise au sol de forme quasi-carr\u00e9 de 3,4 m de large par 3,52 m de profondeur, tout en culminant \u00e0 2,35 m. Sa surface utile : 8,76 m\u00b2, un peu plus que son homologue m\u00e9tallique. Outre cette belle structure solide en madriers, <strong>il profite d&rsquo;une couverture int\u00e9ressante<\/strong> : des plaques d&rsquo;Onduline\u00ae, une couverture composite r\u00e9sistante et tr\u00e8s tol\u00e9rante aux agressions ext\u00e9rieures. C&rsquo;est, en tout cas, bien meilleur que le feutre bitum\u00e9 habituel ! Enfin, la porte est ici une porte \u00e0 battants. Deux battants, donc, contre deux vantaux coulissants pour l&rsquo;abri m\u00e9tallique, mais des battants qui sont \u00e9quip\u00e9s de lucarnes fixes en PVC. Ces derni\u00e8res permettent de profiter d&rsquo;un peu de lumi\u00e8re naturelle \u00e0 l&rsquo;int\u00e9rieur de l&rsquo;abri.<\/p>\n<figure id=\"attachment_15052\" aria-describedby=\"caption-attachment-15052\" style=\"width: 480px\" class=\"wp-caption aligncenter\"><a href=\"https:\/\/www.franceabris.com\/148-abri-jardin-bois-traite-autoclave:\/\/\"><img decoding=\"async\" loading=\"lazy\" class=\"wp-image-15052 size-full\" style=\"border: 1px solid #000000;\" src=\"https:\/\/www.franceabris.com\/BLOG\/wp-content\/uploads\/2024\/10\/6152-abri-de-jardin-480-x-352-px.png\" alt=\"Abri de jardin bois THT\" width=\"480\" height=\"352\" srcset=\"https:\/\/www.franceabris.com\/BLOG\/wp-content\/uploads\/2024\/10\/6152-abri-de-jardin-480-x-352-px.png 480w, https:\/\/www.franceabris.com\/BLOG\/wp-content\/uploads\/2024\/10\/6152-abri-de-jardin-480-x-352-px-327x240.png 327w, https:\/\/www.franceabris.com\/BLOG\/wp-content\/uploads\/2024\/10\/6152-abri-de-jardin-480-x-352-px-134x98.png 134w\" sizes=\"(max-width: 480px) 100vw, 480px\" \/><\/a><figcaption id=\"caption-attachment-15052\" class=\"wp-caption-text\">R\u00e9f\u00e9rence ID6152. Ce tr\u00e8s bel abri bois THT se fond parfaitement dans le bosquet d&rsquo;arbres de notre cliente. Le bois thermotrait\u00e9 lui permet de supporter les environnements humides en ne r\u00e9clamant qu&rsquo;un minimum de soin. Surtout, ce mod\u00e8le propose un tr\u00e8s haut niveau de qualit\u00e9. Avec, pour ne rien g\u00e2cher, le montage en option ! Formidable, non ?<\/figcaption><\/figure>\n<h4 style=\"text-align: justify;\">Options et possibilit\u00e9s !<\/h4>\n<p style=\"text-align: justify;\">Enfin, ce qu&rsquo;on appr\u00e9cie forc\u00e9ment avec ce cabanon bois, ce sont ses possibilit\u00e9s. <strong>D&rsquo;abord, il y a le montage en option.<\/strong> Il est possible de solliciter nos \u00e9quipes de monteurs professionnels pour s&rsquo;\u00e9pargner l&rsquo;installation. Ensuite, le kit de soubassement. Celui-ci permet d&rsquo;int\u00e9grer tr\u00e8s facilement un plancher \u00e0 l&rsquo;abri. Mais aussi, th\u00e9oriquement, de se passer de dalle b\u00e9ton (ce qu&rsquo;on ne conseille jamais, cela \u00e9tant dit&#8230;). Le kit sert de base \u00e0 l&rsquo;abri, et il suffit de couler du b\u00e9ton \u00e0 l&rsquo;int\u00e9rieur : si vous ajoutez des plots\u00a0 aux quatre coins, vous aurez une structure n\u00e9anmoins parfaitement solide.<\/p>\n<p style=\"text-align: justify;\">Dernier point : le bois THT ne r\u00e9clame pas d&rsquo;entretien, mais&#8230; si vous souhaitez pr\u00e9server son joli coloris, il faudra le couvrir d&rsquo;une solution protectrice filmog\u00e8ne. Un saturateur, par exemple.<strong> Vous pouvez aussi le lasurer<\/strong>, et c&rsquo;est tout l&rsquo;int\u00e9r\u00eat du bois : choisir son coloris !<\/p>\n<div style=\"text-align: justify;\"><em>*Selon nos CGV, les promotions sont valables selon la date indiqu\u00e9e et en fonction de la quantit\u00e9 disponible en stock \u00e0 un moment donn\u00e9. Les prix peuvent \u00eatre mis \u00e0 jour \u00e0 tout moment et les promotions arr\u00eat\u00e9es sans pr\u00e9avis. Merci de joindre le service client pour toute pr\u00e9cision.\u00a0<\/em><\/div>\n","protected":false},"excerpt":{"rendered":"<p>L&rsquo;occasion fait le larron : ces derni\u00e8res semaines, nous avons re\u00e7u deux photos de r\u00e9alisations tout \u00e0 la fois tr\u00e8s similaires&#8230; et diff\u00e9rentes. Dans les deux cas, un abri de jardin de 7 \u00e0 8 m\u00b2 comme on peut en trouver dans tous les jardins. La diff\u00e9rence ? L&rsquo;un est un abri de jardin m\u00e9tal &hellip; <a href=\"https:\/\/www.franceabris.com\/BLOG\/comparatif-abri-de-jardin-metal-discount-ou-bois-tht-on-vous-aide-a-choisir\/\" class=\"more-link\">Continuer la lecture de <span class=\"screen-reader-text\">Comparatif abri de jardin : m\u00e9tal discount ou bois THT, on vous aide \u00e0 choisir !<\/span><\/a><\/p>\n","protected":false},"author":6,"featured_media":15057,"comment_status":"closed","ping_status":"closed","sticky":false,"template":"","format":"standard","meta":[],"categories":[3],"tags":[],"_links":{"self":[{"href":"https:\/\/www.franceabris.com\/BLOG\/wp-json\/wp\/v2\/posts\/15056"}],"collection":[{"href":"https:\/\/www.franceabris.com\/BLOG\/wp-json\/wp\/v2\/posts"}],"about":[{"href":"https:\/\/www.franceabris.com\/BLOG\/wp-json\/wp\/v2\/types\/post"}],"author":[{"embeddable":true,"href":"https:\/\/www.franceabris.com\/BLOG\/wp-json\/wp\/v2\/users\/6"}],"replies":[{"embeddable":true,"href":"https:\/\/www.franceabris.com\/BLOG\/wp-json\/wp\/v2\/comments?post=15056"}],"version-history":[{"count":0,"href":"https:\/\/www.franceabris.com\/BLOG\/wp-json\/wp\/v2\/posts\/15056\/revisions"}],"wp:featuredmedia":[{"embeddable":true,"href":"https:\/\/www.franceabris.com\/BLOG\/wp-json\/wp\/v2\/media\/15057"}],"wp:attachment":[{"href":"https:\/\/www.franceabris.com\/BLOG\/wp-json\/wp\/v2\/media?parent=15056"}],"wp:term":[{"taxonomy":"category","embeddable":true,"href":"https:\/\/www.franceabris.com\/BLOG\/wp-json\/wp\/v2\/categories?post=15056"},{"taxonomy":"post_tag","embeddable":true,"href":"https:\/\/www.franceabris.com\/BLOG\/wp-json\/wp\/v2\/tags?post=15056"}],"curies":[{"name":"wp","href":"https:\/\/api.w.org\/{rel}","templated":true}]}}