{"id":15058,"date":"2024-10-29T16:36:21","date_gmt":"2024-10-29T15:36:21","guid":{"rendered":"https:\/\/www.franceabris.com\/BLOG\/?p=15058"},"modified":"2024-10-30T16:19:37","modified_gmt":"2024-10-30T15:19:37","slug":"carports-et-ombrieres-photovoltaiques-dici-2028-les-parkings-de-plus-de-500-m%c2%b2-devront-etre-equipes","status":"publish","type":"post","link":"https:\/\/www.franceabris.com\/BLOG\/carports-et-ombrieres-photovoltaiques-dici-2028-les-parkings-de-plus-de-500-m%c2%b2-devront-etre-equipes\/","title":{"rendered":"Carports et ombri\u00e8res photovolta\u00efques : d\u2019ici 2028, les parkings de plus de 500 m\u00b2 devront \u00eatre \u00e9quip\u00e9s"},"content":{"rendered":"<p style=\"text-align: justify;\">Nouvelle loi, nouvelles obligations ! Celles-ci concernent les professionnels, entreprises et collectivit\u00e9s qui seraient propri\u00e9taires d&rsquo;une aire de stationnement de plus de 500 m\u00b2. Selon la loi n\u00b02023-175, <strong>ces aires de stationnement devront \u00eatre \u00e9quip\u00e9es d&rsquo;ombri\u00e8res photovolta\u00efques.<\/strong> Tout du moins de carports nantis de panneaux photovolta\u00efques. L&rsquo;objectif ? R\u00e9duire massivement nos \u00e9missions de gaz \u00e0 effet de serre. Et lutter contre le d\u00e9r\u00e8glement climatique, la finalit\u00e9 annonc\u00e9e de la loi climat et r\u00e9silience dont cette mesure fait partie.<\/p>\n<p style=\"text-align: justify;\"><strong>Charpentes en bois ou charpentes m\u00e9talliques<\/strong> : profitez-en pour d\u00e9couvrir ces deux solutions pros adapt\u00e9es \u00e0 la cr\u00e9ation de ces ombri\u00e8res solaires multiples de grand dimensionnement !<\/p>\n<h2 style=\"text-align: justify;\">Entreprise et collectivit\u00e9, si vous avez une aire de stationnement&#8230; vous allez devoir installer des ombri\u00e8res photovolta\u00efques !<\/h2>\n<p style=\"text-align: justify;\">Depuis le 1er juillet 2023, <strong>si vous avez une aire de de stationnement, un parking de plus de 500 m\u00b2<\/strong>, vous avez une nouvelle obligation. Celle de proposer des ombri\u00e8res photovolta\u00efques. Vous n&rsquo;en avez peut-\u00eatre pas entendu parler, mais il s&rsquo;agit de la loi relative \u00e0 l&rsquo;acc\u00e9l\u00e9ration de la production d&rsquo;\u00e9nergies renouvelables qui veut profiter de ces vastes espaces pour agir sur la production d&rsquo;\u00e9nergie. Les professionnels, entreprises et collectivit\u00e9s doivent ainsi d\u00e9sormais se mettre en conformit\u00e9 !<\/p>\n<h3 style=\"text-align: justify;\">Parkings de plus de 500 m\u00b2 : il faut s&rsquo;\u00e9quiper d&rsquo;ombri\u00e8res photovolta\u00efques<\/h3>\n<p style=\"text-align: justify;\"><strong>Comment ?<\/strong> Le journal La Croix r\u00e9v\u00e8le que la loi pr\u00e9voit quelques d\u00e9lais suppl\u00e9mentaires :<\/p>\n<ul>\n<li style=\"text-align: justify;\">Pour les parkings de plus de 10 000 m\u00b2, les entreprises et collectivit\u00e9s ont jusqu&rsquo;au 1er juillet 2026 pour installer des ombri\u00e8res photovolta\u00efques. Il y aurait environ 2000 aires de stationnement de plus de 10 000 m\u00b2.<\/li>\n<li style=\"text-align: justify;\">En revanche, pour ceux qui feraient entre 1500 et 10 000 m\u00b2, la deadline est fix\u00e9e au 1er juillet 2028. Deux ans de plus !<\/li>\n<\/ul>\n<figure id=\"attachment_15047\" aria-describedby=\"caption-attachment-15047\" style=\"width: 550px\" class=\"wp-caption aligncenter\"><img decoding=\"async\" loading=\"lazy\" class=\"wp-image-15047\" style=\"border: 1px solid #000000;\" src=\"https:\/\/www.franceabris.com\/BLOG\/wp-content\/uploads\/2024\/10\/carport-photovoltaique.png\" alt=\"ombri\u00e8res photovolta\u00efques sur le parking d'un centre commercial\" width=\"550\" height=\"402\" srcset=\"https:\/\/www.franceabris.com\/BLOG\/wp-content\/uploads\/2024\/10\/carport-photovoltaique.png 752w, https:\/\/www.franceabris.com\/BLOG\/wp-content\/uploads\/2024\/10\/carport-photovoltaique-328x240.png 328w, https:\/\/www.franceabris.com\/BLOG\/wp-content\/uploads\/2024\/10\/carport-photovoltaique-597x437.png 597w, https:\/\/www.franceabris.com\/BLOG\/wp-content\/uploads\/2024\/10\/carport-photovoltaique-134x98.png 134w\" sizes=\"(max-width: 550px) 100vw, 550px\" \/><figcaption id=\"caption-attachment-15047\" class=\"wp-caption-text\">Ce sont surtout les centres commerciaux qui sont \u00e9videmment concern\u00e9s par cette mesure. Mais les entreprises n&rsquo;y \u00e9chappent pas non plus, tout comme les collectivit\u00e9s. Un moyen d&rsquo;\u00e9chapper \u00e0 cette n\u00e9cessit\u00e9 ? Planter des arbres. Au moins 50% de la surface !<\/figcaption><\/figure>\n<h4 style=\"text-align: justify;\">Des carports solaires sur 50% de la surface de l&rsquo;aire de stationnement<\/h4>\n<p style=\"text-align: justify;\">Concr\u00e8tement, il s&rsquo;agirait <strong>d&rsquo;\u00e9quiper 50% de la surface totale de ces aires de stationnement<\/strong> de plus de 1500 m\u00b2 de carports solaires ou d&rsquo;ombri\u00e8res photovolta\u00efques. 50% ! Que le parking soit neuf ou qu&rsquo;il soit ancien, peu importe, il faudra se mettre en conformit\u00e9. En revanche, pour les aires neuves de plus de 500 m\u00b2, il ne faudra poser des carports solaires que sur 30% de la surface.<\/p>\n<h4 style=\"text-align: justify;\">Quels sont les cas d&rsquo;exon\u00e9ration ?<\/h4>\n<p style=\"text-align: justify;\"><strong>Des exon\u00e9rations possibles ?<\/strong> Oui. 1\/ Si vous avez d\u00e9j\u00e0, sur votre aire de stationnement, des arbres plant\u00e9s sur au moins 50% de sa surface. La coh\u00e9rence id\u00e9ologique de la loi oblige : on ne va pas d\u00e9raciner des arbres, tout de m\u00eame ! Dans ce cas, vous pouvez demander une dispense. 2\/ Si vous \u00eates dans un cas particulier avec des contraintes techniques, architecturales, \u00e9conomiques, voire m\u00eame patrimoniales en fonction de votre situation&#8230; vous pouvez, l\u00e0 aussi, essayer de demander une exon\u00e9ration.<\/p>\n<h4 style=\"text-align: justify;\">Les d\u00e9lais sont trop courts et les professionnels risquent de mal s&rsquo;\u00e9quiper<\/h4>\n<p style=\"text-align: justify;\">De quoi, vous l&rsquo;imaginez, <strong>cr\u00e9er quelques tensions dans les bureaux<\/strong>&#8230; D&rsquo;abord, parce qu&rsquo;il \u00e9tait initialement pr\u00e9vu que la loi r\u00e9clamerait de couvrir la moiti\u00e9 des places de parking, et non pas 50% de la surface (ce qui inclut donc les all\u00e9es de circulation). Ensuite, parce que <span style=\"color: #ff9900;\"><a style=\"color: #ff9900;\" href=\"https:\/\/www.la-croix.com\/economie\/la-grande-distribution-reclame-un-delai-pour-couvrir-ses-parkings-de-panneaux-solaires-20240503\" target=\"_blank\" rel=\"noopener\">les d\u00e9lais sont courts pour les entreprises, les collectivit\u00e9s et les 21 000 magasins et centres commerciaux concern\u00e9s<\/a><\/span>. <em>\u00ab\u00a0En nous demandant d\u2019aller si vite, l\u2019\u00c9tat nous oblige \u00e0 acheter chinois\u00a0\u00bb<\/em>, explique Frank Charton, le d\u00e9l\u00e9gu\u00e9 g\u00e9n\u00e9ral de l\u2019association Perifem, <em>\u00ab\u00a0alors que certains de nos membres ont sign\u00e9 en mars le pacte solaire pr\u00e9sent\u00e9 par le gouvernement et visant \u00e0 privil\u00e9gier une fabrication hexagonale\u00a0\u00bb<\/em>.<\/p>\n<h4 style=\"text-align: justify;\">Des ombri\u00e8res et carports \u00e0 \u00e9quiper de panneaux photovolta\u00efques<\/h4>\n<p style=\"text-align: justify;\">En attendant, pour de nombreux clients, <strong>il faut trouver des mod\u00e8les d&rsquo;ombri\u00e8res et de carports<\/strong>. Des ombri\u00e8res photovolta\u00efques tout incluses, pas forc\u00e9ment les plus int\u00e9ressantes financi\u00e8rement. Ou des carports comme ceux que nous pouvons vous proposer ci-dessous, dont les charpentes bois ou m\u00e9tal sont optimis\u00e9es pour supporter des panneaux solaires ! Ces derniers sont pens\u00e9s pour \u00e9quiper de vastes ensembles d\u00e9di\u00e9s au stationnement.<\/p>\n<figure id=\"attachment_1514\" aria-describedby=\"caption-attachment-1514\" style=\"width: 550px\" class=\"wp-caption aligncenter\"><img decoding=\"async\" loading=\"lazy\" class=\"wp-image-1514\" style=\"border: 1px solid #000000;\" src=\"https:\/\/www.franceabris.com\/BLOG\/wp-content\/uploads\/2013\/04\/HopitalNegreupelisse2.jpg\" alt=\"des carports solaires sur cet h\u00f4pital\" width=\"550\" height=\"413\" srcset=\"https:\/\/www.franceabris.com\/BLOG\/wp-content\/uploads\/2013\/04\/HopitalNegreupelisse2.jpg 4608w, https:\/\/www.franceabris.com\/BLOG\/wp-content\/uploads\/2013\/04\/HopitalNegreupelisse2-130x98.jpg 130w, https:\/\/www.franceabris.com\/BLOG\/wp-content\/uploads\/2013\/04\/HopitalNegreupelisse2-213x160.jpg 213w, https:\/\/www.franceabris.com\/BLOG\/wp-content\/uploads\/2013\/04\/HopitalNegreupelisse2-388x291.jpg 388w, https:\/\/www.franceabris.com\/BLOG\/wp-content\/uploads\/2013\/04\/HopitalNegreupelisse2-624x467.jpg 624w\" sizes=\"(max-width: 550px) 100vw, 550px\" \/><figcaption id=\"caption-attachment-1514\" class=\"wp-caption-text\">Si l&rsquo;on imagine ais\u00e9ment comment les centre commerciaux vont devoir s&rsquo;adapter \u00e0 cette mesure, quid des plus petites structures et des parkings de 500 \u00e0 1500 m\u00b2 ? Ces petits parkings, comme ici, celui d&rsquo;un h\u00f4pital priv\u00e9, devront, eux aussi, installer des carports photovolta\u00efques ou des panneaux solaires sur leurs abris voitures pour se mettre en conformit\u00e9.<\/figcaption><\/figure>\n<h3 style=\"text-align: justify;\">La charpente bois et la charpente m\u00e9tallique : des ombri\u00e8res modulables qui se transforment en carports solaires<\/h3>\n<p style=\"text-align: justify;\">D\u00e9sormais, il faut s&rsquo;\u00e9quiper. Et, pour s&rsquo;\u00e9quiper, deux solutions s&rsquo;offrent aux professionnels, aux centre commerciaux, aux entreprises :<\/p>\n<ul>\n<li style=\"text-align: justify;\"><strong>Une solution tout en un<\/strong>, en passant par la duplication grand format d&rsquo;un mod\u00e8le d&rsquo;ombri\u00e8re photovolta\u00efque. C&rsquo;est \u00e9videmment l&rsquo;option que beaucoup privil\u00e9gieront dans l&rsquo;id\u00e9e de gagner du temps. N\u00e9anmoins, c&rsquo;est une solution qui sera co\u00fbteuse. Tr\u00e8s co\u00fbteuse. D&rsquo;autant plus co\u00fbteuse que cette loi est du pain b\u00e9nie pour les fabricants sp\u00e9cialis\u00e9s.<\/li>\n<li style=\"text-align: justify;\"><strong>Ou une solution qui vise \u00e0 r\u00e9duire les budgets et les co\u00fbts.<\/strong> Il s&rsquo;agira d&rsquo;opter, par exemple, pour une charpente m\u00e9tallique modulable et de l&rsquo;\u00e9quiper, \u00e0 part, de panneaux photovolta\u00efques en optant pour la solution qui sera la plus respectueuse du budget initialement imagin\u00e9.<\/li>\n<\/ul>\n<h4 style=\"text-align: justify;\">La charpente m\u00e9tallique : un abri modulable grande dimension<\/h4>\n<p style=\"text-align: justify;\">Parking de soci\u00e9t\u00e9 ou parking d&rsquo;h\u00f4pital et encore, derni\u00e8rement, ensemble de box de garages pour une entreprise :<span style=\"color: #ff9900;\"><a style=\"color: #ff9900;\" href=\"https:\/\/www.franceabris.com\/102-abri-metallique\" target=\"_blank\" rel=\"noopener\"> la charpente m\u00e9tallique modulable<\/a><\/span> est un abri particuli\u00e8rement adaptable&#8230; modulable, en somme. <strong>Elle permet d&rsquo;\u00e9quiper de vastes aires de stationnement<\/strong> d&rsquo;ombri\u00e8res simples, mais efficaces, en acier galvanis\u00e9, qu&rsquo;il ne reste plus qu&rsquo;\u00e0 couvrir de panneaux photovolta\u00efques.<\/p>\n<figure id=\"attachment_4213\" aria-describedby=\"caption-attachment-4213\" style=\"width: 625px\" class=\"wp-caption aligncenter\"><a href=\"https:\/\/www.franceabris.com\/102-abri-metallique\"><img decoding=\"async\" loading=\"lazy\" class=\"wp-image-4213 size-full\" style=\"border: 1px solid #000000;\" src=\"https:\/\/www.franceabris.com\/BLOG\/wp-content\/uploads\/2014\/12\/Abri-monte-charpente-metallique.png\" alt=\"charpentes m\u00e9talliques modulables photovolta\u00efques\" width=\"625\" height=\"469\" srcset=\"https:\/\/www.franceabris.com\/BLOG\/wp-content\/uploads\/2014\/12\/Abri-monte-charpente-metallique.png 625w, https:\/\/www.franceabris.com\/BLOG\/wp-content\/uploads\/2014\/12\/Abri-monte-charpente-metallique-130x98.png 130w, https:\/\/www.franceabris.com\/BLOG\/wp-content\/uploads\/2014\/12\/Abri-monte-charpente-metallique-319x240.png 319w, https:\/\/www.franceabris.com\/BLOG\/wp-content\/uploads\/2014\/12\/Abri-monte-charpente-metallique-582x437.png 582w, https:\/\/www.franceabris.com\/BLOG\/wp-content\/uploads\/2014\/12\/Abri-monte-charpente-metallique-624x468.png 624w\" sizes=\"(max-width: 625px) 100vw, 625px\" \/><\/a><figcaption id=\"caption-attachment-4213\" class=\"wp-caption-text\">Les charpentes m\u00e9talliques modulables ont, ici, permis d&rsquo;installer les ombri\u00e8res \u00e0 deux roues situ\u00e9es sur la gauche. Un vaste parking \u00e0 motos et v\u00e9los qui vient compl\u00e9ter l&rsquo;aire de stationnement, laquelle, aujourd&rsquo;hui, devrait \u00eatre \u00e9quip\u00e9e de panneaux photovolta\u00efques.<\/figcaption><\/figure>\n<p style=\"text-align: justify;\"><strong>Ses particularit\u00e9s ?<\/strong> Elle est en acier galvanis\u00e9, garantie 10 ou 20 ans contre la corrosion. Elle se d\u00e9cline dans des formats adaptables assez \u00e9clectiques. Mais, surtout, elle offre une panoplie d&rsquo;options permettant d&rsquo;about au r\u00e9sultat recherch\u00e9 : on choisit une base d&rsquo;ombri\u00e8re, on lui ajoute 5, 10 ou 15 trav\u00e9es, on peut clore les c\u00f4t\u00e9s&#8230; Et, m\u00eame, au final, aboutir \u00e0 un garage ferm\u00e9 !<\/p>\n<h4 style=\"text-align: justify;\">Les charpentes bois : des structures de carports et d&rsquo;ombri\u00e8res duplicables<\/h4>\n<p style=\"text-align: justify;\">Pendant de la charpente modulable en acier galvanis\u00e9, <span style=\"color: #ff9900;\"><a style=\"color: #ff9900;\" href=\"https:\/\/www.franceabris.com\/109-charpente-bois-en-kit-abris-bois-a-couvrir\" target=\"_blank\" rel=\"noopener\">la charpente bois offre un confort tout \u00e0 fait similaire<\/a><\/span>, mais <strong>en exploitant les particularit\u00e9s du bois Douglas<\/strong>. Fabriqu\u00e9e sur demande, elle peut \u00eatre dupliqu\u00e9e, multipli\u00e9e et transform\u00e9e en carports multiples pour am\u00e9nager des parkings de bon format. Avec un atout ma\u00eetre : sa charpente en bois lui offre une solidit\u00e9 \u00e0 m\u00eame de supporter un poids important&#8230; et, ce faisant, tout type de charge, dont les panneaux photovolta\u00efques !<\/p>\n<figure id=\"attachment_14994\" aria-describedby=\"caption-attachment-14994\" style=\"width: 550px\" class=\"wp-caption aligncenter\"><a href=\"https:\/\/www.franceabris.com\/109-charpente-bois-en-kit-abris-bois-a-couvrir\"><img decoding=\"async\" loading=\"lazy\" class=\"wp-image-14994\" style=\"border: 1px solid #000000;\" src=\"https:\/\/www.franceabris.com\/BLOG\/wp-content\/uploads\/2024\/10\/2516-ossature-bois-carport.png\" alt=\"charpente bois photovolta\u00efque\" width=\"550\" height=\"413\" srcset=\"https:\/\/www.franceabris.com\/BLOG\/wp-content\/uploads\/2024\/10\/2516-ossature-bois-carport.png 900w, https:\/\/www.franceabris.com\/BLOG\/wp-content\/uploads\/2024\/10\/2516-ossature-bois-carport-320x240.png 320w, https:\/\/www.franceabris.com\/BLOG\/wp-content\/uploads\/2024\/10\/2516-ossature-bois-carport-583x437.png 583w, https:\/\/www.franceabris.com\/BLOG\/wp-content\/uploads\/2024\/10\/2516-ossature-bois-carport-131x98.png 131w, https:\/\/www.franceabris.com\/BLOG\/wp-content\/uploads\/2024\/10\/2516-ossature-bois-carport-768x576.png 768w\" sizes=\"(max-width: 550px) 100vw, 550px\" \/><\/a><figcaption id=\"caption-attachment-14994\" class=\"wp-caption-text\">Une charpente bois couverte, ici, de panneaux photovolta\u00efques chez un particulier. Ce mod\u00e8le se duplique autant que vous le souhaitez. L&rsquo;objectif : que les charpentes cr\u00e9ent un vaste parking ombrag\u00e9 offrant autant de places de stationnement couvertes que n\u00e9cessaire.<\/figcaption><\/figure>\n<p style=\"text-align: justify;\">Ce sont \u00e9videmment nos clients situ\u00e9s dans les r\u00e9gions de moyenne montagne ou en zone rurale qui nous sollicitent pour ces solutions bois. Mais pourquoi ne pas imaginer amener une touche de naturel en zone urbaine ? <strong>Le bois Douglas est un bois qui tol\u00e8re parfaitement les agressions ext\u00e9rieures<\/strong> et ne r\u00e9clame que tr\u00e8s peu d&rsquo;entretien. Un bon moyen de cr\u00e9er un parking au coeur des pr\u00e9occupations du moment : les jolies ombri\u00e8res en bois et leurs modernes panneaux solaires sur la toiture !<\/p>\n","protected":false},"excerpt":{"rendered":"<p>Nouvelle loi, nouvelles obligations ! Celles-ci concernent les professionnels, entreprises et collectivit\u00e9s qui seraient propri\u00e9taires d&rsquo;une aire de stationnement de plus de 500 m\u00b2. Selon la loi n\u00b02023-175, ces aires de stationnement devront \u00eatre \u00e9quip\u00e9es d&rsquo;ombri\u00e8res photovolta\u00efques. Tout du moins de carports nantis de panneaux photovolta\u00efques. L&rsquo;objectif ? R\u00e9duire massivement nos \u00e9missions de gaz \u00e0 &hellip; <a href=\"https:\/\/www.franceabris.com\/BLOG\/carports-et-ombrieres-photovoltaiques-dici-2028-les-parkings-de-plus-de-500-m%c2%b2-devront-etre-equipes\/\" class=\"more-link\">Continuer la lecture de <span class=\"screen-reader-text\">Carports et ombri\u00e8res photovolta\u00efques : d\u2019ici 2028, les parkings de plus de 500 m\u00b2 devront \u00eatre \u00e9quip\u00e9s<\/span><\/a><\/p>\n","protected":false},"author":6,"featured_media":15059,"comment_status":"closed","ping_status":"closed","sticky":false,"template":"","format":"standard","meta":[],"categories":[2,1],"tags":[],"_links":{"self":[{"href":"https:\/\/www.franceabris.com\/BLOG\/wp-json\/wp\/v2\/posts\/15058"}],"collection":[{"href":"https:\/\/www.franceabris.com\/BLOG\/wp-json\/wp\/v2\/posts"}],"about":[{"href":"https:\/\/www.franceabris.com\/BLOG\/wp-json\/wp\/v2\/types\/post"}],"author":[{"embeddable":true,"href":"https:\/\/www.franceabris.com\/BLOG\/wp-json\/wp\/v2\/users\/6"}],"replies":[{"embeddable":true,"href":"https:\/\/www.franceabris.com\/BLOG\/wp-json\/wp\/v2\/comments?post=15058"}],"version-history":[{"count":0,"href":"https:\/\/www.franceabris.com\/BLOG\/wp-json\/wp\/v2\/posts\/15058\/revisions"}],"wp:featuredmedia":[{"embeddable":true,"href":"https:\/\/www.franceabris.com\/BLOG\/wp-json\/wp\/v2\/media\/15059"}],"wp:attachment":[{"href":"https:\/\/www.franceabris.com\/BLOG\/wp-json\/wp\/v2\/media?parent=15058"}],"wp:term":[{"taxonomy":"category","embeddable":true,"href":"https:\/\/www.franceabris.com\/BLOG\/wp-json\/wp\/v2\/categories?post=15058"},{"taxonomy":"post_tag","embeddable":true,"href":"https:\/\/www.franceabris.com\/BLOG\/wp-json\/wp\/v2\/tags?post=15058"}],"curies":[{"name":"wp","href":"https:\/\/api.w.org\/{rel}","templated":true}]}}