{"id":15091,"date":"2024-11-08T12:28:41","date_gmt":"2024-11-08T11:28:41","guid":{"rendered":"https:\/\/www.franceabris.com\/BLOG\/?p=15091"},"modified":"2024-11-07T12:36:42","modified_gmt":"2024-11-07T11:36:42","slug":"faites-du-rangement-dans-votre-jardin-focus-sur-un-coffre-2020-l","status":"publish","type":"post","link":"https:\/\/www.franceabris.com\/BLOG\/faites-du-rangement-dans-votre-jardin-focus-sur-un-coffre-2020-l\/","title":{"rendered":"Faites du rangement dans votre jardin : focus sur un coffre&#8230; 2020 L !"},"content":{"rendered":"<p style=\"text-align: justify;\">Un peu de rangement au mois de novembre ! C&rsquo;est le bon moment, d&rsquo;autant que la m\u00e9t\u00e9o \u00e9tire un temps plut\u00f4t favorable avec des temp\u00e9rature encore cl\u00e9mente et moins de pluie qu&rsquo;\u00e0 l&rsquo;attaque de l&rsquo;automne. Encore faut-il avoir de quoi ranger&#8230; C&rsquo;est la raison pour laquelle on vous propose d&rsquo;\u00e9tudier<strong> ce beau coffre de rangement en r\u00e9sine<\/strong>, r\u00e9f\u00e9rence ID3652, une solution ultra performante permettant de cr\u00e9er un gros volume de stockage moyennant : un co\u00fbt moins \u00e9lev\u00e9 que d&rsquo;autres solutions ; et sans d\u00e9marches administratives !<\/p>\n<h2 style=\"text-align: justify;\">Du stockage facile et efficace \u00e0 l&rsquo;automne avec ce coffre de rangement en r\u00e9sine 2020 Litres, r\u00e9f\u00e9rence ID3652 !<\/h2>\n<p style=\"text-align: justify;\">Faire du rangement, oui. Mais comment ? Au jardin, les solutions ne sont pas l\u00e9gion. On a l&rsquo;abri de jardin, bien s\u00fbr. Mais un abri implique souvent un investissement financier plut\u00f4t important, la cr\u00e9ation d&rsquo;une dalle b\u00e9ton et quelques d\u00e9marches administratives. Et on a le mobilier ext\u00e9rieur. Fort heureusement, du c\u00f4t\u00e9 du mobilier ext\u00e9rieur, <strong>on peut vous proposer des coffres de rangement qui tiennent plus de l&rsquo;abri que du coffre<\/strong>. Des structures qui propose un volume de stockage si \u00e9lev\u00e9 qu&rsquo;elles concurrencent jusqu&rsquo;aux petits cabanons de rangement !<\/p>\n<p style=\"text-align: justify;\">C&rsquo;est le cas de <span style=\"color: #ff9900;\"><a style=\"color: #ff9900;\" href=\"https:\/\/www.franceabris.com\/437-coffre-rangement-multifonctions\" target=\"_blank\" rel=\"noopener\">notre coffre de rangement en r\u00e9sine<\/a><\/span>, r\u00e9f\u00e9rence ID3652&#8230; Au programme : 2020 Litres !<\/p>\n<figure id=\"attachment_15093\" aria-describedby=\"caption-attachment-15093\" style=\"width: 791px\" class=\"wp-caption aligncenter\"><a href=\"https:\/\/www.franceabris.com\/437-coffre-rangement-multifonctions\"><img decoding=\"async\" loading=\"lazy\" class=\"wp-image-15093 size-full\" style=\"border: 1px solid #000000;\" src=\"https:\/\/www.franceabris.com\/BLOG\/wp-content\/uploads\/2024\/11\/3652-coffre-de-rangement-4.jpg\" alt=\"coffre de rangement en r\u00e9sine 2020 Litres\" width=\"791\" height=\"579\" srcset=\"https:\/\/www.franceabris.com\/BLOG\/wp-content\/uploads\/2024\/11\/3652-coffre-de-rangement-4.jpg 791w, https:\/\/www.franceabris.com\/BLOG\/wp-content\/uploads\/2024\/11\/3652-coffre-de-rangement-4-328x240.jpg 328w, https:\/\/www.franceabris.com\/BLOG\/wp-content\/uploads\/2024\/11\/3652-coffre-de-rangement-4-597x437.jpg 597w, https:\/\/www.franceabris.com\/BLOG\/wp-content\/uploads\/2024\/11\/3652-coffre-de-rangement-4-134x98.jpg 134w, https:\/\/www.franceabris.com\/BLOG\/wp-content\/uploads\/2024\/11\/3652-coffre-de-rangement-4-768x562.jpg 768w\" sizes=\"(max-width: 791px) 100vw, 791px\" \/><\/a><figcaption id=\"caption-attachment-15093\" class=\"wp-caption-text\">R\u00e9f\u00e9rence ID3652. Un gros coffre de rangement en r\u00e9sine offrant de vastes possibilit\u00e9s de stockage malignes !<\/figcaption><\/figure>\n<h3 style=\"text-align: justify;\">Un coffre de rangement, vraiment ? Presque un petit abri !<\/h3>\n<p style=\"text-align: justify;\">Le coffre de rangement en r\u00e9sine dont on vous parle aujourd&rsquo;hui <strong>fait la taille d&rsquo;un petit cabanon<\/strong> : 1,9 m de largeur pour 1,09 m de profondeur et 1,32 m de hauteur. Un format XXL dont on \u00e9value la contenance \u00e0 2020 Litres (2,7 m\u00e8tres cubes si l&rsquo;on s&rsquo;en tient aux dimensions et un peu plus de 2 m\u00e8tres carr\u00e9s de surface au sol). Vide, le coffre p\u00e8se 62 kilos, ce qui vous permet d&rsquo;\u00e9viter d&rsquo;avoir \u00e0 l&rsquo;ancrer au sol comme un abri &#8211; une fois plein, le poids devrait \u00eatre suffisant !<\/p>\n<h4 style=\"text-align: justify;\">Pas d&rsquo;entretien gr\u00e2ce au polypropyl\u00e8ne extrud\u00e9<\/h4>\n<p style=\"text-align: justify;\"><strong>Con\u00e7u en polypropyl\u00e8ne extrud\u00e9<\/strong>, il pr\u00e9sente des parois de 20 mm parfaitement r\u00e9sistantes aux intemp\u00e9ries. Trait\u00e9 anti-UV, d&rsquo;un joli coloris gris, il est garanti 10 ans et ne r\u00e9clame aucun entretien particulier pour supporter les conditions ext\u00e9rieures. Bref, autant dire qu&rsquo;il s&rsquo;agit d&rsquo;un parfait compl\u00e9ment de rangement pour qui souhaite am\u00e9nager des espaces de stockage dans son jardin !<\/p>\n<figure id=\"attachment_15095\" aria-describedby=\"caption-attachment-15095\" style=\"width: 791px\" class=\"wp-caption aligncenter\"><a href=\"https:\/\/www.franceabris.com\/437-coffre-rangement-multifonctions\"><img decoding=\"async\" loading=\"lazy\" class=\"wp-image-15095 size-full\" style=\"border: 1px solid #000000;\" src=\"https:\/\/www.franceabris.com\/BLOG\/wp-content\/uploads\/2024\/11\/3652-coffre-de-rangement-2.jpg\" alt=\"coffre pour ranger les v\u00e9los\" width=\"791\" height=\"579\" srcset=\"https:\/\/www.franceabris.com\/BLOG\/wp-content\/uploads\/2024\/11\/3652-coffre-de-rangement-2.jpg 791w, https:\/\/www.franceabris.com\/BLOG\/wp-content\/uploads\/2024\/11\/3652-coffre-de-rangement-2-328x240.jpg 328w, https:\/\/www.franceabris.com\/BLOG\/wp-content\/uploads\/2024\/11\/3652-coffre-de-rangement-2-597x437.jpg 597w, https:\/\/www.franceabris.com\/BLOG\/wp-content\/uploads\/2024\/11\/3652-coffre-de-rangement-2-134x98.jpg 134w, https:\/\/www.franceabris.com\/BLOG\/wp-content\/uploads\/2024\/11\/3652-coffre-de-rangement-2-768x562.jpg 768w\" sizes=\"(max-width: 791px) 100vw, 791px\" \/><\/a><figcaption id=\"caption-attachment-15095\" class=\"wp-caption-text\">Si on retire tout support de rangement, ce coffre multifonctions en r\u00e9sine peut devenir un coffre \u00e0 v\u00e9los bien pratique.<\/figcaption><\/figure>\n<h3 style=\"text-align: justify;\">Un volume de stockage bien particulier<\/h3>\n<p style=\"text-align: justify;\">Vous l&rsquo;avez compris, l&rsquo;un des atouts de ce coffre de rangement, c&rsquo;est le volume de stockage qu&rsquo;il propose. Un volume bien sp\u00e9cifique ! Ses dimensions associ\u00e9es \u00e0 ses diff\u00e9rentes ouvertures permettent d&rsquo;y entreposer du petit mat\u00e9riel comme du mat\u00e9riel volumineux. <strong>Certains s&rsquo;en servent m\u00eame d&rsquo;abri pour les v\u00e9los !<\/strong><\/p>\n<h4 style=\"text-align: justify;\">Tablette et support de rangement \u00e0 l&rsquo;int\u00e9rieur, c&rsquo;est pratique !<\/h4>\n<p style=\"text-align: justify;\">Profitant d&rsquo;une ouverture verticale \u00e0 v\u00e9rins et d&rsquo;une ouverture frontale \u00e0 deux battants, il propose une grande tablette de rangement sup\u00e9rieure <strong>pour un espace pratique et facilement organisable<\/strong>&#8230; Mais aussi un petit support de rangement inf\u00e9rieur, en plus de ce que l&rsquo;on peut y stocker en vrac sur le plancher r\u00e9sine.<\/p>\n<figure id=\"attachment_15094\" aria-describedby=\"caption-attachment-15094\" style=\"width: 751px\" class=\"wp-caption aligncenter\"><a href=\"https:\/\/www.franceabris.com\/437-coffre-rangement-multifonctions\"><img decoding=\"async\" loading=\"lazy\" class=\"wp-image-15094 size-full\" style=\"border: 1px solid #000000;\" src=\"https:\/\/www.franceabris.com\/BLOG\/wp-content\/uploads\/2024\/11\/3652-coffre-de-rangement-3.jpg\" alt=\"meuble de stockage ext\u00e9rieur pour le jardin\" width=\"751\" height=\"547\" srcset=\"https:\/\/www.franceabris.com\/BLOG\/wp-content\/uploads\/2024\/11\/3652-coffre-de-rangement-3.jpg 751w, https:\/\/www.franceabris.com\/BLOG\/wp-content\/uploads\/2024\/11\/3652-coffre-de-rangement-3-330x240.jpg 330w, https:\/\/www.franceabris.com\/BLOG\/wp-content\/uploads\/2024\/11\/3652-coffre-de-rangement-3-600x437.jpg 600w, https:\/\/www.franceabris.com\/BLOG\/wp-content\/uploads\/2024\/11\/3652-coffre-de-rangement-3-135x98.jpg 135w\" sizes=\"(max-width: 751px) 100vw, 751px\" \/><\/a><figcaption id=\"caption-attachment-15094\" class=\"wp-caption-text\">Voil\u00e0 un am\u00e9nagement r\u00e9ussi pour ce petit espace de stockage. Les tablettes sont optimis\u00e9s et le volume \u00e0 l&rsquo;int\u00e9rieur est bien pens\u00e9 pour les outils !<\/figcaption><\/figure>\n<h3 style=\"text-align: justify;\">L&rsquo;un des atouts ce ce coffre en r\u00e9sine, c&rsquo;est de s&rsquo;\u00e9quiper vite et bien, sans formalit\u00e9s administratives<\/h3>\n<p style=\"text-align: justify;\">Ce que l&rsquo;on appr\u00e9cie aussi dans ce petit espace de stockage, c&rsquo;est qu&rsquo;il permet de s&rsquo;\u00e9quiper tr\u00e8s vite et de fa\u00e7on tr\u00e8s qualitative.\u00a0 Pourquoi ?<\/p>\n<ul>\n<li style=\"text-align: justify;\">Parce qu&rsquo;il est accessible <strong>\u00e0 un prix plus abordable<\/strong> que des abris de jardin plus vastes dont le tarif est g\u00e9n\u00e9ralement \u00e0 quatre chiffres.<\/li>\n<li style=\"text-align: justify;\">Parce qu&rsquo;il propose pourtant <strong>plus de 2 m\u00b2 au sol et 2,7 m\u00e8tres cubes de stockage<\/strong>, le tout dans un mat\u00e9riau tr\u00e8s r\u00e9sistant, le polypropyl\u00e8ne extrud\u00e9.<\/li>\n<li style=\"text-align: justify;\">Et que, malgr\u00e9 tout, il ne r\u00e9clame absolument <strong>aucune formalit\u00e9 administrative.<\/strong><\/li>\n<\/ul>\n<p style=\"text-align: justify;\">Pas besoin d&rsquo;en r\u00e9f\u00e9rer \u00e0 sa Mairie pour installer un coffre de jardin chez soi. Il fait moins d&rsquo;1,8 m de hauteur utile, moins de 5 m\u00b2 de surface de plancher&#8230; Bref, vous \u00eates lib\u00e9r\u00e9 de toute obligation administrative quelle que soit votre situation !<\/p>\n<p style=\"text-align: justify;\">En bref, la toute meilleure qualit\u00e9 au meilleur prix !<\/p>\n","protected":false},"excerpt":{"rendered":"<p>Un peu de rangement au mois de novembre ! C&rsquo;est le bon moment, d&rsquo;autant que la m\u00e9t\u00e9o \u00e9tire un temps plut\u00f4t favorable avec des temp\u00e9rature encore cl\u00e9mente et moins de pluie qu&rsquo;\u00e0 l&rsquo;attaque de l&rsquo;automne. Encore faut-il avoir de quoi ranger&#8230; C&rsquo;est la raison pour laquelle on vous propose d&rsquo;\u00e9tudier ce beau coffre de rangement &hellip; <a href=\"https:\/\/www.franceabris.com\/BLOG\/faites-du-rangement-dans-votre-jardin-focus-sur-un-coffre-2020-l\/\" class=\"more-link\">Continuer la lecture de <span class=\"screen-reader-text\">Faites du rangement dans votre jardin : focus sur un coffre&#8230; 2020 L !<\/span><\/a><\/p>\n","protected":false},"author":6,"featured_media":15096,"comment_status":"closed","ping_status":"closed","sticky":false,"template":"","format":"standard","meta":[],"categories":[3],"tags":[],"_links":{"self":[{"href":"https:\/\/www.franceabris.com\/BLOG\/wp-json\/wp\/v2\/posts\/15091"}],"collection":[{"href":"https:\/\/www.franceabris.com\/BLOG\/wp-json\/wp\/v2\/posts"}],"about":[{"href":"https:\/\/www.franceabris.com\/BLOG\/wp-json\/wp\/v2\/types\/post"}],"author":[{"embeddable":true,"href":"https:\/\/www.franceabris.com\/BLOG\/wp-json\/wp\/v2\/users\/6"}],"replies":[{"embeddable":true,"href":"https:\/\/www.franceabris.com\/BLOG\/wp-json\/wp\/v2\/comments?post=15091"}],"version-history":[{"count":0,"href":"https:\/\/www.franceabris.com\/BLOG\/wp-json\/wp\/v2\/posts\/15091\/revisions"}],"wp:featuredmedia":[{"embeddable":true,"href":"https:\/\/www.franceabris.com\/BLOG\/wp-json\/wp\/v2\/media\/15096"}],"wp:attachment":[{"href":"https:\/\/www.franceabris.com\/BLOG\/wp-json\/wp\/v2\/media?parent=15091"}],"wp:term":[{"taxonomy":"category","embeddable":true,"href":"https:\/\/www.franceabris.com\/BLOG\/wp-json\/wp\/v2\/categories?post=15091"},{"taxonomy":"post_tag","embeddable":true,"href":"https:\/\/www.franceabris.com\/BLOG\/wp-json\/wp\/v2\/tags?post=15091"}],"curies":[{"name":"wp","href":"https:\/\/api.w.org\/{rel}","templated":true}]}}