{"id":15209,"date":"2024-12-12T18:20:57","date_gmt":"2024-12-12T17:20:57","guid":{"rendered":"https:\/\/www.franceabris.com\/BLOG\/?p=15209"},"modified":"2024-12-11T18:06:40","modified_gmt":"2024-12-11T17:06:40","slug":"2025-a-quoi-ressembleront-nos-jardins-et-nos-terrasses-lan-prochain","status":"publish","type":"post","link":"https:\/\/www.franceabris.com\/BLOG\/2025-a-quoi-ressembleront-nos-jardins-et-nos-terrasses-lan-prochain\/","title":{"rendered":"2025 : \u00e0 quoi ressembleront nos jardins et nos terrasses l&rsquo;an prochain ?"},"content":{"rendered":"<p style=\"text-align: justify;\">2025 approche. Et il est temps de se questionner&#8230; <strong>Quelles vont \u00eatre les tendances en mati\u00e8re d&rsquo;am\u00e9nagement ext\u00e9rieur ?<\/strong> A quoi vont ressembler nos jardins ? Quelles innovations peut-on attendre de la part des fabricants d&rsquo;abris de jardin, de pergolas et de garages en kit ?<\/p>\n<p style=\"text-align: justify;\">Parmi les mouvements de fond, on le sait, on le r\u00e9p\u00e8te, il y aura toujours, en vrac : le carport, une alternative \u00e9conomique au garage, qui permet de m\u00e9nager son budget dans des temps o\u00f9 les comptes en banque ne sont pas toujours souriants ; les cabanons en bois, avec des mat\u00e9riaux naturels, plus attirants, plus \u00e9co-responsables, plus isolants ; les structures et les accessoires \u00e0 m\u00eame de supporter les intemp\u00e9ries (on sort d&rsquo;une ann\u00e9e compliqu\u00e9e sur ce plan-l\u00e0&#8230;).<\/p>\n<p>Mais voil\u00e0 <strong>3 autres pistes qui devraient s&rsquo;imposer les 12 prochains mois<\/strong>.<\/p>\n<h2 style=\"text-align: justify;\">Quelles tendances pour 2025 dans nos jardins ? Abris, pergolas, garages : on vous dit \u00e0 quoi ressemblera votre ext\u00e9rieur l&rsquo;ann\u00e9e prochaine !<\/h2>\n<p style=\"text-align: justify;\">Entre le contexte \u00e9conomique, les \u00e9volutions soci\u00e9tales et les innovations technologiques, chaque ann\u00e9e r\u00e9serve sont petit lot de surprises. Et non, il n&rsquo;est pas toujours facile de pr\u00e9dire ce que l&rsquo;on choisira d&rsquo;installer dans son jardin l&rsquo;an prochain&#8230; Il y a bien certaines constantes, \u00e9videmment :<\/p>\n<ul>\n<li style=\"text-align: justify;\"><strong>L&rsquo;envie de soigner son budget.<\/strong> Carport et abri de jardin de moins de 5 m\u00b2 ont d\u00e9finitivement leur mot \u00e0 dire dans ce contexte \u00e9conomique difficile. Des structure moins ch\u00e8res et plus accessibles que les autres !<\/li>\n<li style=\"text-align: justify;\"><strong>L&rsquo;attention port\u00e9e aux mat\u00e9riaux.<\/strong> Pas seulement pour l&rsquo;aspect \u00e9cologique : certains y sont sensibles, \u00e9videmment, mais d&rsquo;autres pas tellement. Mais aussi pour leurs propri\u00e9t\u00e9s : la r\u00e9sistance, l&rsquo;autonomie, la solidit\u00e9&#8230; Tout ce qui va permettre d&rsquo;amortir l&rsquo;investissement (ce qui nous ram\u00e8ne au point n\u00b01).<\/li>\n<li><strong>Et la qu\u00eate de personnalisation.<\/strong> Le projet sur mesure ou partiellement sur mesure.<\/li>\n<\/ul>\n<p style=\"text-align: justify;\">Mais alors, au-del\u00e0 de ces envies de fonds, quelles sont les 3 tendances que l&rsquo;on retrouvera dans les jardins ou sur nos terrasses l&rsquo;an prochain, en 2025 ?<\/p>\n<h3 style=\"text-align: justify;\">1\/ Abri, pergola ou garage : l&rsquo;int\u00e9gration des technologies connect\u00e9es<\/h3>\n<p style=\"text-align: justify;\">Pas besoin d&rsquo;\u00eatre un immense devin pour l&rsquo;affirmer : <strong>les technologies connect\u00e9es infusent dans tous les domaines<\/strong>. Et les am\u00e9nagements ext\u00e9rieurs ne font pas exception. D\u00e8s lors, sur la terrasse comme au jardin, tout ce qui va permettre de piloter ou de mesurer \u00e0 distance sera dans l&rsquo;air du temps. Pour une pergola bioclimatique, c&rsquo;est bien simple, c&rsquo;est la <em>smart pergola<\/em> qui va, d&rsquo;elle-m\u00eame, s&rsquo;adapter \u00e0 l&rsquo;ensoleillement et aux conditions m\u00e9t\u00e9os. Les lames de la couverture s&rsquo;inclineront en fonction du besoin ou du r\u00e9glage pr\u00e9-d\u00e9termin\u00e9&#8230; et vous n&rsquo;aurez rien \u00e0 faire ! On y adjoindra une petite appli pour la commander \u00e0 distance&#8230; que demander de plus ?<\/p>\n<figure id=\"attachment_14611\" aria-describedby=\"caption-attachment-14611\" style=\"width: 550px\" class=\"wp-caption aligncenter\"><a href=\"https:\/\/www.franceabris.com\/398-pergola-bioclimatique\"><img decoding=\"async\" loading=\"lazy\" class=\"wp-image-14611\" style=\"border: 1px solid #000000;\" src=\"https:\/\/www.franceabris.com\/BLOG\/wp-content\/uploads\/2024\/02\/eclairage-led-pergola_1.jpg\" alt=\"pergola bioclimatique connect\u00e9e \u00e0 Leds\" width=\"550\" height=\"348\" srcset=\"https:\/\/www.franceabris.com\/BLOG\/wp-content\/uploads\/2024\/02\/eclairage-led-pergola_1.jpg 1024w, https:\/\/www.franceabris.com\/BLOG\/wp-content\/uploads\/2024\/02\/eclairage-led-pergola_1-379x240.jpg 379w, https:\/\/www.franceabris.com\/BLOG\/wp-content\/uploads\/2024\/02\/eclairage-led-pergola_1-607x384.jpg 607w, https:\/\/www.franceabris.com\/BLOG\/wp-content\/uploads\/2024\/02\/eclairage-led-pergola_1-155x98.jpg 155w, https:\/\/www.franceabris.com\/BLOG\/wp-content\/uploads\/2024\/02\/eclairage-led-pergola_1-768x486.jpg 768w, https:\/\/www.franceabris.com\/BLOG\/wp-content\/uploads\/2024\/02\/eclairage-led-pergola_1-422x267.jpg 422w\" sizes=\"(max-width: 550px) 100vw, 550px\" \/><\/a><figcaption id=\"caption-attachment-14611\" class=\"wp-caption-text\">Pergola bioclimatique motoris\u00e9e \u00e0 Leds. En 2025, on peut imaginer une plus grande d\u00e9mocratisation des mod\u00e8les connect\u00e9s avec application et pilotage \u00e0 distance. Les <em>smarts pergolas<\/em>, \u00e0 l&rsquo;avenir, sauront d&rsquo;elles m\u00eames s&rsquo;adapter \u00e0 la m\u00e9t\u00e9o, qu&rsquo;il pleuve, que le soleil tape ou qu&rsquo;il vente !<\/figcaption><\/figure>\n<h4 style=\"text-align: justify;\">Un abri de jardin connect\u00e9, k\u00e9zako ?<\/h4>\n<p style=\"text-align: justify;\">Pour un abri de jardin ? Rien de tout cela, \u00e9videmment. Ce sont plut\u00f4t de petits ajouts que vous allez faire vous-m\u00eames. Sur votre cabanon, l&rsquo;on greffera :<\/p>\n<ul>\n<li style=\"text-align: justify;\"><strong>une cam\u00e9ra pour la s\u00e9curit\u00e9.<\/strong><\/li>\n<li style=\"text-align: justify;\">et des outils de mesure m\u00e9t\u00e9o.<\/li>\n<\/ul>\n<p style=\"text-align: justify;\">L&rsquo;ensemble sera connect\u00e9 pour avoir un suivi efficace et performant dans chacun des deux domaines ! Au vu des pr\u00e9cipitations que l&rsquo;on a connues cette ann\u00e9e, la mesure m\u00e9t\u00e9o est un hobby qui en a gagn\u00e9 plus d&rsquo;un&#8230;<\/p>\n<h4 style=\"text-align: justify;\">Le garage avec panneaux photovolta\u00efques<\/h4>\n<p style=\"text-align: justify;\">Et pour un garage ou une charpente bois, destin\u00e9s, tout deux, \u00e0 laisser la voiture en stationnement ? Il y aura peut-\u00eatre une <em>smart door<\/em>, dont l&rsquo;ouverture sera centralis\u00e9e avec celle du portail et pilotable via le smartphone. Des syst\u00e8mes de s\u00e9curit\u00e9 pouss\u00e9s, avec une cam\u00e9ra au moins aussi performante que celle de l&rsquo;abri. <strong>Mais, surtout&#8230; des panneaux photovolta\u00efques !<\/strong> C&rsquo;est une tendance qui a d\u00e9j\u00e0 \u00e9merg\u00e9 cette ann\u00e9e : certains de nos clients exploitent la solidit\u00e9 de nos charpentes bois en les \u00e9quipant de panneaux photovolta\u00efques. Un bon moyen de pallier la hausse des co\u00fbts de l&rsquo;\u00e9nergie&#8230; Cela permet aussi d&rsquo;alimenter, directement, une borne de recharge pour un \u00e9ventuel v\u00e9hicule \u00e9lectrique. Malin !<\/p>\n<figure id=\"attachment_14994\" aria-describedby=\"caption-attachment-14994\" style=\"width: 550px\" class=\"wp-caption aligncenter\"><a href=\"https:\/\/www.franceabris.com\/359-charpente-bois-en-kit-traditionnelle-tenon-mortaise-prix-usine\"><img decoding=\"async\" loading=\"lazy\" class=\"wp-image-14994\" style=\"border: 1px solid #000000;\" src=\"https:\/\/www.franceabris.com\/BLOG\/wp-content\/uploads\/2024\/10\/2516-ossature-bois-carport.png\" alt=\"charpente bois avec panneaux photovolta\u00efques\" width=\"550\" height=\"413\" srcset=\"https:\/\/www.franceabris.com\/BLOG\/wp-content\/uploads\/2024\/10\/2516-ossature-bois-carport.png 900w, https:\/\/www.franceabris.com\/BLOG\/wp-content\/uploads\/2024\/10\/2516-ossature-bois-carport-320x240.png 320w, https:\/\/www.franceabris.com\/BLOG\/wp-content\/uploads\/2024\/10\/2516-ossature-bois-carport-583x437.png 583w, https:\/\/www.franceabris.com\/BLOG\/wp-content\/uploads\/2024\/10\/2516-ossature-bois-carport-131x98.png 131w, https:\/\/www.franceabris.com\/BLOG\/wp-content\/uploads\/2024\/10\/2516-ossature-bois-carport-768x576.png 768w\" sizes=\"(max-width: 550px) 100vw, 550px\" \/><\/a><figcaption id=\"caption-attachment-14994\" class=\"wp-caption-text\">R\u00e9f\u00e9rence ID2516. Un bel exemple de charpente bois qui sert de garage ouvert ou de carport et que notre client a \u00e9quip\u00e9 de panneaux photovolta\u00efques. Il est dans la tendance ! Les charpentes supportent des charges importantes (elles peuvent d&rsquo;ailleurs \u00eatre tuil\u00e9es). Il faut en profiter !<\/figcaption><\/figure>\n<h3 style=\"text-align: justify;\">2\/ La tendance aux mat\u00e9riaux durables : le bois composite&#8230; toujours l\u00e0 pour les abris de jardin !<\/h3>\n<p style=\"text-align: justify;\">C&rsquo;est un <em>leitmotiv<\/em> : chaque ann\u00e9e, on en parle. Chaque ann\u00e9e, leur succ\u00e8s ne se d\u00e9ment pas. Et cela semble normal : c&rsquo;est le sens de l&rsquo;histoire, le sens du d\u00e9veloppement des mat\u00e9riaux et des technologies. <strong>Les abris de jardin en bois composite s\u00e9duisent toujours autant<\/strong> et s\u00e9duiront encore en 2025. Tout comme les mat\u00e9riaux durables. Avec une petite prime aux mat\u00e9riaux naturels, bien entendu, puisque bon nombre de personnes sont d\u00e9sormais tr\u00e8s sensibilis\u00e9es au fait d&rsquo;avoir des mat\u00e9riaux moins artificiels qu&rsquo;auparavant dans leur jardin. Pour les autres, c&rsquo;est surtout l&rsquo;envie de ne pas avoir \u00e0 entrer dans un cycle de consommation infernal qui prime&#8230; En optant pour un cabanon bas de gamme en r\u00e9sine thermoplastique, on sait que la dur\u00e9e de vie de l&rsquo;abri est faible&#8230; et qu&rsquo;il va falloir le remplacer rapidement. Autant choisir un abri qui tienne plusieurs dizaines d&rsquo;ann\u00e9es !<\/p>\n<h4 style=\"text-align: justify;\">Deux tendances qui s&rsquo;opposent, mais ont un m\u00eame objectif : moins de consommation !<\/h4>\n<p style=\"text-align: justify;\">Il y aura donc des tendances parfois contradictoires qui sembleront s&rsquo;opposer :<\/p>\n<ul>\n<li style=\"text-align: justify;\"><strong>Ceux qui veulent du bois et des essences naturelles \u00e0 tout prix :<\/strong> \u00e9pic\u00e9a, Douglas, bois plus sophistiqu\u00e9s&#8230; Ils lui associeront non seulement des mat\u00e9riaux aussi peu artificiels que possible en toiture, mais aussi des traitements respectueux de l&rsquo;environnement.<\/li>\n<li style=\"text-align: justify;\"><strong>Et ceux qui opteront pour un solide acier galvanis\u00e9 90\/100<\/strong>, par exemple, une garantie de durabilit\u00e9 \u00e0 travers les ann\u00e9es. Avec des toitures en bac acier, bien entendu, ou en EPDM \u00e9galement, puisque ce mat\u00e9riau est r\u00e9put\u00e9 pour afficher une dur\u00e9e de vie exc\u00e9dant le demi-si\u00e8cle.<\/li>\n<\/ul>\n<figure id=\"attachment_14316\" aria-describedby=\"caption-attachment-14316\" style=\"width: 550px\" class=\"wp-caption aligncenter\"><a href=\"https:\/\/www.franceabris.com\/10-abri-jardin\"><img decoding=\"async\" loading=\"lazy\" class=\"wp-image-14316\" style=\"border: 1px solid #000000;\" src=\"https:\/\/www.franceabris.com\/BLOG\/wp-content\/uploads\/2023\/08\/6011-abri-composite.jpeg\" alt=\"abri de jardin composite\" width=\"550\" height=\"413\" srcset=\"https:\/\/www.franceabris.com\/BLOG\/wp-content\/uploads\/2023\/08\/6011-abri-composite.jpeg 1280w, https:\/\/www.franceabris.com\/BLOG\/wp-content\/uploads\/2023\/08\/6011-abri-composite-320x240.jpeg 320w, https:\/\/www.franceabris.com\/BLOG\/wp-content\/uploads\/2023\/08\/6011-abri-composite-583x437.jpeg 583w, https:\/\/www.franceabris.com\/BLOG\/wp-content\/uploads\/2023\/08\/6011-abri-composite-131x98.jpeg 131w, https:\/\/www.franceabris.com\/BLOG\/wp-content\/uploads\/2023\/08\/6011-abri-composite-768x576.jpeg 768w\" sizes=\"(max-width: 550px) 100vw, 550px\" \/><\/a><figcaption id=\"caption-attachment-14316\" class=\"wp-caption-text\">R\u00e9f\u00e9rence ID6011. Un abri de jardin en bois composite qui rencontre toujours beaucoup de succ\u00e8s sur notre site. La partie cabanon de rangement d&rsquo;une part. La partie auvent abrit\u00e9 d&rsquo;autre part&#8230; Pratique et esth\u00e9tique et, surtout, durable, puisque le bois composite est imputrescible et dure de tr\u00e8s, tr\u00e8s longues ann\u00e9es.<\/figcaption><\/figure>\n<p style=\"text-align: justify;\">Et le bois composite, comme expliqu\u00e9 ci-dessus, qui associe les fibres v\u00e9g\u00e9tales aux qualit\u00e9s de certains polym\u00e8res !<\/p>\n<h3 style=\"text-align: justify;\">3\/ Les esth\u00e9tiques multifonctionnelles<\/h3>\n<p style=\"text-align: justify;\">Derni\u00e8re tendance pour 2025, un peu plus risqu\u00e9e, un peu moins \u00e9vidente&#8230; <strong>Le multifonctionnel et les esth\u00e9tiques qui vont avec.<\/strong> Qu&rsquo;est-ce que cela signifie ? D\u00e9j\u00e0 que, dans un contexte \u00e9conomique d\u00e9licat, on appr\u00e9cie de pouvoir faire d&rsquo;une pierre, deux coups. \u00c9viter d&rsquo;avoir \u00e0 doubler ou tripler les achats ! Parmi les exemples les plus classiques ? L&rsquo;abri de jardin avec b\u00fbcher int\u00e9gr\u00e9 qui permet d&rsquo;avoir son cabanon de stockage en profitant, en plus, d&rsquo;un espace de rangement pour les st\u00e8res de bois. Le garage suffisamment grand qui permet de garer la voiture et de faire le stockage qu&rsquo;on ferait dans un abri de jardin. Les pergolas avec des zones de rangement int\u00e9gr\u00e9es qui permettent d&rsquo;exploiter toutes les possibilit\u00e9s.<\/p>\n<figure id=\"attachment_15211\" aria-describedby=\"caption-attachment-15211\" style=\"width: 397px\" class=\"wp-caption aligncenter\"><a href=\"https:\/\/www.franceabris.com\/10-abri-jardin\"><img decoding=\"async\" loading=\"lazy\" class=\"wp-image-15211 size-full\" style=\"border: 1px solid #000000;\" src=\"https:\/\/www.franceabris.com\/BLOG\/wp-content\/uploads\/2024\/12\/3262-abri-de-jardin-avec-bucher.jpg\" alt=\"abri de jardin avec bucher\" width=\"397\" height=\"289\" srcset=\"https:\/\/www.franceabris.com\/BLOG\/wp-content\/uploads\/2024\/12\/3262-abri-de-jardin-avec-bucher.jpg 397w, https:\/\/www.franceabris.com\/BLOG\/wp-content\/uploads\/2024\/12\/3262-abri-de-jardin-avec-bucher-330x240.jpg 330w, https:\/\/www.franceabris.com\/BLOG\/wp-content\/uploads\/2024\/12\/3262-abri-de-jardin-avec-bucher-135x98.jpg 135w\" sizes=\"(max-width: 397px) 100vw, 397px\" \/><\/a><figcaption id=\"caption-attachment-15211\" class=\"wp-caption-text\">R\u00e9f\u00e9rence ID3262. Un chalet qui fait d&rsquo;une pierre, deux coups : il y a le chalet qui est un abri de jardin classique, mais plut\u00f4t vaste. Et, attenant, le b\u00fbcher, sp\u00e9cifiquement con\u00e7u pour abriter les st\u00e8res de bois que l&rsquo;on pr\u00e9voit de br\u00fbler durant l&rsquo;hiver. Cela \u00e9vite d&rsquo;avoir \u00e0 faire un double investissement !<\/figcaption><\/figure>\n<h4 style=\"text-align: justify;\">De la personnalisation avec les charpentes bois<\/h4>\n<p style=\"text-align: justify;\"><strong>Le multifonctionnel, cela implique parfois d&rsquo;aller vers de la personnalisation.<\/strong> A ce titre, ce sont nos charpentes bois qui se distinguent. D&rsquo;abord, <span style=\"color: #ff9900;\"><a style=\"color: #ff9900;\" href=\"https:\/\/www.franceabris.com\/BLOG\/ossature-bois-sur-mesure-aux-origines-de-votre-abri-un-configurateur-pour-adapter-la-creation\/\" target=\"_blank\" rel=\"noopener\">parce qu&rsquo;avec leur configurateur ultra performant, il est possible de cr\u00e9er un mod\u00e8le d&rsquo;abri sur mesure<\/a><\/span> correspondant pr\u00e9cis\u00e9ment aux besoins cibl\u00e9s. Ensuite, parce qu&rsquo;il est possible d&rsquo;ajuster et de personnaliser l&rsquo;ossature obtenue en lui ajoutant des bardages, des parois&#8230; Jusqu&rsquo;\u00e0 aller vers le multifonctionnel. Certains vont transformer leur charpente en cuisine d&rsquo;\u00e9t\u00e9 et pool house. D&rsquo;autres en semi-garage ouvert avec abri v\u00e9lo inclus.<\/p>\n<figure id=\"attachment_12363\" aria-describedby=\"caption-attachment-12363\" style=\"width: 550px\" class=\"wp-caption aligncenter\"><a href=\"https:\/\/www.franceabris.com\/109-charpente-bois-en-kit-abris-bois-a-couvrir\"><img decoding=\"async\" loading=\"lazy\" class=\"wp-image-12363\" style=\"border: 1px solid #000000;\" src=\"https:\/\/www.franceabris.com\/BLOG\/wp-content\/uploads\/2021\/03\/VTP-n\u00b02-1.jpeg\" alt=\"ossature bois cuisine d'\u00e9t\u00e9\" width=\"550\" height=\"413\" srcset=\"https:\/\/www.franceabris.com\/BLOG\/wp-content\/uploads\/2021\/03\/VTP-n\u00b02-1.jpeg 1280w, https:\/\/www.franceabris.com\/BLOG\/wp-content\/uploads\/2021\/03\/VTP-n\u00b02-1-320x240.jpeg 320w, https:\/\/www.franceabris.com\/BLOG\/wp-content\/uploads\/2021\/03\/VTP-n\u00b02-1-583x437.jpeg 583w, https:\/\/www.franceabris.com\/BLOG\/wp-content\/uploads\/2021\/03\/VTP-n\u00b02-1-131x98.jpeg 131w, https:\/\/www.franceabris.com\/BLOG\/wp-content\/uploads\/2021\/03\/VTP-n\u00b02-1-768x576.jpeg 768w\" sizes=\"(max-width: 550px) 100vw, 550px\" \/><\/a><figcaption id=\"caption-attachment-12363\" class=\"wp-caption-text\">L&rsquo;abri de base ? Une ossature bois dont on distingue parfaitement les poteaux et le toit plat. La personnalisation multifonctionnelle ? Les parois bois \u00e0 gauche qui ont permis de cr\u00e9er une remise. La paroi du fond avec l&rsquo;ouverture pr\u00e9vue, parfaitement adapt\u00e9e au barbecue et \u00e0 la planche pour l&rsquo;\u00e9vacuation des fum\u00e9es. Bref, une cuisine d&rsquo;\u00e9t\u00e9 id\u00e9alement optimis\u00e9e !<\/figcaption><\/figure>\n<p style=\"text-align: justify;\">Et vous, le multifonction, \u00e7a vous parle pour 2025 ?<\/p>\n","protected":false},"excerpt":{"rendered":"<p>2025 approche. Et il est temps de se questionner&#8230; Quelles vont \u00eatre les tendances en mati\u00e8re d&rsquo;am\u00e9nagement ext\u00e9rieur ? A quoi vont ressembler nos jardins ? Quelles innovations peut-on attendre de la part des fabricants d&rsquo;abris de jardin, de pergolas et de garages en kit ? Parmi les mouvements de fond, on le sait, on &hellip; <a href=\"https:\/\/www.franceabris.com\/BLOG\/2025-a-quoi-ressembleront-nos-jardins-et-nos-terrasses-lan-prochain\/\" class=\"more-link\">Continuer la lecture de <span class=\"screen-reader-text\">2025 : \u00e0 quoi ressembleront nos jardins et nos terrasses l&rsquo;an prochain ?<\/span><\/a><\/p>\n","protected":false},"author":5,"featured_media":15210,"comment_status":"closed","ping_status":"closed","sticky":false,"template":"","format":"standard","meta":[],"categories":[3],"tags":[],"_links":{"self":[{"href":"https:\/\/www.franceabris.com\/BLOG\/wp-json\/wp\/v2\/posts\/15209"}],"collection":[{"href":"https:\/\/www.franceabris.com\/BLOG\/wp-json\/wp\/v2\/posts"}],"about":[{"href":"https:\/\/www.franceabris.com\/BLOG\/wp-json\/wp\/v2\/types\/post"}],"author":[{"embeddable":true,"href":"https:\/\/www.franceabris.com\/BLOG\/wp-json\/wp\/v2\/users\/5"}],"replies":[{"embeddable":true,"href":"https:\/\/www.franceabris.com\/BLOG\/wp-json\/wp\/v2\/comments?post=15209"}],"version-history":[{"count":0,"href":"https:\/\/www.franceabris.com\/BLOG\/wp-json\/wp\/v2\/posts\/15209\/revisions"}],"wp:featuredmedia":[{"embeddable":true,"href":"https:\/\/www.franceabris.com\/BLOG\/wp-json\/wp\/v2\/media\/15210"}],"wp:attachment":[{"href":"https:\/\/www.franceabris.com\/BLOG\/wp-json\/wp\/v2\/media?parent=15209"}],"wp:term":[{"taxonomy":"category","embeddable":true,"href":"https:\/\/www.franceabris.com\/BLOG\/wp-json\/wp\/v2\/categories?post=15209"},{"taxonomy":"post_tag","embeddable":true,"href":"https:\/\/www.franceabris.com\/BLOG\/wp-json\/wp\/v2\/tags?post=15209"}],"curies":[{"name":"wp","href":"https:\/\/api.w.org\/{rel}","templated":true}]}}