{"id":15220,"date":"2024-12-16T14:53:14","date_gmt":"2024-12-16T13:53:14","guid":{"rendered":"https:\/\/www.franceabris.com\/BLOG\/?p=15220"},"modified":"2024-12-20T17:12:45","modified_gmt":"2024-12-20T16:12:45","slug":"range-trottinette-et-abri-velos-a-lecole-un-amenagement-necessaire","status":"publish","type":"post","link":"https:\/\/www.franceabris.com\/BLOG\/range-trottinette-et-abri-velos-a-lecole-un-amenagement-necessaire\/","title":{"rendered":"Range trottinette et abri v\u00e9los \u00e0 l\u2019\u00e9cole : un am\u00e9nagement n\u00e9cessaire ?"},"content":{"rendered":"<p style=\"text-align: justify;\">En moyenne, <strong>les enfants habiteraient \u00e0 moins de deux kilom\u00e8tres de leur \u00e9tablissement scolaire<\/strong>. En milieu urbain, l\u00e0 o\u00f9 la densit\u00e9 de population est la plus haute, c&rsquo;est une moyenne qui baisse, \u00e9videmment&#8230; Autant dire qu&rsquo;il y a un cr\u00e9neau sur lequel les municipalit\u00e9s insistent progressivement : la mobilit\u00e9 pendulaire des plus jeunes. Et avec, les diff\u00e9rentes fa\u00e7ons que l&rsquo;on a d&rsquo;accueillir les \u00e9coliers dans leur \u00e9tablissement ! Range trottinettes, abri v\u00e9los&#8230;<\/p>\n<p style=\"text-align: justify;\">C&rsquo;est un nouvel exemple qu&rsquo;on a eu cette semaine avec l&rsquo;installation de deux abris mobilit\u00e9s, <strong>des abris v\u00e9los et range trottinettes pour une \u00e9cole primaire<\/strong>, visant \u00e0 am\u00e9liorer les conditions d&rsquo;accueil des enfants venant avec un mode de locomotion doux au quotidien. L&rsquo;objectif ? Leur offrir un environnement clos et s\u00e9curis\u00e9 o\u00f9 laisser leurs v\u00e9los et leurs trott&rsquo; chaque jour. Pratique, non ? Avec, en plus, la petite aire de jeux s\u00e9curis\u00e9e&#8230;<\/p>\n<h2 style=\"text-align: justify;\">Abri v\u00e9los et range trottinettes : les abris de demain pour les collectivit\u00e9s et les \u00e9coles de nos territoires !<\/h2>\n<p style=\"text-align: justify;\">On l&rsquo;a dit : en moyenne, <strong>les enfants ont moins de 2 km \u00e0 faire pour aller \u00e0 l&rsquo;\u00e9cole<\/strong>. 2 km. C&rsquo;est peu. Et en m\u00eame temps beaucoup : difficile de les faire \u00e0 pied quotidiennement \u00e0 moins d&rsquo;avoir un maximum de temps (et de les \u00e9lever \u00e0 la dure :D) ! Pour faire ces 2 km, il faut aller un peu plus vite. La solution privil\u00e9gi\u00e9e, c&rsquo;est encore la voiture, les d\u00e9placements en voiture servant \u00e0 se rendre \u00e0 l&rsquo;\u00e9cole concernant quotidiennement&#8230; 26 millions de trajets. En 2021, une \u00e9tude men\u00e9e par l&rsquo;IFOP montrait que <span style=\"color: #ff9900;\"><a style=\"color: #ff9900;\" href=\"https:\/\/www.ouest-france.fr\/societe\/la-voiture-reste-le-moyen-de-transport-privilegie-pour-aller-a-l-ecole-7423843#:~:text=La%20conduite%20de%20la%20voiture,un%20moyen%20de%20transport%20marginal.\" target=\"_blank\" rel=\"noopener\">31% des personnes prenaient encore leur voiture pour ces trajets pendulaires<\/a><\/span>. 28% la marche. Le v\u00e9lo ? 2% ! Pour autant, 55% des parents se disaient alors pr\u00eats \u00e0 opter pour la mobilit\u00e9 active, ou mobilit\u00e9 douce. Le v\u00e9lo. La trottinette. Le probl\u00e8me ?<\/p>\n<ul>\n<li style=\"text-align: justify;\">Les am\u00e9nagements cyclables permettant de se d\u00e9placer en toute s\u00e9curit\u00e9 d&rsquo;une part.<\/li>\n<li style=\"text-align: justify;\">Et ceux qui permettent de laisser les deux roues et les trottinettes sur place, dans des environnements s\u00e9curis\u00e9s.<\/li>\n<\/ul>\n<figure id=\"attachment_15218\" aria-describedby=\"caption-attachment-15218\" style=\"width: 550px\" class=\"wp-caption aligncenter\"><a href=\"https:\/\/www.franceabris.com\/86-abri-moto-velo\"><img decoding=\"async\" loading=\"lazy\" class=\"wp-image-15218\" style=\"border: 1px solid #000000;\" src=\"https:\/\/www.franceabris.com\/BLOG\/wp-content\/uploads\/2024\/12\/abri-velo-et-trottinette.png\" alt=\"v\u00e9los, trottinettes et enfants !\" width=\"550\" height=\"402\" srcset=\"https:\/\/www.franceabris.com\/BLOG\/wp-content\/uploads\/2024\/12\/abri-velo-et-trottinette.png 752w, https:\/\/www.franceabris.com\/BLOG\/wp-content\/uploads\/2024\/12\/abri-velo-et-trottinette-328x240.png 328w, https:\/\/www.franceabris.com\/BLOG\/wp-content\/uploads\/2024\/12\/abri-velo-et-trottinette-597x437.png 597w, https:\/\/www.franceabris.com\/BLOG\/wp-content\/uploads\/2024\/12\/abri-velo-et-trottinette-134x98.png 134w\" sizes=\"(max-width: 550px) 100vw, 550px\" \/><\/a><figcaption id=\"caption-attachment-15218\" class=\"wp-caption-text\">Les enfants habitent g\u00e9n\u00e9ralement \u00e0 2 km de leur \u00e9tablissement scolaire. C&rsquo;est une moyenne, mais cela signifie : d&rsquo;une part qu&rsquo;il n&rsquo;est pas toujours ais\u00e9 pour eux de faire chaque trajet \u00e0 pied (probl\u00e8mes de s\u00e9curit\u00e9 ? presque 1h de marche aller-retour chaque jour ?) ; d&rsquo;autre part, qu&rsquo;ils pr\u00e9f\u00e9reront forc\u00e9ment utiliser un mode de locomotion active plut\u00f4t que leurs pieds s&rsquo;ils en ont la possibilit\u00e9&#8230; Autant en profiter !<\/figcaption><\/figure>\n<h3 style=\"text-align: justify;\">Pour aller \u00e0 l&rsquo;\u00e9cole \u00e0 v\u00e9lo, il faut des pistes cyclable et des range trottinettes et abris v\u00e9los<\/h3>\n<p style=\"text-align: justify;\">C&rsquo;est la raison pour laquelle<strong> le range-trottinettes et l&rsquo;abri v\u00e9los sont des structures qui vont prochainement essaimer l&rsquo;espace public<\/strong>. Et qui le font d\u00e9j\u00e0 : <span style=\"color: #ff9900;\"><a style=\"color: #ff9900;\" href=\"https:\/\/www.franceabris.com\/BLOG\/respecter-le-decret-de-la-lom-avec-labri-velos\/\" target=\"_blank\" rel=\"noopener\">la Loi d&rsquo;Orientation des Mobilit\u00e9s fixait d\u00e9j\u00e0 un objectif tr\u00e8s \u00e9lev\u00e9 en mati\u00e8re d&rsquo;\u00e9quipements d\u00e9di\u00e9s aux v\u00e9los<\/a><\/span> et aux modes de locomotions doux en 2019, \u00e0 l&rsquo;horizon 2026. L&rsquo;objectif annonc\u00e9, par exemple, \u00e9tait d&rsquo;\u00e9quiper l&rsquo;int\u00e9gralit\u00e9 des gares d&rsquo;abris v\u00e9los s\u00e9curis\u00e9s afin d&rsquo;inciter les usagers \u00e0 s&rsquo;orienter vers l&rsquo;intermodalit\u00e9 : se rendre \u00e0 la gare \u00e0 v\u00e9lo, avant de prendre un autre moyen de transport pour aller \u00e0 sa destination finale.<\/p>\n<h4 style=\"text-align: justify;\">Un objectif pour les \u00e9tablissements scolaires chez les ados et les plus jeunes, mais aussi dans les gares<\/h4>\n<p style=\"text-align: justify;\">Les \u00e9tablissements scolaires constituent \u00e9videmment une cible \u00e9galement prioritaire. \u00c0 partir du moment o\u00f9 les am\u00e9nagements cyclables se d\u00e9veloppent, les structures d&rsquo;accueil pour les v\u00e9los des enfants, comme des coll\u00e9giens et des lyc\u00e9ens doivent en faire de m\u00eame. Et ces structures d&rsquo;accueil, <strong>ce sont des abris v\u00e9los et range trottinettes<\/strong>. Avec, comme <em>leitmotiv<\/em> : la s\u00e9curit\u00e9 et l&rsquo;ergonomie. Les enfants et les ados doivent pouvoir s&rsquo;en servir chaque jour sans difficult\u00e9. Et ce geste de laisser sa trottinette ou son v\u00e9lo dans l&rsquo;abri du coll\u00e8ge ou de l&rsquo;\u00e9cole doit devenir automatique !<\/p>\n<h3 style=\"text-align: justify;\">L&rsquo;exemple d&rsquo;une \u00e9cole qui a cr\u00e9\u00e9 un espace d&rsquo;accueil pour v\u00e9los et trottinettes<\/h3>\n<p style=\"text-align: justify;\">Parmi nos clients, des \u00e9coles passent d\u00e9j\u00e0 le cap. Derni\u00e8rement, l&rsquo;une d&rsquo;entre elles nous a envoy\u00e9 des photos de sa r\u00e9alisation. Une r\u00e9alisation, disons-le, tr\u00e8s r\u00e9ussie ! C&rsquo;est <strong>une v\u00e9ritable aire d\u00e9di\u00e9e aux enfants, \u00e0 leurs parents et \u00e0 la mobilit\u00e9<\/strong> que la municipalit\u00e9 a d\u00e9cid\u00e9 d&rsquo;am\u00e9nager. Non seulement le r\u00e9sultat est sympa visuellement, mais l&rsquo;am\u00e9nagement para\u00eet coh\u00e9rent. Avec un dimensionnement important : ce sont deux range-trottinettes et abris v\u00e9los qui ont \u00e9t\u00e9 \u00e9rig\u00e9s.<\/p>\n<figure id=\"attachment_15213\" aria-describedby=\"caption-attachment-15213\" style=\"width: 550px\" class=\"wp-caption aligncenter\"><a href=\"https:\/\/www.franceabris.com\/86-abri-moto-velo\"><img decoding=\"async\" loading=\"lazy\" class=\"wp-image-15213\" style=\"border: 1px solid #000000;\" src=\"https:\/\/www.franceabris.com\/BLOG\/wp-content\/uploads\/2024\/12\/4364-abri-velo-et-trottinette-2.png\" alt=\"abri v\u00e9los pour une \u00e9cole\" width=\"550\" height=\"402\" srcset=\"https:\/\/www.franceabris.com\/BLOG\/wp-content\/uploads\/2024\/12\/4364-abri-velo-et-trottinette-2.png 752w, https:\/\/www.franceabris.com\/BLOG\/wp-content\/uploads\/2024\/12\/4364-abri-velo-et-trottinette-2-328x240.png 328w, https:\/\/www.franceabris.com\/BLOG\/wp-content\/uploads\/2024\/12\/4364-abri-velo-et-trottinette-2-597x437.png 597w, https:\/\/www.franceabris.com\/BLOG\/wp-content\/uploads\/2024\/12\/4364-abri-velo-et-trottinette-2-134x98.png 134w\" sizes=\"(max-width: 550px) 100vw, 550px\" \/><\/a><figcaption id=\"caption-attachment-15213\" class=\"wp-caption-text\">Pour cette \u00e9cole, deux abris v\u00e9los et trottinettes ont pris place sur cette petite aire. Au total, c&rsquo;est d&rsquo;une capacit\u00e9 de 32 bicyclette &#8211; et m\u00eame plus, les v\u00e9los des enfants \u00e9tant plus petits que ceux des adultes ! &#8211; dont l&rsquo;\u00e9tablissement scolaire peut d\u00e9sormais se pr\u00e9valoir. De quoi subvenir aux besoins et aux envies des usagers du moment&#8230; mais aussi de demain, l&rsquo;usage du v\u00e9lo et de la trottinette comme mobilit\u00e9 douce \u00e9tant amen\u00e9 \u00e0 se d\u00e9velopper toujours plus.<\/figcaption><\/figure>\n<h4 style=\"text-align: justify;\">Un duo d&rsquo;abri v\u00e9los et trottinettes 100% incitatif<\/h4>\n<p style=\"text-align: justify;\">Comment cette aire \u00e0 v\u00e9los a-t-elle \u00e9t\u00e9 pens\u00e9e ?<\/p>\n<ul>\n<li style=\"text-align: justify;\">Comme un tout, d\u00e9j\u00e0. Pas seulement deux abris mobilit\u00e9 install\u00e9s \u00e0 proximit\u00e9 de l&rsquo;\u00e9cole, mais <strong>un environnement r\u00e9fl\u00e9chi et pens\u00e9<\/strong>, o\u00f9 tout incite l&rsquo;usager \u00e0 utiliser ses deux-roues.<\/li>\n<li style=\"text-align: justify;\">En imaginant, ensuite, <strong>la jauge du moment et la jauge de demain<\/strong>. Combien faut-il de places de stationnement pour les v\u00e9los \u00e0 l&rsquo;int\u00e9rieur des abris ? Et combien de range-trottinettes pour les enfants ?<\/li>\n<li style=\"text-align: justify;\">Et en conceptualisant, enfin, une aire globale. <strong>Une aire de jeux, certes, mais orient\u00e9e mobilit\u00e9.<\/strong> Notez le tra\u00e7age au sol qui figure une route et incite les enfants \u00e0 poursuivre le jeu avec leur trottinette ou leur draisienne \u00e0 la fin de la journ\u00e9e d&rsquo;\u00e9cole ? Quelle meilleur moyen de donner envie aux autres de venir, eux aussi, \u00e0 v\u00e9lo ou \u00e0 trottinette ?<\/li>\n<li style=\"text-align: justify;\">Avec, en plus, <strong>des petits jeux sur un sol absorbant<\/strong> pour que ceux qui ne viennent ni en trott&rsquo;, ni \u00e0 deux-roues se d\u00e9cident \u00e0 faire comme leurs copains et poussent leurs parents \u00e0 sauter sur leur selle !<\/li>\n<\/ul>\n<h4 style=\"text-align: justify;\">De quoi laisser de 12 \u00e0 16 v\u00e9los&#8230; fois deux pour cette \u00e9cole !<\/h4>\n<p style=\"text-align: justify;\">Les structures que la municipalit\u00e9 a choisies sont disponibles sous la r\u00e9f\u00e9rence ID4364 sur notre site. Ce sont <strong>des abris v\u00e9los en acier galvanis\u00e9 plastifi\u00e9<\/strong> qui font 6,01 m de long pour 3,04 m de large, offrant pas moins de 15 m\u00b2 de surface utile. La porte est assez large, 1,5 m avec une hauteur de passage de 2 m, ce qui permet de circuler avec son deux roues sereinement. Son syst\u00e8me de s\u00e9curit\u00e9 est \u00e0 d\u00e9terminer : pas de syst\u00e8me sp\u00e9cifique ; digicode ; serrure \u00e0 cl\u00e9&#8230; Le RAL est au choix (pour cette \u00e9cole, le vert a c\u00e9d\u00e9 sa place au gris). Et l&rsquo;on propose, bien entendu, d&rsquo;\u00e9quiper l&rsquo;int\u00e9rieur de supports \u00e0 v\u00e9los pour entreposer les deux roues, les v\u00e9los, les draisiennes, les trottinettes&#8230; La capacit\u00e9 ? Entre 12 et 16 v\u00e9los !<\/p>\n<figure id=\"attachment_15215\" aria-describedby=\"caption-attachment-15215\" style=\"width: 550px\" class=\"wp-caption aligncenter\"><a href=\"https:\/\/www.franceabris.com\/86-abri-moto-velo\"><img decoding=\"async\" loading=\"lazy\" class=\"wp-image-15215\" style=\"border: 1px solid #000000;\" src=\"https:\/\/www.franceabris.com\/BLOG\/wp-content\/uploads\/2024\/12\/4364-abri-velo-et-trottinette-1-1.png\" alt=\"range trottinettes pour cette \u00e9cole\" width=\"550\" height=\"402\" srcset=\"https:\/\/www.franceabris.com\/BLOG\/wp-content\/uploads\/2024\/12\/4364-abri-velo-et-trottinette-1-1.png 752w, https:\/\/www.franceabris.com\/BLOG\/wp-content\/uploads\/2024\/12\/4364-abri-velo-et-trottinette-1-1-328x240.png 328w, https:\/\/www.franceabris.com\/BLOG\/wp-content\/uploads\/2024\/12\/4364-abri-velo-et-trottinette-1-1-597x437.png 597w, https:\/\/www.franceabris.com\/BLOG\/wp-content\/uploads\/2024\/12\/4364-abri-velo-et-trottinette-1-1-134x98.png 134w\" sizes=\"(max-width: 550px) 100vw, 550px\" \/><\/a><figcaption id=\"caption-attachment-15215\" class=\"wp-caption-text\">L&rsquo;aire a \u00e9t\u00e9 tr\u00e8s intelligemment pens\u00e9e. Les range-trottinettes et abris v\u00e9los sur les c\u00f4t\u00e9s. Le marquage figurant une route au centre pour inciter les petits \u00e0 jouer avec leur trottinette, leur draisienne ou leur v\u00e9lo apr\u00e8s l&rsquo;\u00e9cole. Et les jeux au milieu. Quand on imagine un environnement incitatif en mati\u00e8re de deux roues et de mobilit\u00e9 active, on peut difficilement trouver mieux !<\/figcaption><\/figure>\n<p style=\"text-align: justify;\">Vous \u00eates int\u00e9ress\u00e9 ? D\u00e9couvrez diff\u00e9rents mod\u00e8les<span style=\"color: #ff9900;\"><a style=\"color: #ff9900;\" href=\"https:\/\/www.franceabris.com\/86-abri-moto-velo\" target=\"_blank\" rel=\"noopener\"> d&rsquo;abris pour les v\u00e9los et les trottinettes<\/a><\/span> sur notre site et contactez-nous pour r\u00e9fl\u00e9chir aux personnalisations possibles !<\/p>\n<p style=\"text-align: justify;\">Pensez \u00e9galement qu&rsquo;il existe <span style=\"color: #ff9900;\"><a style=\"color: #ff9900;\" href=\"https:\/\/www.franceabris.com\/BLOG\/abri-velos-comment-profiter-des-aides-dalveole-plus-et-du-label-employeur-velo-pour-les-collectivites-et-les-entreprises\/\" target=\"_blank\" rel=\"noopener\">des solutions de financement comme le programme Alv\u00e9ole Plus<\/a><\/span> !<\/p>\n","protected":false},"excerpt":{"rendered":"<p>En moyenne, les enfants habiteraient \u00e0 moins de deux kilom\u00e8tres de leur \u00e9tablissement scolaire. En milieu urbain, l\u00e0 o\u00f9 la densit\u00e9 de population est la plus haute, c&rsquo;est une moyenne qui baisse, \u00e9videmment&#8230; Autant dire qu&rsquo;il y a un cr\u00e9neau sur lequel les municipalit\u00e9s insistent progressivement : la mobilit\u00e9 pendulaire des plus jeunes. Et avec, &hellip; <a href=\"https:\/\/www.franceabris.com\/BLOG\/range-trottinette-et-abri-velos-a-lecole-un-amenagement-necessaire\/\" class=\"more-link\">Continuer la lecture de <span class=\"screen-reader-text\">Range trottinette et abri v\u00e9los \u00e0 l\u2019\u00e9cole : un am\u00e9nagement n\u00e9cessaire ?<\/span><\/a><\/p>\n","protected":false},"author":4,"featured_media":15216,"comment_status":"closed","ping_status":"closed","sticky":false,"template":"","format":"standard","meta":[],"categories":[1],"tags":[],"_links":{"self":[{"href":"https:\/\/www.franceabris.com\/BLOG\/wp-json\/wp\/v2\/posts\/15220"}],"collection":[{"href":"https:\/\/www.franceabris.com\/BLOG\/wp-json\/wp\/v2\/posts"}],"about":[{"href":"https:\/\/www.franceabris.com\/BLOG\/wp-json\/wp\/v2\/types\/post"}],"author":[{"embeddable":true,"href":"https:\/\/www.franceabris.com\/BLOG\/wp-json\/wp\/v2\/users\/4"}],"replies":[{"embeddable":true,"href":"https:\/\/www.franceabris.com\/BLOG\/wp-json\/wp\/v2\/comments?post=15220"}],"version-history":[{"count":0,"href":"https:\/\/www.franceabris.com\/BLOG\/wp-json\/wp\/v2\/posts\/15220\/revisions"}],"wp:featuredmedia":[{"embeddable":true,"href":"https:\/\/www.franceabris.com\/BLOG\/wp-json\/wp\/v2\/media\/15216"}],"wp:attachment":[{"href":"https:\/\/www.franceabris.com\/BLOG\/wp-json\/wp\/v2\/media?parent=15220"}],"wp:term":[{"taxonomy":"category","embeddable":true,"href":"https:\/\/www.franceabris.com\/BLOG\/wp-json\/wp\/v2\/categories?post=15220"},{"taxonomy":"post_tag","embeddable":true,"href":"https:\/\/www.franceabris.com\/BLOG\/wp-json\/wp\/v2\/tags?post=15220"}],"curies":[{"name":"wp","href":"https:\/\/api.w.org\/{rel}","templated":true}]}}