{"id":15374,"date":"2025-03-03T17:53:01","date_gmt":"2025-03-03T16:53:01","guid":{"rendered":"https:\/\/www.franceabris.com\/BLOG\/?p=15374"},"modified":"2025-03-06T11:31:51","modified_gmt":"2025-03-06T10:31:51","slug":"garage-abri-de-jardin-carport-avec-le-montage-inclus-cest-mieux","status":"publish","type":"post","link":"https:\/\/www.franceabris.com\/BLOG\/garage-abri-de-jardin-carport-avec-le-montage-inclus-cest-mieux\/","title":{"rendered":"Garage, abri de jardin, carport : avec le montage inclus, c\u2019est mieux !"},"content":{"rendered":"<p style=\"text-align: justify;\">Plus de temps \u00e0 perdre ! Le soleil revient d\u00e9j\u00e0 sur une bonne partie de la France&#8230; et on vous conseille de passer \u00e0 l&rsquo;action. \u00c0 l&rsquo;action, mais laquelle ? Vos am\u00e9nagements ext\u00e9rieurs, \u00e9videmment ! <strong>En bref : votre garage, votre abri de jardin ou votre carport.<\/strong> De quoi abriter la voiture durant le printemps et la prot\u00e9ger de la pluie, du pollen et des futurs orages de gr\u00eale. Mais aussi de quoi entreposer le mat\u00e9riel qui vous servira \u00e0 entretenir soigneusement votre ext\u00e9rieur. Et de quoi faire du stockage ! Sauf qu&rsquo;on l&rsquo;a dit : le chrono presse un peu&#8230; Et pour ne pas se laisser prendre de court, rien de mieux que le montage inclus.<\/p>\n<p style=\"text-align: justify;\">Car il est possible d&rsquo;opter pour un garage <strong>avec montage inclus<\/strong>, mais aussi pour un cabanon de rangement avec montage \u00e0 domicile, ainsi qu&rsquo;un carport mont\u00e9 par des professionnels. Vous laissez la caisse \u00e0 outils de c\u00f4t\u00e9 : ce sont des pros qui s&rsquo;occupent d&rsquo;installer votre abri. Pourquoi c&rsquo;est mieux ? Pourquoi cela vous fait-il gagner du temps ? Et que faut-il pr\u00e9voir ? On vous dit tout !<\/p>\n<h2 style=\"text-align: justify;\">Garage, abri de jardin et carport avec montage inclus : pourquoi et comment vous permettent-ils de gagner du temps ?<\/h2>\n<p style=\"text-align: justify;\">Certains de nos clients sont d\u00e9brouillards et bricoleurs. D&rsquo;autres un peu moins. Certains de nos abris sont complexes. D&rsquo;autres&#8230; un peu moins. Ainsi en va-t-il des am\u00e9nagements ext\u00e9rieurs ! Tous diff\u00e9rents. Une chose est absolument s\u00fbre et certaine : le montage est une \u00e9tape fondamentale, qui conditionne souvent la bonne dur\u00e9e de vie de la structure. En r\u00e9sum\u00e9, un garage, un carport ou un abri de jardin mal mont\u00e9 a moins de chance de durer que son homologue qui serait parfaitement install\u00e9. C&rsquo;est la raison pour laquelle :<\/p>\n<ul>\n<li style=\"text-align: justify;\">on vous propose garage, abri de jardin et carport avec montage inclus,<strong> le montage en question \u00e9tant assur\u00e9 par des professionnels<\/strong> ;<\/li>\n<li style=\"text-align: justify;\">ou on vous incite \u00e0 vous faire aider et \u00e0 installer votre structure \u00e0 deux ou trois personnes, pour \u00e9viter les probl\u00e8mes ;<\/li>\n<li style=\"text-align: justify;\">ou on peut vous orienter vers des mod\u00e8les au montage facilit\u00e9, avec visserie r\u00e9duite par exemple, ou montage en 30 minutes seulement&#8230;<\/li>\n<\/ul>\n<figure id=\"attachment_15377\" aria-describedby=\"caption-attachment-15377\" style=\"width: 550px\" class=\"wp-caption aligncenter\"><img decoding=\"async\" loading=\"lazy\" class=\"wp-image-15377\" style=\"border: 1px solid #000000;\" src=\"https:\/\/www.franceabris.com\/BLOG\/wp-content\/uploads\/2025\/03\/montage-inclus.png\" alt=\"un carport mont\u00e9 \u00e0 domicile\" width=\"550\" height=\"352\" srcset=\"https:\/\/www.franceabris.com\/BLOG\/wp-content\/uploads\/2025\/03\/montage-inclus.png 750w, https:\/\/www.franceabris.com\/BLOG\/wp-content\/uploads\/2025\/03\/montage-inclus-375x240.png 375w, https:\/\/www.franceabris.com\/BLOG\/wp-content\/uploads\/2025\/03\/montage-inclus-607x388.png 607w, https:\/\/www.franceabris.com\/BLOG\/wp-content\/uploads\/2025\/03\/montage-inclus-153x98.png 153w\" sizes=\"(max-width: 550px) 100vw, 550px\" \/><figcaption id=\"caption-attachment-15377\" class=\"wp-caption-text\">Montage d&rsquo;un carport. Pose de la couverture. Les abris voiture sont souvent les structures les plus simples : des poteaux et une charpente. Le montage inclus vaut-il vraiment la peine pour ce type de mod\u00e8les ? Si vous vous posez la question, lisez la suite ! \ud83d\ude09<\/figcaption><\/figure>\n<h3 style=\"text-align: justify;\">Que peut vous apporter un garage, un carport ou un abri de jardin avec montage inclus ?<\/h3>\n<p style=\"text-align: justify;\">Le montage est une \u00e9tape souvent chronophage. Pourquoi ? D&rsquo;abord, parce qu&rsquo;il est n\u00e9cessaire de l&rsquo;aborder de fa\u00e7on rationnelle et organis\u00e9e. <strong>Il faut structurer son chantier<\/strong> pour \u00e9viter de perdre du temps (et des pi\u00e8ces). Nul n&rsquo;a envie d&rsquo;attaquer l&rsquo;installation d&rsquo;un vaste garage et de le laisser en plan durant des semaines parce qu&rsquo;il n&rsquo;a finalement plus le temps de le terminer&#8230;<\/p>\n<h4 style=\"text-align: justify;\">Dehors, votre installation d\u00e9pend aussi de la m\u00e9t\u00e9o<\/h4>\n<p style=\"text-align: justify;\">Chronophage, \u00e9galement, parce qu&rsquo;<strong>on ne monte pas, ici, un meuble Ikea<\/strong>. Cela signifie : 1\/ qu&rsquo;un garage en bois ou en m\u00e9tal, qu&rsquo;un bel abri de jardin ou m\u00eame qu&rsquo;un petit carport sont des structures globalement beaucoup plus complexes qu&rsquo;une biblioth\u00e8que Billy ; 2\/ qu&rsquo;on installe des am\u00e9nagements ext\u00e9rieurs et non des meubles en int\u00e9rieur. M\u00eame si l&rsquo;on peut d\u00e9localiser une partie de son montage \u00e0 l&rsquo;int\u00e9rieur de son garage en dur, par exemple, il faudra forc\u00e9ment finir par passer la t\u00eate (et le reste) dehors&#8230; Et oui, c&rsquo;est en ext\u00e9rieur que \u00e7a se passe ! Pluie, mauvais temps, froid, soleil et canicule&#8230; vous d\u00e9pendez forc\u00e9ment des \u00e9l\u00e9ments m\u00e9t\u00e9orologiques.<\/p>\n<h4 style=\"text-align: justify;\">Il faut s&rsquo;organiser, \u00eatre \u00e0 deux pour le montage, pr\u00e9voir souvent 48h&#8230;<\/h4>\n<p style=\"text-align: justify;\">Chronophage, enfin, parce qu&rsquo;<strong>on parle souvent de 24 \u00e0 48h de montage \u00e0 deux personnes<\/strong>. Comment proc\u00e8dent nos clients ? Ils pr\u00e9voient un week-end complet, sollicitent un ami et s&rsquo;attellent \u00e0 la t\u00e2che. Les plus pr\u00e9voyants prennent un jour de plus, le vendredi, par exemple, de mani\u00e8re \u00e0 pouvoir terminer le dimanche si le chantier prend un peu plus de temps. Et s&rsquo;il faut passer un petit coup de fil \u00e0 nos \u00e9quipes ou filer dans une grande surface sp\u00e9cialis\u00e9e pour un peu de mat\u00e9riel compl\u00e9mentaire, c&rsquo;est encore possible le vendredi !<\/p>\n<h4 style=\"text-align: justify;\">Le montage inclus permet ainsi de gagner du temps !<\/h4>\n<p style=\"text-align: justify;\">Vous l&rsquo;avez compris :<\/p>\n<ul>\n<li style=\"text-align: justify;\"><span style=\"color: #ff9900;\"><a style=\"color: #ff9900;\" href=\"https:\/\/www.franceabris.com\/188-abri-jardin-bois-monte\" target=\"_blank\" rel=\"noopener\">L&rsquo;abri de jardin avec montage inclus<\/a><\/span> ;<\/li>\n<li style=\"text-align: justify;\"><span style=\"color: #ff9900;\"><a style=\"color: #ff9900;\" href=\"https:\/\/www.franceabris.com\/312-garage-monte\" target=\"_blank\" rel=\"noopener\">Le garage avec montage\u00a0 \u00e0 domicile<\/a><\/span> ;<\/li>\n<li style=\"text-align: justify;\"><span style=\"color: #ff9900;\"><a style=\"color: #ff9900;\" href=\"https:\/\/www.franceabris.com\/313-abri-voiture-monte-un-carport-installe-chez-vous-\" target=\"_blank\" rel=\"noopener\">Et le carport mont\u00e9 par des professionnels<\/a><\/span>&#8230;<\/li>\n<\/ul>\n<p style=\"text-align: justify;\"><strong>Tous permettent de gagner beaucoup de temps.<\/strong> Pourquoi ? Parce que vous n&rsquo;avez plus qu&rsquo;\u00e0 vous accorder avec notre \u00e9quipe de monteurs pros sur un jour d\u00e9di\u00e9 \u00e0 l&rsquo;installation de votre abri&#8230; et regarder votre abri prendre forme ! Avec la certitude d&rsquo;avoir, \u00e0 la fin de la journ\u00e9e, un r\u00e9sultat conforme \u00e0 vos attentes.<\/p>\n<figure id=\"attachment_15376\" aria-describedby=\"caption-attachment-15376\" style=\"width: 550px\" class=\"wp-caption aligncenter\"><img decoding=\"async\" loading=\"lazy\" class=\"wp-image-15376\" style=\"border: 1px solid #000000;\" src=\"https:\/\/www.franceabris.com\/BLOG\/wp-content\/uploads\/2025\/03\/montage-inclus-1.png\" alt=\"montage d'un abri de jardin par des professionnels\" width=\"550\" height=\"352\" srcset=\"https:\/\/www.franceabris.com\/BLOG\/wp-content\/uploads\/2025\/03\/montage-inclus-1.png 750w, https:\/\/www.franceabris.com\/BLOG\/wp-content\/uploads\/2025\/03\/montage-inclus-1-375x240.png 375w, https:\/\/www.franceabris.com\/BLOG\/wp-content\/uploads\/2025\/03\/montage-inclus-1-607x388.png 607w, https:\/\/www.franceabris.com\/BLOG\/wp-content\/uploads\/2025\/03\/montage-inclus-1-153x98.png 153w\" sizes=\"(max-width: 550px) 100vw, 550px\" \/><figcaption id=\"caption-attachment-15376\" class=\"wp-caption-text\">Installation d&rsquo;un abri de jardin. Un cabanon de rangement est une structure assez complexe \u00e0 poser. \u00c9videmment, les mod\u00e8les bois, r\u00e9sine ou m\u00e9talliques sont tous diff\u00e9rents. La visserie joue un r\u00f4le tr\u00e8s important dans la difficult\u00e9 qu&rsquo;ils impliquent.<\/figcaption><\/figure>\n<h4 style=\"text-align: justify;\">C&rsquo;est aussi un moyen de s&rsquo;assurer une installation durable et de qualit\u00e9<\/h4>\n<p style=\"text-align: justify;\">Un r\u00e9sultat conforme \u00e0 vos attentes : c&rsquo;est \u00e9videmment un autre argument important. Car monter vite, c&rsquo;est bien. Mais monter correctement, c&rsquo;est encore mieux. Si vous installez votre garage de fa\u00e7on un peu bancale, vous risquez d&rsquo;avoir des infiltrations et de voir sa structure p\u00e9ricliter de fa\u00e7on pr\u00e9coce. Mauvais bricoleurs, passez votre tour ! Avec des monteurs professionnels, vous \u00e9vacuez ce risque.<strong> Ceux-ci vous garantissent une installation dans les r\u00e8gles de l&rsquo;art.\u00a0<\/strong><\/p>\n<h3 style=\"text-align: justify;\">Que faut-il pr\u00e9voir avant de confier le montage de son carport, de son garage ou de son abri \u00e0 des professionnels ?<\/h3>\n<p style=\"text-align: justify;\">Attention, n\u00e9anmoins, garage, abri de jardin et carport, s&rsquo;ils peuvent \u00eatre mont\u00e9s par nos professionnels, tous r\u00e9clament n\u00e9anmoins de cocher quelques \u00e9tapes essentielles pr\u00e9alables&#8230;<\/p>\n<ul>\n<li style=\"text-align: justify;\">C&rsquo;est \u00e0 vous de vous renseigner et de valider les diff\u00e9rents aspects <strong>administratifs<\/strong> li\u00e9s \u00e0 votre chantier.<\/li>\n<li style=\"text-align: justify;\">Il faut, bien s\u00fbr, que nos monteurs aient un abri \u00e0 installer : la <strong>livraison<\/strong> doit avoir \u00e9t\u00e9 effectu\u00e9e. Articulez correctement les rendez-vous.<\/li>\n<li style=\"text-align: justify;\">Important : les monteurs ne s&rsquo;occupent pas du <strong>b\u00e9ton<\/strong>. Que l&rsquo;installation se fasse sur une dalle b\u00e9ton ou dans des plots b\u00e9ton, c&rsquo;est \u00e0 vous de les pr\u00e9voir en amont, de les couler&#8230; et de le faire suffisamment \u00e0 l&rsquo;avance pour qu&rsquo;ils soient secs le jour J.<\/li>\n<li style=\"text-align: justify;\">Enfin, si votre abri est en bois, son <strong>traitement<\/strong> vous revient. \u00c0 vous de r\u00e9aliser le traitement protecteur de fond contre les insectes xylophages et les moisissures.<\/li>\n<\/ul>\n<h4 style=\"text-align: justify;\">\u00c0 vous de faire en sorte que le chantier soit pr\u00eat le jour J !<\/h4>\n<p style=\"text-align: justify;\">En somme, <strong>il faut que le chantier soit pr\u00eat le jour J<\/strong> pour que les monteurs pros puissent l&rsquo;attaquer le plus efficacement possible. Si vos d\u00e9marches administratives n&rsquo;ont pas \u00e9t\u00e9 effectu\u00e9es, si votre permis de construire a \u00e9t\u00e9 retoqu\u00e9, si vous n&rsquo;avez pas fait de d\u00e9claration pr\u00e9alable&#8230; ce n&rsquo;est pas leur responsabilit\u00e9, bien entendu.<\/p>\n<p style=\"text-align: justify;\">De m\u00eame, s&rsquo;ils n&rsquo;ont pas d&rsquo;abri \u00e0 monter le jour du montage. Ou si le b\u00e9ton n&rsquo;a pas \u00e9t\u00e9 coul\u00e9. Que peuvent-ils faire ? Rien.<\/p>\n<p style=\"text-align: justify;\">Vous \u00eates un peu le chef de votre chantier, m\u00eame si vous ne mettez pas les mains dans le cambouis.<\/p>\n<h3 style=\"text-align: justify;\">Exemple n\u00b01 : un garage livr\u00e9 mont\u00e9 de 21 m\u00b2, r\u00e9f\u00e9rence ID1817<\/h3>\n<p style=\"text-align: justify;\">Premier exemple d&rsquo;abri livr\u00e9 et mont\u00e9 \u00e0 domicile par des professionnels : <strong>un garage avec montage inclus<\/strong> ! R\u00e9f\u00e9rence ID1817 sur notre site. Un superbe abri de pr\u00e8s de 21 m\u00b2 de surface en \u00e9pic\u00e9a massif non trait\u00e9, dont les madriers font 28 mm d&rsquo;\u00e9paisseur. Attention, vous avez bien lu : non trait\u00e9, cela signifie que vous aurez \u00e0 traiter votre garage et ses diff\u00e9rentes pi\u00e8ces avant que nos monteurs ne viennent l&rsquo;installer chez vous. Pensez-y ! \u00c0 l&rsquo;int\u00e9rieur, 3,3 m de large pour 5,2 m de profondeur et 2,4 m de largeur de passage : un beau garage, en somme, qui permettra d&rsquo;entreposer du mat\u00e9riel sur les c\u00f4t\u00e9s. Et pourquoi pas au fond, si la voiture n&rsquo;est pas trop longue ! Sur un tel produit, le montage inclus n&rsquo;est pas un luxe : 20 m\u00b2, c&rsquo;est vaste. Certes, il n&rsquo;y a pas de fen\u00eatres pour complexifier le chantier, mais vous gagnerez au moins 48h \u00e0 le confier \u00e0 des pros !<\/p>\n<figure id=\"attachment_15378\" aria-describedby=\"caption-attachment-15378\" style=\"width: 550px\" class=\"wp-caption aligncenter\"><a href=\"https:\/\/www.franceabris.com\/312-garage-monte\"><img decoding=\"async\" loading=\"lazy\" class=\"wp-image-15378\" style=\"border: 1px solid #000000;\" src=\"https:\/\/www.franceabris.com\/BLOG\/wp-content\/uploads\/2025\/03\/1817-garage-livre-monte.jpg\" alt=\"garage avec montage inclus de 20 m\u00b2\" width=\"550\" height=\"403\" srcset=\"https:\/\/www.franceabris.com\/BLOG\/wp-content\/uploads\/2025\/03\/1817-garage-livre-monte.jpg 751w, https:\/\/www.franceabris.com\/BLOG\/wp-content\/uploads\/2025\/03\/1817-garage-livre-monte-328x240.jpg 328w, https:\/\/www.franceabris.com\/BLOG\/wp-content\/uploads\/2025\/03\/1817-garage-livre-monte-597x437.jpg 597w, https:\/\/www.franceabris.com\/BLOG\/wp-content\/uploads\/2025\/03\/1817-garage-livre-monte-134x98.jpg 134w\" sizes=\"(max-width: 550px) 100vw, 550px\" \/><\/a><figcaption id=\"caption-attachment-15378\" class=\"wp-caption-text\">R\u00e9f\u00e9rence ID1817. Ce mod\u00e8le de garage bois n&rsquo;est pas extraordinairement compliqu\u00e9 \u00e0 installer, certes : ce sont souvent les menuiseries, fen\u00eatres et portes pi\u00e9tonnes qui ajoutent des difficult\u00e9s \u00e0 l&rsquo;installation. Pour autant, la grande surface et les \u00e9pais madriers rendent son montage forc\u00e9ment ardu. Si vous le faites vous m\u00eames, faites-vous aider&#8230; et pr\u00e9voyez d&rsquo;y passer plusieurs jours. Vous n&rsquo;y couperez pas !<\/figcaption><\/figure>\n<h3 style=\"text-align: justify;\">Exemple n\u00b02 : un abri de jardin de 7 m\u00b2 en bois THT mont\u00e9 par des pros \u00e0 votre domicile, r\u00e9f\u00e9rence ID3799<\/h3>\n<p style=\"text-align: justify;\">Gain de temps MA-XI-MAL ! Avec cet abri de jardin r\u00e9f\u00e9rence ID3799, vous optimisez parfaitement votre temps. D&rsquo;abord, parce que les d\u00e9lais de livraison vous permettent d&rsquo;esp\u00e9rer r\u00e9cup\u00e9rer votre cabanon de rangement sous quatre \u00e0 huit semaines. Croisons les doigts pour quatre ! Ensuite, parce qu&rsquo;<strong>il est d\u00e9j\u00e0 con\u00e7u en bois THT, un bois thermotrait\u00e9<\/strong> qui a \u00e9t\u00e9 pr\u00e9alablement trait\u00e9 \u00e0 haute temp\u00e9rature. Vous n&rsquo;avez donc pas besoin de le traiter \u00e0 nouveau avant de le monter. Une \u00e9tape de moins ! Quant \u00e0 la dalle b\u00e9ton, elle peut \u00eatre simplifi\u00e9e gr\u00e2ce au kit de soubassement (contactez-nous si vous voulez en savoir plus).<\/p>\n<p style=\"text-align: justify;\">Bref, ajoutez \u00e0 l&rsquo;ensemble le montage inclus, et vous obtenez un cabanon 100% confort. 7,25 m\u00b2, des petites lucarnes sur les deux battants de porte, une garantie de 10 ans, une couverture en acier galvanis\u00e9 : c&rsquo;est un mod\u00e8le tr\u00e8s grande qualit\u00e9 !<\/p>\n<figure id=\"attachment_15379\" aria-describedby=\"caption-attachment-15379\" style=\"width: 550px\" class=\"wp-caption aligncenter\"><a href=\"https:\/\/www.franceabris.com\/188-abri-jardin-bois-monte\"><img decoding=\"async\" loading=\"lazy\" class=\"wp-image-15379\" style=\"border: 1px solid #000000;\" src=\"https:\/\/www.franceabris.com\/BLOG\/wp-content\/uploads\/2025\/03\/3799-abri-jardin-montage-inclus.jpg\" alt=\"abri de jardin mont\u00e9 par des pros \u00e0 domicile\" width=\"550\" height=\"403\" srcset=\"https:\/\/www.franceabris.com\/BLOG\/wp-content\/uploads\/2025\/03\/3799-abri-jardin-montage-inclus.jpg 748w, https:\/\/www.franceabris.com\/BLOG\/wp-content\/uploads\/2025\/03\/3799-abri-jardin-montage-inclus-328x240.jpg 328w, https:\/\/www.franceabris.com\/BLOG\/wp-content\/uploads\/2025\/03\/3799-abri-jardin-montage-inclus-596x437.jpg 596w, https:\/\/www.franceabris.com\/BLOG\/wp-content\/uploads\/2025\/03\/3799-abri-jardin-montage-inclus-134x98.jpg 134w\" sizes=\"(max-width: 550px) 100vw, 550px\" \/><\/a><figcaption id=\"caption-attachment-15379\" class=\"wp-caption-text\">R\u00e9f\u00e9rence ID3799. Un petit abri de jardin assez simple, mais avec des battants de porte garnis de lucarnes. Les madriers p\u00e8sent leur poids, tout comme la couverture en acier galvanis\u00e9 plastifi\u00e9. Pas simple !<\/figcaption><\/figure>\n<h3 style=\"text-align: justify;\">Exemple n\u00b03 : un carport montage inclus en bois trait\u00e9 livr\u00e9 mont\u00e9, r\u00e9f\u00e9rence ID3966<\/h3>\n<p style=\"text-align: justify;\">Le carport est la plus simple des diff\u00e9rentes structures \u00e9voqu\u00e9es. On peut ainsi se poser la question&#8230; M\u00e9rite-t-il vraiment que l&rsquo;on s&rsquo;offre un montage par des pros ? Ne peut-on pas plut\u00f4t s&rsquo;y coller soi-m\u00eame ? La r\u00e9flexion a du sens. Mais ce carport, r\u00e9f\u00e9rence ID3966, <strong>permet vraiment de gagner un maximum de temps<\/strong>. Pourquoi ? Parce que, comme son homologue abri de jardin ci-dessus, il est con\u00e7u en bois THT. Pas besoin de traitement pr\u00e9alable, donc. Mieux, comme il s&rsquo;agit d&rsquo;un abri voiture avec quatre simples poteaux \u00e0 ancrer au sol, on peut tout \u00e0 fait se contenter de plots b\u00e9ton et d&rsquo;un sol en graviers, plut\u00f4t que de couler une p\u00e9nible dalle. Du temps, du temps&#8230; Toujours du temps !<\/p>\n<p style=\"text-align: justify;\">Bref, 3,48 m de largeur, 5,05 m de profondeur, 2,57 m de hauteur : voil\u00e0 un joli petit mod\u00e8le pour s&rsquo;\u00e9quiper durablement. Avec, l\u00e0 encore, une garantie 10 ans !<\/p>\n<figure id=\"attachment_14263\" aria-describedby=\"caption-attachment-14263\" style=\"width: 397px\" class=\"wp-caption aligncenter\"><a href=\"https:\/\/www.franceabris.com\/313-abri-voiture-monte-un-carport-installe-chez-vous-\"><img decoding=\"async\" loading=\"lazy\" class=\"wp-image-14263 size-full\" style=\"border: 1px solid #000000;\" src=\"https:\/\/www.franceabris.com\/BLOG\/wp-content\/uploads\/2023\/07\/3966-abri-voiture-THT.jpg\" alt=\"carport en bois THT montage et livraison inclus\" width=\"397\" height=\"290\" srcset=\"https:\/\/www.franceabris.com\/BLOG\/wp-content\/uploads\/2023\/07\/3966-abri-voiture-THT.jpg 397w, https:\/\/www.franceabris.com\/BLOG\/wp-content\/uploads\/2023\/07\/3966-abri-voiture-THT-329x240.jpg 329w, https:\/\/www.franceabris.com\/BLOG\/wp-content\/uploads\/2023\/07\/3966-abri-voiture-THT-134x98.jpg 134w\" sizes=\"(max-width: 397px) 100vw, 397px\" \/><\/a><figcaption id=\"caption-attachment-14263\" class=\"wp-caption-text\">R\u00e9f\u00e9rence ID3966. Petit carport, petit montage ? Pas forc\u00e9ment. Il faut \u00e9videmment faire en sorte que les poteaux soient bien droits, rectilignes et \u00e0 leur juste emplacement. Puis, que la charpente et sa lourde couverture soient correctement pos\u00e9es. L\u00e0 encore, le montage inclus n&rsquo;est pas un luxe, m\u00eame si l&rsquo;installation par vous-m\u00eame n&rsquo;est pas insurmontable.<\/figcaption><\/figure>\n","protected":false},"excerpt":{"rendered":"<p>Plus de temps \u00e0 perdre ! Le soleil revient d\u00e9j\u00e0 sur une bonne partie de la France&#8230; et on vous conseille de passer \u00e0 l&rsquo;action. \u00c0 l&rsquo;action, mais laquelle ? Vos am\u00e9nagements ext\u00e9rieurs, \u00e9videmment ! En bref : votre garage, votre abri de jardin ou votre carport. De quoi abriter la voiture durant le printemps &hellip; <a href=\"https:\/\/www.franceabris.com\/BLOG\/garage-abri-de-jardin-carport-avec-le-montage-inclus-cest-mieux\/\" class=\"more-link\">Continuer la lecture de <span class=\"screen-reader-text\">Garage, abri de jardin, carport : avec le montage inclus, c\u2019est mieux !<\/span><\/a><\/p>\n","protected":false},"author":5,"featured_media":15375,"comment_status":"closed","ping_status":"closed","sticky":false,"template":"","format":"standard","meta":[],"categories":[3],"tags":[],"_links":{"self":[{"href":"https:\/\/www.franceabris.com\/BLOG\/wp-json\/wp\/v2\/posts\/15374"}],"collection":[{"href":"https:\/\/www.franceabris.com\/BLOG\/wp-json\/wp\/v2\/posts"}],"about":[{"href":"https:\/\/www.franceabris.com\/BLOG\/wp-json\/wp\/v2\/types\/post"}],"author":[{"embeddable":true,"href":"https:\/\/www.franceabris.com\/BLOG\/wp-json\/wp\/v2\/users\/5"}],"replies":[{"embeddable":true,"href":"https:\/\/www.franceabris.com\/BLOG\/wp-json\/wp\/v2\/comments?post=15374"}],"version-history":[{"count":0,"href":"https:\/\/www.franceabris.com\/BLOG\/wp-json\/wp\/v2\/posts\/15374\/revisions"}],"wp:featuredmedia":[{"embeddable":true,"href":"https:\/\/www.franceabris.com\/BLOG\/wp-json\/wp\/v2\/media\/15375"}],"wp:attachment":[{"href":"https:\/\/www.franceabris.com\/BLOG\/wp-json\/wp\/v2\/media?parent=15374"}],"wp:term":[{"taxonomy":"category","embeddable":true,"href":"https:\/\/www.franceabris.com\/BLOG\/wp-json\/wp\/v2\/categories?post=15374"},{"taxonomy":"post_tag","embeddable":true,"href":"https:\/\/www.franceabris.com\/BLOG\/wp-json\/wp\/v2\/tags?post=15374"}],"curies":[{"name":"wp","href":"https:\/\/api.w.org\/{rel}","templated":true}]}}