{"id":15408,"date":"2025-03-20T15:04:06","date_gmt":"2025-03-20T14:04:06","guid":{"rendered":"https:\/\/www.franceabris.com\/BLOG\/?p=15408"},"modified":"2025-03-19T19:21:14","modified_gmt":"2025-03-19T18:21:14","slug":"paysagistes-les-3-raisons-de-travailler-avec-france-abris","status":"publish","type":"post","link":"https:\/\/www.franceabris.com\/BLOG\/paysagistes-les-3-raisons-de-travailler-avec-france-abris\/","title":{"rendered":"Paysagistes, les 3 raisons de travailler avec FRANCE ABRIS !"},"content":{"rendered":"<p style=\"text-align: justify;\">Depuis sa cr\u00e9ation, FRANCE ABRIS travaille main dans la main avec les professionnels et, notamment&#8230; <strong>les paysagistes<\/strong>. Quoi de plus normal que d&rsquo;accompagner ceux qui travaillent \u00e0 l&rsquo;am\u00e9nagement des ext\u00e9rieurs en les aidant \u00e0 d\u00e9nicher les meilleurs produits pour leurs clients : abris de jardin, carports, pergolas bioclimatiques, garages, abris terrasse&#8230;<\/p>\n<p style=\"text-align: justify;\">Vous pouvez d&rsquo;ailleurs <span style=\"color: #ff9900;\"><a style=\"color: #ff9900;\" href=\"https:\/\/www.placedupro.com\/marques\/france-abris-2045\" target=\"_blank\" rel=\"noopener\">nous retrouver sur Place du Pro<\/a><\/span>, la plateforme d\u00e9di\u00e9e aux professionnels de la ville, du sport et du paysage. Et sur diff\u00e9rents supports sp\u00e9cialis\u00e9s d\u00e9di\u00e9s aux professionnels du secteur, comme le magazine Profession Paysagiste. Mais, s&rsquo;il vous en fallait encore un peu plus&#8230; <strong>voici 3 bonnes raisons de travailler avec nous ! \ud83d\ude09<\/strong><\/p>\n<h2 style=\"text-align: justify;\">Paysagistes, voici 3 raisons de travailler avec FRANCE ABRIS, qui accompagne les professionnels de l&rsquo;am\u00e9nagement ext\u00e9rieur depuis 2008 !<\/h2>\n<p style=\"text-align: justify;\">Quoi de plus normal que des professionnels de l&rsquo;am\u00e9nagement ext\u00e9rieur accompagnent d&rsquo;autres professionnels du paysage et de l&rsquo;am\u00e9nagement ext\u00e9rieur ? C&rsquo;est ce que fait FRANCE ABRIS depuis 2008 avec les paysagistes en leur proposant des produits de qualit\u00e9 au meilleur prix. Mais pas que ! Car FRANCE ABRIS, c&rsquo;est avant toute chose un accompagnement personnalis\u00e9 et la garantie d&rsquo;obtenir des r\u00e9ponses et des solutions satisfaisantes.<\/p>\n<p style=\"text-align: justify;\">Focus sur les 3 raisons de nous faire confiance !<\/p>\n<h3 style=\"text-align: justify;\">1\/ La vari\u00e9t\u00e9 des produits : abri de jardin, pergola bioclimatique, carport, mais aussi charpente sur mesure&#8230;<\/h3>\n<p style=\"text-align: justify;\">C&rsquo;est \u00e9videmment l&rsquo;une des premi\u00e8res raisons de travailler avec nous : le catalogue. FRANCE ABRIS met un point d&rsquo;honneur <strong>\u00e0 proposer un catalogue exhaustif<\/strong>, fort de produit vari\u00e9s et de qualit\u00e9. Parmi eux :<\/p>\n<ul>\n<li style=\"text-align: justify;\">Abri de jardin ;<\/li>\n<li style=\"text-align: justify;\">Chalet de jardin ;<\/li>\n<li style=\"text-align: justify;\">Bureau d&rsquo;ext\u00e9rieur ;<\/li>\n<li style=\"text-align: justify;\">Maison de jardin ;<\/li>\n<li style=\"text-align: justify;\">Pool house ;<\/li>\n<li style=\"text-align: justify;\">Atelier ;<\/li>\n<li style=\"text-align: justify;\">Carport<\/li>\n<li style=\"text-align: justify;\">Garage ;<\/li>\n<li style=\"text-align: justify;\">Abri terrasse ;<\/li>\n<li style=\"text-align: justify;\">Pergola bioclimatique ;<\/li>\n<li style=\"text-align: justify;\">Tonnelle ;<\/li>\n<li style=\"text-align: justify;\">Pavillon ;<\/li>\n<li style=\"text-align: justify;\">Kiosque ;<\/li>\n<li style=\"text-align: justify;\">Charpente bois ;<\/li>\n<li style=\"text-align: justify;\">Charpente m\u00e9tallique&#8230;<\/li>\n<\/ul>\n<p style=\"text-align: justify;\">Sans parler des nombreuses propositions plus sp\u00e9cifiques, qui vont de l&rsquo;abri poubelles \u00e0 l&rsquo;abri fumeur, en passant par l&rsquo;abri v\u00e9los ou les diverses solutions de rangements pour le jardin.<\/p>\n<figure id=\"attachment_15379\" aria-describedby=\"caption-attachment-15379\" style=\"width: 550px\" class=\"wp-caption aligncenter\"><a href=\"https:\/\/www.franceabris.com\/148-abri-jardin-bois-traite-autoclave\"><img decoding=\"async\" loading=\"lazy\" class=\"wp-image-15379\" style=\"border: 1px solid #000000;\" src=\"https:\/\/www.franceabris.com\/BLOG\/wp-content\/uploads\/2025\/03\/3799-abri-jardin-montage-inclus.jpg\" alt=\"abri de jardin bois THT pour les paysagistes\" width=\"550\" height=\"403\" srcset=\"https:\/\/www.franceabris.com\/BLOG\/wp-content\/uploads\/2025\/03\/3799-abri-jardin-montage-inclus.jpg 748w, https:\/\/www.franceabris.com\/BLOG\/wp-content\/uploads\/2025\/03\/3799-abri-jardin-montage-inclus-328x240.jpg 328w, https:\/\/www.franceabris.com\/BLOG\/wp-content\/uploads\/2025\/03\/3799-abri-jardin-montage-inclus-596x437.jpg 596w, https:\/\/www.franceabris.com\/BLOG\/wp-content\/uploads\/2025\/03\/3799-abri-jardin-montage-inclus-134x98.jpg 134w\" sizes=\"(max-width: 550px) 100vw, 550px\" \/><\/a><figcaption id=\"caption-attachment-15379\" class=\"wp-caption-text\">R\u00e9f\u00e9rence ID3863. Un abri de jardin bois THT tr\u00e8s appr\u00e9ci\u00e9 de nos partenaires paysagistes pour : sa surface (inf\u00e9rieure \u00e0 5 m\u00b2, donc sans autorisation Mairie dans la majeure partie des cas), son bois thermotrait\u00e9 ultra-r\u00e9sistant, sa couverture en acier et sa porte double \u00e0 lucarnes.<\/figcaption><\/figure>\n<h4 style=\"text-align: justify;\">Et m\u00eame&#8230; des solutions d&rsquo;abris sur-mesure avec nos charpentes bois et m\u00e9tal<\/h4>\n<p style=\"text-align: justify;\">Non seulement nos propositions sont vari\u00e9es par leurs formats, puisque les abris terrasse vont de la pergola bioclimatique au pavillon octogonal traditionnel avec garde-corps, par exemple, mais elles le sont aussi par leurs dimensions, leurs mat\u00e9riaux et leurs d\u00e9clinaisons. <strong>Les charpentes bois l&rsquo;illustrent bien<\/strong>, puisqu&rsquo;il s&rsquo;agit <span style=\"color: #ff9900;\"><a style=\"color: #ff9900;\" href=\"https:\/\/www.franceabris.com\/BLOG\/ossature-bois-la-solution-dabri-multifonctions-naturel-grace-a-la-fabrication-sur-mesure-prix-direct-usine\/\" target=\"_blank\" rel=\"noopener\">d&rsquo;abris en bois quasiment sur-mesure, que l&rsquo;on propose \u00e0 prix direct usine<\/a><\/span>. Sur la base d&rsquo;un patron initial, on configure un mod\u00e8le de charpente \u00e0 tenons et mortaises de ses dimensions jusque dans ses d\u00e9tails les plus pr\u00e9cis (moulures de chevrons et des pannes&#8230;). Le r\u00e9sultat final : une charpente bois sur-mesure unique \u00e0 prix accessible que nos partenaires paysagistes peuvent proposer \u00e0 leurs clients.<\/p>\n<h4 style=\"text-align: justify;\">Les chalets pour cr\u00e9er des espaces de vie d&rsquo;appoint en ext\u00e9rieur<\/h4>\n<p style=\"text-align: justify;\"><strong>Mais l&rsquo;on propose aussi des solutions d&rsquo;exception<\/strong>, comme nos chalets, maisons et bureaux de jardin, dont les finitions s&rsquo;av\u00e8rent in\u00e9galables. D&rsquo;innombrables propositions pour prot\u00e9ger les voitures, des carports, des garages en kit&#8230; Bref, tout ce qui doit permettre d&rsquo;am\u00e9nager l&rsquo;ext\u00e9rieur de vos clients !<\/p>\n<h3 style=\"text-align: justify;\">2\/ L&rsquo;accompagnement personnalis\u00e9 pour nos partenaires paysagistes : la r\u00e9activit\u00e9 des pros !<\/h3>\n<p style=\"text-align: justify;\">Ah, l&rsquo;accompagnement personnalis\u00e9&#8230; Chez certains, c&rsquo;est un v\u0153u pieu. Chez FRANCE ABRIS, c&rsquo;est une r\u00e9alit\u00e9 ! Et oui, <strong>il suffit de nous appeler au 09 72 16 47 82 pour le constater<\/strong> : vous aurez forc\u00e9ment tr\u00e8s vite quelqu&rsquo;un au t\u00e9l\u00e9phone pour discuter du projet en question avec vous. C&rsquo;est l&rsquo;un de nos engagements ! \u00catre capable de r\u00e9pondre \u00e0 vos besoins le plus rapidement et le plus efficacement possible.<\/p>\n<figure id=\"attachment_15413\" aria-describedby=\"caption-attachment-15413\" style=\"width: 550px\" class=\"wp-caption aligncenter\"><a href=\"https:\/\/www.franceabris.com\/398-pergola-bioclimatique\"><img decoding=\"async\" loading=\"lazy\" class=\"wp-image-15413\" style=\"border: 1px solid #000000;\" src=\"https:\/\/www.franceabris.com\/BLOG\/wp-content\/uploads\/2025\/03\/pergola-bioclimatique-2.png\" alt=\"pergola bioclimatique manuelle\" width=\"550\" height=\"352\" srcset=\"https:\/\/www.franceabris.com\/BLOG\/wp-content\/uploads\/2025\/03\/pergola-bioclimatique-2.png 750w, https:\/\/www.franceabris.com\/BLOG\/wp-content\/uploads\/2025\/03\/pergola-bioclimatique-2-375x240.png 375w, https:\/\/www.franceabris.com\/BLOG\/wp-content\/uploads\/2025\/03\/pergola-bioclimatique-2-607x388.png 607w, https:\/\/www.franceabris.com\/BLOG\/wp-content\/uploads\/2025\/03\/pergola-bioclimatique-2-153x98.png 153w\" sizes=\"(max-width: 550px) 100vw, 550px\" \/><\/a><figcaption id=\"caption-attachment-15413\" class=\"wp-caption-text\">R\u00e9f\u00e9rence ID6179. Une petite pergola bioclimatique de 12 m\u00b2 avec store lat\u00e9ral et syst\u00e8me d&rsquo;\u00e9vacuation d&rsquo;eau. En aluminium, \u00e9videmment, les lames bioclimatiques s&rsquo;inclinent manuellement gr\u00e2ce \u00e0 une manivelle. L&rsquo;avantage des syst\u00e8mes m\u00e9caniques ? Pas de panne ! 3 coloris disponibles pour cette pergola !<\/figcaption><\/figure>\n<h4 style=\"text-align: justify;\">Quelle que soit la taille du projet, vous aurez un accompagnement personnalis\u00e9<\/h4>\n<p style=\"text-align: justify;\">Qu&rsquo;il s&rsquo;agisse d&rsquo;\u00e9quiper un particulier d&rsquo;une pergola bioclimatique et d&rsquo;un carport, d&rsquo;am\u00e9nager des espaces partag\u00e9s pour une entreprise avec des pergolas et des tonnelles bois ou de dupliquer divers mod\u00e8les d&rsquo;abris, de garages ou de carports pour des particuliers et des professionnels,<strong> l&rsquo;accompagnement se fait toujours avec \u00e9coute et professionnalisme<\/strong>.<\/p>\n<p style=\"text-align: justify;\">Appelez-nous&#8230; nous tester, c&rsquo;est nous adopter !<\/p>\n<h3 style=\"text-align: justify;\">3\/ Et les tarifs !<\/h3>\n<p style=\"text-align: justify;\">\u00c9videmment, qui peut dire qu&rsquo;il propose les meilleurs tarifs ? Impossible. Un prix bas sur un produit de mauvaise qualit\u00e9&#8230; ce n&rsquo;est pas forc\u00e9ment ni une bonne affaire, ni ce que recherchent nos partenaires paysagistes. Mais FRANCE ABRIS s&rsquo;engage<strong> \u00e0 chercher les tarifs les plus avantageux pour les professionnels<\/strong>. Et \u00e0 trouver des solutions de financement facilitant tous les projets. Livraison offerte, r\u00e8glement en trois fois sans frais&#8230;<\/p>\n<p style=\"text-align: justify;\"><span style=\"color: #ff9900;\"><a style=\"color: #ff9900;\" href=\"https:\/\/www.franceabris.com\/promotions\" target=\"_blank\" rel=\"noopener\">Les Super Promos<\/a><\/span>, en place tout au long de l&rsquo;ann\u00e9e, sont aussi l&rsquo;occasion de d\u00e9nicher des produits \u00e0 tarif r\u00e9duit, <strong>de m\u00eame que des abris en d\u00e9stockage<\/strong>. L\u00e0 encore, le meilleur moyen d&rsquo;obtenir le meilleur prix&#8230; c&rsquo;est encore de d\u00e9crocher son t\u00e9l\u00e9phone et de nous appeler !<\/p>\n<figure id=\"attachment_15414\" aria-describedby=\"caption-attachment-15414\" style=\"width: 550px\" class=\"wp-caption aligncenter\"><a href=\"https:\/\/www.franceabris.com\/80-abri-voiture-bois\"><img decoding=\"async\" loading=\"lazy\" class=\"wp-image-15414\" style=\"border: 1px solid #000000;\" src=\"https:\/\/www.franceabris.com\/BLOG\/wp-content\/uploads\/2025\/03\/5681-carport-double.png\" alt=\"carport double\" width=\"550\" height=\"352\" srcset=\"https:\/\/www.franceabris.com\/BLOG\/wp-content\/uploads\/2025\/03\/5681-carport-double.png 750w, https:\/\/www.franceabris.com\/BLOG\/wp-content\/uploads\/2025\/03\/5681-carport-double-375x240.png 375w, https:\/\/www.franceabris.com\/BLOG\/wp-content\/uploads\/2025\/03\/5681-carport-double-607x388.png 607w, https:\/\/www.franceabris.com\/BLOG\/wp-content\/uploads\/2025\/03\/5681-carport-double-153x98.png 153w\" sizes=\"(max-width: 550px) 100vw, 550px\" \/><\/a><figcaption id=\"caption-attachment-15414\" class=\"wp-caption-text\">R\u00e9f\u00e9rence ID5681. Un vaste carport double en bois autoclave de 30 m\u00b2 qui se distingue par ses poteaux en arc sur le pignon avant. Ces arcs facilitent le stationnement en offrant un rayon de braquage maximal. Mais, ce qui fait tout l&rsquo;int\u00e9r\u00eat de ce carport pour nos partenaires paysagistes, c&rsquo;est aussi qu&rsquo;il est&#8230; en Super PROMO ! Une belle offre avec 300\u20ac offerts sur ce mod\u00e8le. L&rsquo;occasion d&rsquo;en profiter pour les clients du printemps et de l&rsquo;\u00e9t\u00e9 !<\/figcaption><\/figure>\n","protected":false},"excerpt":{"rendered":"<p>Depuis sa cr\u00e9ation, FRANCE ABRIS travaille main dans la main avec les professionnels et, notamment&#8230; les paysagistes. Quoi de plus normal que d&rsquo;accompagner ceux qui travaillent \u00e0 l&rsquo;am\u00e9nagement des ext\u00e9rieurs en les aidant \u00e0 d\u00e9nicher les meilleurs produits pour leurs clients : abris de jardin, carports, pergolas bioclimatiques, garages, abris terrasse&#8230; Vous pouvez d&rsquo;ailleurs nous &hellip; <a href=\"https:\/\/www.franceabris.com\/BLOG\/paysagistes-les-3-raisons-de-travailler-avec-france-abris\/\" class=\"more-link\">Continuer la lecture de <span class=\"screen-reader-text\">Paysagistes, les 3 raisons de travailler avec FRANCE ABRIS !<\/span><\/a><\/p>\n","protected":false},"author":6,"featured_media":14311,"comment_status":"closed","ping_status":"closed","sticky":false,"template":"","format":"standard","meta":[],"categories":[1],"tags":[],"_links":{"self":[{"href":"https:\/\/www.franceabris.com\/BLOG\/wp-json\/wp\/v2\/posts\/15408"}],"collection":[{"href":"https:\/\/www.franceabris.com\/BLOG\/wp-json\/wp\/v2\/posts"}],"about":[{"href":"https:\/\/www.franceabris.com\/BLOG\/wp-json\/wp\/v2\/types\/post"}],"author":[{"embeddable":true,"href":"https:\/\/www.franceabris.com\/BLOG\/wp-json\/wp\/v2\/users\/6"}],"replies":[{"embeddable":true,"href":"https:\/\/www.franceabris.com\/BLOG\/wp-json\/wp\/v2\/comments?post=15408"}],"version-history":[{"count":0,"href":"https:\/\/www.franceabris.com\/BLOG\/wp-json\/wp\/v2\/posts\/15408\/revisions"}],"wp:featuredmedia":[{"embeddable":true,"href":"https:\/\/www.franceabris.com\/BLOG\/wp-json\/wp\/v2\/media\/14311"}],"wp:attachment":[{"href":"https:\/\/www.franceabris.com\/BLOG\/wp-json\/wp\/v2\/media?parent=15408"}],"wp:term":[{"taxonomy":"category","embeddable":true,"href":"https:\/\/www.franceabris.com\/BLOG\/wp-json\/wp\/v2\/categories?post=15408"},{"taxonomy":"post_tag","embeddable":true,"href":"https:\/\/www.franceabris.com\/BLOG\/wp-json\/wp\/v2\/tags?post=15408"}],"curies":[{"name":"wp","href":"https:\/\/api.w.org\/{rel}","templated":true}]}}