{"id":15753,"date":"2026-01-21T15:08:52","date_gmt":"2026-01-21T14:08:52","guid":{"rendered":"https:\/\/www.franceabris.com\/BLOG\/?p=15753"},"modified":"2026-01-21T15:10:05","modified_gmt":"2026-01-21T14:10:05","slug":"abri-fumeur-que-dit-la-reglementation","status":"publish","type":"post","link":"https:\/\/www.franceabris.com\/BLOG\/abri-fumeur-que-dit-la-reglementation\/","title":{"rendered":"Abri fumeur : que dit la r\u00e9glementation ?"},"content":{"rendered":"<p style=\"text-align: justify;\">La question revient tr\u00e8s souvent dans les entreprises, les collectivit\u00e9s et les \u00e9tablissements recevant du public :<\/p>\n<ul>\n<li style=\"text-align: justify;\"><strong>l\u2019abri fumeur est-il obligatoire ?<\/strong><\/li>\n<li style=\"text-align: justify;\">que dit r\u00e9ellement la r\u00e9glementation ?<\/li>\n<\/ul>\n<p style=\"text-align: justify;\">Si la loi encadre strictement les lieux o\u00f9 il est interdit de fumer, elle laisse en revanche une certaine marge de man\u0153uvre quant \u00e0 l\u2019am\u00e9nagement d\u2019espaces fumeurs ext\u00e9rieurs. Faisons le point.<\/p>\n<h2 style=\"text-align: justify;\">Que dit la r\u00e9glementation en ce qui concerne l&rsquo;abri fumeur dans les entreprises et les collectivit\u00e9s ?<\/h2>\n<p style=\"text-align: justify;\">Dans les entreprises comme dans les collectivit\u00e9s, la question de l\u2019abri fumeur revient tr\u00e8s r\u00e9guli\u00e8rement. C\u2019est d\u2019ailleurs l\u2019un des \u00e9quipements pour lesquels nous sommes le plus sollicit\u00e9s, <strong>tant les obligations r\u00e9glementaires, les attentes des usagers et les enjeux de sant\u00e9 publique se croisent sur ce sujet<\/strong>. Avant d\u2019envisager l\u2019installation d\u2019un abri fumeur, il est donc essentiel de bien comprendre ce que dit r\u00e9ellement la r\u00e9glementation, ce qu\u2019elle impose\u2026 et ce qu\u2019elle laisse \u00e0 l\u2019appr\u00e9ciation des employeurs et gestionnaires d\u2019espaces publics.<\/p>\n<h3 style=\"text-align: justify;\">La loi rend-elle obligatoire l&rsquo;installation d&rsquo;un abri fumeur ?<\/h3>\n<p style=\"text-align: justify;\">Non, l\u2019installation d\u2019un abri fumeur n\u2019est pas obligatoire. Aucun texte l\u00e9gislatif n\u2019impose aux employeurs, aux collectivit\u00e9s ou aux gestionnaires d\u2019ERP de cr\u00e9er un espace fumeur d\u00e9di\u00e9.<\/p>\n<p style=\"text-align: justify;\">En revanche, l\u2019interdiction de fumer dans les lieux \u00e0 usage collectif est, elle, une r\u00e9alit\u00e9 depuis 1991, qui a progressivement \u00e9t\u00e9 \u00e9tendue. C\u2019est pr\u00e9cis\u00e9ment cette interdiction qui conduit, dans les faits, \u00e0 la mise en place d\u2019abris fumeurs ext\u00e9rieurs.<\/p>\n<p style=\"text-align: justify;\">L\u2019abri fumeur n\u2019est donc pas une obligation l\u00e9gale, mais une solution pratique pour appliquer la r\u00e9glementation tout en tenant compte des usages.<\/p>\n<h3 style=\"text-align: justify;\">Ce que dit la r\u00e9glementation sur l\u2019interdiction de fumer<\/h3>\n<p style=\"text-align: justify;\">Depuis plusieurs ann\u00e9es, le cadre r\u00e9glementaire vise \u00e0 prot\u00e9ger les non-fumeurs et limiter le tabagisme passif, notamment dans les lieux collectifs.<\/p>\n<p style=\"text-align: justify;\">Sont notamment concern\u00e9s :<\/p>\n<ul style=\"text-align: justify;\">\n<li>les lieux ferm\u00e9s et couverts accueillant du public,<\/li>\n<li>les lieux de travail,<\/li>\n<li>certains espaces ext\u00e9rieurs recevant du public.<\/li>\n<\/ul>\n<p style=\"text-align: justify;\">Depuis le 1er juillet 2025, de nouveaux lieux ext\u00e9rieurs sont \u00e9galement concern\u00e9s par l\u2019interdiction de fumer, comme le rappelle le site officiel de l\u2019administration fran\u00e7aise : les plages et les pistes de ski, les parcs de jeux, les installations sportives, les for\u00eats&#8230; L\u2019objectif est clair : renforcer la protection des publics les plus sensibles, notamment les enfants et les adolescents, mais aussi prot\u00e9ger certains espaces naturels.<\/p>\n<p style=\"text-align: justify;\">Dans ce contexte, le fait de fumer doit \u00eatre strictement cantonn\u00e9 \u00e0 des zones autoris\u00e9es, situ\u00e9es en dehors des lieux interdits.<\/p>\n<p><a href=\"https:\/\/www.franceabris.com\/277-abri-fumeur\"><img decoding=\"async\" loading=\"lazy\" class=\"wp-image-15651 size-full aligncenter\" src=\"https:\/\/www.franceabris.com\/BLOG\/wp-content\/uploads\/2024\/06\/Abri-barbecue_visuel-4.png\" alt=\"abri fumeur pub\" width=\"600\" height=\"450\" srcset=\"https:\/\/www.franceabris.com\/BLOG\/wp-content\/uploads\/2024\/06\/Abri-barbecue_visuel-4.png 600w, https:\/\/www.franceabris.com\/BLOG\/wp-content\/uploads\/2024\/06\/Abri-barbecue_visuel-4-320x240.png 320w, https:\/\/www.franceabris.com\/BLOG\/wp-content\/uploads\/2024\/06\/Abri-barbecue_visuel-4-583x437.png 583w, https:\/\/www.franceabris.com\/BLOG\/wp-content\/uploads\/2024\/06\/Abri-barbecue_visuel-4-131x98.png 131w\" sizes=\"(max-width: 600px) 100vw, 600px\" \/><\/a><\/p>\n<h3 style=\"text-align: justify;\">Pourquoi mettre en place un abri fumeur ext\u00e9rieur ?<\/h3>\n<p style=\"text-align: justify;\">M\u00eame s\u2019il n\u2019est pas impos\u00e9 par la loi, l\u2019abri fumeur ext\u00e9rieur r\u00e9pond \u00e0 plusieurs enjeux concrets :<\/p>\n<h4 style=\"text-align: justify;\">1\/ Faciliter l\u2019application de la loi<\/h4>\n<p style=\"text-align: justify;\">En proposant un espace clairement identifi\u00e9, l\u2019employeur ou le gestionnaire limite les comportements \u00e0 risque (fum\u00e9e pr\u00e8s des entr\u00e9es, regroupements sous les auvents, etc.).<\/p>\n<h4 style=\"text-align: justify;\">2\/ Prot\u00e9ger contre le tabagisme passif<\/h4>\n<p style=\"text-align: justify;\">Un abri fumeur bien positionn\u00e9 permet d\u2019\u00e9loigner la fum\u00e9e des zones de passage, des portes et des fen\u00eatres.<\/p>\n<h4 style=\"text-align: justify;\">3\/ Am\u00e9liorer le confort et l\u2019organisation<\/h4>\n<p style=\"text-align: justify;\">Plut\u00f4t que de laisser les fumeurs se regrouper de mani\u00e8re anarchique, l\u2019abri structure les usages et am\u00e9liore la cohabitation entre fumeurs et non-fumeurs.<\/p>\n<p style=\"text-align: justify;\">C\u2019est pour toutes ces raisons que de nombreuses entreprises et collectivit\u00e9s font le choix d\u2019installer un abri fumeur d\u00e9di\u00e9, m\u00eame en l\u2019absence d\u2019obligation formelle.<\/p>\n<h2 style=\"text-align: justify;\">Conseils : passer \u00e0 l&rsquo;action&#8230; et installer un abri fumeur. O\u00f9 ? Comment ? Quel mod\u00e8le ?<\/h2>\n<p style=\"text-align: justify;\">Une fois le cadre r\u00e9glementaire bien compris, reste la question la plus concr\u00e8te : comment passer \u00e0 l\u2019action ? <strong>O\u00f9 installer un abri fumeur pour rester conforme ?<\/strong> Quel type de structure choisir selon le contexte ? Et comment concilier r\u00e9glementation, usage r\u00e9el et contraintes budg\u00e9taires ? Dans les faits, la mise en place d\u2019un abri fumeur repose avant tout sur des choix pratiques et r\u00e9fl\u00e9chis, adapt\u00e9s \u00e0 l\u2019environnement, aux publics concern\u00e9s et aux objectifs de l\u2019entreprise ou de la collectivit\u00e9.<\/p>\n<h3 style=\"text-align: justify;\">O\u00f9 installer un abri fumeur pour rester conforme ?<\/h3>\n<p style=\"text-align: justify;\">La r\u00e9glementation ne d\u00e9finit pas un mod\u00e8le unique d\u2019abri fumeur, mais elle impose des principes \u00e0 respecter :<\/p>\n<ul style=\"text-align: justify;\">\n<li>l\u2019abri doit \u00eatre situ\u00e9 \u00e0 l\u2019ext\u00e9rieur,<\/li>\n<li>il ne doit pas \u00eatre ferm\u00e9 ni couvert de mani\u00e8re assimilable \u00e0 un local clos,<\/li>\n<li>il doit \u00eatre \u00e9loign\u00e9 des acc\u00e8s, ouvertures et zones sensibles,<\/li>\n<li>il ne doit pas exposer les non-fumeurs \u00e0 la fum\u00e9e.<\/li>\n<\/ul>\n<p style=\"text-align: justify;\">En pratique, les abris fumeurs sont souvent ouverts ou semi-ouverts, avec une ventilation naturelle suffisante.<\/p>\n<p style=\"text-align: justify;\">Pour d\u00e9couvrir des solutions adapt\u00e9es, on vous invite \u00e0 consulter<span style=\"color: #ff9900;\"><a style=\"color: #ff9900;\" href=\"https:\/\/www.franceabris.com\/277-abri-fumeur\" target=\"_blank\" rel=\"noopener\"> la cat\u00e9gorie d\u00e9di\u00e9e aux abris fumeurs<\/a><\/span> sur France Abris.<\/p>\n<h3 style=\"text-align: justify;\">Abri fumeur : quelles diff\u00e9rences entre entreprises, collectivit\u00e9s et ERP (\u00e9tablissement recevant du public) ?<\/h3>\n<p style=\"text-align: justify;\">Les principes restent les m\u00eames, mais les contraintes peuvent varier :<\/p>\n<p style=\"text-align: justify;\"><strong>Entreprises :<\/strong> respect du Code du travail, protection des salari\u00e9s non-fumeurs, gestion des flux.<\/p>\n<p style=\"text-align: justify;\"><strong>Collectivit\u00e9s :<\/strong> image de l\u2019espace public, protection des usagers, conformit\u00e9 avec les politiques de sant\u00e9 publique.<\/p>\n<p style=\"text-align: justify;\"><strong>ERP :<\/strong> attention particuli\u00e8re aux publics sensibles et aux zones de passage.<\/p>\n<p style=\"text-align: justify;\">Dans tous les cas, l\u2019abri fumeur doit \u00eatre pens\u00e9 comme un outil de gestion et de pr\u00e9vention, pas comme une incitation \u00e0 fumer.<\/p>\n<h3 style=\"text-align: justify;\">Abri fumeur pas cher : des solutions \u00e9conomiques existent<\/h3>\n<p style=\"text-align: justify;\">Mettre en place un abri fumeur conforme ne signifie pas n\u00e9cessairement un budget \u00e9lev\u00e9. Il existe aujourd\u2019hui des mod\u00e8les \u00e9conomiques, robustes et fonctionnels, parfaitement adapt\u00e9s \u00e0 un usage professionnel.<\/p>\n<p style=\"text-align: justify;\">Par exemple :<\/p>\n<ul style=\"text-align: justify;\">\n<li>des abris fumeurs simples, ouverts, faciles \u00e0 installer,<\/li>\n<li>des structures compactes, adapt\u00e9es aux petits espaces,<\/li>\n<li>des solutions durables \u00e0 prix ma\u00eetris\u00e9.<\/li>\n<\/ul>\n<p style=\"text-align: justify;\">Pour les budgets serr\u00e9s, France Abris propose \u00e9galement des abris fumeurs pas chers, accessibles et conformes aux usages courants.<\/p>\n<p style=\"text-align: justify;\">Ces mod\u00e8les permettent de r\u00e9pondre \u00e0 la r\u00e9glementation tout en ma\u00eetrisant les co\u00fbts.<\/p>\n<figure id=\"attachment_15755\" aria-describedby=\"caption-attachment-15755\" style=\"width: 1536px\" class=\"wp-caption aligncenter\"><a href=\"https:\/\/www.franceabris.com\/277-abri-fumeur\"><img decoding=\"async\" loading=\"lazy\" class=\"wp-image-15755 size-full\" style=\"border: 1px solid #000000;\" src=\"https:\/\/www.franceabris.com\/BLOG\/wp-content\/uploads\/2026\/01\/abri-fumeur-entreprise.webp\" alt=\"abri fumeur\" width=\"1536\" height=\"1024\" srcset=\"https:\/\/www.franceabris.com\/BLOG\/wp-content\/uploads\/2026\/01\/abri-fumeur-entreprise.webp 1536w, https:\/\/www.franceabris.com\/BLOG\/wp-content\/uploads\/2026\/01\/abri-fumeur-entreprise-360x240.webp 360w, https:\/\/www.franceabris.com\/BLOG\/wp-content\/uploads\/2026\/01\/abri-fumeur-entreprise-607x405.webp 607w, https:\/\/www.franceabris.com\/BLOG\/wp-content\/uploads\/2026\/01\/abri-fumeur-entreprise-147x98.webp 147w, https:\/\/www.franceabris.com\/BLOG\/wp-content\/uploads\/2026\/01\/abri-fumeur-entreprise-768x512.webp 768w\" sizes=\"(max-width: 1536px) 100vw, 1536px\" \/><\/a><figcaption id=\"caption-attachment-15755\" class=\"wp-caption-text\">Exemple d&rsquo;un abri fumeur qui pourrait correspondre \u00e0 ce qu&rsquo;on attend en entreprise. Ouvert et spacieux, il prot\u00e8ge les salari\u00e9s, tout en leur permettant de s&rsquo;abriter du mauvais temps et des al\u00e9as climatiques. Attention, ce n&rsquo;est pas un mod\u00e8le que nous proposons sp\u00e9cifiquement sur notre site, mais nous avons des r\u00e9f\u00e9rences qui sont tout \u00e0 fait similaires.<\/figcaption><\/figure>\n<h3 style=\"text-align: justify;\">Abri fumeur : une obligation morale plus que l\u00e9gale ?<\/h3>\n<p style=\"text-align: justify;\">Si la loi n\u2019impose pas l\u2019installation d\u2019un abri fumeur, elle impose en revanche <strong>de prot\u00e9ger les non-fumeurs<\/strong>. Dans ce contexte, l\u2019abri fumeur devient souvent une \u00e9vidence organisationnelle.<\/p>\n<p style=\"text-align: justify;\">Il ne s\u2019agit pas de favoriser le tabac, mais de : canaliser les usages, limiter les nuisances, faciliter la conformit\u00e9 r\u00e9glementaire, am\u00e9liorer le cadre de travail ou d\u2019accueil. Bien pens\u00e9, l\u2019abri fumeur devient un outil de gestion responsable, au service de la sant\u00e9 publique et du vivre-ensemble. <strong>Par ailleurs, un tel espace est aussi un moyen de communication !<\/strong><\/p>\n","protected":false},"excerpt":{"rendered":"<p>La question revient tr\u00e8s souvent dans les entreprises, les collectivit\u00e9s et les \u00e9tablissements recevant du public : l\u2019abri fumeur est-il obligatoire ? que dit r\u00e9ellement la r\u00e9glementation ? Si la loi encadre strictement les lieux o\u00f9 il est interdit de fumer, elle laisse en revanche une certaine marge de man\u0153uvre quant \u00e0 l\u2019am\u00e9nagement d\u2019espaces fumeurs &hellip; <a href=\"https:\/\/www.franceabris.com\/BLOG\/abri-fumeur-que-dit-la-reglementation\/\" class=\"more-link\">Continuer la lecture de <span class=\"screen-reader-text\">Abri fumeur : que dit la r\u00e9glementation ?<\/span><\/a><\/p>\n","protected":false},"author":5,"featured_media":15754,"comment_status":"closed","ping_status":"closed","sticky":false,"template":"","format":"standard","meta":[],"categories":[1],"tags":[],"_links":{"self":[{"href":"https:\/\/www.franceabris.com\/BLOG\/wp-json\/wp\/v2\/posts\/15753"}],"collection":[{"href":"https:\/\/www.franceabris.com\/BLOG\/wp-json\/wp\/v2\/posts"}],"about":[{"href":"https:\/\/www.franceabris.com\/BLOG\/wp-json\/wp\/v2\/types\/post"}],"author":[{"embeddable":true,"href":"https:\/\/www.franceabris.com\/BLOG\/wp-json\/wp\/v2\/users\/5"}],"replies":[{"embeddable":true,"href":"https:\/\/www.franceabris.com\/BLOG\/wp-json\/wp\/v2\/comments?post=15753"}],"version-history":[{"count":0,"href":"https:\/\/www.franceabris.com\/BLOG\/wp-json\/wp\/v2\/posts\/15753\/revisions"}],"wp:featuredmedia":[{"embeddable":true,"href":"https:\/\/www.franceabris.com\/BLOG\/wp-json\/wp\/v2\/media\/15754"}],"wp:attachment":[{"href":"https:\/\/www.franceabris.com\/BLOG\/wp-json\/wp\/v2\/media?parent=15753"}],"wp:term":[{"taxonomy":"category","embeddable":true,"href":"https:\/\/www.franceabris.com\/BLOG\/wp-json\/wp\/v2\/categories?post=15753"},{"taxonomy":"post_tag","embeddable":true,"href":"https:\/\/www.franceabris.com\/BLOG\/wp-json\/wp\/v2\/tags?post=15753"}],"curies":[{"name":"wp","href":"https:\/\/api.w.org\/{rel}","templated":true}]}}