{"id":15787,"date":"2026-04-29T16:47:39","date_gmt":"2026-04-29T15:47:39","guid":{"rendered":"https:\/\/www.franceabris.com\/BLOG\/?p=15787"},"modified":"2026-04-29T16:48:13","modified_gmt":"2026-04-29T15:48:13","slug":"taxe-abri-de-jardin-2026-voici-ce-qui-a-vraiment-change-et-ce-que-vous-payez-selon-vos-m%c2%b2","status":"publish","type":"post","link":"https:\/\/www.franceabris.com\/BLOG\/taxe-abri-de-jardin-2026-voici-ce-qui-a-vraiment-change-et-ce-que-vous-payez-selon-vos-m%c2%b2\/","title":{"rendered":"Taxe abri de jardin 2026 : voici ce qui a vraiment chang\u00e9 et ce que vous payez selon vos m\u00b2"},"content":{"rendered":"<p style=\"text-align: justify;\">Installer <span style=\"color: #ff9900;\"><a style=\"color: #ff9900;\" href=\"https:\/\/www.franceabris.com\/10-abri-jardin\" target=\"_blank\" rel=\"noopener\">un abri de jardin<\/a><\/span>, un garage ou une annexe ext\u00e9rieure peut entra\u00eener une taxe souvent appel\u00e9e \u201ctaxe abri de jardin\u201d. Son vrai nom : la <strong>taxe d\u2019am\u00e9nagement<\/strong>.<\/p>\n<p style=\"text-align: justify;\">En 2026, bonne nouvelle : les valeurs forfaitaires baissent. Mais attention, cela ne veut pas dire que tout le monde paiera la m\u00eame chose. Le montant d\u00e9pend toujours de la surface, de la commune, du d\u00e9partement et, en \u00cele-de-France, d\u2019une \u00e9ventuelle part r\u00e9gionale.<\/p>\n<h2 style=\"text-align: justify;\">Taxe abri de jardin 2026 : les nouveaux montants au m\u00b2<\/h2>\n<p style=\"text-align: justify;\">Pour 2026, la valeur forfaitaire utilis\u00e9e pour calculer la taxe d\u2019am\u00e9nagement est fix\u00e9e \u00e0 :<\/p>\n<ul style=\"text-align: justify;\">\n<li><strong>892 \u20ac par m\u00b2 hors \u00cele-de-France<\/strong><\/li>\n<li><strong>1 011 \u20ac par m\u00b2 en \u00cele-de-France<\/strong><\/li>\n<\/ul>\n<p style=\"text-align: justify;\">Ce montant n\u2019est pas directement ce que vous payez. Il sert de base de calcul, \u00e0 laquelle s\u2019appliquent ensuite les taux vot\u00e9s localement.<\/p>\n<h2 style=\"text-align: justify;\">Quels abris sont concern\u00e9s ?<\/h2>\n<p style=\"text-align: justify;\">La taxe peut concerner les constructions closes et couvertes de plus de 5 m\u00b2, avec une hauteur sous plafond d\u2019au moins 1,80 m.<\/p>\n<p style=\"text-align: justify;\">Sont notamment concern\u00e9s :<\/p>\n<ul style=\"text-align: justify;\">\n<li>les abris de jardin ferm\u00e9s ;<\/li>\n<li>les garages ;<\/li>\n<li>certaines annexes ext\u00e9rieures ;<\/li>\n<li>les constructions n\u00e9cessitant une d\u00e9claration pr\u00e9alable ou un permis.<\/li>\n<\/ul>\n<p style=\"text-align: justify;\">Un petit abri de moins de 5 m\u00b2 peut donc \u00e9chapper \u00e0 cette taxe, sous r\u00e9serve de respecter les r\u00e8gles d\u2019urbanisme locales.<\/p>\n<h2 style=\"text-align: justify;\">Comment calculer la taxe abri en 2026 ?<\/h2>\n<p style=\"text-align: justify;\">La formule simplifi\u00e9e est la suivante :<\/p>\n<p style=\"text-align: justify;\"><strong>Surface taxable \u00d7 valeur forfaitaire \u00d7 taux local<\/strong><\/p>\n<p style=\"text-align: justify;\">Le taux local additionne g\u00e9n\u00e9ralement une part communale et une part d\u00e9partementale. En \u00cele-de-France, une part r\u00e9gionale peut aussi s\u2019ajouter.<\/p>\n<h2 style=\"text-align: justify;\">Exemples de taxe selon la surface<\/h2>\n<table>\n<thead>\n<tr>\n<th>Surface de l\u2019abri<\/th>\n<th>Base hors \u00cele-de-France<\/th>\n<th>Base en \u00cele-de-France<\/th>\n<\/tr>\n<\/thead>\n<tbody>\n<tr>\n<td>6 m\u00b2<\/td>\n<td>5 352 \u20ac<\/td>\n<td>6 066 \u20ac<\/td>\n<\/tr>\n<tr>\n<td>10 m\u00b2<\/td>\n<td>8 920 \u20ac<\/td>\n<td>10 110 \u20ac<\/td>\n<\/tr>\n<tr>\n<td>15 m\u00b2<\/td>\n<td>13 380 \u20ac<\/td>\n<td>15 165 \u20ac<\/td>\n<\/tr>\n<tr>\n<td>20 m\u00b2<\/td>\n<td>17 840 \u20ac<\/td>\n<td>20 220 \u20ac<\/td>\n<\/tr>\n<\/tbody>\n<\/table>\n<p style=\"text-align: justify;\">Attention : ces montants correspondent \u00e0 la base taxable, pas au montant final \u00e0 payer. Pour obtenir la taxe r\u00e9elle, il faut appliquer les taux de votre commune et de votre d\u00e9partement.<\/p>\n<h2 style=\"text-align: justify;\">Pourquoi deux abris identiques ne co\u00fbtent pas la m\u00eame taxe ?<\/h2>\n<p style=\"text-align: justify;\">Deux abris de 10 m\u00b2 peuvent g\u00e9n\u00e9rer deux montants tr\u00e8s diff\u00e9rents selon leur localisation. Une commune peut voter un taux plus \u00e9lev\u00e9 qu\u2019une autre, ce qui modifie fortement le montant final.<\/p>\n<p style=\"text-align: justify;\">C\u2019est pourquoi il est toujours conseill\u00e9 de v\u00e9rifier les taux applicables aupr\u00e8s de votre mairie avant de lancer votre projet.<\/p>\n<p><img decoding=\"async\" loading=\"lazy\" class=\"aligncenter wp-image-15671 size-full\" style=\"border: 1px solid #000000;\" src=\"https:\/\/www.franceabris.com\/BLOG\/wp-content\/uploads\/2025\/06\/abri-de-jardin-taxe-hausse.webp\" alt=\"la taxe d'abri de jardin a augment\u00e9 en 2026\" width=\"1200\" height=\"800\" srcset=\"https:\/\/www.franceabris.com\/BLOG\/wp-content\/uploads\/2025\/06\/abri-de-jardin-taxe-hausse.webp 1200w, https:\/\/www.franceabris.com\/BLOG\/wp-content\/uploads\/2025\/06\/abri-de-jardin-taxe-hausse-360x240.webp 360w, https:\/\/www.franceabris.com\/BLOG\/wp-content\/uploads\/2025\/06\/abri-de-jardin-taxe-hausse-607x405.webp 607w, https:\/\/www.franceabris.com\/BLOG\/wp-content\/uploads\/2025\/06\/abri-de-jardin-taxe-hausse-147x98.webp 147w, https:\/\/www.franceabris.com\/BLOG\/wp-content\/uploads\/2025\/06\/abri-de-jardin-taxe-hausse-768x512.webp 768w\" sizes=\"(max-width: 1200px) 100vw, 1200px\" \/><\/p>\n<h2 style=\"text-align: justify;\">Faut-il d\u00e9clarer son abri de jardin ?<\/h2>\n<p style=\"text-align: justify;\">Dans la majorit\u00e9 des cas, un abri de jardin de plus de 5 m\u00b2 n\u00e9cessite au minimum une d\u00e9claration pr\u00e9alable de travaux. Au-del\u00e0 de certains seuils, un permis de construire peut \u00eatre demand\u00e9.<\/p>\n<p style=\"text-align: justify;\">La r\u00e8gle d\u00e9pend aussi du plan local d\u2019urbanisme, de la zone concern\u00e9e et de la surface totale du projet.<\/p>\n<h2 style=\"text-align: justify;\">Comment r\u00e9duire le montant de la taxe ?<\/h2>\n<p style=\"text-align: justify;\">Plusieurs choix peuvent limiter l\u2019impact fiscal :<\/p>\n<ul style=\"text-align: justify;\">\n<li>choisir un abri de moins de 5 m\u00b2 si l\u2019usage le permet ;<\/li>\n<li>opter pour une structure ouverte non close ;<\/li>\n<li>adapter la surface au besoin r\u00e9el ;<\/li>\n<li>v\u00e9rifier les \u00e9ventuelles exon\u00e9rations locales ;<\/li>\n<li>se renseigner en mairie avant l\u2019achat.<\/li>\n<\/ul>\n<h2 style=\"text-align: justify;\">Le bon r\u00e9flexe avant d\u2019acheter un abri<\/h2>\n<p style=\"text-align: justify;\">Avant de choisir votre mod\u00e8le, pensez \u00e0 comparer la surface utile, les d\u00e9marches d\u2019urbanisme et le co\u00fbt fiscal potentiel. Un abri plus grand offre davantage de confort, mais peut aussi entra\u00eener une taxe plus \u00e9lev\u00e9e.<\/p>\n<p style=\"text-align: justify;\">Le bon choix n\u2019est donc pas seulement esth\u00e9tique ou pratique : il doit aussi tenir compte de votre terrain, de vos besoins et de la fiscalit\u00e9 locale.<\/p>\n<h2 style=\"text-align: justify;\">Questions fr\u00e9quentes sur la taxe abri 2026<\/h2>\n<h3 style=\"text-align: justify;\">La taxe abri est-elle annuelle ?<\/h3>\n<p style=\"text-align: justify;\">Non. La taxe d\u2019am\u00e9nagement est g\u00e9n\u00e9ralement due une seule fois, apr\u00e8s l\u2019autorisation d\u2019urbanisme.<\/p>\n<h3 style=\"text-align: justify;\">Un abri de moins de 5 m\u00b2 est-il tax\u00e9 ?<\/h3>\n<p style=\"text-align: justify;\">En principe, les constructions de 5 m\u00b2 ou moins ne sont pas soumises \u00e0 la taxe d\u2019am\u00e9nagement, sous r\u00e9serve des r\u00e8gles locales.<\/p>\n<h3 style=\"text-align: justify;\">La taxe est-elle la m\u00eame partout en France ?<\/h3>\n<p style=\"text-align: justify;\">Non. La base forfaitaire est nationale, mais les taux locaux varient selon les communes et les d\u00e9partements.<\/p>\n<h3 style=\"text-align: justify;\">Un abri d\u00e9montable est-il concern\u00e9 ?<\/h3>\n<p style=\"text-align: justify;\">Oui, un abri d\u00e9montable peut \u00eatre concern\u00e9 s\u2019il cr\u00e9e une surface taxable et r\u00e9pond aux crit\u00e8res de la taxe.<\/p>\n<h3 style=\"text-align: justify;\">Comment conna\u00eetre le montant exact \u00e0 payer ?<\/h3>\n<p style=\"text-align: justify;\">Il faut conna\u00eetre la surface taxable, la valeur forfaitaire applicable et les taux vot\u00e9s par votre commune et votre d\u00e9partement.<\/p>\n","protected":false},"excerpt":{"rendered":"<p>Installer un abri de jardin, un garage ou une annexe ext\u00e9rieure peut entra\u00eener une taxe souvent appel\u00e9e \u201ctaxe abri de jardin\u201d. Son vrai nom : la taxe d\u2019am\u00e9nagement. En 2026, bonne nouvelle : les valeurs forfaitaires baissent. Mais attention, cela ne veut pas dire que tout le monde paiera la m\u00eame chose. Le montant d\u00e9pend &hellip; <a href=\"https:\/\/www.franceabris.com\/BLOG\/taxe-abri-de-jardin-2026-voici-ce-qui-a-vraiment-change-et-ce-que-vous-payez-selon-vos-m%c2%b2\/\" class=\"more-link\">Continuer la lecture de <span class=\"screen-reader-text\">Taxe abri de jardin 2026 : voici ce qui a vraiment chang\u00e9 et ce que vous payez selon vos m\u00b2<\/span><\/a><\/p>\n","protected":false},"author":4,"featured_media":15789,"comment_status":"closed","ping_status":"closed","sticky":false,"template":"","format":"standard","meta":[],"categories":[2],"tags":[],"_links":{"self":[{"href":"https:\/\/www.franceabris.com\/BLOG\/wp-json\/wp\/v2\/posts\/15787"}],"collection":[{"href":"https:\/\/www.franceabris.com\/BLOG\/wp-json\/wp\/v2\/posts"}],"about":[{"href":"https:\/\/www.franceabris.com\/BLOG\/wp-json\/wp\/v2\/types\/post"}],"author":[{"embeddable":true,"href":"https:\/\/www.franceabris.com\/BLOG\/wp-json\/wp\/v2\/users\/4"}],"replies":[{"embeddable":true,"href":"https:\/\/www.franceabris.com\/BLOG\/wp-json\/wp\/v2\/comments?post=15787"}],"version-history":[{"count":0,"href":"https:\/\/www.franceabris.com\/BLOG\/wp-json\/wp\/v2\/posts\/15787\/revisions"}],"wp:featuredmedia":[{"embeddable":true,"href":"https:\/\/www.franceabris.com\/BLOG\/wp-json\/wp\/v2\/media\/15789"}],"wp:attachment":[{"href":"https:\/\/www.franceabris.com\/BLOG\/wp-json\/wp\/v2\/media?parent=15787"}],"wp:term":[{"taxonomy":"category","embeddable":true,"href":"https:\/\/www.franceabris.com\/BLOG\/wp-json\/wp\/v2\/categories?post=15787"},{"taxonomy":"post_tag","embeddable":true,"href":"https:\/\/www.franceabris.com\/BLOG\/wp-json\/wp\/v2\/tags?post=15787"}],"curies":[{"name":"wp","href":"https:\/\/api.w.org\/{rel}","templated":true}]}}