{"id":2445,"date":"2013-10-31T14:59:09","date_gmt":"2013-10-31T13:59:09","guid":{"rendered":"http:\/\/www.franceabris.com\/BLOG\/?p=2445"},"modified":"2014-01-07T16:38:36","modified_gmt":"2014-01-07T15:38:36","slug":"equipage-badel-titre-champion-france-rallyes-finir-en-beaute","status":"publish","type":"post","link":"https:\/\/www.franceabris.com\/BLOG\/equipage-badel-titre-champion-france-rallyes-finir-en-beaute\/","title":{"rendered":"Equipage Badel, un titre de Champion de France des rallyes pour finir en beaut\u00e9 !"},"content":{"rendered":"<p style=\"text-align: justify;\">La pression est retomb\u00e9e et la fatigue \u00e9vacu\u00e9e\u2026 10 jours apr\u00e8s <strong>son (tr\u00e8s beau) succ\u00e8s en Finale F2000 de la Coupe de France des Rallyes<\/strong>, France Abris est all\u00e9 \u00e0 la rencontre de Thomas Badel pour partager avec lui ses instants m\u00e9morables.<br \/>\n<!--more--><\/p>\n<p style=\"text-align: justify;\">C\u2019\u00e9tait un peu l\u2019histoire de <strong>David contre Goliath<\/strong>.\u00a0La \u2018petite\u2019 voiture de Thomas Badel ne pouvait pas rivaliser face \u00e0 des voitures d\u2019usine de derni\u00e8re g\u00e9n\u00e9ration. Et pourtant !\u00a0Men\u00e9e de main de ma\u00eetre, la <strong>Clio Williams<\/strong> a tenu la drag\u00e9e haute aux meilleurs pilotes.\u00a0\u00ab D\u2019apr\u00e8s les sp\u00e9cialistes, notre performance\u00a0 a \u00e9t\u00e9 assez inhabituelle \u00e0 ce niveau \u00bb nous confie Thomas.<\/p>\n<h2 style=\"text-align: justify;\">La route (sinueuse) vers le succ\u00e8s<\/h2>\n<p style=\"text-align: justify;\"><span class=\"Apple-style-span\" style=\"line-height: 24px; font-size: 14px; font-weight: normal;\">\u00ab A partir du Rallye du Tri\u00e8ves (Is\u00e8re) en ao\u00fbt, nous n\u2019avons plus eu de probl\u00e8mes m\u00e9caniques et plus aucun abandon, on a alors pu encha\u00eener les victoires.\u00a0<\/span><span class=\"Apple-style-span\" style=\"line-height: 24px; font-size: 14px; font-weight: normal;\">Tout au long de l\u2019ann\u00e9e on a fait \u00e9voluer la voiture, on a peaufin\u00e9 les r\u00e9glages et apporter des modifications. <strong>Je n\u2019ai jamais roul\u00e9 dans la m\u00eame configuration d\u2019une course \u00e0 une autre<\/strong>.<br \/>\n<\/span><span class=\"Apple-style-span\" style=\"line-height: 24px; font-size: 14px; font-weight: normal;\">On avait aussi pris l\u2019option d\u2019un <strong>roulage intensif<\/strong>. Le fait d\u2019avoir fait beaucoup de kilom\u00e8tres, beaucoup de courses, nous a permis d\u2019avoir plus d\u2019automatisme et d\u2019\u00eatre performant en course tout de suite.\u00a0<\/span><span class=\"Apple-style-span\" style=\"line-height: 24px; font-size: 14px; font-weight: normal;\">Ce sont tout ces petits d\u00e9tails qui nous ont men\u00e9 au succ\u00e8s \u00e0 Oyonnax.<br \/>\n<\/span><span class=\"Apple-style-span\" style=\"line-height: 24px; font-size: 14px; font-weight: normal;\">D\u2019autant plus que le niveau de la finale \u00e9tait cette ann\u00e9e tr\u00e8s \u00e9lev\u00e9. Les meilleurs coureurs de chaque r\u00e9gion \u00e9taient pr\u00e9sents jusqu\u2019au bout \u00bb.\u00a0<\/span><\/p>\n<p style=\"text-align: center;\"><a href=\"http:\/\/www.franceabris.com\/BLOG\/wp-content\/uploads\/2013\/10\/1375236_410522202408700_1466641059_n.jpg\"><img decoding=\"async\" loading=\"lazy\" class=\"aligncenter  wp-image-2465\" style=\"border-width: 2px; border-color: black; border-style: solid;\" alt=\"1375236_410522202408700_1466641059_n\" src=\"http:\/\/www.franceabris.com\/BLOG\/wp-content\/uploads\/2013\/10\/1375236_410522202408700_1466641059_n.jpg\" width=\"960\" height=\"638\" srcset=\"https:\/\/www.franceabris.com\/BLOG\/wp-content\/uploads\/2013\/10\/1375236_410522202408700_1466641059_n.jpg 960w, https:\/\/www.franceabris.com\/BLOG\/wp-content\/uploads\/2013\/10\/1375236_410522202408700_1466641059_n-147x98.jpg 147w, https:\/\/www.franceabris.com\/BLOG\/wp-content\/uploads\/2013\/10\/1375236_410522202408700_1466641059_n-361x240.jpg 361w, https:\/\/www.franceabris.com\/BLOG\/wp-content\/uploads\/2013\/10\/1375236_410522202408700_1466641059_n-607x403.jpg 607w, https:\/\/www.franceabris.com\/BLOG\/wp-content\/uploads\/2013\/10\/1375236_410522202408700_1466641059_n-624x414.jpg 624w\" sizes=\"(max-width: 960px) 100vw, 960px\" \/><\/a><\/p>\n<h2 style=\"text-align: justify;\">Les dispositions psychologiques d\u2019Aur\u00e9lie et Thomas avant la course<\/h2>\n<p style=\"text-align: justify;\">\u00ab J\u2019\u00e9tais confiant et \u00e0 l\u2019aise parce qu\u2019on avait \u00e9norm\u00e9ment boss\u00e9 en amont pour pr\u00e9parer la course. On sortait d\u2019une s\u00e9rie de 4 victoires avec aucun probl\u00e8me m\u00e9canique en vue.\u00a0Je savais que l\u2019aspect mental serait primordial et que certains pouvaient faiblir de ce c\u00f4t\u00e9 l\u00e0.<br \/>\nJ\u2019ai senti Aur\u00e9lie, ma co-pilote et n\u00e9anmoins ma femme, beaucoup plus sereine dans sa gestion autour des rallyes et dans le travail des notes \u00bb.<\/p>\n<p style=\"text-align: justify;\"><strong>Une vid\u00e9o embarqu\u00e9e prenante qui t\u00e9moigne de l&rsquo;importance du co-pilote, de la pr\u00e9cision du travail et de l&rsquo;intensit\u00e9 dans la voix \u00e0 donner !<\/strong><\/p>\n<p><iframe loading=\"lazy\" src=\"\/\/www.youtube.com\/embed\/xD6fOY3u5bE\" height=\"315\" width=\"560\" allowfullscreen=\"\" frameborder=\"0\"><\/iframe><\/p>\n<h2 style=\"text-align: justify;\">Chronologie de la course<\/h2>\n<p style=\"text-align: justify;\"><strong><em>Vendredi 18 octobre<br \/>\n<\/em><\/strong>Thomas et Aur\u00e9lie rentrent de plain-pied dans le rallye avec la sp\u00e9ciale de repositionnement qui d\u00e9termine l\u2019ordre de d\u00e9part. L\u2019\u00e9quipage Badel part en 4\u00e8me position\u2026<\/p>\n<p style=\"text-align: justify;\"><strong>Place ensuite aux trois sp\u00e9ciales de nuit :<br \/>\n<\/strong>La 1\u00e8re sp\u00e9ciale n\u2019est autre que sur le <strong>Chemin de la Guerre long de 21 km<\/strong>.<br \/>\n\u00ab On se positionne tout de suite tr\u00e8s bien avec une <strong>4\u00e8me place \u00e0 38,7 secondes de Ludovic Gherardi<\/strong>, futur vainqueur de l\u2019\u00e9preuve.\u00a0J\u2019ai attaqu\u00e9 mais j\u2019avais une marge de s\u00e9curit\u00e9 l\u00e0 o\u00f9 certains pensaient qu\u2019on \u00e9tait parti pied aux planchers !<br \/>\nApr\u00e8s pour les 2 autres sp\u00e9ciales du vendredi, on \u00e9tait dans la d\u00e9couverte totale, on ne connaissait pas la route, on a donc pris partie de g\u00e9rer plut\u00f4t que de prendre des risques. Au soir de ces 3 sp\u00e9ciales, on avait <strong>13 secondes d\u2019avance<\/strong> sur nos concurrents direct pour le titre en F2000 \u00bb.<\/p>\n<p style=\"text-align: center;\"><img decoding=\"async\" loading=\"lazy\" class=\"aligncenter  wp-image-2472\" style=\"border-width: 2px; border-color: black; border-style: solid;\" alt=\"Thomas Badel\" src=\"http:\/\/www.franceabris.com\/BLOG\/wp-content\/uploads\/2013\/10\/1383688_10200762281568465_1988268644_n.jpg\" width=\"400\" height=\"300\" \/><em><strong>Cr\u00e9dit photo &#8211; Patrick de Guign\u00e9\u00a0<\/strong><\/em><\/p>\n<p style=\"text-align: justify;\"><strong><em>Samedi 19 octobre<br \/>\n<\/em><\/strong>1\u00e8re course de la journ\u00e9e, Thomas Badel se d\u00e9cha\u00eene !<br \/>\n\u00ab On repart sur le chemin de la Guerre, une route que je connais bien pour l\u2019avoir d\u00e9j\u00e0 pratiqu\u00e9 sur d\u2019autres rallyes. Il s\u2019agit d\u2019une <strong>sp\u00e9ciale qui r\u00e9unit beaucoup de difficult\u00e9s<\/strong> avec une route humide, des graviers, des rochers et des ravins \u00e0 gauche et droite. Mais c\u2019est ce que j\u2019aime !<\/p>\n<p style=\"text-align: justify;\">J\u2019ai attaqu\u00e9 avec des pneus neufs et on a r\u00e9ussi \u00e0 faire le <strong>2\u00e8me temps scratch absolu au g\u00e9n\u00e9ral \u00e0 3 secondes de J\u00e9r\u00f4me Chavanne<\/strong> et de sa Peugeot 207 S2000. On dispose alors d\u2019environ 40 secondes en cumul\u00e9 sur le 2\u00e8me de notre classe.<br \/>\nUne belle avance qui nous sera tr\u00e8s utile puisqu\u2019on a <strong>cass\u00e9 le levier de vitesse dans la 6\u00e8me sp\u00e9ciale<\/strong>\u2026 Heureusement, mon assistance a \u00e9t\u00e9 super efficace et on a perdu que 20 secondes au g\u00e9n\u00e9ral.<br \/>\nSur les 3 derni\u00e8res sp\u00e9ciales, on ne voulait pas faire de b\u00eatises, ne pas partir \u00e0 la faute. On voulait assurer dans les endroits pi\u00e8ges, mais il n\u2019\u00e9tait pas question de gestion de course. <strong>On a roul\u00e9 soutenu jusqu\u2019au bout<\/strong> \u00bb.<\/p>\n<p style=\"text-align: left;\"><strong>Des retours presse important &#8230; avec notamment 1\/2 page dans le magazine Echappement :<br \/>\n<a href=\"http:\/\/www.franceabris.com\/BLOG\/wp-content\/uploads\/2013\/10\/ArticleEchappement.pdf\" target=\"_blank\"><img decoding=\"async\" loading=\"lazy\" class=\"aligncenter  wp-image-2468\" style=\"border-width: 2px; border-color: black; border-style: solid;\" alt=\"ArticleEchappement\" src=\"http:\/\/www.franceabris.com\/BLOG\/wp-content\/uploads\/2013\/10\/ArticleEchappement.jpg\" width=\"750\" height=\"600\" srcset=\"https:\/\/www.franceabris.com\/BLOG\/wp-content\/uploads\/2013\/10\/ArticleEchappement.jpg 1624w, https:\/\/www.franceabris.com\/BLOG\/wp-content\/uploads\/2013\/10\/ArticleEchappement-122x98.jpg 122w, https:\/\/www.franceabris.com\/BLOG\/wp-content\/uploads\/2013\/10\/ArticleEchappement-300x240.jpg 300w, https:\/\/www.franceabris.com\/BLOG\/wp-content\/uploads\/2013\/10\/ArticleEchappement-546x437.jpg 546w, https:\/\/www.franceabris.com\/BLOG\/wp-content\/uploads\/2013\/10\/ArticleEchappement-624x498.jpg 624w\" sizes=\"(max-width: 750px) 100vw, 750px\" \/><\/a><\/strong><\/p>\n<p style=\"text-align: justify;\"><span class=\"Apple-style-span\" style=\"font-size: 18px; font-weight: bold; line-height: 28px;\">Apr\u00e8s 9 sp\u00e9ciales et 130 km parcourus, la d\u00e9livrance !<\/span><\/p>\n<p style=\"text-align: justify;\">C\u2019est fait ! <strong>Aur\u00e9lie et Thomas remportent la finale F2000 de la Coupe de France des Rallyes<\/strong> \u00e0 3mn11s3 de la Ford Fiesta RRC pilot\u00e9 par Gherardi.<br \/>\nIls rel\u00e8guent \u00e0 plus de 39 secondes Rapha\u00ebl Michaud, leur principal concurrent en F2000.<br \/>\n\u00ab Quand on passe la ligne d\u2019arriv\u00e9e c\u2019est \u00e9videmment <strong>l\u2019\u00e9motion qui pr\u00e9domine m\u00eame si on a encore l\u2019adr\u00e9naline qui coule dans nos veines !<\/strong>\u00a0On a tout de suite \u00e9t\u00e9 assailli par les journalistes et la TV, c\u2019\u00e9tait dingue\u00a0\u00bb.<\/p>\n<p><strong>Retrouvez ici l&rsquo;une des nombreuses interviews donn\u00e9e par Thomas lors de ce week-end (disponible \u00e0 partir de 11&rsquo;50s) :\u00a0<\/strong><a href=\"http:\/\/www.youtube.com\/watch?v=D0q2D210A3g\" target=\"_blank\"><img decoding=\"async\" loading=\"lazy\" class=\"aligncenter  wp-image-2476\" alt=\"Interview Thomas Badel TV Belge\" src=\"http:\/\/www.franceabris.com\/BLOG\/wp-content\/uploads\/2013\/10\/Capture-d\u2019\u00e9cran-2013-10-30-\u00e0-16.34.57.png\" width=\"637\" height=\"387\" srcset=\"https:\/\/www.franceabris.com\/BLOG\/wp-content\/uploads\/2013\/10\/Capture-d\u2019\u00e9cran-2013-10-30-\u00e0-16.34.57.png 637w, https:\/\/www.franceabris.com\/BLOG\/wp-content\/uploads\/2013\/10\/Capture-d\u2019\u00e9cran-2013-10-30-\u00e0-16.34.57-161x98.png 161w, https:\/\/www.franceabris.com\/BLOG\/wp-content\/uploads\/2013\/10\/Capture-d\u2019\u00e9cran-2013-10-30-\u00e0-16.34.57-395x240.png 395w, https:\/\/www.franceabris.com\/BLOG\/wp-content\/uploads\/2013\/10\/Capture-d\u2019\u00e9cran-2013-10-30-\u00e0-16.34.57-607x368.png 607w, https:\/\/www.franceabris.com\/BLOG\/wp-content\/uploads\/2013\/10\/Capture-d\u2019\u00e9cran-2013-10-30-\u00e0-16.34.57-624x379.png 624w\" sizes=\"(max-width: 637px) 100vw, 637px\" \/><\/a><br \/>\n\u00ab\u00a0On a eu la chance d\u2019avoir la pr\u00e9sence de notre famille et de beaucoup de nos amis pour partager ce moment.\u00a0Mais au final on a commenc\u00e9 \u00e0 r\u00e9aliser uniquement le lundi quand on est rentr\u00e9s chez nous et qu\u2019on a vu les commentaires et les messages sur Facebook. Mon compte a d\u2019ailleurs \u00e9t\u00e9 bloqu\u00e9 pendant plusieurs jours suite au titre !<\/p>\n<p style=\"text-align: justify;\"><strong> La satisfaction vient aussi du fait qu\u2019on \u00e9tait pas dans la short list des favoris.<\/strong> On aurait pu douter par les pronostics donn\u00e9s mais on la voulait cette victoire !<br \/>\nEn terminant 4\u00e8me au g\u00e9n\u00e9ral entour\u00e9 de 207 et 306 voitures d\u2019usine qui ont des budgets 3 \u00e0 10 fois sup\u00e9rieurs aux n\u00f4tres, on a r\u00e9alis\u00e9 une grosse performance.<br \/>\nCe f\u00fbt une course qui restera pour nous grav\u00e9e dans nos m\u00e9moires et un titre <strong>qui r\u00e9compense des ann\u00e9es de travail, de sacrifices et d\u2019abn\u00e9gation<\/strong> \u00bb.<\/p>\n<p><strong>Vid\u00e9o sur le duel \u00e0 distance entre Thomas et Rapha\u00ebl Michaud :<\/strong><\/p>\n<p><iframe loading=\"lazy\" src=\"\/\/www.youtube.com\/embed\/8dk0Z44Of-o\" height=\"315\" width=\"420\" allowfullscreen=\"\" frameborder=\"0\"><\/iframe><\/p>\n<h2 style=\"text-align: justify;\">Les ambitions pour la saison 2014<\/h2>\n<p style=\"text-align: justify;\">Le rideau vient de tomber sur la saison 2013, il est temps d\u00e9sormais pour Thomas et Aur\u00e9lie de lister leurs objectifs pour 2014.<br \/>\nEn plein dans la recherche de sponsors, Thomas nous confie :<br \/>\n\u00ab Nous allons garder notre Clio Williams mais nous souhaitons l\u2019am\u00e9liorer pour qu\u2019elle soit encore plus performante. On va donc installer un moteur plus gros, des jantes d\u2019une taille au dessus, de meilleurs freins et on va travailler sur le ch\u00e2ssis.<br \/>\nApr\u00e8s nous allons essayer de <strong>louer sur une ou deux manches du Championnat de France une autre voiture aux capacit\u00e9s plus \u00e9lev\u00e9es<\/strong> et changer de cat\u00e9gorie \u2026 Pourquoi pas rouler ponctuellement en DS3 ou Clio R3 ? Enfin si le budget nous le permet !<br \/>\nOn aimerait \u00e9galement <strong>faire un rallye sur neige<\/strong> pour de nouvelles sensations.<\/p>\n<p style=\"text-align: justify;\">Et nous avons d\u00e9cid\u00e9 pour 2014 de participer \u00e0 des grosses manches du Championnat de France. On veut se mesurer \u00e0 d\u2019autres concurrents nationaux.\u00a0On travail sur le calendrier mais on pourrait bien nous croiser sur les <strong>rallyes du Mont Blanc, du Touquet, des Vins-M\u00e2con et bien s\u00fbr de Charbonni\u00e8res<\/strong>.<br \/>\nNous avons beaucoup roul\u00e9 sur les \u00e9tapes r\u00e9gionales, il est temps pour nous de participer \u00e0 des rallyes plus long o\u00f9 le <strong>travail des notes, la condition physique, l\u2019endurance et la r\u00e9sistance de la voiture<\/strong> sont des param\u00e8tres essentiels.<br \/>\nDerri\u00e8re ces nouveaux challenges sportifs nous avons pour volont\u00e9 de progresser m\u00eame si l\u2019on sera moins haut dans le classement avec une concurrence plus rude.<\/p>\n<p style=\"text-align: justify;\">Quoi qu\u2019il en soit je reste lucide et \u00e0 ma place, le manque d\u2019argent et mon \u00e2ge nous emp\u00eacheront d\u2019acc\u00e9der \u00e0 des cat\u00e9gories vraiment sup\u00e9rieures. Notre volont\u00e9 est de <strong>durer dans le temps et de nous construire un palmar\u00e8s en Coupe de France et en Championnat<\/strong> \u00bb.<\/p>\n<p style=\"text-align: justify;\"><span class=\"Apple-style-span\" style=\"font-size: 18px; font-weight: bold; line-height: 28px;\">Retour en quelques chiffres sur la finale de la Clio Williams :<\/span><\/p>\n<ul style=\"text-align: justify;\">\n<li style=\"text-align: justify;\">7 podiums dont 5 victoires pour acc\u00e9der aux sp\u00e9ciales d\u2019Oyonnax,<\/li>\n<li style=\"text-align: justify;\">39 qualifi\u00e9s en cat\u00e9gorie F2000,<\/li>\n<li style=\"text-align: justify;\">177 des meilleurs \u00e9quipages sur le plan r\u00e9gional et national,<\/li>\n<li style=\"text-align: justify;\">9 sp\u00e9ciales,<\/li>\n<li style=\"text-align: justify;\">130 kilom\u00e8tres de course.<\/li>\n<\/ul>\n<p style=\"text-align: justify;\"><strong><span class=\"Apple-style-span\" style=\"line-height: 24px;\">France Abris tire un grand coup de chapeau \u00e0 Aur\u00e9lie et Thomas pour leur r\u00e9gularit\u00e9 tout au long de la saison et pour avoir ponctu\u00e9 tout cela de fa\u00e7on majestueuse avec un titre.<\/span><\/strong><\/p>\n<p><span class=\"Apple-style-span\" style=\"line-height: 24px;\"><em>France Abris est\u00a0<a href=\"http:\/\/www.franceabris.com\/BLOG\/thomas-badel-france-abris-aventure-humaine\/\" target=\"_blank\">partenaire de Thomas BADEL<\/a>\u00a0pour cette saison 2013.<\/em><\/span><span class=\"Apple-style-span\" style=\"line-height: 24px;\"><br \/>\n<\/span><span class=\"Apple-style-span\" style=\"line-height: 24px;\"><em>Au travers de ce blog, nous souhaitons mettre en lumi\u00e8re ses r\u00e9sultats mais \u00e9galement toutes les \u00e9tapes inh\u00e9rentes \u00e0 son parcours sur les routes r\u00e9gionales et nationales : coulisses, pr\u00e9paratifs techniques, anecdotes et passion.<\/em><\/span><strong><span class=\"Apple-style-span\" style=\"line-height: 24px;\"><br \/>\n<\/span><\/strong><\/p>\n","protected":false},"excerpt":{"rendered":"<p>La pression est retomb\u00e9e et la fatigue \u00e9vacu\u00e9e\u2026 10 jours apr\u00e8s son (tr\u00e8s beau) succ\u00e8s en Finale F2000 de la Coupe de France des Rallyes, France Abris est all\u00e9 \u00e0 la rencontre de Thomas Badel pour partager avec lui ses instants m\u00e9morables.<\/p>\n","protected":false},"author":2,"featured_media":2463,"comment_status":"closed","ping_status":"closed","sticky":false,"template":"","format":"standard","meta":[],"categories":[8],"tags":[],"_links":{"self":[{"href":"https:\/\/www.franceabris.com\/BLOG\/wp-json\/wp\/v2\/posts\/2445"}],"collection":[{"href":"https:\/\/www.franceabris.com\/BLOG\/wp-json\/wp\/v2\/posts"}],"about":[{"href":"https:\/\/www.franceabris.com\/BLOG\/wp-json\/wp\/v2\/types\/post"}],"author":[{"embeddable":true,"href":"https:\/\/www.franceabris.com\/BLOG\/wp-json\/wp\/v2\/users\/2"}],"replies":[{"embeddable":true,"href":"https:\/\/www.franceabris.com\/BLOG\/wp-json\/wp\/v2\/comments?post=2445"}],"version-history":[{"count":0,"href":"https:\/\/www.franceabris.com\/BLOG\/wp-json\/wp\/v2\/posts\/2445\/revisions"}],"wp:featuredmedia":[{"embeddable":true,"href":"https:\/\/www.franceabris.com\/BLOG\/wp-json\/wp\/v2\/media\/2463"}],"wp:attachment":[{"href":"https:\/\/www.franceabris.com\/BLOG\/wp-json\/wp\/v2\/media?parent=2445"}],"wp:term":[{"taxonomy":"category","embeddable":true,"href":"https:\/\/www.franceabris.com\/BLOG\/wp-json\/wp\/v2\/categories?post=2445"},{"taxonomy":"post_tag","embeddable":true,"href":"https:\/\/www.franceabris.com\/BLOG\/wp-json\/wp\/v2\/tags?post=2445"}],"curies":[{"name":"wp","href":"https:\/\/api.w.org\/{rel}","templated":true}]}}