{"id":271,"date":"2013-02-15T18:33:26","date_gmt":"2013-02-15T17:33:26","guid":{"rendered":"http:\/\/www.franceabris.com\/BLOG\/?p=271"},"modified":"2024-05-07T14:40:03","modified_gmt":"2024-05-07T13:40:03","slug":"gamme-france-abris-un-montage-simple-et-rapide-sans-outil","status":"publish","type":"post","link":"https:\/\/www.franceabris.com\/BLOG\/gamme-france-abris-un-montage-simple-et-rapide-sans-outil\/","title":{"rendered":"Gamme FRANCE ABRIS : des abris de jardin et garages, d&rsquo;un montage simple et rapide, sans outil !"},"content":{"rendered":"<p style=\"text-align: justify;\">D\u00e9couvrez en vid\u00e9o la <strong>simplicit\u00e9 de montage<\/strong> de la <strong>gamme FRANCE ABRIS<\/strong>, qui se d\u00e9cline en abris de jardin et garages en acier galvanis\u00e9 brut ou peint, selon la finition choisie. Incroyable, un <strong>abri mont\u00e9 en 30 minutes chrono<\/strong>, la preuve en image&#8230;<\/p>\n<p style=\"text-align: justify;\"><!--more--><\/p>\n<h2 style=\"text-align: justify;\">Des vid\u00e9os de montage, r\u00e9alis\u00e9es sans trucage<\/h2>\n<p style=\"text-align: justify;\">En effet, comme il est toujours plus facile de pr\u00e9senter des vid\u00e9os commerciales ou des plaquettes qui vantent la <strong>simplicit\u00e9 du montage<\/strong> d&rsquo;un abri, et que parfois lorsqu&rsquo;on re\u00e7oit ce produit on peut \u00eatre un peu surpris (je suis sur que cela a du d\u00e9j\u00e0 vous arriver), nous vous proposons de visionner le <strong>montage des abris de la gamme FRANCE ABRIS<\/strong>, vid\u00e9o r\u00e9alis\u00e9e<strong> sans trucage<\/strong>, et montrant les \u00e9tapes de montage de A \u00e0 Z.<\/p>\n<h2 style=\"text-align: justify;\">Montage d&rsquo;un abri de jardin ou garage, en 30 minutes chrono<\/h2>\n<p style=\"text-align: justify;\"><img decoding=\"async\" loading=\"lazy\" class=\"size-medium wp-image-284 alignleft\" style=\"border: 2px solid black;\" title=\"Montage abri m\u00e9tal simple et rapide \" src=\"http:\/\/www.franceabris.com\/BLOG\/wp-content\/uploads\/2013\/02\/MontageAbriMetal2-218x160.jpg\" alt=\"Montage abri m\u00e9tal simple et rapide \" width=\"218\" height=\"160\" srcset=\"https:\/\/www.franceabris.com\/BLOG\/wp-content\/uploads\/2013\/02\/MontageAbriMetal2-218x160.jpg 218w, https:\/\/www.franceabris.com\/BLOG\/wp-content\/uploads\/2013\/02\/MontageAbriMetal2.jpg 397w\" sizes=\"(max-width: 218px) 100vw, 218px\" \/>\u00a0Moins d&rsquo;une heure, promesse tenue ! En effet, le temps de d\u00e9baller le produit de sa caisse en bois qui le prot\u00e8ge lors de son transport, de r\u00e9pertorier les pi\u00e8ces et de les pr\u00e9senter pour le montage, il ne reste plus ensuite qu&rsquo;\u00e0 les assembler facilement et sans outil ; et cela peut \u00eatre r\u00e9alis\u00e9 en 30 minutes pour celui qui a bien pr\u00e9par\u00e9 sa zone de montage et qui aura visionn\u00e9 la vid\u00e9o pr\u00e9alablement afin d&rsquo;avoir bien int\u00e9gr\u00e9 les diff\u00e9rentes \u00e9tapes.<\/p>\n<p style=\"text-align: justify;\">Il ne restera plus pour vous qu&rsquo;\u00e0 bien ancrer votre produit au sol.<\/p>\n<h2 style=\"text-align: justify;\"><strong>1\u00e8re vid\u00e9o &#8211; Montage d&rsquo;un abri de jardin, gamme FRANCE ABRIS<\/strong><\/h2>\n<p><iframe loading=\"lazy\" src=\"http:\/\/player.vimeo.com\/video\/11679361\" width=\"400\" height=\"320\" frameborder=\"0\" allowfullscreen=\"allowfullscreen\"><\/iframe><\/p>\n<p style=\"text-align: justify;\">\u00a0<span class=\"Apple-style-span\" style=\"font-size: 18px; font-weight: bold; line-height: 28px;\"><strong>2\u00e8me vid\u00e9o &#8211; Montage d&rsquo;un garage en m\u00e9tal, gamme FRANCE ABRIS<\/strong><\/span><\/p>\n<p><iframe loading=\"lazy\" src=\"http:\/\/player.vimeo.com\/video\/11679383\" width=\"400\" height=\"320\" frameborder=\"0\" allowfullscreen=\"allowfullscreen\"><\/iframe><\/p>\n<p style=\"text-align: justify;\">\n","protected":false},"excerpt":{"rendered":"<p>D\u00e9couvrez en vid\u00e9o la simplicit\u00e9 de montage de la gamme FRANCE ABRIS, qui se d\u00e9cline en abris de jardin et garages en acier galvanis\u00e9 brut ou peint, selon la finition choisie. Incroyable, un abri mont\u00e9 en 30 minutes chrono, la preuve en image&#8230;<\/p>\n","protected":false},"author":6,"featured_media":282,"comment_status":"open","ping_status":"open","sticky":false,"template":"","format":"standard","meta":[],"categories":[3],"tags":[],"_links":{"self":[{"href":"https:\/\/www.franceabris.com\/BLOG\/wp-json\/wp\/v2\/posts\/271"}],"collection":[{"href":"https:\/\/www.franceabris.com\/BLOG\/wp-json\/wp\/v2\/posts"}],"about":[{"href":"https:\/\/www.franceabris.com\/BLOG\/wp-json\/wp\/v2\/types\/post"}],"author":[{"embeddable":true,"href":"https:\/\/www.franceabris.com\/BLOG\/wp-json\/wp\/v2\/users\/6"}],"replies":[{"embeddable":true,"href":"https:\/\/www.franceabris.com\/BLOG\/wp-json\/wp\/v2\/comments?post=271"}],"version-history":[{"count":0,"href":"https:\/\/www.franceabris.com\/BLOG\/wp-json\/wp\/v2\/posts\/271\/revisions"}],"wp:featuredmedia":[{"embeddable":true,"href":"https:\/\/www.franceabris.com\/BLOG\/wp-json\/wp\/v2\/media\/282"}],"wp:attachment":[{"href":"https:\/\/www.franceabris.com\/BLOG\/wp-json\/wp\/v2\/media?parent=271"}],"wp:term":[{"taxonomy":"category","embeddable":true,"href":"https:\/\/www.franceabris.com\/BLOG\/wp-json\/wp\/v2\/categories?post=271"},{"taxonomy":"post_tag","embeddable":true,"href":"https:\/\/www.franceabris.com\/BLOG\/wp-json\/wp\/v2\/tags?post=271"}],"curies":[{"name":"wp","href":"https:\/\/api.w.org\/{rel}","templated":true}]}}