{"id":304,"date":"2013-02-20T18:31:07","date_gmt":"2013-02-20T17:31:07","guid":{"rendered":"http:\/\/www.franceabris.com\/BLOG\/?p=304"},"modified":"2014-02-07T15:42:07","modified_gmt":"2014-02-07T14:42:07","slug":"garage-bois-prix-qualite","status":"publish","type":"post","link":"https:\/\/www.franceabris.com\/BLOG\/garage-bois-prix-qualite\/","title":{"rendered":"Un garage en bois qui conjugue prix et qualit\u00e9 !"},"content":{"rendered":"<p style=\"text-align: justify;\"><strong>Garage en madrier bois de 34 mm : l&rsquo;esth\u00e9tique et le prix !<\/strong><\/p>\n<p style=\"text-align: justify;\">Un garage bois en madrier de 34mm, esth\u00e9tique et robuste, c&rsquo;est aussi un mod\u00e8le de pr\u00e8s de 17 m2 pour un budget de moins de 2 500\u20ac, livr\u00e9 chez vous. <!--more--><br \/>\nPratique avec sa porte lat\u00e9rale&#8230;<\/p>\n<p style=\"text-align: justify;\"><a title=\"Garage en madriers bois, avec porte lat\u00e9rale\" href=\"http:\/\/www.franceabris.com\/garage-bois\/580-id.html\">Retrouvez-le en cliquant ici !<\/a><\/p>\n<h2 style=\"text-align: justify;\">Madriers bois ou panneaux ?<\/h2>\n<p style=\"text-align: justify;\">Certaines personnes sont plus sensibles \u00e0 l&rsquo;esth\u00e9tique d&rsquo;un garage en bois. Pour vous guider dans votre choix, sachez qu&rsquo;un mod\u00e8le en madrier sera plus robuste dans le temps qu&rsquo;un mod\u00e8le en simple panneaux bois.<br \/>\nCe dernier reste plus \u00e9conomique, mais si vous en avez le budget un mod\u00e8le comme celui-ci, en 34mm, reste une valeur sur et offre une meilleure isolation.<\/p>\n<h2 style=\"text-align: justify;\">Pratique avec ses fen\u00eatres et sa porte d&rsquo;acc\u00e8s lat\u00e9rale<\/h2>\n<p style=\"text-align: justify;\">Alliant \u00e0 la fois esth\u00e9tique et prix, ce mod\u00e8le se veut aussi astucieux et pratique.<br \/>\nEn effet, il offre deux fen\u00eatres lat\u00e9rales pour plus de clart\u00e9 et une porte d&rsquo;acc\u00e8s lat\u00e9rale, permettant d&rsquo;utiliser le de votre garage comme remise pour stocker mat\u00e9riel et v\u00e9los par exemple.<\/p>\n<h2 style=\"text-align: justify;\">Gamme de mod\u00e8les en bois : garages mais aussi abris de jardin, cabanes&#8230;<\/h2>\n<p style=\"text-align: justify;\">Afin de vous offrir un ensemble coordonn\u00e9, et parce qu&rsquo;on a toujours beaucoup de choses \u00e0 ranger, pour am\u00e9nager au mieux son jardin, nous vous invitons \u00e9galement \u00e0 d\u00e9couvrir l&rsquo;ensemble de notre gamme d&rsquo;abri jardin en bois, mais aussi chalet bois et bureaux de jardin.<br \/>\nAutant de mod\u00e8les vous permettant de gagner de la place et de l&rsquo;espace de vie dans votre maison, tout apportant une touche \u00ab\u00a0d\u00e9co\u00a0\u00bb \u00e0 vos jardins.<\/p>\n<p style=\"text-align: justify;\">Et pourquoi ne pas offrir \u00e0 vos enfants une petite cabane en bois&#8230;<\/p>\n<p style=\"text-align: justify;\">Laissez vous tenter !<\/p>\n","protected":false},"excerpt":{"rendered":"<p>Garage en madrier bois de 34 mm : l&rsquo;esth\u00e9tique et le prix ! Un garage bois en madrier de 34mm, esth\u00e9tique et robuste, c&rsquo;est aussi un mod\u00e8le de pr\u00e8s de 17 m2 pour un budget de moins de 2 500\u20ac, livr\u00e9 chez vous.<\/p>\n","protected":false},"author":2,"featured_media":318,"comment_status":"open","ping_status":"open","sticky":false,"template":"","format":"standard","meta":[],"categories":[5],"tags":[],"_links":{"self":[{"href":"https:\/\/www.franceabris.com\/BLOG\/wp-json\/wp\/v2\/posts\/304"}],"collection":[{"href":"https:\/\/www.franceabris.com\/BLOG\/wp-json\/wp\/v2\/posts"}],"about":[{"href":"https:\/\/www.franceabris.com\/BLOG\/wp-json\/wp\/v2\/types\/post"}],"author":[{"embeddable":true,"href":"https:\/\/www.franceabris.com\/BLOG\/wp-json\/wp\/v2\/users\/2"}],"replies":[{"embeddable":true,"href":"https:\/\/www.franceabris.com\/BLOG\/wp-json\/wp\/v2\/comments?post=304"}],"version-history":[{"count":0,"href":"https:\/\/www.franceabris.com\/BLOG\/wp-json\/wp\/v2\/posts\/304\/revisions"}],"wp:featuredmedia":[{"embeddable":true,"href":"https:\/\/www.franceabris.com\/BLOG\/wp-json\/wp\/v2\/media\/318"}],"wp:attachment":[{"href":"https:\/\/www.franceabris.com\/BLOG\/wp-json\/wp\/v2\/media?parent=304"}],"wp:term":[{"taxonomy":"category","embeddable":true,"href":"https:\/\/www.franceabris.com\/BLOG\/wp-json\/wp\/v2\/categories?post=304"},{"taxonomy":"post_tag","embeddable":true,"href":"https:\/\/www.franceabris.com\/BLOG\/wp-json\/wp\/v2\/tags?post=304"}],"curies":[{"name":"wp","href":"https:\/\/api.w.org\/{rel}","templated":true}]}}