{"id":3642,"date":"2014-07-22T16:23:17","date_gmt":"2014-07-22T15:23:17","guid":{"rendered":"http:\/\/www.franceabris.com\/BLOG\/?p=3642"},"modified":"2017-11-30T19:12:19","modified_gmt":"2017-11-30T18:12:19","slug":"un-espace-economique-de-stockage-grace-a-la-charpente-metallique","status":"publish","type":"post","link":"https:\/\/www.franceabris.com\/BLOG\/un-espace-economique-de-stockage-grace-a-la-charpente-metallique\/","title":{"rendered":"Un espace \u00e9conomique de stockage gr\u00e2ce \u00e0 la charpente m\u00e9tallique"},"content":{"rendered":"<p style=\"text-align: justify;\">Besoin de prot\u00e9ger, de s\u00e9curiser, d\u2019abriter, de ranger, d\u2019ordonner tant au niveau professionnel que priv\u00e9 ? Les <strong>b\u00e2timents et hangars m\u00e9talliques<\/strong> repr\u00e9sentent des surfaces utiles et robustes.<br \/>\n<!--more--><\/p>\n<p style=\"text-align: justify;\">Rentrons ainsi de plain pied dans <strong>l\u2019univers de la charpente m\u00e9tallique<\/strong> : ses usages au quotidien mais aussi ses qualit\u00e9s qui ont servi \u00e0 la cr\u00e9ation d\u2019ouvrages et de monuments prestigieux.<br \/>\nEt puis nous partirons \u00e0 la d\u00e9couverte de la <strong>galvanisation<\/strong>, un proc\u00e9d\u00e9 qui offre une dur\u00e9e de vie immuable \u00e0 l\u2019acier.<\/p>\n<h2 style=\"text-align: justify;\">L\u2019espace tout en 1 offert par l\u2019ossature m\u00e9tallique<\/h2>\n<p style=\"text-align: justify;\">Pr\u00e9sent aussi bien dans le domaine industriel, agricole, professionnel que dans les jardins des particuliers, la <a title=\"charpente m\u00e9tallique comme abri de stockage\" href=\"http:\/\/www.franceabris.com\/content\/42-charpente-metallique-en-acier-galvanise-multi-usage-et-durabilite\" target=\"_blank\"><span style=\"text-decoration: underline;\"><strong>charpente m\u00e9tallique offre une solution multifonctions aux besoins d\u2019espace et de stockage<\/strong><\/span><\/a>.<br \/>\nL\u2019<strong>acier galvanis\u00e9<\/strong> est le plus souvent utilis\u00e9 pour \u00e9difier ces structures de petites ou grandes dimensions.<\/p>\n<p style=\"text-align: justify;\">C\u2019est gr\u00e2ce \u00e0 la solidit\u00e9 de ce m\u00e9tal <strong>trait\u00e9 contre la rouille<\/strong> que les fabricants peuvent fournir des <strong>abris et des garages avec une dur\u00e9e de vie illimit\u00e9e<\/strong>.<\/p>\n<p style=\"text-align: justify;\">Des <strong>mod\u00e8les personnalis\u00e9s<\/strong> et sur-mesure sont propos\u00e9s gr\u00e2ce \u00e0 l\u2019ajout de <strong>trav\u00e9es<\/strong>, de<strong> bardages<\/strong>, <strong>portails<\/strong> ou <strong>portes de service<\/strong> et diff\u00e9rents coloris disponibles.<\/p>\n<p style=\"text-align: justify;\">Le choix se fait \u00e9galement entre une <strong>toiture simple ou double pente<\/strong> pour un esth\u00e9tique au plus proche de ses attentes.<br \/>\nAvec une livraison en kit, l\u2019ossature m\u00e9tallique est rapide d\u2019ex\u00e9cution \u00e0 l\u2019aide d\u2019une notice de montage d\u00e9taill\u00e9.<\/p>\n<h2 style=\"text-align: justify;\">Edifices \u00e0 ossature m\u00e9tallique, une reconnaissance internationale !<\/h2>\n<p style=\"text-align: justify;\">On les conna\u00eet tous de nom, on les a pour certains d\u2019entre eux visit\u00e9s, pris en photo et sommes rest\u00e9s subjugu\u00e9 par leur ampleur. Ces monuments, datant souvent du XIX\u00e8me ou du XX\u00e8me si\u00e8cle, fascinent par leur esth\u00e9tisme et leur architecture.<\/p>\n<p style=\"text-align: justify;\">Diss\u00e9min\u00e9s un peu partout dans le monde, ces <span style=\"text-decoration: underline;\"><strong><a href=\"http:\/\/www.franceabris.com\/content\/43-les-plus-beaux-ouvrages-en-charpente-metallique-a-echelle-mondiale\" target=\"_blank\">ouvrages c\u00e9l\u00e8bres ont \u00e9t\u00e9 \u00e9labor\u00e9s \u00e0 partir d\u2019une ossature m\u00e9tallique et de pi\u00e8ces en acier ou en fer<\/a><\/strong><\/span>.<br \/>\nC\u2019est gr\u00e2ce \u00e0 l\u2019ing\u00e9niosit\u00e9 de leurs cr\u00e9ateurs et au g\u00e9nie de leurs architectes que l\u2019on peut en profiter au sein de notre patrimoine et richesse culturelle.<\/p>\n<p style=\"text-align: justify;\">Retour sur les \u00e9tapes de cr\u00e9ation des monuments les plus fascinants : la <strong>Tour Eiffel<\/strong>, le <strong>Golden Bridge de San Francisco<\/strong>, la <strong>Statue de la Libert\u00e9<\/strong> et l\u2019<strong>Empire State Building<\/strong>.<\/p>\n<p style=\"text-align: center;\"><img decoding=\"async\" loading=\"lazy\" class=\"size-large wp-image-3652 aligncenter\" style=\"border: 2px solid black;\" title=\"Une Statue de la Libert\u00e9 qui a d'abord \u00e9t\u00e9 construite \u00e0 Paris avant d'\u00eatre assembl\u00e9e \u00e0 New York\" alt=\"Construction de la Statue de la Libert\u00e9 \u00e0 Paris \" src=\"http:\/\/www.franceabris.com\/BLOG\/wp-content\/uploads\/2014\/07\/Construction-statue-liberte-325x437.jpg\" width=\"325\" height=\"437\" srcset=\"https:\/\/www.franceabris.com\/BLOG\/wp-content\/uploads\/2014\/07\/Construction-statue-liberte-325x437.jpg 325w, https:\/\/www.franceabris.com\/BLOG\/wp-content\/uploads\/2014\/07\/Construction-statue-liberte-72x98.jpg 72w, https:\/\/www.franceabris.com\/BLOG\/wp-content\/uploads\/2014\/07\/Construction-statue-liberte-178x240.jpg 178w, https:\/\/www.franceabris.com\/BLOG\/wp-content\/uploads\/2014\/07\/Construction-statue-liberte.jpg 335w\" sizes=\"(max-width: 325px) 100vw, 325px\" \/><em style=\"line-height: 1.714285714; font-size: 1rem;\"><strong>Cr\u00e9dit photo Pinterest &#8211;\u00a0bigbrowser.blog.lemonde.fr<\/strong><\/em><\/p>\n<h2 style=\"text-align: justify;\">Galvanisation et construction, le mariage de raison<\/h2>\n<p style=\"text-align: justify;\"><img decoding=\"async\" loading=\"lazy\" class=\" wp-image-3647 alignright\" style=\"border: 2px solid black;\" alt=\"Abri m\u00e9tal en acier galvanis\u00e9\" src=\"http:\/\/www.franceabris.com\/BLOG\/wp-content\/uploads\/2014\/07\/Tole-acier-galvanise.jpg\" width=\"370\" height=\"276\" \/>Le d\u00e9veloppement de la<strong> <a title=\"Proc\u00e9d\u00e9 de galvanisation\" href=\"http:\/\/www.franceabris.com\/content\/44-Galvanisation-au-coeur-de-nos-constructions-metalliques-et-equipements-exterieurs\" target=\"_blank\">galvanisation<\/a><\/strong> a apport\u00e9 de nouvelles perspectives \u00e0 la construction.<br \/>\nGr\u00e2ce \u00e0 la <strong>couche protectrice que le zinc vient apporter \u00e0 l\u2019acier<\/strong>, les pi\u00e8ces de charpente ne sont plus soumises \u00e0 la corrosion engendrant ainsi une <strong>p\u00e9rennit\u00e9 \u00e0 la structure<\/strong>.<\/p>\n<p style=\"text-align: justify;\">Solution durable et recyclable, la galvanisation a permis d\u2019\u00e9difier des structures et des charpentes de grandes port\u00e9es le tout <strong>\u00e0 des co\u00fbts mod\u00e9r\u00e9s<\/strong>.<br \/>\nComment ce proc\u00e9d\u00e9 fonctionne ? Quelles sont les \u00e9tapes de la galvanisation \u00e0 chaud au tremp\u00e9 ? Comment le recycler ?<\/p>\n<p style=\"text-align: justify;\">Certains industriels vont m\u00eame plus loin en <strong>associant l\u2019acier au zinc-aluminium<\/strong> ce qui offre au produit une <strong>r\u00e9sistance \u00e0 la corrosion 4 fois plus importante<\/strong>. On parle alors de la marque d\u00e9pos\u00e9e <strong>Zincalume\u00ae<\/strong>.<br \/>\nUtilis\u00e9 pour la fabrication d\u2019abris de jardin et de garages, cet acier est d\u2019autant plus adapt\u00e9 aux climats marins agress\u00e9s par le sel.<\/p>\n","protected":false},"excerpt":{"rendered":"<p>Besoin de prot\u00e9ger, de s\u00e9curiser, d\u2019abriter, de ranger, d\u2019ordonner tant au niveau professionnel que priv\u00e9 ? Les b\u00e2timents et hangars m\u00e9talliques repr\u00e9sentent des surfaces utiles et robustes.<\/p>\n","protected":false},"author":2,"featured_media":3654,"comment_status":"closed","ping_status":"closed","sticky":false,"template":"","format":"standard","meta":[],"categories":[2,3],"tags":[],"_links":{"self":[{"href":"https:\/\/www.franceabris.com\/BLOG\/wp-json\/wp\/v2\/posts\/3642"}],"collection":[{"href":"https:\/\/www.franceabris.com\/BLOG\/wp-json\/wp\/v2\/posts"}],"about":[{"href":"https:\/\/www.franceabris.com\/BLOG\/wp-json\/wp\/v2\/types\/post"}],"author":[{"embeddable":true,"href":"https:\/\/www.franceabris.com\/BLOG\/wp-json\/wp\/v2\/users\/2"}],"replies":[{"embeddable":true,"href":"https:\/\/www.franceabris.com\/BLOG\/wp-json\/wp\/v2\/comments?post=3642"}],"version-history":[{"count":0,"href":"https:\/\/www.franceabris.com\/BLOG\/wp-json\/wp\/v2\/posts\/3642\/revisions"}],"wp:featuredmedia":[{"embeddable":true,"href":"https:\/\/www.franceabris.com\/BLOG\/wp-json\/wp\/v2\/media\/3654"}],"wp:attachment":[{"href":"https:\/\/www.franceabris.com\/BLOG\/wp-json\/wp\/v2\/media?parent=3642"}],"wp:term":[{"taxonomy":"category","embeddable":true,"href":"https:\/\/www.franceabris.com\/BLOG\/wp-json\/wp\/v2\/categories?post=3642"},{"taxonomy":"post_tag","embeddable":true,"href":"https:\/\/www.franceabris.com\/BLOG\/wp-json\/wp\/v2\/tags?post=3642"}],"curies":[{"name":"wp","href":"https:\/\/api.w.org\/{rel}","templated":true}]}}