{"id":3759,"date":"2014-10-03T05:54:44","date_gmt":"2014-10-03T04:54:44","guid":{"rendered":"http:\/\/www.franceabris.com\/BLOG\/?p=3759"},"modified":"2017-01-26T16:12:21","modified_gmt":"2017-01-26T15:12:21","slug":"realisation-client-labri-deco-en-pvc-qui-sublime-le-jardin","status":"publish","type":"post","link":"https:\/\/www.franceabris.com\/BLOG\/realisation-client-labri-deco-en-pvc-qui-sublime-le-jardin\/","title":{"rendered":"L\u2019abri d\u00e9co en PVC qui sublime le jardin !"},"content":{"rendered":"<p style=\"text-align: justify;\">L\u2019abri de jardin \u2018D\u00e9co\u2019 de la marque Grosfillex porte bien son nom.<br \/>\nDu c\u00f4t\u00e9 de <strong>Terville en Moselle<\/strong>, un client France Abris a fait le choix de cette <strong>structure en PVC<\/strong> aussi s\u00e9duisante par sa <strong>r\u00e9sistance<\/strong> que par son <strong>esth\u00e9tisme<\/strong>.<\/p>\n<p style=\"text-align: justify;\">Nich\u00e9 dans la verdure, au milieu des plants de tomates et autres l\u00e9gumes, l&rsquo;abri est tendance dans le jardin de Terville.<br \/>\nAucune agression visuelle, bien au contraire ! Ses <strong>lames PVC menuis\u00e9es<\/strong> qui rappellent l\u2019effet du bois ne sont pas \u00e9trang\u00e8res \u00e0 cet esth\u00e9tisme r\u00e9ussi.<br \/>\nOn appr\u00e9ci\u00e9 \u00e9galement la douceur de la couleur gris-bleu.<\/p>\n<p style=\"text-align: justify;\">Une <strong>surface utile de 7m2<\/strong> pour ranger les outils de jardin et la tondeuse, pour abriter les v\u00e9los, pour ordonner son mat\u00e9riel de bricolage, pour prot\u00e9ger les coussins, matelas et autres produits de piscine. Une bonne id\u00e9e, non ?<\/p>\n<p style=\"text-align: justify;\"><img decoding=\"async\" loading=\"lazy\" class=\"aligncenter wp-image-3765\" style=\"border: 1px solid black;\" src=\"http:\/\/www.franceabris.com\/BLOG\/wp-content\/uploads\/2014\/09\/Abri-jardin-pvc-terville-585x437.jpg\" alt=\"Abri de jardin pvc pour stocker du mat\u00e9riel en tout genre \" width=\"700\" height=\"523\" srcset=\"https:\/\/www.franceabris.com\/BLOG\/wp-content\/uploads\/2014\/09\/Abri-jardin-pvc-terville-585x437.jpg 585w, https:\/\/www.franceabris.com\/BLOG\/wp-content\/uploads\/2014\/09\/Abri-jardin-pvc-terville-131x98.jpg 131w, https:\/\/www.franceabris.com\/BLOG\/wp-content\/uploads\/2014\/09\/Abri-jardin-pvc-terville-321x240.jpg 321w, https:\/\/www.franceabris.com\/BLOG\/wp-content\/uploads\/2014\/09\/Abri-jardin-pvc-terville-624x466.jpg 624w\" sizes=\"(max-width: 700px) 100vw, 700px\" \/><\/p>\n<p style=\"text-align: justify;\">Notre client a ainsi \u00e9t\u00e9 s\u00e9duit par les diff\u00e9rents atouts de l&rsquo;<span style=\"text-decoration: underline;\"><strong><a href=\"http:\/\/www.franceabris.com\/abri-jardin-pvc\/1704-id.html\" target=\"_blank\">abri jardin PVC<\/a><\/strong><\/span> :<\/p>\n<ul style=\"text-align: justify;\">\n<li>Un <strong>traitement anti-UV<\/strong> qui garantit la pr\u00e9servation de la couleur au fil du temps,<\/li>\n<li>Une <strong>r\u00e9sistance<\/strong> av\u00e9r\u00e9e contre les intemp\u00e9ries gr\u00e2ce \u00e0 des mat\u00e9riaux solides,<\/li>\n<li>Le PVC fabriqu\u00e9 par Grosfillex est <strong>\u00e9cologique et recyclale \u00e0 99%<\/strong>, ce qui est non n\u00e9gligeable \u00e0 une \u00e9poque o\u00f9 les pr\u00e9occupations environnementales sont omnipr\u00e9sentes,<\/li>\n<li>Pas de probl\u00e8me d\u2019un point de vue de l\u2019<strong>entretien<\/strong>\u2026 Le PVC n\u2019est pas tr\u00e8s exigeant et un simple jet d\u2019eau suffira \u00e0 lui redonner fi\u00e8re allure,<\/li>\n<li>Des <strong>portes vitr\u00e9es<\/strong> pour apporter une belle luminosit\u00e9. Et pour ne rien g\u00e2cher, elles disposent d\u2019une serrure \u00e0 clef.<\/li>\n<\/ul>\n<h2 style=\"text-align: justify;\">Le montage, la preuve en t\u00e9moignage !<\/h2>\n<p style=\"text-align: justify;\">Notre client nous a envoy\u00e9 un email pour nous faire part de sa satisfaction et nous apporter plus de pr\u00e9cisions sur la mise en place de l\u2019abri :<\/p>\n<blockquote>\n<p style=\"text-align: justify;\">\u00ab Il a \u00e9t\u00e9 mont\u00e9, avec le d\u00e9ballage et le rep\u00e9rage des pi\u00e8ces compris, en trois fois 8 heures par mon fils travaillant seul !\u00a0La m\u00e9t\u00e9o capricieuse a un peu ralenti les travaux, mais le r\u00e9sultat est l\u00e0 \u00bb.<\/p>\n<\/blockquote>\n<p style=\"text-align: justify;\">Un montage sans encombre et rapide donc\u2026<\/p>\n<p style=\"text-align: justify;\"><img decoding=\"async\" loading=\"lazy\" class=\"aligncenter wp-image-3764\" style=\"border: 1px solid black;\" src=\"http:\/\/www.franceabris.com\/BLOG\/wp-content\/uploads\/2014\/09\/abri-jardin-grosfillex-580x437.jpg\" alt=\"abri de jardin en PVC grosfillex\" width=\"700\" height=\"527\" srcset=\"https:\/\/www.franceabris.com\/BLOG\/wp-content\/uploads\/2014\/09\/abri-jardin-grosfillex-580x437.jpg 580w, https:\/\/www.franceabris.com\/BLOG\/wp-content\/uploads\/2014\/09\/abri-jardin-grosfillex-130x98.jpg 130w, https:\/\/www.franceabris.com\/BLOG\/wp-content\/uploads\/2014\/09\/abri-jardin-grosfillex-319x240.jpg 319w, https:\/\/www.franceabris.com\/BLOG\/wp-content\/uploads\/2014\/09\/abri-jardin-grosfillex-624x469.jpg 624w\" sizes=\"(max-width: 700px) 100vw, 700px\" \/><\/p>\n<p style=\"text-align: justify;\">Pour parfaire l\u2019esth\u00e9tique, le client a pav\u00e9 l\u2019entr\u00e9e de son abri apr\u00e8s avoir coul\u00e9 une dalle b\u00e9ton. Une vraie maisonnette install\u00e9e au c\u0153ur du jardin.<\/p>\n<p style=\"text-align: justify;\">Alors on ne se laisserait pas tenter par un <strong>nouvel espace de rangement ext\u00e9rieur\u00a0<\/strong>?<\/p>\n","protected":false},"excerpt":{"rendered":"<p>L\u2019abri de jardin \u2018D\u00e9co\u2019 de la marque Grosfillex porte bien son nom. Du c\u00f4t\u00e9 de Terville en Moselle, un client France Abris a fait le choix de cette structure en PVC aussi s\u00e9duisante par sa r\u00e9sistance que par son esth\u00e9tisme. Nich\u00e9 dans la verdure, au milieu des plants de tomates et autres l\u00e9gumes, l&rsquo;abri est &hellip; <a href=\"https:\/\/www.franceabris.com\/BLOG\/realisation-client-labri-deco-en-pvc-qui-sublime-le-jardin\/\" class=\"more-link\">Continuer la lecture de <span class=\"screen-reader-text\">L\u2019abri d\u00e9co en PVC qui sublime le jardin !<\/span><\/a><\/p>\n","protected":false},"author":2,"featured_media":3761,"comment_status":"closed","ping_status":"closed","sticky":false,"template":"","format":"standard","meta":[],"categories":[3,61],"tags":[],"_links":{"self":[{"href":"https:\/\/www.franceabris.com\/BLOG\/wp-json\/wp\/v2\/posts\/3759"}],"collection":[{"href":"https:\/\/www.franceabris.com\/BLOG\/wp-json\/wp\/v2\/posts"}],"about":[{"href":"https:\/\/www.franceabris.com\/BLOG\/wp-json\/wp\/v2\/types\/post"}],"author":[{"embeddable":true,"href":"https:\/\/www.franceabris.com\/BLOG\/wp-json\/wp\/v2\/users\/2"}],"replies":[{"embeddable":true,"href":"https:\/\/www.franceabris.com\/BLOG\/wp-json\/wp\/v2\/comments?post=3759"}],"version-history":[{"count":0,"href":"https:\/\/www.franceabris.com\/BLOG\/wp-json\/wp\/v2\/posts\/3759\/revisions"}],"wp:featuredmedia":[{"embeddable":true,"href":"https:\/\/www.franceabris.com\/BLOG\/wp-json\/wp\/v2\/media\/3761"}],"wp:attachment":[{"href":"https:\/\/www.franceabris.com\/BLOG\/wp-json\/wp\/v2\/media?parent=3759"}],"wp:term":[{"taxonomy":"category","embeddable":true,"href":"https:\/\/www.franceabris.com\/BLOG\/wp-json\/wp\/v2\/categories?post=3759"},{"taxonomy":"post_tag","embeddable":true,"href":"https:\/\/www.franceabris.com\/BLOG\/wp-json\/wp\/v2\/tags?post=3759"}],"curies":[{"name":"wp","href":"https:\/\/api.w.org\/{rel}","templated":true}]}}