{"id":3964,"date":"2015-02-07T06:07:06","date_gmt":"2015-02-07T05:07:06","guid":{"rendered":"http:\/\/www.franceabris.com\/BLOG\/?p=3964"},"modified":"2017-08-31T15:39:17","modified_gmt":"2017-08-31T14:39:17","slug":"ancrage-et-plancher-dalles-pvc-finitions-soignees-pour-abri-de-jardin-resine","status":"publish","type":"post","link":"https:\/\/www.franceabris.com\/BLOG\/ancrage-et-plancher-dalles-pvc-finitions-soignees-pour-abri-de-jardin-resine\/","title":{"rendered":"Ancrage et plancher en dalles PVC, des finitions soign\u00e9es pour l\u2019abri de jardin r\u00e9sine"},"content":{"rendered":"<p style=\"text-align: justify;\">Partons en Is\u00e8re pour analyser la mise en place d\u2019un <strong>abri de jardin PVC de la marque Grosfillex<\/strong>.<br \/>\nEt penchons nous sur le kit choisi par ce client pour <strong>ancrer durablement sa structure<\/strong> ainsi que sur les <strong>finitions pour son plancher<\/strong>.<br \/>\n<!--more--><\/p>\n<p style=\"text-align: justify;\"><img decoding=\"async\" loading=\"lazy\" class=\"wp-image-7669 aligncenter\" src=\"http:\/\/www.franceabris.com\/BLOG\/wp-content\/uploads\/2014\/03\/visuel-france-abris-jardin-607x195.jpg\" alt=\"promotion des abris de jardin pas cher\" width=\"666\" height=\"214\" srcset=\"https:\/\/www.franceabris.com\/BLOG\/wp-content\/uploads\/2014\/03\/visuel-france-abris-jardin-607x195.jpg 607w, https:\/\/www.franceabris.com\/BLOG\/wp-content\/uploads\/2014\/03\/visuel-france-abris-jardin-173x56.jpg 173w, https:\/\/www.franceabris.com\/BLOG\/wp-content\/uploads\/2014\/03\/visuel-france-abris-jardin-405x130.jpg 405w, https:\/\/www.franceabris.com\/BLOG\/wp-content\/uploads\/2014\/03\/visuel-france-abris-jardin-624x201.jpg 624w, https:\/\/www.franceabris.com\/BLOG\/wp-content\/uploads\/2014\/03\/visuel-france-abris-jardin.jpg 700w\" sizes=\"(max-width: 666px) 100vw, 666px\" \/><\/p>\n<p style=\"text-align: justify;\">Avant toute chose, permettez-nous d\u2019\u00e9voquer les caract\u00e9ristiques de cet <a href=\"http:\/\/www.franceabris.com\/abri-jardin-pvc\/1708-id.html\" target=\"_blank\" rel=\"noopener\"><strong>abri en r\u00e9sine<\/strong><\/a> d\u2019une surface sup\u00e9rieure \u00e0 11m2 :<\/p>\n<ul>\n<li style=\"text-align: justify;\">Des atouts esth\u00e9tiques ind\u00e9niables gr\u00e2ce aux <strong>lames PVC menuis\u00e9es<\/strong> de couleurs,<\/li>\n<li style=\"text-align: justify;\">Des atouts de long\u00e9vit\u00e9 par une <strong>structure r\u00e9sistante trait\u00e9e anti-UV<\/strong> qui dispose d\u2019une garantie 10 ans. La qualit\u00e9 du Made in France avec Grosfillex pour une solution de rangement qui ne n\u00e9cessite aucun entretien particulier,<\/li>\n<li style=\"text-align: justify;\">Des atouts fonctionnels avec une <strong>ouverture \u00e0 double porte<\/strong> qui se ferme \u00e0 clef et des vitres en plexiglas.<\/li>\n<\/ul>\n<p style=\"text-align: center;\"><img decoding=\"async\" loading=\"lazy\" class=\"size-large wp-image-3984 aligncenter\" style=\"border: 2px solid black;\" src=\"http:\/\/www.franceabris.com\/BLOG\/wp-content\/uploads\/2014\/11\/Abri-jardin-resine-grosfillex-vitres-plexi-582x437.jpg\" alt=\"Abri-jardin-resine-grosfillex-vitres-plexi\" width=\"582\" height=\"437\" srcset=\"https:\/\/www.franceabris.com\/BLOG\/wp-content\/uploads\/2014\/11\/Abri-jardin-resine-grosfillex-vitres-plexi-582x437.jpg 582w, https:\/\/www.franceabris.com\/BLOG\/wp-content\/uploads\/2014\/11\/Abri-jardin-resine-grosfillex-vitres-plexi-130x98.jpg 130w, https:\/\/www.franceabris.com\/BLOG\/wp-content\/uploads\/2014\/11\/Abri-jardin-resine-grosfillex-vitres-plexi-320x240.jpg 320w, https:\/\/www.franceabris.com\/BLOG\/wp-content\/uploads\/2014\/11\/Abri-jardin-resine-grosfillex-vitres-plexi-624x468.jpg 624w, https:\/\/www.franceabris.com\/BLOG\/wp-content\/uploads\/2014\/11\/Abri-jardin-resine-grosfillex-vitres-plexi.jpg 640w\" sizes=\"(max-width: 582px) 100vw, 582px\" \/><\/p>\n<h2 style=\"text-align: justify;\">Renforcer son abri avec le kit anti-temp\u00eate !<\/h2>\n<p style=\"text-align: justify;\">Afin d\u2019<strong>\u00e9viter le soul\u00e8vement du toit<\/strong> \u00e0 cause du vent, notre client a pris en option un <a href=\"http:\/\/www.franceabris.com\/option-abri-jardin\/518-id.html\" target=\"_blank\" rel=\"noopener\"><strong>kit d\u2019ancrage anti-temp\u00eate<\/strong><\/a>.<br \/>\nEquip\u00e9 d\u2019un c\u00e2ble de 8m de long, d\u2019un tendeur, et d\u2019un serre-c\u00e2ble, ce kit vient solidariser la toiture avec le reste de la structure.\u00a0A fixer dans les angles, le c\u00e2ble longe l&rsquo;abri du bas jusqu\u2019au pignon.<\/p>\n<p style=\"text-align: justify;\">Voici en quelques photos, l&rsquo;installation du dispositif en acier :<\/p>\n<p style=\"text-align: justify;\"><img decoding=\"async\" loading=\"lazy\" class=\"wp-image-3970 alignleft\" style=\"border: 1px solid black;\" src=\"http:\/\/www.franceabris.com\/BLOG\/wp-content\/uploads\/2014\/11\/Kit-anti-tempete-angle-327x437.jpg\" alt=\"Kit-anti-tempete-angle\" width=\"222\" height=\"297\" srcset=\"https:\/\/www.franceabris.com\/BLOG\/wp-content\/uploads\/2014\/11\/Kit-anti-tempete-angle-327x437.jpg 327w, https:\/\/www.franceabris.com\/BLOG\/wp-content\/uploads\/2014\/11\/Kit-anti-tempete-angle-73x98.jpg 73w, https:\/\/www.franceabris.com\/BLOG\/wp-content\/uploads\/2014\/11\/Kit-anti-tempete-angle-180x240.jpg 180w, https:\/\/www.franceabris.com\/BLOG\/wp-content\/uploads\/2014\/11\/Kit-anti-tempete-angle-624x831.jpg 624w, https:\/\/www.franceabris.com\/BLOG\/wp-content\/uploads\/2014\/11\/Kit-anti-tempete-angle.jpg 640w\" sizes=\"(max-width: 222px) 100vw, 222px\" \/><img decoding=\"async\" loading=\"lazy\" class=\"wp-image-3968 alignleft\" style=\"border: 1px solid black;\" src=\"http:\/\/www.franceabris.com\/BLOG\/wp-content\/uploads\/2014\/11\/Tendeur-kit-anti-tempete-abri-jardin-pvc-327x437.jpg\" alt=\"Tendeur-kit-anti-tempete-abri-jardin-pvc\" width=\"222\" height=\"297\" srcset=\"https:\/\/www.franceabris.com\/BLOG\/wp-content\/uploads\/2014\/11\/Tendeur-kit-anti-tempete-abri-jardin-pvc-327x437.jpg 327w, https:\/\/www.franceabris.com\/BLOG\/wp-content\/uploads\/2014\/11\/Tendeur-kit-anti-tempete-abri-jardin-pvc-73x98.jpg 73w, https:\/\/www.franceabris.com\/BLOG\/wp-content\/uploads\/2014\/11\/Tendeur-kit-anti-tempete-abri-jardin-pvc-180x240.jpg 180w, https:\/\/www.franceabris.com\/BLOG\/wp-content\/uploads\/2014\/11\/Tendeur-kit-anti-tempete-abri-jardin-pvc-624x831.jpg 624w, https:\/\/www.franceabris.com\/BLOG\/wp-content\/uploads\/2014\/11\/Tendeur-kit-anti-tempete-abri-jardin-pvc.jpg 640w\" sizes=\"(max-width: 222px) 100vw, 222px\" \/><\/p>\n<p style=\"text-align: justify;\">\n<p><img decoding=\"async\" loading=\"lazy\" class=\"wp-image-3972 alignleft\" style=\"border: 1px solid black;\" src=\"http:\/\/www.franceabris.com\/BLOG\/wp-content\/uploads\/2014\/11\/Cable-kit-anti-tempete-327x437.jpg\" alt=\"Cable-kit-anti-tempete\" width=\"234\" height=\"312\" srcset=\"https:\/\/www.franceabris.com\/BLOG\/wp-content\/uploads\/2014\/11\/Cable-kit-anti-tempete-327x437.jpg 327w, https:\/\/www.franceabris.com\/BLOG\/wp-content\/uploads\/2014\/11\/Cable-kit-anti-tempete-73x98.jpg 73w, https:\/\/www.franceabris.com\/BLOG\/wp-content\/uploads\/2014\/11\/Cable-kit-anti-tempete-180x240.jpg 180w, https:\/\/www.franceabris.com\/BLOG\/wp-content\/uploads\/2014\/11\/Cable-kit-anti-tempete-624x831.jpg 624w, https:\/\/www.franceabris.com\/BLOG\/wp-content\/uploads\/2014\/11\/Cable-kit-anti-tempete.jpg 640w\" sizes=\"(max-width: 234px) 100vw, 234px\" \/><\/p>\n<p>&nbsp;<\/p>\n<p>&nbsp;<\/p>\n<p>&nbsp;<\/p>\n<p><img decoding=\"async\" loading=\"lazy\" class=\"wp-image-3973 alignleft\" style=\"border: 1px solid black;\" src=\"http:\/\/www.franceabris.com\/BLOG\/wp-content\/uploads\/2014\/11\/Ancrage-abri-jardin-pvc-kit-582x437.jpg\" alt=\"Ancrage-abri-jardin-pvc-kit\" width=\"256\" height=\"192\" srcset=\"https:\/\/www.franceabris.com\/BLOG\/wp-content\/uploads\/2014\/11\/Ancrage-abri-jardin-pvc-kit-582x437.jpg 582w, https:\/\/www.franceabris.com\/BLOG\/wp-content\/uploads\/2014\/11\/Ancrage-abri-jardin-pvc-kit-130x98.jpg 130w, https:\/\/www.franceabris.com\/BLOG\/wp-content\/uploads\/2014\/11\/Ancrage-abri-jardin-pvc-kit-320x240.jpg 320w, https:\/\/www.franceabris.com\/BLOG\/wp-content\/uploads\/2014\/11\/Ancrage-abri-jardin-pvc-kit-624x468.jpg 624w, https:\/\/www.franceabris.com\/BLOG\/wp-content\/uploads\/2014\/11\/Ancrage-abri-jardin-pvc-kit.jpg 640w\" sizes=\"(max-width: 256px) 100vw, 256px\" \/><\/p>\n<p>&nbsp;<\/p>\n<p>&nbsp;<\/p>\n<p>&nbsp;<\/p>\n<p><img decoding=\"async\" loading=\"lazy\" class=\"wp-image-3971 alignleft\" style=\"border: 1px solid black;\" src=\"http:\/\/www.franceabris.com\/BLOG\/wp-content\/uploads\/2014\/11\/Kit-anti-tempete-abri-jardin-pvc-582x437.jpg\" alt=\"Kit-anti-tempete-abri-jardin-pvc\" width=\"256\" height=\"192\" srcset=\"https:\/\/www.franceabris.com\/BLOG\/wp-content\/uploads\/2014\/11\/Kit-anti-tempete-abri-jardin-pvc-582x437.jpg 582w, https:\/\/www.franceabris.com\/BLOG\/wp-content\/uploads\/2014\/11\/Kit-anti-tempete-abri-jardin-pvc-130x98.jpg 130w, https:\/\/www.franceabris.com\/BLOG\/wp-content\/uploads\/2014\/11\/Kit-anti-tempete-abri-jardin-pvc-320x240.jpg 320w, https:\/\/www.franceabris.com\/BLOG\/wp-content\/uploads\/2014\/11\/Kit-anti-tempete-abri-jardin-pvc-624x468.jpg 624w, https:\/\/www.franceabris.com\/BLOG\/wp-content\/uploads\/2014\/11\/Kit-anti-tempete-abri-jardin-pvc.jpg 640w\" sizes=\"(max-width: 256px) 100vw, 256px\" \/><\/p>\n<p>&nbsp;<\/p>\n<p>&nbsp;<\/p>\n<p>&nbsp;<\/p>\n<p>&nbsp;<\/p>\n<p>&nbsp;<\/p>\n<p>&nbsp;<\/p>\n<p>&nbsp;<\/p>\n<p><img decoding=\"async\" loading=\"lazy\" class=\"alignnone wp-image-3969\" src=\"http:\/\/www.franceabris.com\/BLOG\/wp-content\/uploads\/2014\/11\/Serre-cable-toiture-kit-anti-tempete-e1504190115418-320x240.jpg\" alt=\"\" width=\"256\" height=\"192\" srcset=\"https:\/\/www.franceabris.com\/BLOG\/wp-content\/uploads\/2014\/11\/Serre-cable-toiture-kit-anti-tempete-e1504190115418-320x240.jpg 320w, https:\/\/www.franceabris.com\/BLOG\/wp-content\/uploads\/2014\/11\/Serre-cable-toiture-kit-anti-tempete-e1504190115418-131x98.jpg 131w, https:\/\/www.franceabris.com\/BLOG\/wp-content\/uploads\/2014\/11\/Serre-cable-toiture-kit-anti-tempete-e1504190115418-583x437.jpg 583w, https:\/\/www.franceabris.com\/BLOG\/wp-content\/uploads\/2014\/11\/Serre-cable-toiture-kit-anti-tempete-e1504190115418.jpg 640w\" sizes=\"(max-width: 256px) 100vw, 256px\" \/><\/p>\n<p>&nbsp;<\/p>\n<p style=\"text-align: justify;\">Comme on peut le constater, le kit anti-temp\u00eate permet de\u00a0s\u00e9curiser durablement et discr\u00e8tement l\u2019ancrage de son abri au sol.<\/p>\n<p>&nbsp;<\/p>\n<p style=\"text-align: justify;\">A t\u00e9l\u00e9charger pour plus d&rsquo;infos, le descriptif du kit d&rsquo;ancrage Grosfillex :<\/p>\n<p style=\"text-align: center;\"><a href=\"http:\/\/www.franceabris.com\/BLOG\/wp-content\/uploads\/2014\/11\/Kit-ancrage-abri-pvc.pdf\" target=\"_blank\" rel=\"noopener\"><img decoding=\"async\" loading=\"lazy\" class=\"size-large wp-image-3979 aligncenter\" style=\"border: 1px solid black;\" src=\"http:\/\/www.franceabris.com\/BLOG\/wp-content\/uploads\/2014\/11\/Kit-anti-tempete-abri-grosfillex-370x437.png\" alt=\"Kit-anti-tempete-abri-grosfillex\" width=\"370\" height=\"437\" srcset=\"https:\/\/www.franceabris.com\/BLOG\/wp-content\/uploads\/2014\/11\/Kit-anti-tempete-abri-grosfillex-370x437.png 370w, https:\/\/www.franceabris.com\/BLOG\/wp-content\/uploads\/2014\/11\/Kit-anti-tempete-abri-grosfillex-83x98.png 83w, https:\/\/www.franceabris.com\/BLOG\/wp-content\/uploads\/2014\/11\/Kit-anti-tempete-abri-grosfillex-203x240.png 203w, https:\/\/www.franceabris.com\/BLOG\/wp-content\/uploads\/2014\/11\/Kit-anti-tempete-abri-grosfillex.png 500w\" sizes=\"(max-width: 370px) 100vw, 370px\" \/><\/a><\/p>\n<p style=\"text-align: justify;\">A noter que le kit est fourni avec les mod\u00e8les Grosfillex DECO 20 de plus grande superficie, \u00e0 commander en option pour les autres.<\/p>\n<h2>La dalle PVC, la finition esth\u00e9tique et \u00e9tanche<\/h2>\n<p style=\"text-align: justify;\">Une fois la dalle b\u00e9ton coul\u00e9e et votre abri assembl\u00e9, nous vous conseillons de prot\u00e9ger vos affaires de l\u2019humidit\u00e9 en cr\u00e9ant un <strong>plancher isolant<\/strong>. C\u2019est le choix de notre client qui \u00e0 installer des <strong>dalles en PVC \u00e0\u00a0<\/strong><b>clipser<\/b>.<\/p>\n<p style=\"text-align: justify;\">Ce plancher offre une isolation thermique efficace et en fait un espace de stockage des plus \u00e9tanches.<\/p>\n<p style=\"text-align: justify;\"><img decoding=\"async\" loading=\"lazy\" class=\"wp-image-3989 alignleft\" style=\"border: 1px solid black;\" src=\"http:\/\/www.franceabris.com\/BLOG\/wp-content\/uploads\/2014\/11\/Dalle-pvc-plancher-582x437.jpg\" alt=\"Dalle-pvc-plancher\" width=\"300\" height=\"407\" \/><img decoding=\"async\" loading=\"lazy\" class=\"wp-image-3990 alignright\" style=\"border: 1px solid black;\" src=\"http:\/\/www.franceabris.com\/BLOG\/wp-content\/uploads\/2014\/11\/Dalle-pvc-dessous-582x437.jpg\" alt=\"Dalle-pvc-dessous\" width=\"300\" height=\"407\" \/><\/p>\n<p style=\"text-align: center;\"><img decoding=\"async\" loading=\"lazy\" class=\"size-large wp-image-3991 aligncenter\" style=\"border: 1px solid black;\" src=\"http:\/\/www.franceabris.com\/BLOG\/wp-content\/uploads\/2014\/11\/Clipsage-plancher-pvc-582x437.jpg\" alt=\"Clipsage-plancher-pvc\" width=\"582\" height=\"437\" srcset=\"https:\/\/www.franceabris.com\/BLOG\/wp-content\/uploads\/2014\/11\/Clipsage-plancher-pvc-582x437.jpg 582w, https:\/\/www.franceabris.com\/BLOG\/wp-content\/uploads\/2014\/11\/Clipsage-plancher-pvc-130x98.jpg 130w, https:\/\/www.franceabris.com\/BLOG\/wp-content\/uploads\/2014\/11\/Clipsage-plancher-pvc-320x240.jpg 320w, https:\/\/www.franceabris.com\/BLOG\/wp-content\/uploads\/2014\/11\/Clipsage-plancher-pvc-624x468.jpg 624w, https:\/\/www.franceabris.com\/BLOG\/wp-content\/uploads\/2014\/11\/Clipsage-plancher-pvc.jpg 640w\" sizes=\"(max-width: 582px) 100vw, 582px\" \/><\/p>\n<p style=\"text-align: justify;\">Et au niveau design, ces dalles pvc sont vraiment tr\u00e8s tendance. On vous laisse appr\u00e9cier le r\u00e9sultat\u2026<\/p>\n<p style=\"text-align: justify;\"><img decoding=\"async\" loading=\"lazy\" class=\"wp-image-3992 alignleft\" style=\"border: 1px solid black;\" src=\"http:\/\/www.franceabris.com\/BLOG\/wp-content\/uploads\/2014\/11\/Assemblage-dalles-pvc-abri-jardin-582x437.jpg\" alt=\"Assemblage-dalles-pvc-abri-jardin\" width=\"300\" height=\"407\" \/><img decoding=\"async\" loading=\"lazy\" class=\"wp-image-3993 alignleft\" style=\"border: 1px solid black;\" src=\"http:\/\/www.franceabris.com\/BLOG\/wp-content\/uploads\/2014\/11\/Plancher-pvc-abri-jardin-grosfillex-582x437.jpg\" alt=\"Plancher-pvc-abri-jardin-grosfillex\" width=\"300\" height=\"407\" \/>Astuce pratique pour <strong>\u00e9viter les infiltrations d\u2019eau<\/strong>\u00a0: disposez un <a href=\"http:\/\/www.franceabris.com\/BLOG\/?p=3998&amp;preview=true\" target=\"_blank\" rel=\"noopener\"><strong>joint en silicone<\/strong><\/a> \u00e0 la base entre l\u2019abri et la dalle b\u00e9ton.<\/p>\n<p style=\"text-align: justify;\">D\u00e9couvrez tous nos mod\u00e8les d&rsquo;<strong><a href=\"http:\/\/www.franceabris.com\/12-abri-jardin-pvc\" target=\"_blank\" rel=\"noopener\">abris jardin PVC de la gamme Grosfillex<\/a>&#8230;<\/strong><\/p>\n","protected":false},"excerpt":{"rendered":"<p>Partons en Is\u00e8re pour analyser la mise en place d\u2019un abri de jardin PVC de la marque Grosfillex. Et penchons nous sur le kit choisi par ce client pour ancrer durablement sa structure ainsi que sur les finitions pour son plancher.<\/p>\n","protected":false},"author":2,"featured_media":3983,"comment_status":"closed","ping_status":"closed","sticky":false,"template":"","format":"standard","meta":[],"categories":[3],"tags":[],"_links":{"self":[{"href":"https:\/\/www.franceabris.com\/BLOG\/wp-json\/wp\/v2\/posts\/3964"}],"collection":[{"href":"https:\/\/www.franceabris.com\/BLOG\/wp-json\/wp\/v2\/posts"}],"about":[{"href":"https:\/\/www.franceabris.com\/BLOG\/wp-json\/wp\/v2\/types\/post"}],"author":[{"embeddable":true,"href":"https:\/\/www.franceabris.com\/BLOG\/wp-json\/wp\/v2\/users\/2"}],"replies":[{"embeddable":true,"href":"https:\/\/www.franceabris.com\/BLOG\/wp-json\/wp\/v2\/comments?post=3964"}],"version-history":[{"count":0,"href":"https:\/\/www.franceabris.com\/BLOG\/wp-json\/wp\/v2\/posts\/3964\/revisions"}],"wp:featuredmedia":[{"embeddable":true,"href":"https:\/\/www.franceabris.com\/BLOG\/wp-json\/wp\/v2\/media\/3983"}],"wp:attachment":[{"href":"https:\/\/www.franceabris.com\/BLOG\/wp-json\/wp\/v2\/media?parent=3964"}],"wp:term":[{"taxonomy":"category","embeddable":true,"href":"https:\/\/www.franceabris.com\/BLOG\/wp-json\/wp\/v2\/categories?post=3964"},{"taxonomy":"post_tag","embeddable":true,"href":"https:\/\/www.franceabris.com\/BLOG\/wp-json\/wp\/v2\/tags?post=3964"}],"curies":[{"name":"wp","href":"https:\/\/api.w.org\/{rel}","templated":true}]}}