{"id":4070,"date":"2014-12-04T10:15:15","date_gmt":"2014-12-04T09:15:15","guid":{"rendered":"http:\/\/www.franceabris.com\/BLOG\/?p=4070"},"modified":"2014-12-09T16:27:38","modified_gmt":"2014-12-09T15:27:38","slug":"mon-abri-je-taime-le-concours-photo-gratuit-de-france-abris","status":"publish","type":"post","link":"https:\/\/www.franceabris.com\/BLOG\/mon-abri-je-taime-le-concours-photo-gratuit-de-france-abris\/","title":{"rendered":"\u00ab Mon abri, je t\u2019aime ! \u00bb, le concours photo gratuit de France Abris"},"content":{"rendered":"<p style=\"text-align: justify;\">Une couche de neige qui recouvre le toit de votre abri, quelques d\u00e9corations et guirlandes ornent votre garage ? De beaux feuillages jonchent le sol de votre structure ?<br \/>\nTout cela m\u00e9rite bien une photographie pour immortaliser l\u2019instant !<br \/>\n<!--more--><\/p>\n<p style=\"text-align: justify;\">Du <strong>jeudi 4 d\u00e9cembre au dimanche 21 d\u00e9cembre 2014<\/strong>, participez \u00e0 notre grand jeu concours photo et tentez de remporter des <strong>ch\u00e8ques cadeaux Ma Maison Mon Jardin<\/strong>\u2026<\/p>\n<p style=\"text-align: justify;\">Organis\u00e9 en partenariat avec le site d\u00e9di\u00e9 \u00e0 l&rsquo;univers de l&rsquo;am\u00e9nagement int\u00e9rieur et ext\u00e9rieur,\u00a0<strong>Ma Maison Mon Jardin<\/strong>, ce jeu a pour objectif de mettre en valeur votre abri.<\/p>\n<p style=\"text-align: center;\"><a href=\"http:\/\/www.mamaisonmonjardin.com\" target=\"_blank\"><img decoding=\"async\" loading=\"lazy\" class=\" wp-image-4090 aligncenter\" alt=\"LogoMMMJ\" src=\"http:\/\/www.franceabris.com\/BLOG\/wp-content\/uploads\/2014\/12\/LogoMMMJ.jpg\" width=\"270\" height=\"123\" \/><\/a><\/p>\n<h2 style=\"text-align: justify;\">La marche \u00e0 suivre pour participer, simple et rapide :<\/h2>\n<p style=\"text-align: justify;\">Le th\u00e8me de ce concours photo est d\u2019actualit\u00e9s : <strong>l\u2019hiver et les f\u00eates de No\u00ebl !<\/strong><\/p>\n<p style=\"text-align: justify;\"><strong>1\/<\/strong> <strong>Prenez en photo<\/strong> \u00e0 l\u2019aide d\u2019un appareil photo, d\u2019un smartphone ou d\u2019une tablette, votre abri de jardin.<br \/>\nCela peut tout aussi bien concerner votre garage ou votre carport.<\/p>\n<p style=\"text-align: justify;\"><strong>2\/<\/strong> Envoyez-nous le(s) plus belle(s) photo(s) par email \u00e0 : <a href=\"mailto: contact@france-abris.com\"><strong>contact@france-abris.com<\/strong><\/a>\u00a0avant le <strong>dimanche 21 d\u00e9cembre 2014, 23h59<\/strong>\u2026<\/p>\n<p style=\"text-align: justify;\">Un jury compos\u00e9 de 4 collaborateurs de France Abris se r\u00e9unira d\u00e8s le lundi 22 d\u00e9cembre pour d\u00e9terminer les 3 meilleurs clich\u00e9s.<br \/>\n<span style=\"line-height: 1.714285714; font-size: 1rem;\">Les gagnants seront par la suite contact\u00e9s par email et annonc\u00e9s \u00e9galement sur la page <strong><a href=\"https:\/\/www.facebook.com\/pages\/France-Abris\/326393684158161\" target=\"_blank\">Facebook de France Abris<\/a><\/strong>.<strong>\u00a0<\/strong><\/span><\/p>\n<p style=\"text-align: center;\"><img decoding=\"async\" loading=\"lazy\" class=\"size-large wp-image-4089 aligncenter\" style=\"border: 1px solid black;\" alt=\"Concours-photos-mon-abri-je-t-aime\" src=\"http:\/\/www.franceabris.com\/BLOG\/wp-content\/uploads\/2014\/12\/Concours-photos-mon-abri-je-t-aime-607x378.jpg\" width=\"607\" height=\"378\" srcset=\"https:\/\/www.franceabris.com\/BLOG\/wp-content\/uploads\/2014\/12\/Concours-photos-mon-abri-je-t-aime-607x378.jpg 607w, https:\/\/www.franceabris.com\/BLOG\/wp-content\/uploads\/2014\/12\/Concours-photos-mon-abri-je-t-aime-157x98.jpg 157w, https:\/\/www.franceabris.com\/BLOG\/wp-content\/uploads\/2014\/12\/Concours-photos-mon-abri-je-t-aime-385x240.jpg 385w, https:\/\/www.franceabris.com\/BLOG\/wp-content\/uploads\/2014\/12\/Concours-photos-mon-abri-je-t-aime-624x388.jpg 624w, https:\/\/www.franceabris.com\/BLOG\/wp-content\/uploads\/2014\/12\/Concours-photos-mon-abri-je-t-aime.jpg 1077w\" sizes=\"(max-width: 607px) 100vw, 607px\" \/><\/p>\n<h2 style=\"text-align: justify;\">Les crit\u00e8res de d\u00e9cision :<\/h2>\n<ul>\n<li style=\"text-align: justify;\">La qualit\u00e9 esth\u00e9tique de la photographie,<\/li>\n<li style=\"text-align: justify;\">L\u2019originalit\u00e9 et de la cr\u00e9ativit\u00e9 de la photographie,<\/li>\n<li style=\"text-align: justify;\">Son rapport \u00e9troit avec le sujet du concours (photos d\u2019abris, de garages ou de carports li\u00e9es au th\u00e8me de l\u2019hiver et des f\u00eates de No\u00ebl)<\/li>\n<\/ul>\n<h2 style=\"text-align: justify;\">Les lots :<\/h2>\n<p style=\"text-align: justify;\">Gr\u00e2ce \u00e0 notre partenaire Ma Maison, Mon Jardin, nous vous offrons <strong>3 ch\u00e8ques cadeaux d&rsquo;une valeur de 30\u20ac<\/strong> \u00e0 valoir sur leur\u00a0<strong>gamme de canap\u00e9s convertibles, clic-clac et BZ<\/strong> :<\/p>\n<p><a href=\"http:\/\/www.mamaisonmonjardin.com\/411-canapes-traditionnels-et-convertibles-promo\"><img decoding=\"async\" loading=\"lazy\" class=\"size-large wp-image-4082 aligncenter\" alt=\"Promo-canapes-convertibles-MMMJ\" src=\"http:\/\/www.franceabris.com\/BLOG\/wp-content\/uploads\/2014\/12\/Promo-canapes-convertibles-MMMJ-607x432.png\" width=\"607\" height=\"432\" srcset=\"https:\/\/www.franceabris.com\/BLOG\/wp-content\/uploads\/2014\/12\/Promo-canapes-convertibles-MMMJ-607x432.png 607w, https:\/\/www.franceabris.com\/BLOG\/wp-content\/uploads\/2014\/12\/Promo-canapes-convertibles-MMMJ-137x98.png 137w, https:\/\/www.franceabris.com\/BLOG\/wp-content\/uploads\/2014\/12\/Promo-canapes-convertibles-MMMJ-336x240.png 336w, https:\/\/www.franceabris.com\/BLOG\/wp-content\/uploads\/2014\/12\/Promo-canapes-convertibles-MMMJ-624x445.png 624w, https:\/\/www.franceabris.com\/BLOG\/wp-content\/uploads\/2014\/12\/Promo-canapes-convertibles-MMMJ.png 837w\" sizes=\"(max-width: 607px) 100vw, 607px\" \/><\/a><\/p>\n<p style=\"text-align: justify;\">L\u2019ensemble du r\u00e8glement du jeu concours est accessible par ici :<\/p>\n<p><a href=\"http:\/\/depotjeux.com\/JETC\/Reglement-concours-photos-France-Abris-FAUBOURG_SAINT_NESTOR-huissier-depotjeux.pdf\" target=\"_blank\"><img decoding=\"async\" loading=\"lazy\" class=\"size-large wp-image-4086 aligncenter\" style=\"border: 1px solid black;\" alt=\"Reglement-jeu-concours-photos-france-abris\" src=\"http:\/\/www.franceabris.com\/BLOG\/wp-content\/uploads\/2014\/12\/Reglement-jeu-concours-photos-france-abris-308x437.png\" width=\"308\" height=\"437\" srcset=\"https:\/\/www.franceabris.com\/BLOG\/wp-content\/uploads\/2014\/12\/Reglement-jeu-concours-photos-france-abris-308x437.png 308w, https:\/\/www.franceabris.com\/BLOG\/wp-content\/uploads\/2014\/12\/Reglement-jeu-concours-photos-france-abris-69x98.png 69w, https:\/\/www.franceabris.com\/BLOG\/wp-content\/uploads\/2014\/12\/Reglement-jeu-concours-photos-france-abris-169x240.png 169w, https:\/\/www.franceabris.com\/BLOG\/wp-content\/uploads\/2014\/12\/Reglement-jeu-concours-photos-france-abris.png 419w\" sizes=\"(max-width: 308px) 100vw, 308px\" \/><\/a><\/p>\n<p style=\"text-align: justify;\">Bonne chance \u00e0 tous !<\/p>\n","protected":false},"excerpt":{"rendered":"<p>Une couche de neige qui recouvre le toit de votre abri, quelques d\u00e9corations et guirlandes ornent votre garage ? De beaux feuillages jonchent le sol de votre structure ? Tout cela m\u00e9rite bien une photographie pour immortaliser l\u2019instant !<\/p>\n","protected":false},"author":2,"featured_media":4076,"comment_status":"closed","ping_status":"closed","sticky":false,"template":"","format":"standard","meta":[],"categories":[2],"tags":[],"_links":{"self":[{"href":"https:\/\/www.franceabris.com\/BLOG\/wp-json\/wp\/v2\/posts\/4070"}],"collection":[{"href":"https:\/\/www.franceabris.com\/BLOG\/wp-json\/wp\/v2\/posts"}],"about":[{"href":"https:\/\/www.franceabris.com\/BLOG\/wp-json\/wp\/v2\/types\/post"}],"author":[{"embeddable":true,"href":"https:\/\/www.franceabris.com\/BLOG\/wp-json\/wp\/v2\/users\/2"}],"replies":[{"embeddable":true,"href":"https:\/\/www.franceabris.com\/BLOG\/wp-json\/wp\/v2\/comments?post=4070"}],"version-history":[{"count":0,"href":"https:\/\/www.franceabris.com\/BLOG\/wp-json\/wp\/v2\/posts\/4070\/revisions"}],"wp:featuredmedia":[{"embeddable":true,"href":"https:\/\/www.franceabris.com\/BLOG\/wp-json\/wp\/v2\/media\/4076"}],"wp:attachment":[{"href":"https:\/\/www.franceabris.com\/BLOG\/wp-json\/wp\/v2\/media?parent=4070"}],"wp:term":[{"taxonomy":"category","embeddable":true,"href":"https:\/\/www.franceabris.com\/BLOG\/wp-json\/wp\/v2\/categories?post=4070"},{"taxonomy":"post_tag","embeddable":true,"href":"https:\/\/www.franceabris.com\/BLOG\/wp-json\/wp\/v2\/tags?post=4070"}],"curies":[{"name":"wp","href":"https:\/\/api.w.org\/{rel}","templated":true}]}}