{"id":4097,"date":"2015-02-01T06:10:00","date_gmt":"2015-02-01T05:10:00","guid":{"rendered":"http:\/\/www.franceabris.com\/BLOG\/?p=4097"},"modified":"2017-01-04T18:09:10","modified_gmt":"2017-01-04T17:09:10","slug":"proteger-son-camping-car-les-differentes-solutions-dabris","status":"publish","type":"post","link":"https:\/\/www.franceabris.com\/BLOG\/proteger-son-camping-car-les-differentes-solutions-dabris\/","title":{"rendered":"Prot\u00e9ger son camping-car, les diff\u00e9rentes solutions d\u2019abris"},"content":{"rendered":"<p style=\"text-align: justify;\">Le <strong>camping-car<\/strong> et la <strong>caravane<\/strong> ont d\u00e9j\u00e0 fait l\u2019objet de plusieurs articles sur notre blog France Abris.<br \/>\n<!--more--><br \/>\nEntre gestes \u00e0 appliquer pour pr\u00e9server le moteur et les r\u00e9servoirs d\u2019eau lors de l\u2019hivernage, ou les r\u00e8gles \u00e0 suivre pour se d\u00e9placer en toute s\u00e9r\u00e9nit\u00e9, il s\u2019agit d\u2019un th\u00e8me r\u00e9current sur notre plate-forme.<\/p>\n<p style=\"text-align: justify;\">Mais aujourd\u2019hui nous souhaitons nous pencher sur les meilleures fa\u00e7ons d\u2019apporter un toit protecteur \u00e0 son v\u00e9hicule de loisir. Et pour cela rien de tel qu\u2019un <strong>abri<\/strong>\u2026<\/p>\n<p style=\"text-align: justify;\"><span style=\"line-height: 1.714285714; font-size: 1rem;\">Plut\u00f4t que de placer son camping-car dans une soci\u00e9t\u00e9 de gardiennage, fa\u00eetes le choix d\u2019investir dans une structure d\u00e9di\u00e9e \u00e0 cette utilisation.<br \/>\n<\/span>Et\u00e9 comme hiver, vous disposez de votre v\u00e9hicule de loisir \u00e0 port\u00e9e de main et vous lui garantissez une <strong>couverture protectrice<\/strong> pour r\u00e9sister aux intemp\u00e9ries et autres d\u00e9jections d\u2019oiseaux.<\/p>\n<p style=\"text-align: justify;\">Une solution plus \u00e9conomique, plus simple et qui vous permet de <strong>prolonger la dur\u00e9e de vie d\u2019une caravane ou d\u2019un camping-car<\/strong>.<\/p>\n<p style=\"text-align: justify;\">Et pour ne rien g\u00e2cher \u00e0 son plaisir, les abris que nous avons s\u00e9lectionn\u00e9s peuvent avoir une double utilisation\u2026 Ces structures peuvent ais\u00e9ment se transformer, le temps d\u2019un repas ou d\u2019une journ\u00e9e entre amis, en <strong>abri terrasse<\/strong>.<br \/>\nEt oui, pourquoi ne pas envisager d\u2019exploiter votre abri bois ou m\u00e9tal en <strong>tonnelle<\/strong> lors des journ\u00e9es o\u00f9 l\u2019on recherche de l\u2019ombre ?<\/p>\n<h2 style=\"text-align: justify;\">Du sur-mesure ou du standard, fa\u00eetes votre choix !<\/h2>\n<p style=\"text-align: justify;\">Des hauteurs au del\u00e0 de 3,30m, des longueurs sup\u00e9rieures \u00e0 3m et des profondeurs de plus de 7,50m, b\u00e9n\u00e9ficiez d\u2019un <strong>abri adapt\u00e9 aux dimensions standards d\u2019un v\u00e9hicule de loisir<\/strong>.<br \/>\nMais si votre camping-car ou caravane n\u00e9cessite du<strong> sur-mesure<\/strong>, cela est tout \u00e0 fait possible gr\u00e2ce \u00e0 des <strong>trav\u00e9es et des bardages rajout\u00e9s sur le long-pan<\/strong>.<\/p>\n<p style=\"text-align: justify;\"><img decoding=\"async\" loading=\"lazy\" class=\"size-large wp-image-4118 aligncenter\" style=\"border: 2px solid black;\" src=\"http:\/\/www.franceabris.com\/BLOG\/wp-content\/uploads\/2014\/12\/Abri-metal-caravane-toit-polycarbonate-582x437.jpg\" alt=\"Abri-metal-caravane-toit-polycarbonate\" width=\"582\" height=\"437\" srcset=\"https:\/\/www.franceabris.com\/BLOG\/wp-content\/uploads\/2014\/12\/Abri-metal-caravane-toit-polycarbonate-582x437.jpg 582w, https:\/\/www.franceabris.com\/BLOG\/wp-content\/uploads\/2014\/12\/Abri-metal-caravane-toit-polycarbonate-130x98.jpg 130w, https:\/\/www.franceabris.com\/BLOG\/wp-content\/uploads\/2014\/12\/Abri-metal-caravane-toit-polycarbonate-320x240.jpg 320w, https:\/\/www.franceabris.com\/BLOG\/wp-content\/uploads\/2014\/12\/Abri-metal-caravane-toit-polycarbonate-624x467.jpg 624w\" sizes=\"(max-width: 582px) 100vw, 582px\" \/><\/p>\n<h2 style=\"text-align: justify;\">Combien de pieds ?<\/h2>\n<p style=\"text-align: justify;\">Nombreux des mod\u00e8les s\u00e9lectionn\u00e9s par France Abris sont disponibles avec <strong>2, 4 ou 6 poteaux<\/strong>.<br \/>\nLes man\u0153uvres de v\u00e9hicules imposants sont d\u2019autant plus facilit\u00e9es \u00e0 2 ou 4 poteaux. Et il est \u00e9galement moins risqu\u00e9 d\u2019ab\u00eemer les portes lat\u00e9rales de son v\u00e9hicule de loisir en les ouvrant !<br \/>\nMais pour des dimensions importantes d&rsquo;un abri, 6 poteaux sont bien souvent n\u00e9cessaires pour assurer la stabilit\u00e9 de l\u2019ossature.<span style=\"line-height: 1.714285714; font-size: 1rem;\">\u00a0<\/span><\/p>\n<p style=\"text-align: justify;\">D\u2019un point de vue esth\u00e9tique, les mod\u00e8les d\u2019abris camping-car \u00e0 2 poteaux se veulent au top du design.\u00a0<span style=\"line-height: 1.714285714; font-size: 1rem;\">\u00a0<\/span><\/p>\n<p style=\"text-align: justify;\">A noter que l\u2019ancrage des poteaux devra se faire sur une <strong>dalle b\u00e9ton<\/strong> ou \u00e0 l\u2019aide de platine b\u00e9ton, le tout pour que les fondations soient durables.<\/p>\n<p style=\"text-align: justify;\"><a href=\"http:\/\/www.franceabris.com\/54-abri-camping-car\"><img decoding=\"async\" loading=\"lazy\" class=\"alignnone  wp-image-7675\" src=\"http:\/\/www.franceabris.com\/BLOG\/wp-content\/uploads\/2015\/02\/visuel-france-abris-camping-car-607x195.jpg\" alt=\"promotion des camping-cars pas cher\" width=\"752\" height=\"242\" srcset=\"https:\/\/www.franceabris.com\/BLOG\/wp-content\/uploads\/2015\/02\/visuel-france-abris-camping-car-607x195.jpg 607w, https:\/\/www.franceabris.com\/BLOG\/wp-content\/uploads\/2015\/02\/visuel-france-abris-camping-car-173x56.jpg 173w, https:\/\/www.franceabris.com\/BLOG\/wp-content\/uploads\/2015\/02\/visuel-france-abris-camping-car-405x130.jpg 405w, https:\/\/www.franceabris.com\/BLOG\/wp-content\/uploads\/2015\/02\/visuel-france-abris-camping-car-624x201.jpg 624w, https:\/\/www.franceabris.com\/BLOG\/wp-content\/uploads\/2015\/02\/visuel-france-abris-camping-car.jpg 700w\" sizes=\"(max-width: 752px) 100vw, 752px\" \/><\/a><\/p>\n<h2 style=\"text-align: justify;\">Bois, m\u00e9tal, pvc, \u00e0 chaque mat\u00e9riau sa valeur ajout\u00e9e<\/h2>\n<p style=\"text-align: justify;\">Incontestablement, les <strong>abris et carports en bois<\/strong> pr\u00e9sentent des qualit\u00e9s esth\u00e9tiques. Mat\u00e9riau en rapport avec la nature, le bois peut s\u2019int\u00e9grer \u00e0 n\u2019importe quel style architectural au jardin.<br \/>\nLe principal inconv\u00e9nient : l\u2019entretien r\u00e9gulier que n\u00e9cessite un carport en bois.<br \/>\nOutre le traitement pr\u00e9ventif \u00e0 appliquer contre les insectes et champignons, des couches de lasure doivent aussi \u00eatre appos\u00e9es r\u00e9guli\u00e8rement sur la structure.<\/p>\n<p style=\"text-align: justify;\">A l\u2019inverse, l\u2019ensemble des mod\u00e8les utilisant une <strong>ossature m\u00e9tallique ou PVC<\/strong> pr\u00e9sente l\u2019avantage d&rsquo;un\u00a0<strong>entretien quasi nul<\/strong>. L\u2019abri camping-car en m\u00e9tal ou en r\u00e9sine vous dispense de tous gestes r\u00e9calcitrants \u00e0 part un petit coup de jet d\u2019eau de temps en temps.<\/p>\n<p style=\"text-align: justify;\"><strong>L\u2019acier galvanis\u00e9 \u00e0 chaud<\/strong> exploit\u00e9 pour la fabrication de structures m\u00e9talliques leur conf\u00e8re une r\u00e9sistance dans le temps incommensurable.<br \/>\n<span style=\"line-height: 1.714285714; font-size: 1rem;\">L\u2019acier a re\u00e7u une protection de zinc dans l\u2019optique de la <strong>prot\u00e9ger contre la corrosion<\/strong>.<br \/>\n<\/span>L\u2019effet de la rouille n\u2019a alors aucune emprise sur l\u2019abri camping-car qui reste pr\u00e9sent de longues ann\u00e9es dans le jardin de ses propri\u00e9taires !<\/p>\n<p style=\"text-align: justify;\">Place maintenant aux <strong>diff\u00e9rents mod\u00e8les d\u2019abris<\/strong> qu\u2019il est possible d\u2019installer pour son camping-car ou sa caravane. Du bois, du m\u00e9tal, du PVC, rien n\u2019est laiss\u00e9 au hasard !<\/p>\n<ul style=\"text-align: justify;\">\n<li>\n<h3 style=\"text-align: justify;\"><span style=\"font-size: 1.142857143rem; line-height: 1.846153846;\">Ossature en acier galvanis\u00e9\u00a0et toit polycarbonate :\u00a0<\/span><\/h3>\n<\/li>\n<\/ul>\n<p style=\"text-align: justify;\">On appr\u00e9cie le <strong>toit en polycarbonate fum\u00e9<\/strong> qui a \u00e9t\u00e9 <strong>trait\u00e9 anti-UV<\/strong> et qui permet de prot\u00e9ger tout en douceur les carrosseries des v\u00e9hicules de loisirs.\u00a0Les diff\u00e9rents coloris propos\u00e9s pour les poteaux sont aussi s\u00e9duisants.<br \/>\nIl est possible, en option, de <strong>rajouter des extensions<\/strong> sur la profondeur de l\u2019abri camping-car.\u00a0\u00a0<span style=\"line-height: 1.714285714; font-size: 1rem;\">\u00a0<\/span><\/p>\n<p style=\"text-align: justify;\"><img decoding=\"async\" loading=\"lazy\" class=\"size-large wp-image-4105 aligncenter\" style=\"border: 2px solid black;\" src=\"http:\/\/www.franceabris.com\/BLOG\/wp-content\/uploads\/2014\/12\/Abri2-582x437.jpg\" alt=\"Abri caravane en poteaux m\u00e9talliques et toit polycarbonate transparent \" width=\"582\" height=\"437\" srcset=\"https:\/\/www.franceabris.com\/BLOG\/wp-content\/uploads\/2014\/12\/Abri2-582x437.jpg 582w, https:\/\/www.franceabris.com\/BLOG\/wp-content\/uploads\/2014\/12\/Abri2-130x98.jpg 130w, https:\/\/www.franceabris.com\/BLOG\/wp-content\/uploads\/2014\/12\/Abri2-320x240.jpg 320w, https:\/\/www.franceabris.com\/BLOG\/wp-content\/uploads\/2014\/12\/Abri2-624x467.jpg 624w\" sizes=\"(max-width: 582px) 100vw, 582px\" \/><\/p>\n<p style=\"text-align: justify;\">Sur cette photo de r\u00e9alisation, notre client a opt\u00e9 pour un <a href=\"http:\/\/www.franceabris.com\/carport-metal\/665-id.html\" target=\"_blank\"><strong>carport en m\u00e9tal gain\u00e9 PVC<\/strong><\/a>.<br \/>\nLa toiture en polycarbonate alv\u00e9olaire laisse filtrer la lumi\u00e8re mais stoppe n\u00e9anmoins les rayons du soleil avec son traitement anti-UV.<br \/>\nLe client a choisi des poteaux de couleur ivoire et dispose d&rsquo;une hauteur utile de 2,50m pour entreposer ais\u00e9ment sa caravane.<\/p>\n<ul style=\"text-align: justify;\">\n<li>\n<h3>Ossature en PVC galvanis\u00e9 Ferrari :<\/h3>\n<\/li>\n<\/ul>\n<p style=\"text-align: justify;\">Avec la solidit\u00e9 des <strong>poteaux en acier galvanis\u00e9<\/strong> associ\u00e9e \u00e0 une <strong>b\u00e2che ultra-r\u00e9sistante<\/strong>, les conditions m\u00e9t\u00e9orologiques n\u2019auront pas la peau de votre abri !<br \/>\nLa <a href=\"http:\/\/www.franceabris.com\/abri-camping-car-metal\/316-id.html\" target=\"_blank\"><strong>toile PVC de la marque Ferrari<\/strong><\/a> peut \u00eatre qualifi\u00e9e de haut de gamme : garantie 10 ans, elle est fabriqu\u00e9e en subissant une enduction sous tension exerc\u00e9e en cha\u00eene et en trame, rendant ainsi la qualit\u00e9 de la toile nettement sup\u00e9rieure \u00e0 d\u2019autres mod\u00e8les.<br \/>\n<span style=\"line-height: 1.714285714; font-size: 1rem;\">Les toiles Ferrari sont ainsi dispos\u00e9es \u00e0 r\u00e9sister aux rafales de vent extr\u00eames (130km\/h) et \u00e0 des temp\u00e9ratures avoisinant les -30\u00b0. \u00a0<\/span><\/p>\n<p style=\"text-align: justify;\"><img decoding=\"async\" loading=\"lazy\" class=\" wp-image-4100 alignnone\" style=\"border: 1px solid black;\" src=\"http:\/\/www.franceabris.com\/BLOG\/wp-content\/uploads\/2014\/12\/Abri-toile-PVC-ferrari.jpg\" alt=\"Abri-toile-PVC-ferrari\" width=\"370\" height=\"290\" \/>\u00a0 \u00a0\u00a0\u00a0<img decoding=\"async\" loading=\"lazy\" class=\" wp-image-4102 alignnone\" src=\"http:\/\/www.franceabris.com\/BLOG\/wp-content\/uploads\/2014\/12\/Coloris-toile-ferrari.jpg\" alt=\"Coloris-toile-ferrari\" width=\"222\" height=\"290\" \/><\/p>\n<p style=\"text-align: justify;\"><span style=\"line-height: 1.714285714; font-size: 1rem;\">Sachez qu\u2019il existe une gamme \u00e9largie de <strong>30 couleurs<\/strong> pour la toile Ferrari destin\u00e9e \u00e0 <strong>personnaliser<\/strong> au plus pr\u00e8s de ses attentes son abri caravane.\u00a0<\/span><\/p>\n<ul style=\"text-align: justify;\">\n<li>\n<h3>La charpente m\u00e9tallique :<\/h3>\n<\/li>\n<\/ul>\n<p style=\"text-align: justify;\">Cet abri camping-car tout m\u00e9tal avec une couverture en acier galvanis\u00e9 est le produit <strong>modulable<\/strong> par excellence.<br \/>\nPlusieurs modules peuvent effectivement \u00eatre rajout\u00e9s \u00e0 la structure de base \u00e0 l\u2019aide de <strong>trav\u00e9es<\/strong>. Il est alors possible d\u2019obtenir une <strong>hauteur fa\u00eeti\u00e8re et une<\/strong> <strong>profondeur sur-mesure<\/strong>.<\/p>\n<p style=\"text-align: justify;\"><img decoding=\"async\" loading=\"lazy\" class=\" wp-image-4112 alignnone\" style=\"border: 1px solid black;\" src=\"http:\/\/www.franceabris.com\/BLOG\/wp-content\/uploads\/2014\/12\/Abri-metallique-camping-car.jpg\" alt=\"Abri-metallique-camping-car\" width=\"300\" height=\"200\" \/>\u00a0 \u00a0\u00a0<img decoding=\"async\" loading=\"lazy\" class=\" wp-image-4113 alignnone\" style=\"border: 1px solid black;\" src=\"http:\/\/www.franceabris.com\/BLOG\/wp-content\/uploads\/2014\/12\/Charpente-metallique-3D.jpg\" alt=\"Charpente-metallique-3D\" width=\"300\" height=\"200\" \/><br \/>\n<span style=\"font-size: 1rem; line-height: 1.714285714;\">Une r\u00e9sistance \u00e0 la neige de 60kg\/m2 et aux fortes rafales de vent ainsi qu&rsquo;un rev\u00eatement anti-condensation finissent de compl\u00e9ter les atouts de l<strong>\u2019<a href=\"http:\/\/www.franceabris.com\/55-abri-camping-car-metal\" target=\"_blank\">abri camping-car en m\u00e9tal<\/a><\/strong>.\u00a0<\/span><\/p>\n<ul style=\"text-align: justify;\">\n<li>\n<h3>Ossature bois :<\/h3>\n<\/li>\n<\/ul>\n<p style=\"text-align: justify;\">A vous de jouer !\u00a0 L\u2019<a href=\"http:\/\/www.franceabris.com\/24-abri-camping-car-bois\" target=\"_blank\"><strong>ossature bois<\/strong><\/a> est \u00e0 personnaliser selon vos go\u00fbts et vos besoins.<br \/>\nSouhaitez-vous adosser la structure au mur de votre maison ? Pr\u00e9f\u00e9rez-vous une couverture de toit en tuile, en ardoises bitum\u00e9es, ou en shingle ? Voulez-vous rajouter un bardage sur un long-pan ou sur l\u2019arri\u00e8re ? Allez-vous choisir un toit plat, simple ou double pente ?<\/p>\n<p style=\"text-align: justify;\"><img decoding=\"async\" loading=\"lazy\" class=\" wp-image-4122 alignnone\" style=\"border: 1px solid black;\" src=\"http:\/\/www.franceabris.com\/BLOG\/wp-content\/uploads\/2014\/12\/Abri-camping-car-bois-bardages-lateraux.jpg\" alt=\"Abri-camping-car-bois-bardages-lateraux\" width=\"300\" height=\"200\" \/>\u00a0 \u00a0 <img decoding=\"async\" loading=\"lazy\" class=\" wp-image-4123 alignnone\" style=\"border: 1px solid black;\" src=\"http:\/\/www.franceabris.com\/BLOG\/wp-content\/uploads\/2014\/12\/Abri-camping-car-bois-adossable.jpg\" alt=\"Abri-camping-car-bois-adossable\" width=\"300\" height=\"200\" \/><\/p>\n<ul style=\"text-align: justify;\">\n<li>\n<h3>Le garage camping-car PVC, la solution pliante !<\/h3>\n<\/li>\n<\/ul>\n<p style=\"text-align: justify;\"><img decoding=\"async\" loading=\"lazy\" class=\"alignleft  wp-image-4109\" style=\"border: 1px solid black;\" src=\"http:\/\/www.franceabris.com\/BLOG\/wp-content\/uploads\/2014\/12\/Abri-camping-car-pliant-pvc.jpg\" alt=\"Abri-camping-car-pliant-pvc\" width=\"280\" height=\"200\" \/>Place ici \u00e0 un mod\u00e8le enti\u00e8rement ferm\u00e9 et ajust\u00e9 aux dimensions de votre v\u00e9hicule de loisir.<br \/>\nIl s\u2019agit d\u2019une <strong>garage en PVC<\/strong> qui pr\u00e9sente la particularit\u00e9 de se plier\/d\u00e9plier.<br \/>\nCela permet un gain de place certain puisque la structure peut \u00eatre entrepos\u00e9e en toute discr\u00e9tion dans le jardin.<\/p>\n<p style=\"text-align: justify;\">En quelques gestes simples, vous d\u00e9ployez votre abri\u2026 Pratique quand les gouttes de pluie font leur apparition.<\/p>\n","protected":false},"excerpt":{"rendered":"<p>Le camping-car et la caravane ont d\u00e9j\u00e0 fait l\u2019objet de plusieurs articles sur notre blog France Abris.<\/p>\n","protected":false},"author":2,"featured_media":4107,"comment_status":"closed","ping_status":"closed","sticky":false,"template":"","format":"standard","meta":[],"categories":[3],"tags":[],"_links":{"self":[{"href":"https:\/\/www.franceabris.com\/BLOG\/wp-json\/wp\/v2\/posts\/4097"}],"collection":[{"href":"https:\/\/www.franceabris.com\/BLOG\/wp-json\/wp\/v2\/posts"}],"about":[{"href":"https:\/\/www.franceabris.com\/BLOG\/wp-json\/wp\/v2\/types\/post"}],"author":[{"embeddable":true,"href":"https:\/\/www.franceabris.com\/BLOG\/wp-json\/wp\/v2\/users\/2"}],"replies":[{"embeddable":true,"href":"https:\/\/www.franceabris.com\/BLOG\/wp-json\/wp\/v2\/comments?post=4097"}],"version-history":[{"count":0,"href":"https:\/\/www.franceabris.com\/BLOG\/wp-json\/wp\/v2\/posts\/4097\/revisions"}],"wp:featuredmedia":[{"embeddable":true,"href":"https:\/\/www.franceabris.com\/BLOG\/wp-json\/wp\/v2\/media\/4107"}],"wp:attachment":[{"href":"https:\/\/www.franceabris.com\/BLOG\/wp-json\/wp\/v2\/media?parent=4097"}],"wp:term":[{"taxonomy":"category","embeddable":true,"href":"https:\/\/www.franceabris.com\/BLOG\/wp-json\/wp\/v2\/categories?post=4097"},{"taxonomy":"post_tag","embeddable":true,"href":"https:\/\/www.franceabris.com\/BLOG\/wp-json\/wp\/v2\/tags?post=4097"}],"curies":[{"name":"wp","href":"https:\/\/api.w.org\/{rel}","templated":true}]}}