{"id":4376,"date":"2015-01-27T17:49:29","date_gmt":"2015-01-27T16:49:29","guid":{"rendered":"http:\/\/www.franceabris.com\/BLOG\/?p=4376"},"modified":"2016-12-06T11:51:33","modified_gmt":"2016-12-06T10:51:33","slug":"ambiance-ranch-pour-un-chalet-des-plus-surprenants","status":"publish","type":"post","link":"https:\/\/www.franceabris.com\/BLOG\/ambiance-ranch-pour-un-chalet-des-plus-surprenants\/","title":{"rendered":"Ambiance ranch pour un chalet des plus surprenants !"},"content":{"rendered":"<p style=\"text-align: justify;\"><strong>Janvier 2015<\/strong> &#8211; Original et innovant sont les 2 mots qui sommes venus \u00e0 notre esprit quand on a re\u00e7u les photos de ce client.<br \/>\n<!--more--><br \/>\n<span style=\"line-height: 1.714285714; font-size: 1rem;\">Afin d\u2019<strong>\u00e9quiper son centre \u00e9questre<\/strong>, et de pouvoir partager sa passion du cheval, notre client a port\u00e9 son choix sur un <strong>chalet en bois<\/strong> avec une large surface \u00e0 am\u00e9nager autour d\u2019une th\u00e9matique bien d\u00e9finie.<\/span><\/p>\n<p style=\"text-align: justify;\"><span style=\"line-height: 1.714285714; font-size: 1rem;\"><span style=\"line-height: 1.714285714; font-size: 1rem;\">Dans plusieurs articles publi\u00e9s sur notre blog, nous \u00e9voquions les <strong><a href=\"http:\/\/www.franceabris.com\/BLOG\/chalets-jardin-extension-maison-sans-inconvenient\/\" target=\"_blank\">multiples possibilit\u00e9s d\u2019utilisation d\u2019un cabanon en bois<\/a><\/strong>.<br \/>\n<\/span><\/span><span style=\"font-size: 1rem; line-height: 1.714285714;\">Le chalet peut aussi bien \u00eatre exploit\u00e9 en tant que <\/span><strong style=\"font-size: 1rem; line-height: 1.714285714;\">chambres d\u2019amis, espace de bureau, atelier de loisirs cr\u00e9atifs, pool-house, salle de jeux, coin lecture<\/strong><span style=\"font-size: 1rem; line-height: 1.714285714;\">\u2026. Et maintenant en ranch !<\/span><\/p>\n<p style=\"text-align: justify;\"><span style=\"line-height: 1.714285714; font-size: 1rem;\"><strong>36m2<\/strong> de surface d\u00e9di\u00e9 au western, \u00e0 l\u2019\u00e9quitation, au far-west, et tout ce qui va avec.<\/span><\/p>\n<p style=\"text-align: justify;\"><img decoding=\"async\" loading=\"lazy\" class=\"wp-image-4380 alignleft\" style=\"border: 2px solid black;\" alt=\"Ambiance-saloon-chalet-bois\" src=\"http:\/\/www.franceabris.com\/BLOG\/wp-content\/uploads\/2015\/01\/Ambiance-saloon-chalet-bois-607x341.jpg\" width=\"630\" height=\"370\" \/><\/p>\n<h2 style=\"text-align: justify;\">Ambiance assur\u00e9e et d\u00e9co soign\u00e9e au saloon !<\/h2>\n<p style=\"text-align: justify;\"><img decoding=\"async\" loading=\"lazy\" class=\"wp-image-4385 alignright\" style=\"border: 1px solid black;\" alt=\"Terrasse-chalet-bois-saloon\" src=\"http:\/\/www.franceabris.com\/BLOG\/wp-content\/uploads\/2015\/01\/Terrasse-chalet-bois-saloon-607x341.jpg\" width=\"370\" height=\"410\" \/>Le bois est un mat\u00e9riau qui s\u2019int\u00e8gre en parfaite harmonie avec le milieu \u00e9questre et qui est proche de la nature.<\/p>\n<p style=\"text-align: justify;\"><span style=\"line-height: 1.714285714; font-size: 1rem;\">Les nouveaux propri\u00e9taires de cet espace sont all\u00e9s au bout de leur concept et de leurs id\u00e9es \u00e0 savoir cr\u00e9er une<strong> ambiance digne des plus grands westerns !<\/strong><\/span><\/p>\n<p style=\"text-align: justify;\">A l&rsquo;ext\u00e9rieur, vous trouverez une d\u00e9coration imposante mais en totale symbiose : tonneaux, t\u00eate de buffle, figurines g\u00e9antes, cactus font parties int\u00e9grantes du d\u00e9cor ext\u00e9rieur. Le ton est donn\u00e9 !<\/p>\n<p style=\"text-align: justify;\">A l\u2019int\u00e9rieur, on retrouve toujours cette m\u00eame atmosph\u00e8re avec des meubles en bois, un fusil accroch\u00e9 au mur, des lassos, et de <strong>multiples d\u00e9clinaisons autour du cheval<\/strong>.<br \/>\n2 larges fauteuils recouverts de plaids et un coin &lsquo;bar&rsquo; \u00e9quip\u00e9 de tabourets massifs ; le saloon n&rsquo;attend plus que vous !<\/p>\n<p style=\"text-align: center;\"><img decoding=\"async\" loading=\"lazy\" class=\"wp-image-4383 aligncenter\" style=\"border: 1px solid black;\" alt=\"Interieur-ranch\" src=\"http:\/\/www.franceabris.com\/BLOG\/wp-content\/uploads\/2015\/01\/Interieur-ranch-607x341.jpg\" width=\"500\" height=\"600\" \/><img decoding=\"async\" loading=\"lazy\" class=\"wp-image-4381 aligncenter\" style=\"border: 1px solid black;\" alt=\"Bar-ranch-chalet-bois\" src=\"http:\/\/www.franceabris.com\/BLOG\/wp-content\/uploads\/2015\/01\/Bar-ranch-chalet-bois-607x341.jpg\" width=\"500\" height=\"600\" \/><\/p>\n<h2 style=\"text-align: justify;\">Le chalet bois, un v\u00e9ritable espace de vie :<\/h2>\n<p style=\"text-align: justify;\">Ce <strong><a href=\"http:\/\/www.franceabris.com\/chalet-bois-kit\/633-id.html\" target=\"_blank\">mod\u00e8le de chalet bois<\/a>\u00a0en pin\u00a0naturel\u00a0brut<\/strong> peut tout \u00e0 fait convenir en tant que studio pour une habitation principale ou secondaire.<br \/>\nLe chalet a \u00e9t\u00e9 trait\u00e9 contre les insectes et la moisissure, puis peint pour une couleur plus fonc\u00e9e.<\/p>\n<ul>\n<li style=\"text-align: justify;\">L\u00e0 ou de nombreux cabanons sont b\u00e2tis \u00e0 partir d\u2019une \u00e9paisseur de madriers de 45mm (ce qui est d\u00e9j\u00e0 un gage de qualit\u00e9), celui-ci dispose d\u2019une <strong>\u00e9paisseur de 70mm<\/strong> garantissant une <strong>isolation thermique et phonique<\/strong> d\u2019une grande efficacit\u00e9.<\/li>\n<\/ul>\n<ul style=\"text-align: justify;\">\n<li><span style=\"text-align: justify;\">De plus, les madriers comportent des rainures triples pour un <\/span><strong style=\"text-align: justify;\">raccord \u00e9tanche contre la pluie<\/strong><span style=\"text-align: justify;\">.<\/span><\/li>\n<\/ul>\n<ul style=\"text-align: justify;\">\n<li>De nombreuses ouvertures &#8211; <strong>5 fen\u00eatres pivotantes et 1 porte-fen\u00eatre<\/strong> \u2013 laissent entrer la lumi\u00e8re et permettent d\u2019a\u00e9rer facilement l\u2019espace. Et quand on sait en plus qu\u2019il s\u2019agit d\u2019un double vitrage&#8230;<\/li>\n<li>Afin d&rsquo;optimiser l&rsquo;isolation, il est possible de venir installer de la laine de verre sur les contre lattis. Une <strong>pente de toit de 30\u00b0<\/strong> permet, de son cot\u00e9, une bonne \u00e9vacuation des eaux de pluie et de la neige.<\/li>\n<\/ul>\n<ul>\n<li style=\"text-align: justify;\">L\u2019un des atouts esth\u00e9tiques de ce chalet est sa <strong>terrasse abrit\u00e9e avec garde-corps<\/strong>. Prot\u00e9g\u00e9 du soleil en \u00e9t\u00e9, on peut tout m\u00eame profiter de l&rsquo;ext\u00e9rieur quand il pleut quelques gouttes.<\/li>\n<\/ul>\n<figure id=\"attachment_4379\" aria-describedby=\"caption-attachment-4379\" style=\"width: 630px\" class=\"wp-caption aligncenter\"><img decoding=\"async\" loading=\"lazy\" class=\" wp-image-4379\" style=\"border: 2px solid black;\" title=\"Un chalet de bois enti\u00e8rement revisit\u00e9 en ranch\" alt=\"Ranch-chalet-bois-vue-exterieure-Ok\" src=\"http:\/\/www.franceabris.com\/BLOG\/wp-content\/uploads\/2015\/01\/Ranch-chalet-bois-vue-exterieure-Ok.jpg\" width=\"630\" height=\"370\" \/><figcaption id=\"caption-attachment-4379\" class=\"wp-caption-text\">Alors pr\u00eat pour un petit rod\u00e9o ?!<\/figcaption><\/figure>\n<p style=\"text-align: justify;\">Toutes ces caract\u00e9ristiques produits ont permis \u00e0 notre client de b\u00e9n\u00e9ficier d\u2019une <strong>surface habitable personnalis\u00e9e selon ses propres envies<\/strong>.<\/p>\n","protected":false},"excerpt":{"rendered":"<p>Janvier 2015 &#8211; Original et innovant sont les 2 mots qui sommes venus \u00e0 notre esprit quand on a re\u00e7u les photos de ce client.<\/p>\n","protected":false},"author":2,"featured_media":4379,"comment_status":"closed","ping_status":"closed","sticky":false,"template":"","format":"standard","meta":[],"categories":[1],"tags":[],"_links":{"self":[{"href":"https:\/\/www.franceabris.com\/BLOG\/wp-json\/wp\/v2\/posts\/4376"}],"collection":[{"href":"https:\/\/www.franceabris.com\/BLOG\/wp-json\/wp\/v2\/posts"}],"about":[{"href":"https:\/\/www.franceabris.com\/BLOG\/wp-json\/wp\/v2\/types\/post"}],"author":[{"embeddable":true,"href":"https:\/\/www.franceabris.com\/BLOG\/wp-json\/wp\/v2\/users\/2"}],"replies":[{"embeddable":true,"href":"https:\/\/www.franceabris.com\/BLOG\/wp-json\/wp\/v2\/comments?post=4376"}],"version-history":[{"count":0,"href":"https:\/\/www.franceabris.com\/BLOG\/wp-json\/wp\/v2\/posts\/4376\/revisions"}],"wp:featuredmedia":[{"embeddable":true,"href":"https:\/\/www.franceabris.com\/BLOG\/wp-json\/wp\/v2\/media\/4379"}],"wp:attachment":[{"href":"https:\/\/www.franceabris.com\/BLOG\/wp-json\/wp\/v2\/media?parent=4376"}],"wp:term":[{"taxonomy":"category","embeddable":true,"href":"https:\/\/www.franceabris.com\/BLOG\/wp-json\/wp\/v2\/categories?post=4376"},{"taxonomy":"post_tag","embeddable":true,"href":"https:\/\/www.franceabris.com\/BLOG\/wp-json\/wp\/v2\/tags?post=4376"}],"curies":[{"name":"wp","href":"https:\/\/api.w.org\/{rel}","templated":true}]}}