{"id":4635,"date":"2015-05-11T06:30:25","date_gmt":"2015-05-11T05:30:25","guid":{"rendered":"http:\/\/www.franceabris.com\/BLOG\/?p=4635"},"modified":"2017-08-31T16:48:15","modified_gmt":"2017-08-31T15:48:15","slug":"partageons-camping-cars-economiser","status":"publish","type":"post","link":"https:\/\/www.franceabris.com\/BLOG\/partageons-camping-cars-economiser\/","title":{"rendered":"Partageons nos camping-cars pour \u00e9conomiser\u00a0!"},"content":{"rendered":"<p style=\"text-align: justify;\">Avec la crise, <strong>la tendance est au partage<\/strong>, surtout dans le domaine des loisirs.<br \/>\nOn peut aujourd\u2019hui louer des v\u00eatements de marque pour une soir\u00e9e, des voitures pour quelques jours, des appartements pour quelques nuits\u2026<br \/>\n<!--more-->Alors pour les vacances, pourquoi ne pas<strong> louer le\u00a0camping-car d&rsquo;un particulier ?<\/strong><\/p>\n<p style=\"text-align: justify;\">Justement, une nouvelle plateforme nomm\u00e9e <a href=\"https:\/\/www.jelouemoncampingcar.com\"><strong>JeLoueMonCampingCar.com<\/strong><\/a> d\u00e9di\u00e9e \u00e0 la <strong>location de camping-car entre particuliers<\/strong> a fait son apparition il y a 2 ans\u2026 Et est d\u00e9j\u00e0 leader de son secteur\u00a0!<\/p>\n<h2 style=\"text-align: justify;\">Le concept :<\/h2>\n<h3 style=\"text-align: justify;\">Pr\u00eater \/ louer un camping-car ou un fourgon<\/h3>\n<figure id=\"attachment_4637\" aria-describedby=\"caption-attachment-4637\" style=\"width: 249px\" class=\"wp-caption alignleft\"><img decoding=\"async\" loading=\"lazy\" class=\"wp-image-4637 \" style=\"border: 1px solid #000000;\" src=\"http:\/\/www.franceabris.com\/BLOG\/wp-content\/uploads\/2015\/04\/cl\u00e9-camping-car-380x437.jpg\" alt=\"Porte-cl\u00e9s van\" width=\"249\" height=\"286\" srcset=\"https:\/\/www.franceabris.com\/BLOG\/wp-content\/uploads\/2015\/04\/cl\u00e9-camping-car-380x437.jpg 380w, https:\/\/www.franceabris.com\/BLOG\/wp-content\/uploads\/2015\/04\/cl\u00e9-camping-car-85x98.jpg 85w, https:\/\/www.franceabris.com\/BLOG\/wp-content\/uploads\/2015\/04\/cl\u00e9-camping-car-209x240.jpg 209w, https:\/\/www.franceabris.com\/BLOG\/wp-content\/uploads\/2015\/04\/cl\u00e9-camping-car.jpg 605w\" sizes=\"(max-width: 249px) 100vw, 249px\" \/><figcaption id=\"caption-attachment-4637\" class=\"wp-caption-text\">Cr\u00e9dit photo : Pinterest \/ journal-du-design.fr<\/figcaption><\/figure>\n<p style=\"text-align: justify;\">En France, presque une personne sur 2 pratique la <strong>consommation collaborative<\/strong>.<\/p>\n<p style=\"text-align: justify;\">C\u2019est sur cette tendance qu\u2019ont mis\u00e9 les cofondateurs Beno\u00eet et Adrien pour d\u00e9velopper leur <strong>start-up<\/strong> il y a 2 ans, avec un concept\u00a0: mettre en relation gratuitement les particuliers pour la location de camping-car ou de caravanes\u00a0!<\/p>\n<p style=\"text-align: justify;\">Le propri\u00e9taire propose la <strong>location de son camping-car<\/strong> gratuitement sur le site. Il fixe le prix de location \u00e0 la journ\u00e9e et les disponibilit\u00e9s du v\u00e9hicule.<\/p>\n<p style=\"text-align: justify;\">Le voyageur \u00e0 la recherche d&rsquo;un camping-car\u00a0peut faire une <strong>demande de r\u00e9servation<\/strong> au propri\u00e9taire, que ce dernier peut accepter ou refuser sous 48h.<\/p>\n<p style=\"text-align: justify;\">Le paiement en ligne se fait de fa\u00e7on <strong>s\u00e9curis\u00e9e<\/strong> sur le site\u00a0; le propri\u00e9taire re\u00e7oit donc un virement bancaire.<\/p>\n<p style=\"text-align: justify;\">Le jour du d\u00e9but de location, <strong>propri\u00e9taire et locataire se rencontrent<\/strong> pour signer le contrat de location et l\u2019\u00e9tat des lieux du v\u00e9hicule.\u00a0Le locataire doit pr\u00e9senter son permis de conduire et remettre une caution au propri\u00e9taire, qui lui donne en retour une photocopie de la carte grise et les cl\u00e9s du v\u00e9hicule.<\/p>\n<p style=\"text-align: justify;\">Au <strong>retour<\/strong>, le locataire rend les biens au propri\u00e9taire, ils font l\u2019\u00e9tat des lieux puis s\u2019\u00e9valuent sur le site.<\/p>\n<h3 style=\"text-align: justify;\">La\u00a0qualit\u00e9&#8230;<\/h3>\n<figure id=\"attachment_4639\" aria-describedby=\"caption-attachment-4639\" style=\"width: 230px\" class=\"wp-caption alignright\"><img decoding=\"async\" loading=\"lazy\" class=\"wp-image-4639 \" style=\"border: 1px solid #000000;\" src=\"http:\/\/www.franceabris.com\/BLOG\/wp-content\/uploads\/2015\/04\/van-plage-245x437.jpg\" alt=\"Un camping-car sur la plage\" width=\"230\" height=\"411\" srcset=\"https:\/\/www.franceabris.com\/BLOG\/wp-content\/uploads\/2015\/04\/van-plage-245x437.jpg 245w, https:\/\/www.franceabris.com\/BLOG\/wp-content\/uploads\/2015\/04\/van-plage-55x98.jpg 55w, https:\/\/www.franceabris.com\/BLOG\/wp-content\/uploads\/2015\/04\/van-plage-135x240.jpg 135w, https:\/\/www.franceabris.com\/BLOG\/wp-content\/uploads\/2015\/04\/van-plage.jpg 499w\" sizes=\"(max-width: 230px) 100vw, 230px\" \/><figcaption id=\"caption-attachment-4639\" class=\"wp-caption-text\">Cr\u00e9dit photo : Pinterest \/ heyythere.com<\/figcaption><\/figure>\n<p style=\"text-align: justify;\">Le locataire a\u00a0le choix \u00e9tant donn\u00e9 que <strong>1 100 camping-cars sont disponibles<\/strong> sur le site en\u00a0France, et le site s\u2019est r\u00e9cemment d\u00e9velopp\u00e9 en Espagne.<\/p>\n<p style=\"text-align: justify;\">De plus, rencontrer un propri\u00e9taire lui permettra d\u2019obtenir des <strong>conseils<\/strong> et des <strong>astuces<\/strong> sur le bien lou\u00e9 mais aussi sur la destination de voyage.<\/p>\n<p style=\"text-align: justify;\">Le site privil\u00e9gie avant tout la <strong>s\u00e9curit\u00e9<\/strong> : l\u2019identit\u00e9 des locataires est v\u00e9rifi\u00e9e, le paiement est s\u00e9curis\u00e9 et une assurance sp\u00e9ciale location a \u00e9t\u00e9 con\u00e7ue.<\/p>\n<p style=\"text-align: justify;\">Un <strong>v\u00e9ritable suivi<\/strong> est propos\u00e9 : il est possible d\u2019obtenir de l\u2019aide par t\u00e9l\u00e9phone, e-mail et m\u00eame \u00e0 travers un chat.<\/p>\n<p>&nbsp;<\/p>\n<p>&nbsp;<\/p>\n<p><a href=\"http:\/\/www.franceabris.com\/54-abri-camping-car\" target=\"_blank\" rel=\"noopener\"><img decoding=\"async\" loading=\"lazy\" class=\"wp-image-7675 alignleft\" src=\"http:\/\/www.franceabris.com\/BLOG\/wp-content\/uploads\/2015\/02\/visuel-france-abris-camping-car-405x130.jpg\" alt=\"promotion des camping-cars pas cher\" width=\"561\" height=\"180\" srcset=\"https:\/\/www.franceabris.com\/BLOG\/wp-content\/uploads\/2015\/02\/visuel-france-abris-camping-car-405x130.jpg 405w, https:\/\/www.franceabris.com\/BLOG\/wp-content\/uploads\/2015\/02\/visuel-france-abris-camping-car-173x56.jpg 173w, https:\/\/www.franceabris.com\/BLOG\/wp-content\/uploads\/2015\/02\/visuel-france-abris-camping-car-607x195.jpg 607w, https:\/\/www.franceabris.com\/BLOG\/wp-content\/uploads\/2015\/02\/visuel-france-abris-camping-car-624x201.jpg 624w, https:\/\/www.franceabris.com\/BLOG\/wp-content\/uploads\/2015\/02\/visuel-france-abris-camping-car.jpg 700w\" sizes=\"(max-width: 561px) 100vw, 561px\" \/><\/a><\/p>\n<h3 style=\"text-align: justify;\">Voyager \u00e0 moindre co\u00fbt !<\/h3>\n<p style=\"text-align: justify;\">L&rsquo;inscription sur le site est <strong>gratuite<\/strong>.\u00a0Les locations varient de <strong>50 \u00e0 250\u20ac la journ\u00e9e<\/strong> en fonction de la saison, de la localisation et du type de v\u00e9hicule\u00a0: c\u2019est moins cher que chez un loueur professionnel.<\/p>\n<p style=\"text-align: justify;\">Partir en camping-car est une <strong>solution \u00e9conomique<\/strong>\u00a0\u00e9tant donn\u00e9 qu\u2019aucune nuit d\u2019h\u00f4tel ou repas au restaurant n\u2019est \u00e0 payer\u00a0!<\/p>\n<h2 style=\"text-align: justify;\">Pour qui\u00a0?<\/h2>\n<p style=\"text-align: justify;\"><strong>Heureux propri\u00e9taire d\u2019un camping-car<\/strong>, vous le d\u00e9laissez parfois pour habiter dans votre maison\u00a0? Proposez votre camping-car \u00e0 la location\u00a0!<\/p>\n<p style=\"text-align: justify;\"><strong>A la recherche de vacances \u00e9conomiques et atypiques ?<\/strong> Recherchez qui propose de louer son camping-car pr\u00e8s de chez vous\u00a0!<\/p>\n<figure id=\"attachment_4640\" aria-describedby=\"caption-attachment-4640\" style=\"width: 325px\" class=\"wp-caption aligncenter\"><img decoding=\"async\" loading=\"lazy\" class=\"wp-image-4640 size-large\" style=\"border: 1px solid #000000;\" src=\"http:\/\/www.franceabris.com\/BLOG\/wp-content\/uploads\/2015\/04\/camping-car-interieur-325x437.jpg\" alt=\"L'int\u00e9rieur d'un camping-car r\u00e9cent\" width=\"325\" height=\"437\" srcset=\"https:\/\/www.franceabris.com\/BLOG\/wp-content\/uploads\/2015\/04\/camping-car-interieur-325x437.jpg 325w, https:\/\/www.franceabris.com\/BLOG\/wp-content\/uploads\/2015\/04\/camping-car-interieur-73x98.jpg 73w, https:\/\/www.franceabris.com\/BLOG\/wp-content\/uploads\/2015\/04\/camping-car-interieur-178x240.jpg 178w, https:\/\/www.franceabris.com\/BLOG\/wp-content\/uploads\/2015\/04\/camping-car-interieur.jpg 399w\" sizes=\"(max-width: 325px) 100vw, 325px\" \/><figcaption id=\"caption-attachment-4640\" class=\"wp-caption-text\">Cr\u00e9dit photo : Pinterest \/ orangework.de<\/figcaption><\/figure>\n<p style=\"text-align: justify;\">C\u2019est un moyen de locomotion qui vous apportera une <strong>grande libert\u00e9<\/strong>\u00a0: choisissez o\u00f9 vous voulez aller d\u2019un jour sur l\u2019autre tout en gardant un \u00ab\u00a0chez soi\u00a0\u00bb.<\/p>\n<figure id=\"attachment_4650\" aria-describedby=\"caption-attachment-4650\" style=\"width: 235px\" class=\"wp-caption alignright\"><img decoding=\"async\" loading=\"lazy\" class=\"wp-image-4650\" style=\"border: 1px solid #000000; margin-top: 4px;\" title=\"Pour se r\u00e9veiller \u00e0 l'or\u00e9e du bois !\" src=\"http:\/\/www.franceabris.com\/BLOG\/wp-content\/uploads\/2015\/04\/camping-foret-291x437.jpg\" alt=\"Fourgon am\u00e9nag\u00e9 pour le camping\" width=\"235\" height=\"353\" srcset=\"https:\/\/www.franceabris.com\/BLOG\/wp-content\/uploads\/2015\/04\/camping-foret-291x437.jpg 291w, https:\/\/www.franceabris.com\/BLOG\/wp-content\/uploads\/2015\/04\/camping-foret-65x98.jpg 65w, https:\/\/www.franceabris.com\/BLOG\/wp-content\/uploads\/2015\/04\/camping-foret-160x240.jpg 160w, https:\/\/www.franceabris.com\/BLOG\/wp-content\/uploads\/2015\/04\/camping-foret-624x936.jpg 624w, https:\/\/www.franceabris.com\/BLOG\/wp-content\/uploads\/2015\/04\/camping-foret.jpg 675w\" sizes=\"(max-width: 235px) 100vw, 235px\" \/><figcaption id=\"caption-attachment-4650\" class=\"wp-caption-text\">Cr\u00e9dit photo : Pinterest \/ upknorth.tumblr.com<\/figcaption><\/figure>\n<p style=\"text-align: justify;\">Diff\u00e9rents types de camping-car sont propos\u00e9s\u00a0sur le site\u00a0: les <strong>fourgons am\u00e9nag\u00e9s<\/strong>, les <strong>profil\u00e9s<\/strong> qui sont les plus vendus en France, les <strong>capucines<\/strong> caract\u00e9ris\u00e9es par une avanc\u00e9e avec un lit double au dessus du poste de conduite, et les <strong>int\u00e9graux<\/strong> qui font du poste de conduite un espace de vie incorpor\u00e9 dans le reste du camping-car.<\/p>\n<p style=\"text-align: justify;\">Les camping-cars sont donc pour les <strong>aventuriers<\/strong> mais aussi pour ceux qui aiment le <strong>confort<\/strong>.<\/p>\n<p style=\"text-align: justify;\"><strong>350 000 particuliers<\/strong> poss\u00e8dent actuellement un camping-car en France, pourquoi ne pas tenter l&rsquo;exp\u00e9rience\u00a0?<\/p>\n<h2 style=\"text-align: justify;\">Prendre soin de son camping-car :<\/h2>\n<p style=\"text-align: justify;\"><strong>Entra\u00eenez-vous \u00e0 manipuler le camping-car<\/strong> avant l\u2019emmener sur la route (sur un parking, dans une cour\u2026).<\/p>\n<p style=\"text-align: justify;\">Il faut faire attention \u00e0 ce que le camping-car soit <strong>\u00e0 plat pendant le stationnement<\/strong>, et de bien v\u00e9rifier les niveaux du v\u00e9hicule r\u00e9guli\u00e8rement.<\/p>\n<p style=\"text-align: justify;\"><img decoding=\"async\" loading=\"lazy\" class=\"alignright wp-image-4679\" style=\"border: 1px solid #000000;\" title=\"Un abri m\u00e9tallique pour prot\u00e9ger un camping-car !\" src=\"http:\/\/www.franceabris.com\/BLOG\/wp-content\/uploads\/2015\/04\/Abri-camping-car-metal-607x341.jpg\" alt=\"Abri-camping-car-metal\" width=\"350\" height=\"197\" srcset=\"https:\/\/www.franceabris.com\/BLOG\/wp-content\/uploads\/2015\/04\/Abri-camping-car-metal-607x341.jpg 607w, https:\/\/www.franceabris.com\/BLOG\/wp-content\/uploads\/2015\/04\/Abri-camping-car-metal-173x98.jpg 173w, https:\/\/www.franceabris.com\/BLOG\/wp-content\/uploads\/2015\/04\/Abri-camping-car-metal-405x228.jpg 405w, https:\/\/www.franceabris.com\/BLOG\/wp-content\/uploads\/2015\/04\/Abri-camping-car-metal-624x351.jpg 624w\" sizes=\"(max-width: 350px) 100vw, 350px\" \/>Lorsque le camping-car n\u2019est pas utilis\u00e9, il est pr\u00e9f\u00e9rable de <strong><a href=\"http:\/\/www.franceabris.com\/54-abri-camping-car\">prot\u00e9ger et d\u2019abriter son camping-car<\/a> sous un carport<\/strong> afin de prolonger sa dur\u00e9e de vie.<\/p>\n<p style=\"text-align: justify;\">En m\u00e9tal, en PVC ou en bois, standard ou sur-mesure, vous trouverez forc\u00e9ment l\u2019abri qui vous convient\u00a0!<\/p>\n<p style=\"text-align: justify;\">Pour vous aiguiller dans le choix de carport, nous vous proposons de lire notre article sur <strong><a href=\"http:\/\/www.franceabris.com\/BLOG\/proteger-son-camping-car-les-differentes-solutions-dabris\/\">les diff\u00e9rentes solutions d\u2019abris\u00a0pour un v\u00e9hicule de loisirs.<\/a><\/strong><\/p>\n","protected":false},"excerpt":{"rendered":"<p>Avec la crise, la tendance est au partage, surtout dans le domaine des loisirs. On peut aujourd\u2019hui louer des v\u00eatements de marque pour une soir\u00e9e, des voitures pour quelques jours, des appartements pour quelques nuits\u2026<\/p>\n","protected":false},"author":2,"featured_media":4678,"comment_status":"closed","ping_status":"closed","sticky":false,"template":"","format":"standard","meta":[],"categories":[5],"tags":[],"_links":{"self":[{"href":"https:\/\/www.franceabris.com\/BLOG\/wp-json\/wp\/v2\/posts\/4635"}],"collection":[{"href":"https:\/\/www.franceabris.com\/BLOG\/wp-json\/wp\/v2\/posts"}],"about":[{"href":"https:\/\/www.franceabris.com\/BLOG\/wp-json\/wp\/v2\/types\/post"}],"author":[{"embeddable":true,"href":"https:\/\/www.franceabris.com\/BLOG\/wp-json\/wp\/v2\/users\/2"}],"replies":[{"embeddable":true,"href":"https:\/\/www.franceabris.com\/BLOG\/wp-json\/wp\/v2\/comments?post=4635"}],"version-history":[{"count":0,"href":"https:\/\/www.franceabris.com\/BLOG\/wp-json\/wp\/v2\/posts\/4635\/revisions"}],"wp:featuredmedia":[{"embeddable":true,"href":"https:\/\/www.franceabris.com\/BLOG\/wp-json\/wp\/v2\/media\/4678"}],"wp:attachment":[{"href":"https:\/\/www.franceabris.com\/BLOG\/wp-json\/wp\/v2\/media?parent=4635"}],"wp:term":[{"taxonomy":"category","embeddable":true,"href":"https:\/\/www.franceabris.com\/BLOG\/wp-json\/wp\/v2\/categories?post=4635"},{"taxonomy":"post_tag","embeddable":true,"href":"https:\/\/www.franceabris.com\/BLOG\/wp-json\/wp\/v2\/tags?post=4635"}],"curies":[{"name":"wp","href":"https:\/\/api.w.org\/{rel}","templated":true}]}}