{"id":5635,"date":"2015-11-23T06:47:26","date_gmt":"2015-11-23T05:47:26","guid":{"rendered":"http:\/\/www.franceabris.com\/BLOG\/?p=5635"},"modified":"2015-11-26T09:40:04","modified_gmt":"2015-11-26T08:40:04","slug":"trucs-astuces-proteger-son-vehicule-loisirs-hiver","status":"publish","type":"post","link":"https:\/\/www.franceabris.com\/BLOG\/trucs-astuces-proteger-son-vehicule-loisirs-hiver\/","title":{"rendered":"Trucs et astuces pour prot\u00e9ger son v\u00e9hicule de loisirs en hiver !"},"content":{"rendered":"<p style=\"text-align: justify;\">En \u00e9t\u00e9, vous pouvez facilement laisser votre v\u00e9hicule de loisirs dehors, m\u00eame si des orages de gr\u00eale peuvent \u00e9clater et endommager votre carrosserie.<br \/>\n<!--more-->A l\u2019inverse, l\u2019hiver est une saison rude lors de laquelle les intemp\u00e9ries peuvent faire des d\u00e9g\u00e2ts irr\u00e9versibles : les pr\u00e9cipitations augmentent et la neige arrive. <strong>Le gel peut s\u00e9v\u00e8rement alt\u00e9rer votre v\u00e9hicule<\/strong> et son fonctionnement.<\/p>\n<p style=\"text-align: justify;\">Ne prenez aucun risque, suivez nos conseils pour parer \u00e0 toute situation m\u00e9t\u00e9orologique !<\/p>\n<h2 style=\"text-align: justify;\">Pourquoi prot\u00e9ger son v\u00e9hicule de loisirs en hiver ?<\/h2>\n<p style=\"text-align: justify;\">D\u00e8s l\u2019automne, les feuilles fra\u00eechement tomb\u00e9es\u00a0peuvent se coincer dans la carrosserie ou s\u2019engouffrer dans le capot.<br \/>\n<strong>Evitez donc de garer votre voiture sous un arbre<\/strong>, ni dans l\u2019herbe o\u00f9 la ros\u00e9e du matin pourrait alt\u00e9rer votre v\u00e9hicule.<\/p>\n<figure id=\"attachment_5505\" aria-describedby=\"caption-attachment-5505\" style=\"width: 440px\" class=\"wp-caption aligncenter\"><img decoding=\"async\" loading=\"lazy\" class=\"wp-image-5505 size-full\" style=\"border: 1px solid #000000;\" title=\"Pare-brise prot\u00e9g\u00e9 par une b\u00e2che sur-mesure\" src=\"http:\/\/www.franceabris.com\/BLOG\/wp-content\/uploads\/2015\/09\/bache-parebrise-campingcar.jpg\" alt=\"B\u00e2che pour camping-car\" width=\"440\" height=\"286\" srcset=\"https:\/\/www.franceabris.com\/BLOG\/wp-content\/uploads\/2015\/09\/bache-parebrise-campingcar.jpg 440w, https:\/\/www.franceabris.com\/BLOG\/wp-content\/uploads\/2015\/09\/bache-parebrise-campingcar-151x98.jpg 151w, https:\/\/www.franceabris.com\/BLOG\/wp-content\/uploads\/2015\/09\/bache-parebrise-campingcar-369x240.jpg 369w\" sizes=\"(max-width: 440px) 100vw, 440px\" \/><figcaption id=\"caption-attachment-5505\" class=\"wp-caption-text\">Cr\u00e9dit photo : Pinterest\/pro-accessoires.fr<\/figcaption><\/figure>\n<p style=\"text-align: justify;\">Si votre v\u00e9hicule dort dehors, pensez \u00e0 <strong>d\u00e9coller vos essuie-glaces du pare-brise<\/strong> et \u00e0\u00a0placer une b\u00e2che ou un drap sur le pare-brise. <strong>Oubliez\u00a0le carton<\/strong>, qui a tendance \u00e0 coller au pare-brise en cas d\u2019humidit\u00e9.<\/p>\n<p style=\"text-align: justify;\">Si toutefois vos essuie-glaces sont coll\u00e9s au pare-brise, ne les mettez pas en marche, ils risqueraient de casser !<br \/>\nNe versez pas non plus d\u2019eau bouillante susceptible de provoquer un choc thermique et de fissurer le pare-brise.<\/p>\n<p style=\"text-align: justify;\">Essayez de les d\u00e9gager doucement avec un grattoir, et pensez \u00e0 utiliser <strong>un lave-glace antigel<\/strong>, r\u00e9sistant aux basses temp\u00e9ratures.<\/p>\n<figure id=\"attachment_5506\" aria-describedby=\"caption-attachment-5506\" style=\"width: 274px\" class=\"wp-caption alignleft\"><img decoding=\"async\" loading=\"lazy\" class=\"wp-image-5506\" style=\"border: 1px solid #000000;\" title=\"Caravane enneig\u00e9e\" src=\"http:\/\/www.franceabris.com\/BLOG\/wp-content\/uploads\/2015\/09\/caravane-neige-436x437.jpg\" alt=\"Caravane dans la neige\" width=\"274\" height=\"275\" srcset=\"https:\/\/www.franceabris.com\/BLOG\/wp-content\/uploads\/2015\/09\/caravane-neige-436x437.jpg 436w, https:\/\/www.franceabris.com\/BLOG\/wp-content\/uploads\/2015\/09\/caravane-neige-98x98.jpg 98w, https:\/\/www.franceabris.com\/BLOG\/wp-content\/uploads\/2015\/09\/caravane-neige-240x240.jpg 240w, https:\/\/www.franceabris.com\/BLOG\/wp-content\/uploads\/2015\/09\/caravane-neige-624x625.jpg 624w, https:\/\/www.franceabris.com\/BLOG\/wp-content\/uploads\/2015\/09\/caravane-neige.jpg 736w\" sizes=\"(max-width: 274px) 100vw, 274px\" \/><figcaption id=\"caption-attachment-5506\" class=\"wp-caption-text\">Cr\u00e9dit photo : Flickr\/Aleazzo<\/figcaption><\/figure>\n<p style=\"text-align: justify;\">Si vous vous retrouvez avec un v\u00e9hicule enneig\u00e9, pensez \u00e0 <strong>d\u00e9blayer la neige accumul\u00e9e sur le toit et le pare-brise<\/strong> : si vous laissez cette couche blanche\u00a0plusieurs jours, elle risquerait de se solidifier, d\u2019ab\u00eemer votre carrosserie et d\u2019\u00eatre encore plus difficile \u00e0 enlever, surtout s\u2019il re-neige ou qu&rsquo;il g\u00e8le par dessus.<\/p>\n<p style=\"text-align: justify;\">Les porti\u00e8res peuvent \u00e9galement rester coinc\u00e9es \u00e0 cause du froid\u00a0en\u00a0<strong>collant les joints aux parties m\u00e9talliques de la carrosserie<\/strong>.<br \/>\nPour \u00e9viter cela, mettez du savon de Marseille, de la glyc\u00e9rine ou du talc sur les <strong>joints \u00e0 l\u2019int\u00e9rieur des porti\u00e8res<\/strong>.<\/p>\n<p style=\"text-align: justify;\">Si jamais vous n\u2019arrivez pas \u00e0 ouvrir la porti\u00e8re conducteur, essayez de passer par une autre porte ou <strong>r\u00e9chauffez le joint avec du d\u00e9givrant<\/strong>.<\/p>\n<p><img decoding=\"async\" loading=\"lazy\" class=\"alignright wp-image-5510\" style=\"border: 1px solid #000000; margin: 6px;\" title=\"Ce van s'appr\u00eate \u00e0 affronter temp\u00eate ! Cr\u00e9dit photo : Pinterest\/fab.com\" src=\"http:\/\/www.franceabris.com\/BLOG\/wp-content\/uploads\/2015\/09\/tempete-van-345x437.jpg\" alt=\"Caravane WV sous la temp\u00eate\" width=\"228\" height=\"289\" srcset=\"https:\/\/www.franceabris.com\/BLOG\/wp-content\/uploads\/2015\/09\/tempete-van-345x437.jpg 345w, https:\/\/www.franceabris.com\/BLOG\/wp-content\/uploads\/2015\/09\/tempete-van-77x98.jpg 77w, https:\/\/www.franceabris.com\/BLOG\/wp-content\/uploads\/2015\/09\/tempete-van-190x240.jpg 190w, https:\/\/www.franceabris.com\/BLOG\/wp-content\/uploads\/2015\/09\/tempete-van.jpg 395w\" sizes=\"(max-width: 228px) 100vw, 228px\" \/><\/p>\n<p style=\"text-align: justify;\">Le froid risque \u00e9galement de <strong>givrer la serrure<\/strong>.<br \/>\nDes produits a\u00e9rosols sp\u00e9ciaux permettent de la d\u00e9givrer, mais vous pouvez \u00e9galement tenter de r\u00e9chauffer votre cl\u00e9 en la <strong>passant sous l\u2019eau chaude<\/strong> ou \u00e0 travers la flamme d\u2019un briquet.<\/p>\n<p style=\"text-align: justify;\">De plus, les\u00a0temp\u00e9ratures froides font baisser la pression des pneus. Vous pouvez <strong>l\u00e9g\u00e8rement les surgonfler<\/strong> pour \u00e9viter cela.<\/p>\n<p style=\"text-align: justify;\">Toutes ces recommandations vous obligent \u00e0 vous \u00e9quiper <strong>de lave glace antigel, de produit de d\u00e9givrage, d\u2019une raclette et d\u2019une balayette<\/strong>.<\/p>\n<p style=\"text-align: justify;\">Abriter votre v\u00e9hicule vous \u00e9viterait donc de\u00a0nombreux d\u00e9sagr\u00e9ments.\u00a0Mais comment le prot\u00e9ger durablement ?<br \/>\nPour le savoir, rendez-vous sur notre article expliquant <a href=\"http:\/\/www.franceabris.com\/BLOG\/quelle-solution-economique-hivernage-pour-vehicule-loisirs\/\"><span style=\"text-decoration: underline;\"><strong>comment hiverner votre v\u00e9hicule de loisirs durant l&rsquo;hiver<\/strong><\/span><\/a> !<\/p>\n","protected":false},"excerpt":{"rendered":"<p>En \u00e9t\u00e9, vous pouvez facilement laisser votre v\u00e9hicule de loisirs dehors, m\u00eame si des orages de gr\u00eale peuvent \u00e9clater et endommager votre carrosserie.<\/p>\n","protected":false},"author":2,"featured_media":5661,"comment_status":"closed","ping_status":"closed","sticky":false,"template":"","format":"standard","meta":[],"categories":[3],"tags":[],"_links":{"self":[{"href":"https:\/\/www.franceabris.com\/BLOG\/wp-json\/wp\/v2\/posts\/5635"}],"collection":[{"href":"https:\/\/www.franceabris.com\/BLOG\/wp-json\/wp\/v2\/posts"}],"about":[{"href":"https:\/\/www.franceabris.com\/BLOG\/wp-json\/wp\/v2\/types\/post"}],"author":[{"embeddable":true,"href":"https:\/\/www.franceabris.com\/BLOG\/wp-json\/wp\/v2\/users\/2"}],"replies":[{"embeddable":true,"href":"https:\/\/www.franceabris.com\/BLOG\/wp-json\/wp\/v2\/comments?post=5635"}],"version-history":[{"count":0,"href":"https:\/\/www.franceabris.com\/BLOG\/wp-json\/wp\/v2\/posts\/5635\/revisions"}],"wp:featuredmedia":[{"embeddable":true,"href":"https:\/\/www.franceabris.com\/BLOG\/wp-json\/wp\/v2\/media\/5661"}],"wp:attachment":[{"href":"https:\/\/www.franceabris.com\/BLOG\/wp-json\/wp\/v2\/media?parent=5635"}],"wp:term":[{"taxonomy":"category","embeddable":true,"href":"https:\/\/www.franceabris.com\/BLOG\/wp-json\/wp\/v2\/categories?post=5635"},{"taxonomy":"post_tag","embeddable":true,"href":"https:\/\/www.franceabris.com\/BLOG\/wp-json\/wp\/v2\/tags?post=5635"}],"curies":[{"name":"wp","href":"https:\/\/api.w.org\/{rel}","templated":true}]}}