{"id":5778,"date":"2015-12-02T06:21:23","date_gmt":"2015-12-02T05:21:23","guid":{"rendered":"http:\/\/www.franceabris.com\/BLOG\/?p=5778"},"modified":"2017-01-04T17:00:19","modified_gmt":"2017-01-04T16:00:19","slug":"joli-abri","status":"publish","type":"post","link":"https:\/\/www.franceabris.com\/BLOG\/joli-abri\/","title":{"rendered":"Un joli abri de jardin en r\u00e9sine, couleur gris anthracite"},"content":{"rendered":"<p style=\"text-align: justify;\">Non, les abris de jardin ne sont pas tous en bois\u00a0!<br \/>\nSi vous souhaitez am\u00e9nager votre ext\u00e9rieur tout en <strong>modernisant votre jardin<\/strong>, optez pour l\u2019abri en PVC garanti 10 ans.<br \/>\n<!--more--><\/p>\n<p style=\"text-align: justify;\">Focus sur les photos de cet\u00a0<strong>abri en r\u00e9sine,<\/strong>\u00a0mont\u00e9 par\u00a0un client d\u2019Amiens (80).<\/p>\n<h2 style=\"text-align: justify;\">Embellir son jardin avec un cabanon moderne :<\/h2>\n<p>Cet\u00a0abri de jardin contemporain\u00a0est en <strong>r\u00e9sine PVC<\/strong>, fa\u00e7onn\u00e9e de fa\u00e7on \u00e0 imiter l\u2019aspect du bois, ce qui fait que <strong>l\u2019abri s\u2019int\u00e8gre \u00e0 un espace naturel<\/strong>\u00a0et\u00a0design.<\/p>\n<p>La <strong>forme classique de la maisonnette<\/strong> avec les deux pans de toit est modernis\u00e9e par le mat\u00e9riau r\u00e9cent qu&rsquo;est le PVC.<\/p>\n<p>La\u00a0r\u00e9sine PVC recouvre une <strong>structure en aluminium<\/strong>\u00a0: l\u2019esth\u00e9tique de l\u2019abri n\u2019alt\u00e8re donc pas sa <strong>r\u00e9sistance<\/strong>.<\/p>\n<p style=\"text-align: justify;\"><img decoding=\"async\" loading=\"lazy\" class=\" aligncenter wp-image-5781\" style=\"border: 1px solid #000000;\" title=\"Contre la maison, l'espace est id\u00e9al pour l'abri !\" src=\"http:\/\/www.franceabris.com\/BLOG\/wp-content\/uploads\/2015\/11\/IMG_0923-a-la-une-328x437.jpeg\" alt=\"abri jardin ferm\u00e9 gris\" width=\"321\" height=\"428\" srcset=\"https:\/\/www.franceabris.com\/BLOG\/wp-content\/uploads\/2015\/11\/IMG_0923-a-la-une-328x437.jpeg 328w, https:\/\/www.franceabris.com\/BLOG\/wp-content\/uploads\/2015\/11\/IMG_0923-a-la-une-74x98.jpeg 74w, https:\/\/www.franceabris.com\/BLOG\/wp-content\/uploads\/2015\/11\/IMG_0923-a-la-une-180x240.jpeg 180w, https:\/\/www.franceabris.com\/BLOG\/wp-content\/uploads\/2015\/11\/IMG_0923-a-la-une-624x832.jpeg 624w, https:\/\/www.franceabris.com\/BLOG\/wp-content\/uploads\/2015\/11\/IMG_0923-a-la-une.jpeg 960w\" sizes=\"(max-width: 321px) 100vw, 321px\" \/><\/p>\n<p style=\"text-align: justify;\">L\u2019avantage est que le PVC est facile \u00e0 installer du fait de sa l\u00e9g\u00e8ret\u00e9 par rapport aux abris en m\u00e9tal ou en bois.<\/p>\n<p style=\"text-align: justify;\">Le coloris gris anthracite pr\u00e9domine dans\u00a0le milieu de la\u00a0d\u00e9coration de ces derni\u00e8res ann\u00e9es. Les <strong>couleurs actuelles<\/strong> sont des tons chaleureux mais neutres : aux c\u00f4t\u00e9s du gris, on retrouve le beige, le brun\u00a0et le taupe.<br \/>\nAvec un <strong>abri gris anthracite<\/strong>, vous serez donc totalement dans la tendance !<\/p>\n<p style=\"text-align: justify;\">Avec cette\u00a0couleur assez fonc\u00e9e, pas besoin de r\u00e9curer chaque jour votre abri.\u00a0Pour que celui-ci\u00a0reste propre, il suffit de le rincer ou de le laver avec un peu de savon, mais <strong>aucun\u00a0traitement particulier<\/strong> n&rsquo;est \u00e0 appliquer.<\/p>\n<p style=\"text-align: justify;\">L&rsquo;abri de jardin\u00a0conserve son bel aspect car il ne craint ni les chocs, ni les rayons UV du soleil\u00a0: <strong>trait\u00e9 anti-UV<\/strong>, il ne peut pas se d\u00e9colorer\u00a0!<\/p>\n<p style=\"text-align: justify;\">En plus, l&rsquo;<span style=\"text-decoration: underline;\"><strong><a href=\"http:\/\/www.franceabris.com\/12-abri-jardin-pvc\">abri en r\u00e9sine PVC<\/a><\/strong><\/span> dispose d&rsquo;un r\u00e9el avantage : son\u00a0\u00ab\u00a0<strong>toit skylight<\/strong>\u00a0\u00bb est une toiture r\u00e9alis\u00e9e\u00a0dans un mat\u00e9riau opaque qui laisse passer la lumi\u00e8re&#8230; Si vous choisissez de mettre en place un atelier de bricolage dans l&rsquo;abri, vous y verrez clair !<\/p>\n<p style=\"text-align: justify;\"><img decoding=\"async\" loading=\"lazy\" class=\" wp-image-5783 size-large aligncenter\" style=\"border: 1px solid #000000;\" title=\"Moderne et esth\u00e9tique, le look de cet abri ne passera pas inaper\u00e7u !\" src=\"http:\/\/www.franceabris.com\/BLOG\/wp-content\/uploads\/2015\/11\/IMG_0924-328x437.jpeg\" alt=\"Cabanon gris PVC rangement\" width=\"328\" height=\"437\" srcset=\"https:\/\/www.franceabris.com\/BLOG\/wp-content\/uploads\/2015\/11\/IMG_0924-328x437.jpeg 328w, https:\/\/www.franceabris.com\/BLOG\/wp-content\/uploads\/2015\/11\/IMG_0924-74x98.jpeg 74w, https:\/\/www.franceabris.com\/BLOG\/wp-content\/uploads\/2015\/11\/IMG_0924-180x240.jpeg 180w, https:\/\/www.franceabris.com\/BLOG\/wp-content\/uploads\/2015\/11\/IMG_0924-624x832.jpeg 624w, https:\/\/www.franceabris.com\/BLOG\/wp-content\/uploads\/2015\/11\/IMG_0924.jpeg 960w\" sizes=\"(max-width: 328px) 100vw, 328px\" \/><\/p>\n<h2 style=\"text-align: justify;\">Organiser sa\u00a0terrasse gr\u00e2ce au nouvel\u00a0espace de stockage :<\/h2>\n<p style=\"text-align: justify;\">Outre le fait que cet abri soit esth\u00e9tique, pouvoir ranger des affaires \u00e0 l\u2019int\u00e9rieur d\u2019un cabanon est un <strong>gain de temps<\/strong> : vous n&rsquo;aurez plus \u00e0 monter votre salon de jardin au grenier durant l&rsquo;hiver, ou \u00e0 descendre \u00e0 la cave pour ressortir les v\u00e9los et autres jeux d&rsquo;ext\u00e9rieur.<\/p>\n<p style=\"text-align: justify;\">La serrure est \u00e0 cadenasser, ce qui\u00a0permet de placer <strong>vos meubles\u00a0d&rsquo;ext\u00e9rieur\u00a0en s\u00e9curit\u00e9<\/strong>.<\/p>\n<p style=\"text-align: justify;\"><img decoding=\"async\" loading=\"lazy\" class=\" wp-image-5782 size-large alignleft\" style=\"border: 1px solid #000000;\" title=\"Cette large double-porte permet d'entrer des objets imposants ou \u00e0 roulettes tr\u00e8s facilement !\" src=\"http:\/\/www.franceabris.com\/BLOG\/wp-content\/uploads\/2015\/11\/IMG_0925-328x437.jpeg\" alt=\"Abri en PVC ouvert\" width=\"328\" height=\"437\" srcset=\"https:\/\/www.franceabris.com\/BLOG\/wp-content\/uploads\/2015\/11\/IMG_0925-328x437.jpeg 328w, https:\/\/www.franceabris.com\/BLOG\/wp-content\/uploads\/2015\/11\/IMG_0925-74x98.jpeg 74w, https:\/\/www.franceabris.com\/BLOG\/wp-content\/uploads\/2015\/11\/IMG_0925-180x240.jpeg 180w, https:\/\/www.franceabris.com\/BLOG\/wp-content\/uploads\/2015\/11\/IMG_0925-624x832.jpeg 624w, https:\/\/www.franceabris.com\/BLOG\/wp-content\/uploads\/2015\/11\/IMG_0925.jpeg 960w\" sizes=\"(max-width: 328px) 100vw, 328px\" \/>Les dimensions int\u00e9rieures au sol sont id\u00e9ales\u00a0: 170 cm de largeur, 148 cm de profondeur et 215 cm de hauteur, de quoi vous tenir debout pour <strong>bricoler<\/strong> et avoir assez d\u2019espace pour <strong>ranger\u00a0une table ou une tondeuse<\/strong>\u00a0!<\/p>\n<p style=\"text-align: justify;\">La porte double (largeur 127 cm et hauteur 171 cm) permet de faire passer ce gros mat\u00e9riel sans encombre, tout comme le <strong>seuil de porte adapt\u00e9 aux v\u00e9hicules roulants<\/strong>.<\/p>\n<p style=\"text-align: justify;\">Avec le <strong>plancher inclus<\/strong>, l&rsquo;ancrage au sol de l&rsquo;abri est facilit\u00e9.<\/p>\n<p style=\"text-align: justify;\">Le montage est tout aussi\u00a0simple : nous pr\u00e9conisons 1 journ\u00e9e de montage \u00e0 2 personnes. Il suffit de <strong>clipser les diff\u00e9rents panneaux en PVC<\/strong> et la double-porte sur les structures m\u00e9talliques. L\u2019assemblage des panneaux se fait sur rails.<\/p>\n<p style=\"text-align: justify;\">La <strong>notice de montage<\/strong> d\u00e9taille chaque op\u00e9ration gr\u00e2ce \u00e0 un sch\u00e9ma.<\/p>\n<p style=\"text-align: justify;\">Et comme les images parlent mieux que les mots, regardez cette vid\u00e9o expliquant l\u2019installation et les sp\u00e9cificit\u00e9s du <strong>cabanon en PVC<\/strong>\u00a0!<\/p>\n<p><iframe loading=\"lazy\" src=\"https:\/\/player.vimeo.com\/video\/118708442\" width=\"660\" height=\"371\" frameborder=\"0\" title=\"Palram Storage Skylight Sheds2 Grey FR\" webkitallowfullscreen mozallowfullscreen allowfullscreen><\/iframe><\/p>\n","protected":false},"excerpt":{"rendered":"<p>Non, les abris de jardin ne sont pas tous en bois\u00a0! Si vous souhaitez am\u00e9nager votre ext\u00e9rieur tout en modernisant votre jardin, optez pour l\u2019abri en PVC garanti 10 ans.<\/p>\n","protected":false},"author":2,"featured_media":5780,"comment_status":"open","ping_status":"closed","sticky":false,"template":"","format":"standard","meta":[],"categories":[61],"tags":[],"_links":{"self":[{"href":"https:\/\/www.franceabris.com\/BLOG\/wp-json\/wp\/v2\/posts\/5778"}],"collection":[{"href":"https:\/\/www.franceabris.com\/BLOG\/wp-json\/wp\/v2\/posts"}],"about":[{"href":"https:\/\/www.franceabris.com\/BLOG\/wp-json\/wp\/v2\/types\/post"}],"author":[{"embeddable":true,"href":"https:\/\/www.franceabris.com\/BLOG\/wp-json\/wp\/v2\/users\/2"}],"replies":[{"embeddable":true,"href":"https:\/\/www.franceabris.com\/BLOG\/wp-json\/wp\/v2\/comments?post=5778"}],"version-history":[{"count":0,"href":"https:\/\/www.franceabris.com\/BLOG\/wp-json\/wp\/v2\/posts\/5778\/revisions"}],"wp:featuredmedia":[{"embeddable":true,"href":"https:\/\/www.franceabris.com\/BLOG\/wp-json\/wp\/v2\/media\/5780"}],"wp:attachment":[{"href":"https:\/\/www.franceabris.com\/BLOG\/wp-json\/wp\/v2\/media?parent=5778"}],"wp:term":[{"taxonomy":"category","embeddable":true,"href":"https:\/\/www.franceabris.com\/BLOG\/wp-json\/wp\/v2\/categories?post=5778"},{"taxonomy":"post_tag","embeddable":true,"href":"https:\/\/www.franceabris.com\/BLOG\/wp-json\/wp\/v2\/tags?post=5778"}],"curies":[{"name":"wp","href":"https:\/\/api.w.org\/{rel}","templated":true}]}}