{"id":6402,"date":"2016-03-26T06:29:32","date_gmt":"2016-03-26T05:29:32","guid":{"rendered":"http:\/\/www.franceabris.com\/BLOG\/?p=6402"},"modified":"2019-02-13T12:07:56","modified_gmt":"2019-02-13T11:07:56","slug":"abriter-voiture-de-collection-discretion","status":"publish","type":"post","link":"https:\/\/www.franceabris.com\/BLOG\/abriter-voiture-de-collection-discretion\/","title":{"rendered":"Abriter une voiture de collection en toute discr\u00e9tion&#8230;"},"content":{"rendered":"<p style=\"text-align: justify;\">Un<strong> garage en m\u00e9tal, avec ses parois totalement opaques<\/strong>, est id\u00e9al pour dissimuler votre plus belle voiture et vos autres objets de valeur.<\/p>\n<p style=\"text-align: justify;\">Facile \u00e0 installer, r\u00e9sistant et color\u00e9, l\u2019abri de voiture en m\u00e9tal a tout pour plaire !<br \/>\nD\u00e9couvrez un <strong>abri m\u00e9tallique double portes peint en vert<\/strong>, discret et efficace&#8230;<\/p>\n<p><strong>&#8211;<\/strong> <span style=\"color: #ff9900;\"><a style=\"color: #ff9900;\" href=\"https:\/\/www.franceabris.com\/BLOG\/au-service-des-collectionneurs-france-abris-adhere-a-la-federation-francaise-des-vehicules-depoque\/\" target=\"_blank\" rel=\"noopener\">FRANCE ABRIS est adh\u00e9rent de la F\u00e9d\u00e9ration Fran\u00e7aise des V\u00e9hicules d&rsquo;\u00c9poque !<\/a><\/span><\/p>\n<p style=\"text-align: justify;\"><!--more--><\/p>\n<h2 style=\"text-align: justify;\">Les avantages du garage en m\u00e9tal :<\/h2>\n<p style=\"text-align: justify;\"><strong>L\u2019abri voiture est peint en vert<\/strong> : cette couleur inspir\u00e9e de la nature rend le petit b\u00e2timent plus esth\u00e9tique et moins industriel.<br \/>\nLes portes et la toiture sont de couleur cr\u00e8me, ce qui donne une touche de luminosit\u00e9 \u00e0 l\u2019ext\u00e9rieur de l\u2019abri.<\/p>\n<p style=\"text-align: justify;\"><img decoding=\"async\" loading=\"lazy\" class=\" wp-image-6410 size-large aligncenter\" style=\"border: 1px solid #000000;\" title=\"Un beau garage m\u00e9tallique pour enfermer vos secrets !\" src=\"http:\/\/www.franceabris.com\/BLOG\/wp-content\/uploads\/2016\/03\/20151022_172619-1-583x437.jpg\" alt=\"garage en m\u00e9tal vert et cr\u00e8me dans jardin\" width=\"583\" height=\"437\" srcset=\"https:\/\/www.franceabris.com\/BLOG\/wp-content\/uploads\/2016\/03\/20151022_172619-1-583x437.jpg 583w, https:\/\/www.franceabris.com\/BLOG\/wp-content\/uploads\/2016\/03\/20151022_172619-1-131x98.jpg 131w, https:\/\/www.franceabris.com\/BLOG\/wp-content\/uploads\/2016\/03\/20151022_172619-1-320x240.jpg 320w, https:\/\/www.franceabris.com\/BLOG\/wp-content\/uploads\/2016\/03\/20151022_172619-1-624x468.jpg 624w, https:\/\/www.franceabris.com\/BLOG\/wp-content\/uploads\/2016\/03\/20151022_172619-1.jpg 800w\" sizes=\"(max-width: 583px) 100vw, 583px\" \/><\/p>\n<p style=\"text-align: justify;\">La <strong>large double porte facilite le passage de la voiture<\/strong>. Une fen\u00eatre de toit laisse filtrer\u00a0la lumi\u00e8re du jour \u00e0 l\u2019int\u00e9rieur de l\u2019abri. Vous avez la possibilit\u00e9 d\u2019en ajouter une deuxi\u00e8me.<br \/>\nEn plus, une a\u00e9ration sur le devant de l\u2019abri \u00e9vite la condensation.<\/p>\n<p style=\"text-align: justify;\">L\u2019abri est tr\u00e8s r\u00e9sistant : le kit d\u2019ancrage est inclus lors de la livraison afin de <strong>stabiliser votre garage au sol<\/strong>. Celui-ci r\u00e9siste ainsi \u00e0 des vents allant jusqu\u2019\u00e0 147 km\/h !<\/p>\n<p style=\"text-align: justify;\"><img decoding=\"async\" loading=\"lazy\" class=\" alignright wp-image-6408\" style=\"border: 1px solid #000000;\" title=\"Discr\u00e9tion assur\u00e9e avec le m\u00e9tal peint en vert...\" src=\"http:\/\/www.franceabris.com\/BLOG\/wp-content\/uploads\/2016\/03\/20151022_160420-583x437.jpg\" alt=\"abri de jardin garage m\u00e9tallique vert blanc\" width=\"327\" height=\"245\" srcset=\"https:\/\/www.franceabris.com\/BLOG\/wp-content\/uploads\/2016\/03\/20151022_160420-583x437.jpg 583w, https:\/\/www.franceabris.com\/BLOG\/wp-content\/uploads\/2016\/03\/20151022_160420-131x98.jpg 131w, https:\/\/www.franceabris.com\/BLOG\/wp-content\/uploads\/2016\/03\/20151022_160420-320x240.jpg 320w, https:\/\/www.franceabris.com\/BLOG\/wp-content\/uploads\/2016\/03\/20151022_160420-624x468.jpg 624w, https:\/\/www.franceabris.com\/BLOG\/wp-content\/uploads\/2016\/03\/20151022_160420.jpg 800w\" sizes=\"(max-width: 327px) 100vw, 327px\" \/><\/p>\n<p style=\"text-align: justify;\">Au fond du jardin, le garage en m\u00e9tal sait se faire discret&#8230; Et est tr\u00e8s utile !<\/p>\n<p style=\"text-align: justify;\"><strong>Plusieurs dimensions d\u2019abris m\u00e9talliques<\/strong>\u00a0sont disponibles dans cette gamme.<\/p>\n<p style=\"text-align: left;\">Pour voir toutes les dimensions, visitez\u00a0notre\u00a0<span style=\"text-decoration: underline;\"><strong><a href=\"http:\/\/www.franceabris.com\/7-garage-metal\">page d\u00e9di\u00e9e aux\u00a0garages m\u00e9talliques galvanis\u00e9s<\/a><\/strong><\/span> !<\/p>\n<h2 style=\"text-align: justify;\">Une voiture de collection dans un garage m\u00e9tallique :<\/h2>\n<p style=\"text-align: justify;\"><img decoding=\"async\" loading=\"lazy\" class=\" wp-image-6407 size-large aligncenter\" style=\"border: 1px solid #000000;\" title=\"Prot\u00e9gez durablement votre voiture dans un garage m\u00e9tallique robuste !\" src=\"http:\/\/www.franceabris.com\/BLOG\/wp-content\/uploads\/2016\/03\/20151031_113924-583x437.jpg\" alt=\"int\u00e9rieur garage en m\u00e9tal voiture collection sport Mustang\" width=\"583\" height=\"437\" srcset=\"https:\/\/www.franceabris.com\/BLOG\/wp-content\/uploads\/2016\/03\/20151031_113924-583x437.jpg 583w, https:\/\/www.franceabris.com\/BLOG\/wp-content\/uploads\/2016\/03\/20151031_113924-131x98.jpg 131w, https:\/\/www.franceabris.com\/BLOG\/wp-content\/uploads\/2016\/03\/20151031_113924-320x240.jpg 320w, https:\/\/www.franceabris.com\/BLOG\/wp-content\/uploads\/2016\/03\/20151031_113924-624x468.jpg 624w, https:\/\/www.franceabris.com\/BLOG\/wp-content\/uploads\/2016\/03\/20151031_113924.jpg 2000w\" sizes=\"(max-width: 583px) 100vw, 583px\" \/><\/p>\n<p style=\"text-align: justify;\">La voiture de collection se doit d\u2019\u00eatre conserv\u00e9e dans un abri digne de ce nom\u2026 Un endroit discret o\u00f9 elle pourrait <strong>stationner en toute tranquillit\u00e9<\/strong>, et hors de port\u00e9e de\u00a0personnes mal intentionn\u00e9es.<\/p>\n<p style=\"text-align: justify;\">Le garage en m\u00e9tal est une bonne solution pour conserver votre pr\u00e9cieuse voiture. Les <strong>parois m\u00e9talliques opaques permettent de cacher l\u2019int\u00e9rieur de l\u2019abri<\/strong> : y a-t-il une Ferrari ou un vieux tas de ferraille derri\u00e8re les fa\u00e7ades m\u00e9talliques de l\u2019abri ? Impossible de le savoir sans la cl\u00e9 du garage !<\/p>\n<p style=\"text-align: justify;\"><img decoding=\"async\" loading=\"lazy\" class=\" wp-image-6406 size-large aligncenter\" style=\"border: 1px solid #000000;\" title=\"Am\u00e9nagez l'int\u00e9rieur du garage comme bon vous semble !\" src=\"http:\/\/www.franceabris.com\/BLOG\/wp-content\/uploads\/2016\/03\/20151030_161018-583x437.jpg\" alt=\"int\u00e9rieur garage abri m\u00e9tal espace mec\" width=\"583\" height=\"437\" srcset=\"https:\/\/www.franceabris.com\/BLOG\/wp-content\/uploads\/2016\/03\/20151030_161018-583x437.jpg 583w, https:\/\/www.franceabris.com\/BLOG\/wp-content\/uploads\/2016\/03\/20151030_161018-131x98.jpg 131w, https:\/\/www.franceabris.com\/BLOG\/wp-content\/uploads\/2016\/03\/20151030_161018-320x240.jpg 320w, https:\/\/www.franceabris.com\/BLOG\/wp-content\/uploads\/2016\/03\/20151030_161018-624x468.jpg 624w, https:\/\/www.franceabris.com\/BLOG\/wp-content\/uploads\/2016\/03\/20151030_161018.jpg 800w\" sizes=\"(max-width: 583px) 100vw, 583px\" \/><\/p>\n<p style=\"text-align: justify;\">Dans un lotissement ou en rase campagne, un <strong>garage ferm\u00e9 vous apportera une agr\u00e9able sensation de s\u00e9curit\u00e9<\/strong>. Plus besoin de stresser en pensant \u00e0 un \u00e9ventuel vol, aux gr\u00ealons qui pourraient abimer votre carrosserie, aux fruits tombant des arbres ou aux accrocs d\u2019autres automobilistes.<\/p>\n<p style=\"text-align: justify;\">Adopter le garage m\u00e9tallique, c&rsquo;est se simplifier la vie !<\/p>\n","protected":false},"excerpt":{"rendered":"<p>Un garage en m\u00e9tal, avec ses parois totalement opaques, est id\u00e9al pour dissimuler votre plus belle voiture et vos autres objets de valeur. Facile \u00e0 installer, r\u00e9sistant et color\u00e9, l\u2019abri de voiture en m\u00e9tal a tout pour plaire ! D\u00e9couvrez un abri m\u00e9tallique double portes peint en vert, discret et efficace&#8230; &#8211; FRANCE ABRIS est &hellip; <a href=\"https:\/\/www.franceabris.com\/BLOG\/abriter-voiture-de-collection-discretion\/\" class=\"more-link\">Continuer la lecture de <span class=\"screen-reader-text\">Abriter une voiture de collection en toute discr\u00e9tion&#8230;<\/span><\/a><\/p>\n","protected":false},"author":2,"featured_media":6405,"comment_status":"closed","ping_status":"closed","sticky":false,"template":"","format":"standard","meta":[],"categories":[61],"tags":[],"_links":{"self":[{"href":"https:\/\/www.franceabris.com\/BLOG\/wp-json\/wp\/v2\/posts\/6402"}],"collection":[{"href":"https:\/\/www.franceabris.com\/BLOG\/wp-json\/wp\/v2\/posts"}],"about":[{"href":"https:\/\/www.franceabris.com\/BLOG\/wp-json\/wp\/v2\/types\/post"}],"author":[{"embeddable":true,"href":"https:\/\/www.franceabris.com\/BLOG\/wp-json\/wp\/v2\/users\/2"}],"replies":[{"embeddable":true,"href":"https:\/\/www.franceabris.com\/BLOG\/wp-json\/wp\/v2\/comments?post=6402"}],"version-history":[{"count":0,"href":"https:\/\/www.franceabris.com\/BLOG\/wp-json\/wp\/v2\/posts\/6402\/revisions"}],"wp:featuredmedia":[{"embeddable":true,"href":"https:\/\/www.franceabris.com\/BLOG\/wp-json\/wp\/v2\/media\/6405"}],"wp:attachment":[{"href":"https:\/\/www.franceabris.com\/BLOG\/wp-json\/wp\/v2\/media?parent=6402"}],"wp:term":[{"taxonomy":"category","embeddable":true,"href":"https:\/\/www.franceabris.com\/BLOG\/wp-json\/wp\/v2\/categories?post=6402"},{"taxonomy":"post_tag","embeddable":true,"href":"https:\/\/www.franceabris.com\/BLOG\/wp-json\/wp\/v2\/tags?post=6402"}],"curies":[{"name":"wp","href":"https:\/\/api.w.org\/{rel}","templated":true}]}}