{"id":6462,"date":"2016-04-03T06:06:17","date_gmt":"2016-04-03T05:06:17","guid":{"rendered":"http:\/\/www.franceabris.com\/BLOG\/?p=6462"},"modified":"2017-01-04T16:27:11","modified_gmt":"2017-01-04T15:27:11","slug":"abri-resine-votre-piece-a-vivre-supplementaire","status":"publish","type":"post","link":"https:\/\/www.franceabris.com\/BLOG\/abri-resine-votre-piece-a-vivre-supplementaire\/","title":{"rendered":"L\u2019abri en r\u00e9sine, votre pi\u00e8ce \u00e0 vivre suppl\u00e9mentaire"},"content":{"rendered":"<p style=\"text-align: left;\">Les <strong>travaux d\u2019agrandissement <\/strong>peuvent rebuter un certain nombre de personnes, d\u00e9courag\u00e9es\u00a0par l&rsquo;ampleur de\u00a0la t\u00e2che et\u00a0les efforts \u00e0 consentir.<br \/>\n<!--more-->Et pourtant derri\u00e8re tout cela se cache le r\u00eave ou le besoin\u00a0d\u2019une <strong>pi\u00e8ce suppl\u00e9mentaire<\/strong> dans la maison pour cr\u00e9er un bureau, un atelier de loisirs, une salle de jeux ou une chambre d\u2019amis.<\/p>\n<p style=\"text-align: justify;\">Pour autant une alternative moins on\u00e9reuse, plus rapide et plus simple \u00e0 initier existe : l&rsquo;<strong>abri de jardin<\/strong> !<br \/>\nAlors si vous souhaitez\u00a0disposer d&rsquo;une nouvelle pi\u00e8ce dans votre propri\u00e9t\u00e9, il suffit de d\u00e9gager un espace dans votre jardin et d&rsquo;y installer une <strong>cabane\u00a0de jardin en r\u00e9sine<\/strong> !<\/p>\n<p style=\"text-align: justify;\">La preuve en est avec ces\u00a0<strong>photos implantation d\u2019un grand abri en PVC<\/strong> partag\u00e9es par notre client !<\/p>\n<h2 style=\"text-align: justify;\">Quels sont les atouts d&rsquo;un abri de jardin en r\u00e9sine ?<\/h2>\n<p style=\"text-align: justify;\">Apr\u00e8s avoir <strong><a href=\"http:\/\/www.franceabris.com\/BLOG\/comment-realiser-une-dalle-beton\/\" target=\"_blank\">coul\u00e9 une dalle b\u00e9ton<\/a>\u00a0<\/strong>sur<strong>\u00a0<\/strong>laquelle sera ancr\u00e9 l\u2019<strong><span style=\"text-decoration: underline;\"><a href=\"http:\/\/www.franceabris.com\/12-abri-jardin-pvc\" target=\"_blank\">abri de jardin en PVC<\/a><\/span><\/strong>, vous pourrez profiter d&rsquo;une pi\u00e8ce de vie suppl\u00e9mentaire en exploitant la surface de votre jardin.<\/p>\n<p style=\"text-align: justify;\">Pourquoi le PVC ? Car ce mat\u00e9riau\u00a0a de nombreux avantages !<br \/>\nVoici les principales qualit\u00e9s de la r\u00e9sine\u00a0:<\/p>\n<ul style=\"text-align: justify;\">\n<li>Le <strong>PVC est une mati\u00e8re plus l\u00e9g\u00e8re que le bois ou le m\u00e9tal<\/strong>, structurant de nombreux abris de jardin,<\/li>\n<li>La <strong>r\u00e9sine\u00a0r\u00e9siste aux intemp\u00e9ries et au soleil<\/strong> gr\u00e2ce \u00e0 son traitement anti-UV,<\/li>\n<li>La\u00a0<strong>r\u00e9sine PVC\u00a0est recyclacle \u00e0 99%,\u00a0<\/strong><\/li>\n<li>Les lames PVC menuis\u00e9es ont une <strong>esth\u00e9tique moderne,\u00a0<\/strong><\/li>\n<li>Les\u00a0<strong>coloris\u00a0blanc et gris\/vert mettent en valeur l\u2019abri de jardin<\/strong> tout en le laissant se fondre dans le paysage,<\/li>\n<li>La <strong>r\u00e9sine ne n\u00e9cessite aucun entretien au contraire du bois<\/strong> qui demande beaucoup d\u2019attention notamment pour \u00e9viter qu&rsquo;il se gris\u00e2tre.<\/li>\n<\/ul>\n<p style=\"text-align: justify;\">L&rsquo;abri de jardin dispose ainsi\u00a0tous les \u00e9l\u00e9ments n\u00e9cessaires pour rivaliser avec une <strong>vraie pi\u00e8ce de\u00a0vie.\u00a0<\/strong><\/p>\n<p style=\"text-align: alignent;\"><em>La cabane de jardin\u00a0dispose d&rsquo;une large <strong>double porte avec serrure<\/strong>.<\/em><\/p>\n<p style=\"text-align: alignleft;\"><img decoding=\"async\" loading=\"lazy\" class=\" wp-image-6471 aligncenter\" style=\"border: 1px solid #000000;\" title=\"Une partie abrit\u00e9e semblable au perron d'une maison...\" src=\"http:\/\/www.franceabris.com\/BLOG\/wp-content\/uploads\/2016\/03\/DSC04336-583x437.jpg\" alt=\"large double porte abri de jardin PVC r\u00e9sine\" width=\"466\" height=\"350\" srcset=\"https:\/\/www.franceabris.com\/BLOG\/wp-content\/uploads\/2016\/03\/DSC04336-583x437.jpg 583w, https:\/\/www.franceabris.com\/BLOG\/wp-content\/uploads\/2016\/03\/DSC04336-131x98.jpg 131w, https:\/\/www.franceabris.com\/BLOG\/wp-content\/uploads\/2016\/03\/DSC04336-320x240.jpg 320w, https:\/\/www.franceabris.com\/BLOG\/wp-content\/uploads\/2016\/03\/DSC04336-624x468.jpg 624w, https:\/\/www.franceabris.com\/BLOG\/wp-content\/uploads\/2016\/03\/DSC04336.jpg 2000w\" sizes=\"(max-width: 466px) 100vw, 466px\" \/><\/p>\n<p><em>L&rsquo;int\u00e9rieur de l&rsquo;abri est lumineux gr\u00e2ce aux nombreuses <strong>ouvertures sur l&rsquo;ext\u00e9rieur (fen\u00eatres et porte vitr\u00e9e).\u00a0<\/strong>.<\/em><\/p>\n<p style=\"text-align: alignleft;\"><img decoding=\"async\" loading=\"lazy\" class=\" wp-image-6469 aligncenter\" style=\"border: 1px solid #000000;\" title=\"Vu de c\u00f4t\u00e9, l'abri ressemble \u00e0 un bungalow de vacances.\" src=\"http:\/\/www.franceabris.com\/BLOG\/wp-content\/uploads\/2016\/03\/DSC04335-583x437.jpg\" alt=\"abri lumineux fen\u00eatres porte vitr\u00e9e\" width=\"467\" height=\"350\" srcset=\"https:\/\/www.franceabris.com\/BLOG\/wp-content\/uploads\/2016\/03\/DSC04335-583x437.jpg 583w, https:\/\/www.franceabris.com\/BLOG\/wp-content\/uploads\/2016\/03\/DSC04335-131x98.jpg 131w, https:\/\/www.franceabris.com\/BLOG\/wp-content\/uploads\/2016\/03\/DSC04335-320x240.jpg 320w, https:\/\/www.franceabris.com\/BLOG\/wp-content\/uploads\/2016\/03\/DSC04335-624x468.jpg 624w, https:\/\/www.franceabris.com\/BLOG\/wp-content\/uploads\/2016\/03\/DSC04335.jpg 2000w\" sizes=\"(max-width: 467px) 100vw, 467px\" \/><\/p>\n<p><em>Le chalet en r\u00e9sine dispose de <strong>deux fen\u00eatres ouvrantes<\/strong> pour laisser entrer l&rsquo;air frais dans l&rsquo;habitacle, et\u00a0s&rsquo;\u00e9vader sur l&rsquo;ext\u00e9rieur&#8230;\u00a0<\/em><\/p>\n<p style=\"text-align: justify;\"><img decoding=\"async\" loading=\"lazy\" class=\" wp-image-6472 aligncenter\" style=\"border: 1px solid #000000;\" title=\"Entrez dans cette maisonnette bien \u00e9clair\u00e9e !\" src=\"http:\/\/www.franceabris.com\/BLOG\/wp-content\/uploads\/2016\/03\/DSC04338-583x437.jpg\" alt=\"terrasse sur abri de jardin en PVC maisonnette r\u00e9sine\" width=\"467\" height=\"350\" srcset=\"https:\/\/www.franceabris.com\/BLOG\/wp-content\/uploads\/2016\/03\/DSC04338-583x437.jpg 583w, https:\/\/www.franceabris.com\/BLOG\/wp-content\/uploads\/2016\/03\/DSC04338-131x98.jpg 131w, https:\/\/www.franceabris.com\/BLOG\/wp-content\/uploads\/2016\/03\/DSC04338-320x240.jpg 320w, https:\/\/www.franceabris.com\/BLOG\/wp-content\/uploads\/2016\/03\/DSC04338-624x468.jpg 624w, https:\/\/www.franceabris.com\/BLOG\/wp-content\/uploads\/2016\/03\/DSC04338.jpg 2000w\" sizes=\"(max-width: 467px) 100vw, 467px\" \/><\/p>\n<p><em>Une <strong>terrasse de plus de 3m2<\/strong> offre la possibilit\u00e9 de profiter de son espace ext\u00e9rieur tout en \u00e9tant abrit\u00e9 de l&rsquo;intensit\u00e9 des rayons UV ou des quelques gouttes de pluie.<br \/>\nCette\u00a0terrasse\u00a0permet \u00e9galement de prot\u00e9ger des intemp\u00e9ries un v\u00e9lo, une\u00a0trottinette ou autre mat\u00e9riel de loisirs.<\/em><\/p>\n<p><img decoding=\"async\" loading=\"lazy\" class=\" wp-image-6470 aligncenter\" style=\"border: 1px solid #000000;\" title=\"N'oubliez pas de laisser un espace pour que l'eau puisse s'\u00e9couler.\" src=\"http:\/\/www.franceabris.com\/BLOG\/wp-content\/uploads\/2016\/03\/DSC04334-583x437.jpg\" alt=\"abri de jardin pente de toit r\u00e9sine PVC \" width=\"467\" height=\"350\" srcset=\"https:\/\/www.franceabris.com\/BLOG\/wp-content\/uploads\/2016\/03\/DSC04334-583x437.jpg 583w, https:\/\/www.franceabris.com\/BLOG\/wp-content\/uploads\/2016\/03\/DSC04334-131x98.jpg 131w, https:\/\/www.franceabris.com\/BLOG\/wp-content\/uploads\/2016\/03\/DSC04334-320x240.jpg 320w, https:\/\/www.franceabris.com\/BLOG\/wp-content\/uploads\/2016\/03\/DSC04334-624x468.jpg 624w, https:\/\/www.franceabris.com\/BLOG\/wp-content\/uploads\/2016\/03\/DSC04334.jpg 2000w\" sizes=\"(max-width: 467px) 100vw, 467px\" \/><\/p>\n<p><em>La <strong>pente de toit de 20\u00b0<\/strong> (soit 36%) permet une \u00e9vacuation rapide de l&rsquo;eau de pluie&#8230; comme pour une vraie maison !\u00a0<\/em><\/p>\n<p style=\"text-align: justify;\">Et vous, que feriez-vous si vous aviez un tel espace disponible ? Comment am\u00e9nageriez-vous cet abri ?<\/p>\n","protected":false},"excerpt":{"rendered":"<p>Les travaux d\u2019agrandissement peuvent rebuter un certain nombre de personnes, d\u00e9courag\u00e9es\u00a0par l&rsquo;ampleur de\u00a0la t\u00e2che et\u00a0les efforts \u00e0 consentir.<\/p>\n","protected":false},"author":2,"featured_media":6466,"comment_status":"closed","ping_status":"closed","sticky":false,"template":"","format":"standard","meta":[],"categories":[61],"tags":[],"_links":{"self":[{"href":"https:\/\/www.franceabris.com\/BLOG\/wp-json\/wp\/v2\/posts\/6462"}],"collection":[{"href":"https:\/\/www.franceabris.com\/BLOG\/wp-json\/wp\/v2\/posts"}],"about":[{"href":"https:\/\/www.franceabris.com\/BLOG\/wp-json\/wp\/v2\/types\/post"}],"author":[{"embeddable":true,"href":"https:\/\/www.franceabris.com\/BLOG\/wp-json\/wp\/v2\/users\/2"}],"replies":[{"embeddable":true,"href":"https:\/\/www.franceabris.com\/BLOG\/wp-json\/wp\/v2\/comments?post=6462"}],"version-history":[{"count":0,"href":"https:\/\/www.franceabris.com\/BLOG\/wp-json\/wp\/v2\/posts\/6462\/revisions"}],"wp:featuredmedia":[{"embeddable":true,"href":"https:\/\/www.franceabris.com\/BLOG\/wp-json\/wp\/v2\/media\/6466"}],"wp:attachment":[{"href":"https:\/\/www.franceabris.com\/BLOG\/wp-json\/wp\/v2\/media?parent=6462"}],"wp:term":[{"taxonomy":"category","embeddable":true,"href":"https:\/\/www.franceabris.com\/BLOG\/wp-json\/wp\/v2\/categories?post=6462"},{"taxonomy":"post_tag","embeddable":true,"href":"https:\/\/www.franceabris.com\/BLOG\/wp-json\/wp\/v2\/tags?post=6462"}],"curies":[{"name":"wp","href":"https:\/\/api.w.org\/{rel}","templated":true}]}}