{"id":6636,"date":"2016-05-07T16:55:46","date_gmt":"2016-05-07T15:55:46","guid":{"rendered":"http:\/\/www.franceabris.com\/BLOG\/?p=6636"},"modified":"2016-05-10T16:27:08","modified_gmt":"2016-05-10T15:27:08","slug":"mur-et-toit-vegetal-verdure-pour-abri","status":"publish","type":"post","link":"https:\/\/www.franceabris.com\/BLOG\/mur-et-toit-vegetal-verdure-pour-abri\/","title":{"rendered":"Mur et toit v\u00e9g\u00e9tal, de la verdure pour mon abri !"},"content":{"rendered":"<p style=\"text-align: justify;\">Si vous en avez marre de la fa\u00e7ade disgracieuse d\u2019un b\u00e2timent mais que vous ne souhaitez pas le restaurer, ou que vous souhaitez embellir votre abri de jardin, une solution existe : le<strong>\u00a0mur v\u00e9g\u00e9tal<\/strong> !<br \/>\n<!--more--><\/p>\n<p style=\"text-align: justify;\">Fa\u00eetes place \u00e0 la <strong>nature urbaine<\/strong>\u2026<\/p>\n<p style=\"text-align: justify;\">Le mur v\u00e9g\u00e9tal peut \u00eatre <strong>fleuri ou potager<\/strong>, install\u00e9 directement sur la fa\u00e7ade par des paysagistes ou fait par vos propres soins, install\u00e9 dans une palette ou dans des poches&#8230;<br \/>\nQuel qu\u2019il soit, d\u00e9couvrez les <strong>secrets\u00a0du mur v\u00e9g\u00e9tal<\/strong> !<\/p>\n<h2 style=\"text-align: justify;\">\u25ca Un mur de verdure avantageux :<\/h2>\n<p style=\"text-align: justify;\"><strong>Installer un mur v\u00e9g\u00e9tal autour de votre abri<\/strong> a de nombreux atouts.<\/p>\n<p style=\"text-align: justify;\"><strong>L\u2019entretien est plus simple qu\u2019un vrai jardin<\/strong>, et plus rapide !<br \/>\nFinies les heures pass\u00e9es \u00e0 d\u00e9sherber le potager, votre mur v\u00e9g\u00e9tal ne voit pas na\u00eetre de mauvaises herbes.<br \/>\nEn plus, c\u2019est un <strong>bienfait pour la sant\u00e9<\/strong> : ceux qui ne peuvent plus se baisser pour jardiner \u00e0 cause de leur mal de dos pourront toutefois jardiner debout devant leur mur v\u00e9g\u00e9tal !<\/p>\n<p style=\"text-align: justify;\">La fa\u00e7ade v\u00e9g\u00e9tale permettra \u00e9galement d\u2019<strong>isoler l\u2019abri<\/strong> de fa\u00e7on sonore et de r\u00e9guler la temp\u00e9rature int\u00e9rieure :<br \/>\n&#8211; <strong>Isolation thermique<\/strong> : bienvenue aux \u00e9conomies d\u2019\u00e9nergies avec le mur v\u00e9g\u00e9tal qui permet de r\u00e9guler la temp\u00e9rature du b\u00e2timent !<br \/>\n&#8211; <strong>Isolation phonique<\/strong> : le son est r\u00e9duit gr\u00e2ce aux plantes dispos\u00e9es sur le mur de l\u2019abri&#8230; Vous ne trouverez pas d\u2019isolation plus naturelle !<\/p>\n<p style=\"text-align: justify;\">Et bien \u00e9videmment, c\u2019est un <strong>rev\u00eatement de fa\u00e7ade esth\u00e9tique<\/strong>. Votre chez-vous sera plus fleuri, en harmonie avec la nature et l\u2019\u00e9cologie. M\u00eame si vous \u00eates en lotissement vous aurez l\u2019impression d\u2019\u00eatre en pleine nature\u2026<br \/>\nFaites entrer\u00a0la jungle dans votre jardin !<\/p>\n<p style=\"text-align: justify;\">En plus, <strong>le mur v\u00e9g\u00e9tal permet de gagner de la place au jardin<\/strong>. En effet, il est possible de cultiver des fruits et\/ou l\u00e9gumes sur la fa\u00e7ade v\u00e9g\u00e9tale afin de cr\u00e9er un v\u00e9ritable jardin vertical.<\/p>\n<h2 style=\"text-align: justify;\">\u25ca\u00a0Bien choisir les plantes du jardin vertical :<\/h2>\n<p style=\"text-align: justify;\">Le mur v\u00e9g\u00e9tal a un but d\u00e9coratif qu\u2019il ne faut pas n\u00e9gliger lors du choix des plantes \u00e0 cultiver. <strong>L\u2019exposition au soleil de la fa\u00e7ade v\u00e9g\u00e9tale est indispensable<\/strong> pour faire pousser les plantes.<br \/>\nSelon vos attentes et vos envies, \u00e0 vous de choisir entre la culture de fleurs ou de fruits\/l\u00e9gumes.<\/p>\n<ol>\n<li style=\"text-align: justify;\"><span style=\"color: #008000;\"><strong>Un mur v\u00e9g\u00e9tal fleuri :<\/strong><\/span><br \/>\nSi vous souhaitez colorer votre ext\u00e9rieur, optez pour des <strong>fleurs exotiques<\/strong>, qui d\u00e9coreront \u00e0 merveille la fa\u00e7ade de votre abri.<br \/>\nLes <strong>plantes grimpantes et les plantes d\u00e9polluantes<\/strong> sont souvent utilis\u00e9es pour un mur v\u00e9g\u00e9tal.<\/li>\n<li style=\"text-align: justify;\"><span style=\"color: #008000;\"><strong>Un mur potager :<\/strong><\/span><br \/>\nLes petits l\u00e9gumes qui n\u2019ont pas besoin d\u2019une profondeur de terre importante (<strong>piments, oignons, laitues, radis, ail<\/strong>) et les <strong>fraisiers<\/strong> peuvent se cultiver \u00e0 la verticale, ainsi que les <strong>plantes aromatiques<\/strong>.<br \/>\nLes <strong>l\u00e9gumes grimpants<\/strong> (tomates, pois, certaines cucurbitac\u00e9es, etc.) sont \u00e9galement bien adapt\u00e9s aux murs v\u00e9g\u00e9taux verticaux \u00e9tant donn\u00e9 qu\u2019ils peuvent pousser ais\u00e9ment sur une armature.<br \/>\nUne id\u00e9e plus originale est de\u00a0<strong>cultiver des plantes comestibles<\/strong>, pour allier le plaisir des yeux au sens gustatif !<\/p>\n<h4><em>A savoir :<\/em><\/h4>\n<p>Les fruits et l\u00e9gumes qui se d\u00e9veloppent beaucoup comme les tomates et les courgettes se placent en haut du mur, tandis que ceux \u00e0 plus faible d\u00e9veloppement sont \u00e0 disposer en bas.<\/li>\n<\/ol>\n<h2 style=\"text-align: justify;\">\u25ca\u00a0Diff\u00e9rents types de fa\u00e7ade v\u00e9g\u00e9tale :<\/h2>\n<h3 style=\"text-align: justify;\">\u2022 Le potager vertical avec une palette :<\/h3>\n<p style=\"text-align: justify;\"><img decoding=\"async\" loading=\"lazy\" class=\"alignright wp-image-6654 size-large\" style=\"border: 1px solid #000000;\" src=\"http:\/\/www.franceabris.com\/BLOG\/wp-content\/uploads\/2016\/04\/3a5eb0eef9b7d2f1d8b3cd8549a646cb-291x437.jpg\" alt=\"mur v\u00e9g\u00e9tal int\u00e9gr\u00e9 dans une palette en bois\" width=\"291\" height=\"437\" srcset=\"https:\/\/www.franceabris.com\/BLOG\/wp-content\/uploads\/2016\/04\/3a5eb0eef9b7d2f1d8b3cd8549a646cb-291x437.jpg 291w, https:\/\/www.franceabris.com\/BLOG\/wp-content\/uploads\/2016\/04\/3a5eb0eef9b7d2f1d8b3cd8549a646cb-65x98.jpg 65w, https:\/\/www.franceabris.com\/BLOG\/wp-content\/uploads\/2016\/04\/3a5eb0eef9b7d2f1d8b3cd8549a646cb-160x240.jpg 160w, https:\/\/www.franceabris.com\/BLOG\/wp-content\/uploads\/2016\/04\/3a5eb0eef9b7d2f1d8b3cd8549a646cb.jpg 564w\" sizes=\"(max-width: 291px) 100vw, 291px\" \/>Le DIY avec les palettes a plus d\u2019un tour dans son sac : en plus du mobilier d\u2019int\u00e9rieur et d\u2019ext\u00e9rieur, il est possible de <strong>cr\u00e9er un potager vertical en palette<\/strong>\u00a0!<\/p>\n<p style=\"text-align: justify;\">Des pots peuvent \u00eatres accroch\u00e9s \u00e0 une palette en bois ou cal\u00e9s \u00e0 l\u2019int\u00e9rieur de la palette.<br \/>\nIl est m\u00eame possible d\u2019utiliser la <strong>palette en tant que r\u00e9cipient<\/strong> !<\/p>\n<p style=\"text-align: justify;\">Les fruits, les l\u00e9gumes et les fleurs peuvent aussi \u00eatre plant\u00e9s directement \u00e0 l\u2019int\u00e9rieur des planches en bois.<\/p>\n<p style=\"text-align: justify;\">Pour cela, il faut recouvrir l\u2019arri\u00e8re de la palette avec un feutre de jardin (ou une toile g\u00e9otextile \u00e9paisse) renforc\u00e9 de contreplaqu\u00e9 puis <strong>remplir la palette de terreau<\/strong> (quantit\u00e9 n\u00e9cessaire : environ 120 litres).<br \/>\nLes plantes doivent \u00eatre bien serr\u00e9es pour ne pas bouger lorsqu\u2019elles seront \u00e0 la verticale.<\/p>\n<h3 style=\"text-align: justify;\">\u2022 Le jardin vertical en pots :<\/h3>\n<p style=\"text-align: justify;\">L\u2019id\u00e9e est de <strong>placer chaque plante dans un pot<\/strong>, qu\u2019il soit en verre, en plastique, ou en m\u00e9tal avec d\u2019anciennes bo\u00eetes de conserve perc\u00e9es au fond.<br \/>\nD\u2019autres mat\u00e9riaux\u00a0comme la <strong>terre cuite ou le verre<\/strong> peuvent \u00eatre utilis\u00e9es, mais gare au poids des pots qui peut vite faire pencher la structure sur laquelle ils sont accroch\u00e9s.<br \/>\nLes pots peuvent s\u2019accrocher \u00e0 une <strong>palette, \u00e0 des crochets au mur, \u00e0 un treillis, ou \u00e0 une rambarde de balcon.<\/strong><\/p>\n<p style=\"text-align: justify;\"><img decoding=\"async\" loading=\"lazy\" class=\"alignnone wp-image-6642\" style=\"border: 1px solid #000000;\" title=\"Cr\u00e9dit photo : Pinterest\/popsugar.com\" src=\"http:\/\/www.franceabris.com\/BLOG\/wp-content\/uploads\/2016\/04\/f47bfa2051247366f73621351d2179f4-352x437.jpg\" alt=\"jardin v\u00e9g\u00e9tal vertical avec des pots en verre\" width=\"248\" height=\"308\" srcset=\"https:\/\/www.franceabris.com\/BLOG\/wp-content\/uploads\/2016\/04\/f47bfa2051247366f73621351d2179f4-352x437.jpg 352w, https:\/\/www.franceabris.com\/BLOG\/wp-content\/uploads\/2016\/04\/f47bfa2051247366f73621351d2179f4-79x98.jpg 79w, https:\/\/www.franceabris.com\/BLOG\/wp-content\/uploads\/2016\/04\/f47bfa2051247366f73621351d2179f4-193x240.jpg 193w, https:\/\/www.franceabris.com\/BLOG\/wp-content\/uploads\/2016\/04\/f47bfa2051247366f73621351d2179f4.jpg 564w\" sizes=\"(max-width: 248px) 100vw, 248px\" \/>\u00a0<img decoding=\"async\" loading=\"lazy\" class=\"alignnone wp-image-6650\" style=\"border: 1px solid #000000;\" title=\"Cr\u00e9dit photo : Pinterest\/vanillaskydreaming.com\" src=\"http:\/\/www.franceabris.com\/BLOG\/wp-content\/uploads\/2016\/04\/c46cb5ed3254f6142821f5ac7d6afc37-254x437.jpg\" alt=\"jardin vertical multicolore en pots de fleurs \" width=\"179\" height=\"308\" srcset=\"https:\/\/www.franceabris.com\/BLOG\/wp-content\/uploads\/2016\/04\/c46cb5ed3254f6142821f5ac7d6afc37-254x437.jpg 254w, https:\/\/www.franceabris.com\/BLOG\/wp-content\/uploads\/2016\/04\/c46cb5ed3254f6142821f5ac7d6afc37-57x98.jpg 57w, https:\/\/www.franceabris.com\/BLOG\/wp-content\/uploads\/2016\/04\/c46cb5ed3254f6142821f5ac7d6afc37-140x240.jpg 140w, https:\/\/www.franceabris.com\/BLOG\/wp-content\/uploads\/2016\/04\/c46cb5ed3254f6142821f5ac7d6afc37.jpg 342w\" sizes=\"(max-width: 179px) 100vw, 179px\" \/>\u00a0<img decoding=\"async\" loading=\"lazy\" class=\"alignnone wp-image-6651\" style=\"border: 1px solid #000000;\" title=\"Cr\u00e9dit photo : Pinterest\/Ciera Design Studio\" src=\"http:\/\/www.franceabris.com\/BLOG\/wp-content\/uploads\/2016\/04\/7303df318c426c56ec21496c9a88125b-246x437.jpg\" alt=\"mur vertical avec des plantes en bo\u00eetes de conserve\" width=\"173\" height=\"308\" srcset=\"https:\/\/www.franceabris.com\/BLOG\/wp-content\/uploads\/2016\/04\/7303df318c426c56ec21496c9a88125b-246x437.jpg 246w, https:\/\/www.franceabris.com\/BLOG\/wp-content\/uploads\/2016\/04\/7303df318c426c56ec21496c9a88125b-55x98.jpg 55w, https:\/\/www.franceabris.com\/BLOG\/wp-content\/uploads\/2016\/04\/7303df318c426c56ec21496c9a88125b-135x240.jpg 135w, https:\/\/www.franceabris.com\/BLOG\/wp-content\/uploads\/2016\/04\/7303df318c426c56ec21496c9a88125b.jpg 564w\" sizes=\"(max-width: 173px) 100vw, 173px\" \/><\/p>\n<h3 style=\"text-align: justify;\">\u2022 Le potager en poches :<\/h3>\n<p style=\"text-align: justify;\"><img decoding=\"async\" loading=\"lazy\" class=\"  alignleft wp-image-6643\" style=\"border: 1px solid #000000;\" title=\"Cr\u00e9dit photo : Pinterest\/hgtv.com\" src=\"http:\/\/www.franceabris.com\/BLOG\/wp-content\/uploads\/2016\/04\/efe60f297e3a77413e487a95c90761f6-328x437.jpg\" alt=\"des poches cr\u00e9ent un mur v\u00e9g\u00e9tal en brise-vue \" width=\"246\" height=\"328\" srcset=\"https:\/\/www.franceabris.com\/BLOG\/wp-content\/uploads\/2016\/04\/efe60f297e3a77413e487a95c90761f6-328x437.jpg 328w, https:\/\/www.franceabris.com\/BLOG\/wp-content\/uploads\/2016\/04\/efe60f297e3a77413e487a95c90761f6-74x98.jpg 74w, https:\/\/www.franceabris.com\/BLOG\/wp-content\/uploads\/2016\/04\/efe60f297e3a77413e487a95c90761f6-180x240.jpg 180w, https:\/\/www.franceabris.com\/BLOG\/wp-content\/uploads\/2016\/04\/efe60f297e3a77413e487a95c90761f6.jpg 564w\" sizes=\"(max-width: 246px) 100vw, 246px\" \/>Ce type de jardin vertical est similaire \u00e0 celui en pots mais gagne en facilit\u00e9 \u00e9tant donn\u00e9 que les diff\u00e9rents r\u00e9cipients \u00e0 plantes sont remplac\u00e9s par des poches.<\/p>\n<p style=\"text-align: justify;\">Le <strong>potager vertical en poches<\/strong> est une bonne solution pour cultiver un maximum de plantes dans un minimum de place.<\/p>\n<p style=\"text-align: justify;\">En effet, les ensembles de poches disponibles dans le commerce permettent de faire pousser un plan par poche et de <strong>nombreux emplacements<\/strong>\u00a0sont dispos\u00e9s\u00a0c\u00f4te \u00e0 c\u00f4te.<\/p>\n<h3 style=\"text-align: justify;\">\u2022 Le mur v\u00e9g\u00e9tal en goutti\u00e8res :<\/h3>\n<p style=\"text-align: justify;\"><img decoding=\"async\" loading=\"lazy\" class=\"  alignright wp-image-6646\" style=\"border: 1px solid #000000;\" title=\"nafeusemagazine.com\" src=\"http:\/\/www.franceabris.com\/BLOG\/wp-content\/uploads\/2016\/04\/71f62b1831a6cc74bb299b78a0552994.jpg\" alt=\"des goutti\u00e8res en tant que mur v\u00e9g\u00e9tal\" width=\"315\" height=\"221\" srcset=\"https:\/\/www.franceabris.com\/BLOG\/wp-content\/uploads\/2016\/04\/71f62b1831a6cc74bb299b78a0552994.jpg 390w, https:\/\/www.franceabris.com\/BLOG\/wp-content\/uploads\/2016\/04\/71f62b1831a6cc74bb299b78a0552994-139x98.jpg 139w, https:\/\/www.franceabris.com\/BLOG\/wp-content\/uploads\/2016\/04\/71f62b1831a6cc74bb299b78a0552994-342x240.jpg 342w\" sizes=\"(max-width: 315px) 100vw, 315px\" \/>Superposer les goutti\u00e8res gr\u00e2ce \u00e0 des fils permet de cr\u00e9er un <strong>mur v\u00e9g\u00e9tal original : les goutti\u00e8res<\/strong> deviennent les pots de fleurs !<br \/>\nPour am\u00e9liorer le d\u00e9veloppement des plantes dans ce type de potager horizontal, il faut que les goutti\u00e8res soient espac\u00e9es d\u2019au moins 30 cm afin d\u2019apporter du soleil sur chaque plante.<\/p>\n<p style=\"text-align: justify;\"><strong>Plus la goutti\u00e8re est profonde, mieux c\u2019est<\/strong> : les plantes pourront se d\u00e9velopper plus facilement.<\/p>\n<p style=\"text-align: left;\">Alors, que pensez-vous du jardin v\u00e9g\u00e9tal ?<\/p>\n","protected":false},"excerpt":{"rendered":"<p>Si vous en avez marre de la fa\u00e7ade disgracieuse d\u2019un b\u00e2timent mais que vous ne souhaitez pas le restaurer, ou que vous souhaitez embellir votre abri de jardin, une solution existe : le\u00a0mur v\u00e9g\u00e9tal !<\/p>\n","protected":false},"author":2,"featured_media":6674,"comment_status":"open","ping_status":"closed","sticky":false,"template":"","format":"standard","meta":[],"categories":[3],"tags":[],"_links":{"self":[{"href":"https:\/\/www.franceabris.com\/BLOG\/wp-json\/wp\/v2\/posts\/6636"}],"collection":[{"href":"https:\/\/www.franceabris.com\/BLOG\/wp-json\/wp\/v2\/posts"}],"about":[{"href":"https:\/\/www.franceabris.com\/BLOG\/wp-json\/wp\/v2\/types\/post"}],"author":[{"embeddable":true,"href":"https:\/\/www.franceabris.com\/BLOG\/wp-json\/wp\/v2\/users\/2"}],"replies":[{"embeddable":true,"href":"https:\/\/www.franceabris.com\/BLOG\/wp-json\/wp\/v2\/comments?post=6636"}],"version-history":[{"count":0,"href":"https:\/\/www.franceabris.com\/BLOG\/wp-json\/wp\/v2\/posts\/6636\/revisions"}],"wp:featuredmedia":[{"embeddable":true,"href":"https:\/\/www.franceabris.com\/BLOG\/wp-json\/wp\/v2\/media\/6674"}],"wp:attachment":[{"href":"https:\/\/www.franceabris.com\/BLOG\/wp-json\/wp\/v2\/media?parent=6636"}],"wp:term":[{"taxonomy":"category","embeddable":true,"href":"https:\/\/www.franceabris.com\/BLOG\/wp-json\/wp\/v2\/categories?post=6636"},{"taxonomy":"post_tag","embeddable":true,"href":"https:\/\/www.franceabris.com\/BLOG\/wp-json\/wp\/v2\/tags?post=6636"}],"curies":[{"name":"wp","href":"https:\/\/api.w.org\/{rel}","templated":true}]}}